{"id":301514,"date":"2026-04-28T21:24:18","date_gmt":"2026-04-28T19:24:18","guid":{"rendered":"https:\/\/tuzlainfo.ba\/?p=301514"},"modified":"2026-04-28T21:31:39","modified_gmt":"2026-04-28T19:31:39","slug":"nema-vise-cekanja-uskoro-licna-karta-u-bih-za-nekoliko-dana","status":"publish","type":"post","link":"https:\/\/tuzlainfo.ba\/index.php\/bosna-i-hercegovina\/item\/301514-nema-vise-cekanja-uskoro-licna-karta-u-bih-za-nekoliko-dana\/","title":{"rendered":"Nema vi\u0161e \u010dekanja: Uskoro li\u010dna karta u BiH za nekoliko dana?"},"content":{"rendered":"<div>\n<p>Poslanici u Predstavni\u010dkom domu Parlamentarne skup\u0161tine Bosne i Hercegovine Sa\u0161a Magazinovi\u0107 i Denis Zvizdi\u0107 uputili su u parlamentarnu proceduru prijedlog izmjena <a href=\"https:\/\/tuzlainfo.ba\/index.php\/tag\/licna-karta\/\"><span style=\"text-decoration: underline;\"><strong>Zakona o li\u010dnoj karti Bosne i Hercegovine<\/strong><\/span><\/a> s ciljem ubrzavanja procedure izdavanja li\u010dnih karata u BiH prilikom nekih administrativnih i \u017eivotnih potreba gra\u0111ana, po uzoru na izdavanje paso\u0161a u brzoj proceduri, navodi zastupni\u010dki klub Socijaldemokratske partije u Predstavni\u010dkom domu u saop\u0107enju koje je prenio Sektor Parlamentarne skup\u0161tine BiH za odnose s javno\u0161\u0107u.<\/p>\n<\/div>\n<p>Magazinovi\u0107 i Zvizdi\u0107 ne predla\u017eu mijenjanje standardnog roka za izdavanje li\u010dne karte nego kao dodatnu opciju, uslugu gra\u0111anima kojima je iz opravdanih razloga potrebna li\u010dna karta u najkra\u0107em mogu\u0107em roku, a pla\u0107ali bi odgovaraju\u0107e naknade za hitni postupak.<\/p>\n<p>&#8211; Posebno veliki broj upita za mogu\u0107nost ubrzanog dobijanja li\u010dne karte u posljednje vrijeme dolazi od mladih bra\u010dnih parova koji su zbog promjene prezimena obavezni izvr\u0161iti zamjenu li\u010dne karte. Tako\u0111er, \u010desti su sli\u010dni zahtjevi gra\u0111ana Bosne i Hercegovine koji \u017eive u dijaspori i imaju ograni\u010deno vrijeme boravka u zemlji. Mogu\u0107nost ubrzanog procesa trenutno ne postoji. Razlozi za hitno izdavanje li\u010dne karte \u010desto se odnose i na potrebe zapo\u0161ljavanja, studiranja, pribavljanja putne isprave, kao i druge \u017eivotne i administrativne situacije koje zahtijevaju brzu reakciju &#8211; navedeno je u saop\u0107enju.<\/p>\n<p>Predlaga\u010di isti\u010du da brojne dr\u017eave u regiji i Evropskoj uniji ve\u0107 omogu\u0107avaju gra\u0111anima da uz dodatnu naknadu dobiju li\u010dne dokumente u znatno kra\u0107em roku. Takva praksa je standard savremene, efikasne i korisni\u010dki orijentirane javne uprave, u skladu s evropskim principima i praksama.<\/p>\n<p>Rje\u0161enje je fiskalno neutralno, tehni\u010dki izvodivo i bilo bi korak ka modernizaciji javnih usluga u Bosni i Hercegovini. U pripremi zakona obavljene su konsultacije sa predstavnicima IDDEEA-e i Ministarstva civilnih poslova Bosne i Hercegovine.<\/p>\n<p>Predlaga\u010di o\u010dekuju da \u0107e oba doma Parlamentarne skup\u0161tine BiH usvojiti hitnu proceduru po kojoj su predlo\u017eene izmjene Zakona o li\u010dnoj karti BiH, kao i da \u0107e u najboljem interesu gra\u0111ana Bosne i Hercegovine, u najkra\u0107em mogu\u0107em roku usvojiti ovaj prijedlog zakona, navodi zastupni\u010dki klub SDP-a u saop\u0107enju.<\/p>\n","protected":false},"excerpt":{"rendered":"<p>Poslanici u Predstavni\u010dkom domu Parlamentarne skup\u0161tine Bosne i Hercegovine Sa\u0161a Magazinovi\u0107 i Denis Zvizdi\u0107 uputili&hellip;<\/p>\n","protected":false},"author":2,"featured_media":211222,"comment_status":"closed","ping_status":"closed","sticky":false,"template":"","format":"standard","meta":{"_acf_changed":false,"footnotes":""},"categories":[291,304],"tags":[7643],"acf":[],"yoast_head":"<!-- This site is optimized with the Yoast SEO plugin v23.5 - https:\/\/yoast.com\/wordpress\/plugins\/seo\/ -->\n<title>Nema vi\u0161e \u010dekanja: Uskoro li\u010dna karta u BiH za nekoliko dana? - TuzlaInfo.ba<\/title>\n<meta name=\"robots\" content=\"index, follow, max-snippet:-1, max-image-preview:large, max-video-preview:-1\" \/>\n<link rel=\"canonical\" href=\"https:\/\/tuzlainfo.ba\/index.php\/bosna-i-hercegovina\/item\/301514-nema-vise-cekanja-uskoro-licna-karta-u-bih-za-nekoliko-dana\/\" \/>\n<meta property=\"og:locale\" content=\"bs_BA\" \/>\n<meta property=\"og:type\" content=\"article\" \/>\n<meta property=\"og:title\" content=\"Nema vi\u0161e \u010dekanja: Uskoro li\u010dna karta u BiH za nekoliko dana? - TuzlaInfo.ba\" \/>\n<meta property=\"og:description\" content=\"Poslanici u Predstavni\u010dkom domu Parlamentarne skup\u0161tine Bosne i Hercegovine Sa\u0161a Magazinovi\u0107 i Denis Zvizdi\u0107 uputili&hellip;\" \/>\n<meta property=\"og:url\" content=\"https:\/\/tuzlainfo.ba\/index.php\/bosna-i-hercegovina\/item\/301514-nema-vise-cekanja-uskoro-licna-karta-u-bih-za-nekoliko-dana\/\" \/>\n<meta property=\"og:site_name\" content=\"TuzlaInfo.ba\" \/>\n<meta property=\"article:publisher\" content=\"https:\/\/www.facebook.com\/tuzlainfo.ba\/\" \/>\n<meta property=\"article:published_time\" content=\"2026-04-28T19:24:18+00:00\" \/>\n<meta property=\"article:modified_time\" content=\"2026-04-28T19:31:39+00:00\" \/>\n<meta property=\"og:image\" content=\"https:\/\/tuzlainfo.ba\/wp-content\/uploads\/2023\/07\/2107_licna_karta.jpg\" \/>\n\t<meta property=\"og:image:width\" content=\"1000\" \/>\n\t<meta property=\"og:image:height\" content=\"617\" \/>\n\t<meta property=\"og:image:type\" content=\"image\/jpeg\" \/>\n<meta name=\"author\" content=\"nedim\" \/>\n<meta name=\"twitter:card\" content=\"summary_large_image\" \/>\n<meta name=\"twitter:label1\" content=\"Written by\" \/>\n\t<meta name=\"twitter:data1\" content=\"nedim\" \/>\n\t<meta name=\"twitter:label2\" content=\"Est. reading time\" \/>\n\t<meta name=\"twitter:data2\" content=\"2 minute\" \/>\n<script type=\"application\/ld+json\" class=\"yoast-schema-graph\">{\"@context\":\"https:\/\/schema.org\",\"@graph\":[{\"@type\":\"Article\",\"@id\":\"https:\/\/tuzlainfo.ba\/index.php\/bosna-i-hercegovina\/item\/301514-nema-vise-cekanja-uskoro-licna-karta-u-bih-za-nekoliko-dana\/#article\",\"isPartOf\":{\"@id\":\"https:\/\/tuzlainfo.ba\/index.php\/bosna-i-hercegovina\/item\/301514-nema-vise-cekanja-uskoro-licna-karta-u-bih-za-nekoliko-dana\/\"},\"author\":{\"name\":\"nedim\",\"@id\":\"https:\/\/tuzlainfo.ba\/#\/schema\/person\/f434e20dc27ea133923aab08451b7f7f\"},\"headline\":\"Nema vi\u0161e \u010dekanja: Uskoro li\u010dna karta u BiH za nekoliko dana?\",\"datePublished\":\"2026-04-28T19:24:18+00:00\",\"dateModified\":\"2026-04-28T19:31:39+00:00\",\"mainEntityOfPage\":{\"@id\":\"https:\/\/tuzlainfo.ba\/index.php\/bosna-i-hercegovina\/item\/301514-nema-vise-cekanja-uskoro-licna-karta-u-bih-za-nekoliko-dana\/\"},\"wordCount\":388,\"publisher\":{\"@id\":\"https:\/\/tuzlainfo.ba\/#organization\"},\"image\":{\"@id\":\"https:\/\/tuzlainfo.ba\/index.php\/bosna-i-hercegovina\/item\/301514-nema-vise-cekanja-uskoro-licna-karta-u-bih-za-nekoliko-dana\/#primaryimage\"},\"thumbnailUrl\":\"https:\/\/tuzlainfo.ba\/wp-content\/uploads\/2023\/07\/2107_licna_karta.jpg\",\"keywords\":[\"li\u010dna karta\"],\"articleSection\":[\"Bosna i Hercegovina\",\"Istaknuto\"],\"inLanguage\":\"bs-BA\"},{\"@type\":\"WebPage\",\"@id\":\"https:\/\/tuzlainfo.ba\/index.php\/bosna-i-hercegovina\/item\/301514-nema-vise-cekanja-uskoro-licna-karta-u-bih-za-nekoliko-dana\/\",\"url\":\"https:\/\/tuzlainfo.ba\/index.php\/bosna-i-hercegovina\/item\/301514-nema-vise-cekanja-uskoro-licna-karta-u-bih-za-nekoliko-dana\/\",\"name\":\"Nema vi\u0161e \u010dekanja: Uskoro li\u010dna karta u BiH za nekoliko dana? - TuzlaInfo.ba\",\"isPartOf\":{\"@id\":\"https:\/\/tuzlainfo.ba\/#website\"},\"primaryImageOfPage\":{\"@id\":\"https:\/\/tuzlainfo.ba\/index.php\/bosna-i-hercegovina\/item\/301514-nema-vise-cekanja-uskoro-licna-karta-u-bih-za-nekoliko-dana\/#primaryimage\"},\"image\":{\"@id\":\"https:\/\/tuzlainfo.ba\/index.php\/bosna-i-hercegovina\/item\/301514-nema-vise-cekanja-uskoro-licna-karta-u-bih-za-nekoliko-dana\/#primaryimage\"},\"thumbnailUrl\":\"https:\/\/tuzlainfo.ba\/wp-content\/uploads\/2023\/07\/2107_licna_karta.jpg\",\"datePublished\":\"2026-04-28T19:24:18+00:00\",\"dateModified\":\"2026-04-28T19:31:39+00:00\",\"breadcrumb\":{\"@id\":\"https:\/\/tuzlainfo.ba\/index.php\/bosna-i-hercegovina\/item\/301514-nema-vise-cekanja-uskoro-licna-karta-u-bih-za-nekoliko-dana\/#breadcrumb\"},\"inLanguage\":\"bs-BA\",\"potentialAction\":[{\"@type\":\"ReadAction\",\"target\":[\"https:\/\/tuzlainfo.ba\/index.php\/bosna-i-hercegovina\/item\/301514-nema-vise-cekanja-uskoro-licna-karta-u-bih-za-nekoliko-dana\/\"]}]},{\"@type\":\"ImageObject\",\"inLanguage\":\"bs-BA\",\"@id\":\"https:\/\/tuzlainfo.ba\/index.php\/bosna-i-hercegovina\/item\/301514-nema-vise-cekanja-uskoro-licna-karta-u-bih-za-nekoliko-dana\/#primaryimage\",\"url\":\"https:\/\/tuzlainfo.ba\/wp-content\/uploads\/2023\/07\/2107_licna_karta.jpg\",\"contentUrl\":\"https:\/\/tuzlainfo.ba\/wp-content\/uploads\/2023\/07\/2107_licna_karta.jpg\",\"width\":1000,\"height\":617},{\"@type\":\"BreadcrumbList\",\"@id\":\"https:\/\/tuzlainfo.ba\/index.php\/bosna-i-hercegovina\/item\/301514-nema-vise-cekanja-uskoro-licna-karta-u-bih-za-nekoliko-dana\/#breadcrumb\",\"itemListElement\":[{\"@type\":\"ListItem\",\"position\":1,\"name\":\"Home\",\"item\":\"https:\/\/tuzlainfo.ba\/\"},{\"@type\":\"ListItem\",\"position\":2,\"name\":\"Nema vi\u0161e \u010dekanja: Uskoro li\u010dna karta u BiH za nekoliko dana?\"}]},{\"@type\":\"WebSite\",\"@id\":\"https:\/\/tuzlainfo.ba\/#website\",\"url\":\"https:\/\/tuzlainfo.ba\/\",\"name\":\"TuzlaInfo.ba\",\"description\":\"Tuzla info, gradski informator - Tuzla na dlanu\",\"publisher\":{\"@id\":\"https:\/\/tuzlainfo.ba\/#organization\"},\"potentialAction\":[{\"@type\":\"SearchAction\",\"target\":{\"@type\":\"EntryPoint\",\"urlTemplate\":\"https:\/\/tuzlainfo.ba\/?s={search_term_string}\"},\"query-input\":{\"@type\":\"PropertyValueSpecification\",\"valueRequired\":true,\"valueName\":\"search_term_string\"}}],\"inLanguage\":\"bs-BA\"},{\"@type\":\"Organization\",\"@id\":\"https:\/\/tuzlainfo.ba\/#organization\",\"name\":\"TuzlaInfo.ba\",\"url\":\"https:\/\/tuzlainfo.ba\/\",\"logo\":{\"@type\":\"ImageObject\",\"inLanguage\":\"bs-BA\",\"@id\":\"https:\/\/tuzlainfo.ba\/#\/schema\/logo\/image\/\",\"url\":\"https:\/\/tuzlainfo.ba\/wp-content\/uploads\/2021\/03\/logo-ver-3-1.png\",\"contentUrl\":\"https:\/\/tuzlainfo.ba\/wp-content\/uploads\/2021\/03\/logo-ver-3-1.png\",\"width\":350,\"height\":95,\"caption\":\"TuzlaInfo.ba\"},\"image\":{\"@id\":\"https:\/\/tuzlainfo.ba\/#\/schema\/logo\/image\/\"},\"sameAs\":[\"https:\/\/www.facebook.com\/tuzlainfo.ba\/\"]},{\"@type\":\"Person\",\"@id\":\"https:\/\/tuzlainfo.ba\/#\/schema\/person\/f434e20dc27ea133923aab08451b7f7f\",\"name\":\"nedim\",\"image\":{\"@type\":\"ImageObject\",\"inLanguage\":\"bs-BA\",\"@id\":\"https:\/\/tuzlainfo.ba\/#\/schema\/person\/image\/\",\"url\":\"https:\/\/tuzlainfo.ba\/wp-content\/litespeed\/avatar\/aabad687af24844af817603ac1cbdc4f.jpg?ver=1777306975\",\"contentUrl\":\"https:\/\/tuzlainfo.ba\/wp-content\/litespeed\/avatar\/aabad687af24844af817603ac1cbdc4f.jpg?ver=1777306975\",\"caption\":\"nedim\"},\"description\":\"Tuzlainfo.ba pratite na dru\u0161tvenim mre\u017eama: Facebook, Instagram i Youtube. Svoje pri\u010de, upite i fotografije \u0161aljite na na\u0161u e-mail adresu.\"}]}<\/script>\n<!-- \/ Yoast SEO plugin. -->","yoast_head_json":{"title":"Nema vi\u0161e \u010dekanja: Uskoro li\u010dna karta u BiH za nekoliko dana? - TuzlaInfo.ba","robots":{"index":"index","follow":"follow","max-snippet":"max-snippet:-1","max-image-preview":"max-image-preview:large","max-video-preview":"max-video-preview:-1"},"canonical":"https:\/\/tuzlainfo.ba\/index.php\/bosna-i-hercegovina\/item\/301514-nema-vise-cekanja-uskoro-licna-karta-u-bih-za-nekoliko-dana\/","og_locale":"bs_BA","og_type":"article","og_title":"Nema vi\u0161e \u010dekanja: Uskoro li\u010dna karta u BiH za nekoliko dana? - TuzlaInfo.ba","og_description":"Poslanici u Predstavni\u010dkom domu Parlamentarne skup\u0161tine Bosne i Hercegovine Sa\u0161a Magazinovi\u0107 i Denis Zvizdi\u0107 uputili&hellip;","og_url":"https:\/\/tuzlainfo.ba\/index.php\/bosna-i-hercegovina\/item\/301514-nema-vise-cekanja-uskoro-licna-karta-u-bih-za-nekoliko-dana\/","og_site_name":"TuzlaInfo.ba","article_publisher":"https:\/\/www.facebook.com\/tuzlainfo.ba\/","article_published_time":"2026-04-28T19:24:18+00:00","article_modified_time":"2026-04-28T19:31:39+00:00","og_image":[{"width":1000,"height":617,"url":"https:\/\/tuzlainfo.ba\/wp-content\/uploads\/2023\/07\/2107_licna_karta.jpg","type":"image\/jpeg"}],"author":"nedim","twitter_card":"summary_large_image","twitter_misc":{"Written by":"nedim","Est. reading time":"2 minute"},"schema":{"@context":"https:\/\/schema.org","@graph":[{"@type":"Article","@id":"https:\/\/tuzlainfo.ba\/index.php\/bosna-i-hercegovina\/item\/301514-nema-vise-cekanja-uskoro-licna-karta-u-bih-za-nekoliko-dana\/#article","isPartOf":{"@id":"https:\/\/tuzlainfo.ba\/index.php\/bosna-i-hercegovina\/item\/301514-nema-vise-cekanja-uskoro-licna-karta-u-bih-za-nekoliko-dana\/"},"author":{"name":"nedim","@id":"https:\/\/tuzlainfo.ba\/#\/schema\/person\/f434e20dc27ea133923aab08451b7f7f"},"headline":"Nema vi\u0161e \u010dekanja: Uskoro li\u010dna karta u BiH za nekoliko dana?","datePublished":"2026-04-28T19:24:18+00:00","dateModified":"2026-04-28T19:31:39+00:00","mainEntityOfPage":{"@id":"https:\/\/tuzlainfo.ba\/index.php\/bosna-i-hercegovina\/item\/301514-nema-vise-cekanja-uskoro-licna-karta-u-bih-za-nekoliko-dana\/"},"wordCount":388,"publisher":{"@id":"https:\/\/tuzlainfo.ba\/#organization"},"image":{"@id":"https:\/\/tuzlainfo.ba\/index.php\/bosna-i-hercegovina\/item\/301514-nema-vise-cekanja-uskoro-licna-karta-u-bih-za-nekoliko-dana\/#primaryimage"},"thumbnailUrl":"https:\/\/tuzlainfo.ba\/wp-content\/uploads\/2023\/07\/2107_licna_karta.jpg","keywords":["li\u010dna karta"],"articleSection":["Bosna i Hercegovina","Istaknuto"],"inLanguage":"bs-BA"},{"@type":"WebPage","@id":"https:\/\/tuzlainfo.ba\/index.php\/bosna-i-hercegovina\/item\/301514-nema-vise-cekanja-uskoro-licna-karta-u-bih-za-nekoliko-dana\/","url":"https:\/\/tuzlainfo.ba\/index.php\/bosna-i-hercegovina\/item\/301514-nema-vise-cekanja-uskoro-licna-karta-u-bih-za-nekoliko-dana\/","name":"Nema vi\u0161e \u010dekanja: Uskoro li\u010dna karta u BiH za nekoliko dana? - TuzlaInfo.ba","isPartOf":{"@id":"https:\/\/tuzlainfo.ba\/#website"},"primaryImageOfPage":{"@id":"https:\/\/tuzlainfo.ba\/index.php\/bosna-i-hercegovina\/item\/301514-nema-vise-cekanja-uskoro-licna-karta-u-bih-za-nekoliko-dana\/#primaryimage"},"image":{"@id":"https:\/\/tuzlainfo.ba\/index.php\/bosna-i-hercegovina\/item\/301514-nema-vise-cekanja-uskoro-licna-karta-u-bih-za-nekoliko-dana\/#primaryimage"},"thumbnailUrl":"https:\/\/tuzlainfo.ba\/wp-content\/uploads\/2023\/07\/2107_licna_karta.jpg","datePublished":"2026-04-28T19:24:18+00:00","dateModified":"2026-04-28T19:31:39+00:00","breadcrumb":{"@id":"https:\/\/tuzlainfo.ba\/index.php\/bosna-i-hercegovina\/item\/301514-nema-vise-cekanja-uskoro-licna-karta-u-bih-za-nekoliko-dana\/#breadcrumb"},"inLanguage":"bs-BA","potentialAction":[{"@type":"ReadAction","target":["https:\/\/tuzlainfo.ba\/index.php\/bosna-i-hercegovina\/item\/301514-nema-vise-cekanja-uskoro-licna-karta-u-bih-za-nekoliko-dana\/"]}]},{"@type":"ImageObject","inLanguage":"bs-BA","@id":"https:\/\/tuzlainfo.ba\/index.php\/bosna-i-hercegovina\/item\/301514-nema-vise-cekanja-uskoro-licna-karta-u-bih-za-nekoliko-dana\/#primaryimage","url":"https:\/\/tuzlainfo.ba\/wp-content\/uploads\/2023\/07\/2107_licna_karta.jpg","contentUrl":"https:\/\/tuzlainfo.ba\/wp-content\/uploads\/2023\/07\/2107_licna_karta.jpg","width":1000,"height":617},{"@type":"BreadcrumbList","@id":"https:\/\/tuzlainfo.ba\/index.php\/bosna-i-hercegovina\/item\/301514-nema-vise-cekanja-uskoro-licna-karta-u-bih-za-nekoliko-dana\/#breadcrumb","itemListElement":[{"@type":"ListItem","position":1,"name":"Home","item":"https:\/\/tuzlainfo.ba\/"},{"@type":"ListItem","position":2,"name":"Nema vi\u0161e \u010dekanja: Uskoro li\u010dna karta u BiH za nekoliko dana?"}]},{"@type":"WebSite","@id":"https:\/\/tuzlainfo.ba\/#website","url":"https:\/\/tuzlainfo.ba\/","name":"TuzlaInfo.ba","description":"Tuzla info, gradski informator - Tuzla na dlanu","publisher":{"@id":"https:\/\/tuzlainfo.ba\/#organization"},"potentialAction":[{"@type":"SearchAction","target":{"@type":"EntryPoint","urlTemplate":"https:\/\/tuzlainfo.ba\/?s={search_term_string}"},"query-input":{"@type":"PropertyValueSpecification","valueRequired":true,"valueName":"search_term_string"}}],"inLanguage":"bs-BA"},{"@type":"Organization","@id":"https:\/\/tuzlainfo.ba\/#organization","name":"TuzlaInfo.ba","url":"https:\/\/tuzlainfo.ba\/","logo":{"@type":"ImageObject","inLanguage":"bs-BA","@id":"https:\/\/tuzlainfo.ba\/#\/schema\/logo\/image\/","url":"https:\/\/tuzlainfo.ba\/wp-content\/uploads\/2021\/03\/logo-ver-3-1.png","contentUrl":"https:\/\/tuzlainfo.ba\/wp-content\/uploads\/2021\/03\/logo-ver-3-1.png","width":350,"height":95,"caption":"TuzlaInfo.ba"},"image":{"@id":"https:\/\/tuzlainfo.ba\/#\/schema\/logo\/image\/"},"sameAs":["https:\/\/www.facebook.com\/tuzlainfo.ba\/"]},{"@type":"Person","@id":"https:\/\/tuzlainfo.ba\/#\/schema\/person\/f434e20dc27ea133923aab08451b7f7f","name":"nedim","image":{"@type":"ImageObject","inLanguage":"bs-BA","@id":"https:\/\/tuzlainfo.ba\/#\/schema\/person\/image\/","url":"https:\/\/tuzlainfo.ba\/wp-content\/litespeed\/avatar\/aabad687af24844af817603ac1cbdc4f.jpg?ver=1777306975","contentUrl":"https:\/\/tuzlainfo.ba\/wp-content\/litespeed\/avatar\/aabad687af24844af817603ac1cbdc4f.jpg?ver=1777306975","caption":"nedim"},"description":"Tuzlainfo.ba pratite na dru\u0161tvenim mre\u017eama: Facebook, Instagram i Youtube. Svoje pri\u010de, upite i fotografije \u0161aljite na na\u0161u e-mail adresu."}]}},"_links":{"self":[{"href":"https:\/\/tuzlainfo.ba\/index.php\/wp-json\/wp\/v2\/posts\/301514"}],"collection":[{"href":"https:\/\/tuzlainfo.ba\/index.php\/wp-json\/wp\/v2\/posts"}],"about":[{"href":"https:\/\/tuzlainfo.ba\/index.php\/wp-json\/wp\/v2\/types\/post"}],"author":[{"embeddable":true,"href":"https:\/\/tuzlainfo.ba\/index.php\/wp-json\/wp\/v2\/users\/2"}],"replies":[{"embeddable":true,"href":"https:\/\/tuzlainfo.ba\/index.php\/wp-json\/wp\/v2\/comments?post=301514"}],"version-history":[{"count":2,"href":"https:\/\/tuzlainfo.ba\/index.php\/wp-json\/wp\/v2\/posts\/301514\/revisions"}],"predecessor-version":[{"id":301516,"href":"https:\/\/tuzlainfo.ba\/index.php\/wp-json\/wp\/v2\/posts\/301514\/revisions\/301516"}],"wp:featuredmedia":[{"embeddable":true,"href":"https:\/\/tuzlainfo.ba\/index.php\/wp-json\/wp\/v2\/media\/211222"}],"wp:attachment":[{"href":"https:\/\/tuzlainfo.ba\/index.php\/wp-json\/wp\/v2\/media?parent=301514"}],"wp:term":[{"taxonomy":"category","embeddable":true,"href":"https:\/\/tuzlainfo.ba\/index.php\/wp-json\/wp\/v2\/categories?post=301514"},{"taxonomy":"post_tag","embeddable":true,"href":"https:\/\/tuzlainfo.ba\/index.php\/wp-json\/wp\/v2\/tags?post=301514"}],"curies":[{"name":"wp","href":"https:\/\/api.w.org\/{rel}","templated":true}]}}