{"id":301497,"date":"2026-04-28T22:02:34","date_gmt":"2026-04-28T20:02:34","guid":{"rendered":"https:\/\/tuzlainfo.ba\/?p=301497"},"modified":"2026-04-28T16:08:51","modified_gmt":"2026-04-28T14:08:51","slug":"elektrodistribucija-tuzla-planska-iskljucenja-el-energije-za-srijedu-29-april","status":"publish","type":"post","link":"https:\/\/tuzlainfo.ba\/index.php\/novosti\/item\/301497-elektrodistribucija-tuzla-planska-iskljucenja-el-energije-za-srijedu-29-april\/","title":{"rendered":"Elektrodistribucija Tuzla: Planska isklju\u010denja el. energije za srijedu 29. april"},"content":{"rendered":"<p>Zbog planiranih radova na elektrodistributivnoj mre\u017ei, u srijedu 29. aprila 2026. godine, do\u0107i \u0107e do privremenih prekida u snabdijevanju elektri\u010dnom energijom na podru\u010dju Tuzle i okolnih naselja.<\/p>\n<table class=\"table iskljucenja_tabela\">\n<tbody>\n<tr class=\"item\" data-ed=\"edtz\" data-opcina=\"tuzla\">\n<td>Tuzla<\/td>\n<td class=\"ulica\">D\u017eafer Mahala<\/td>\n<td>9, 11, 19, 21, 23, 25, 27, 29, 31, 35, 37, 39, 41, 43, 45, 47, 51<\/td>\n<td>29.04.2026<\/td>\n<td>08:30-10:30<\/td>\n<\/tr>\n<tr class=\"item\" data-ed=\"edtz\" data-opcina=\"tuzla\">\n<td>Tuzla<\/td>\n<td class=\"ulica\">Fra Grge Marti\u0107a<\/td>\n<td>2-18, 20, 22, 24, 26, 28, 30, 32, 34, 36, 38, 40, 42, 44<\/td>\n<td>29.04.2026<\/td>\n<td>08:30-10:30<\/td>\n<\/tr>\n<tr class=\"item\" data-ed=\"edtz\" data-opcina=\"tuzla\">\n<td>Tuzla<\/td>\n<td class=\"ulica\">Franjeva\u010dka<\/td>\n<td>4, 6, 8, 10, 12, 14, 16, 18, 20, 22, 24, 26, 28, 30, DO22, DO36, DO4<\/td>\n<td>29.04.2026<\/td>\n<td>08:30-10:30<\/td>\n<\/tr>\n<tr class=\"item\" data-ed=\"edtz\" data-opcina=\"tuzla\">\n<td>Tuzla<\/td>\n<td class=\"ulica\">Hendek<\/td>\n<td>1-2, 4-5, 8-18, 20, 24, 26<\/td>\n<td>29.04.2026<\/td>\n<td>08:30-10:30<\/td>\n<\/tr>\n<tr class=\"item\" data-ed=\"edtz\" data-opcina=\"tuzla\">\n<td>Tuzla<\/td>\n<td class=\"ulica\">Malko\u010deva<\/td>\n<td>1, 3<\/td>\n<td>29.04.2026<\/td>\n<td>08:30-10:30<\/td>\n<\/tr>\n<tr class=\"item\" data-ed=\"edtz\" data-opcina=\"tuzla\">\n<td>Tuzla<\/td>\n<td class=\"ulica\">Obala Zmaja Od Bosne<\/td>\n<td>DO10<\/td>\n<td>29.04.2026<\/td>\n<td>08:30-10:30<\/td>\n<\/tr>\n<tr class=\"item\" data-ed=\"edtz\" data-opcina=\"tuzla\">\n<td>Tuzla<\/td>\n<td class=\"ulica\">Pazar<\/td>\n<td>8, 10, 16, 18, 20, 24, 18A<\/td>\n<td>29.04.2026<\/td>\n<td>08:30-10:30<\/td>\n<\/tr>\n<tr class=\"item\" data-ed=\"edtz\" data-opcina=\"tuzla\">\n<td>Tuzla<\/td>\n<td class=\"ulica\">Taba\u0161nice<\/td>\n<td>1-2, 4-11, 13, 15, 17, 19, 21, 23, 25, 35, 37, BB, DO1, DO2<\/td>\n<td>29.04.2026<\/td>\n<td>08:30-10:30<\/td>\n<\/tr>\n<tr class=\"item\" data-ed=\"edtz\" data-opcina=\"tuzla\">\n<td>Tuzla<\/td>\n<td class=\"ulica\">Zlokovac<\/td>\n<td>2A, 2B, 3B, 4B, 5A, 5C, 6D, B1<\/td>\n<td>29.04.2026<\/td>\n<td>08:30-11:00<\/td>\n<\/tr>\n<tr class=\"item\" data-ed=\"edtz\" data-opcina=\"tuzla\">\n<td>Tuzla<\/td>\n<td class=\"ulica\">\u0110ure \u0110akovi\u0107a<\/td>\n<td>3B<\/td>\n<td>29.04.2026<\/td>\n<td>08:30-11:00<\/td>\n<\/tr>\n<\/tbody>\n<\/table>\n<p>Gra\u0111anima se savjetuje da planiraju svoje obaveze u skladu s najavljenim terminima isklju\u010denja.\/Tuzlainfo.ba\/<\/p>\n","protected":false},"excerpt":{"rendered":"<p>Zbog planiranih radova na elektrodistributivnoj mre\u017ei, u srijedu 29. aprila 2026. godine, do\u0107i \u0107e do&hellip;<\/p>\n","protected":false},"author":4,"featured_media":170403,"comment_status":"closed","ping_status":"closed","sticky":false,"template":"","format":"standard","meta":{"_acf_changed":false,"footnotes":""},"categories":[304,12],"tags":[4379],"acf":[],"yoast_head":"<!-- This site is optimized with the Yoast SEO plugin v23.5 - https:\/\/yoast.com\/wordpress\/plugins\/seo\/ -->\n<title>Elektrodistribucija Tuzla: Planska isklju\u010denja el. energije za srijedu 29. april - TuzlaInfo.ba<\/title>\n<meta name=\"robots\" content=\"index, follow, max-snippet:-1, max-image-preview:large, max-video-preview:-1\" \/>\n<link rel=\"canonical\" href=\"https:\/\/tuzlainfo.ba\/index.php\/novosti\/item\/301497-elektrodistribucija-tuzla-planska-iskljucenja-el-energije-za-srijedu-29-april\/\" \/>\n<meta property=\"og:locale\" content=\"bs_BA\" \/>\n<meta property=\"og:type\" content=\"article\" \/>\n<meta property=\"og:title\" content=\"Elektrodistribucija Tuzla: Planska isklju\u010denja el. energije za srijedu 29. april - TuzlaInfo.ba\" \/>\n<meta property=\"og:description\" content=\"Zbog planiranih radova na elektrodistributivnoj mre\u017ei, u srijedu 29. aprila 2026. godine, do\u0107i \u0107e do&hellip;\" \/>\n<meta property=\"og:url\" content=\"https:\/\/tuzlainfo.ba\/index.php\/novosti\/item\/301497-elektrodistribucija-tuzla-planska-iskljucenja-el-energije-za-srijedu-29-april\/\" \/>\n<meta property=\"og:site_name\" content=\"TuzlaInfo.ba\" \/>\n<meta property=\"article:publisher\" content=\"https:\/\/www.facebook.com\/tuzlainfo.ba\/\" \/>\n<meta property=\"article:published_time\" content=\"2026-04-28T20:02:34+00:00\" \/>\n<meta property=\"article:modified_time\" content=\"2026-04-28T14:08:51+00:00\" \/>\n<meta property=\"og:image\" content=\"https:\/\/tuzlainfo.ba\/wp-content\/uploads\/2022\/04\/2504_elektro_planska_struja.jpg\" \/>\n\t<meta property=\"og:image:width\" content=\"1000\" \/>\n\t<meta property=\"og:image:height\" content=\"732\" \/>\n\t<meta property=\"og:image:type\" content=\"image\/jpeg\" \/>\n<meta name=\"author\" content=\"Tuzla Info\" \/>\n<meta name=\"twitter:card\" content=\"summary_large_image\" \/>\n<meta name=\"twitter:label1\" content=\"Written by\" \/>\n\t<meta name=\"twitter:data1\" content=\"Tuzla Info\" \/>\n\t<meta name=\"twitter:label2\" content=\"Est. reading time\" \/>\n\t<meta name=\"twitter:data2\" content=\"2 minute\" \/>\n<script type=\"application\/ld+json\" class=\"yoast-schema-graph\">{\"@context\":\"https:\/\/schema.org\",\"@graph\":[{\"@type\":\"Article\",\"@id\":\"https:\/\/tuzlainfo.ba\/index.php\/novosti\/item\/301497-elektrodistribucija-tuzla-planska-iskljucenja-el-energije-za-srijedu-29-april\/#article\",\"isPartOf\":{\"@id\":\"https:\/\/tuzlainfo.ba\/index.php\/novosti\/item\/301497-elektrodistribucija-tuzla-planska-iskljucenja-el-energije-za-srijedu-29-april\/\"},\"author\":{\"name\":\"Tuzla Info\",\"@id\":\"https:\/\/tuzlainfo.ba\/#\/schema\/person\/46cad4c57790cbc50781edd14870825a\"},\"headline\":\"Elektrodistribucija Tuzla: Planska isklju\u010denja el. energije za srijedu 29. april\",\"datePublished\":\"2026-04-28T20:02:34+00:00\",\"dateModified\":\"2026-04-28T14:08:51+00:00\",\"mainEntityOfPage\":{\"@id\":\"https:\/\/tuzlainfo.ba\/index.php\/novosti\/item\/301497-elektrodistribucija-tuzla-planska-iskljucenja-el-energije-za-srijedu-29-april\/\"},\"wordCount\":122,\"publisher\":{\"@id\":\"https:\/\/tuzlainfo.ba\/#organization\"},\"image\":{\"@id\":\"https:\/\/tuzlainfo.ba\/index.php\/novosti\/item\/301497-elektrodistribucija-tuzla-planska-iskljucenja-el-energije-za-srijedu-29-april\/#primaryimage\"},\"thumbnailUrl\":\"https:\/\/tuzlainfo.ba\/wp-content\/uploads\/2022\/04\/2504_elektro_planska_struja.jpg\",\"keywords\":[\"planska isklju\u010denja struje tuzla\"],\"articleSection\":[\"Istaknuto\",\"Novosti\"],\"inLanguage\":\"bs-BA\"},{\"@type\":\"WebPage\",\"@id\":\"https:\/\/tuzlainfo.ba\/index.php\/novosti\/item\/301497-elektrodistribucija-tuzla-planska-iskljucenja-el-energije-za-srijedu-29-april\/\",\"url\":\"https:\/\/tuzlainfo.ba\/index.php\/novosti\/item\/301497-elektrodistribucija-tuzla-planska-iskljucenja-el-energije-za-srijedu-29-april\/\",\"name\":\"Elektrodistribucija Tuzla: Planska isklju\u010denja el. energije za srijedu 29. april - TuzlaInfo.ba\",\"isPartOf\":{\"@id\":\"https:\/\/tuzlainfo.ba\/#website\"},\"primaryImageOfPage\":{\"@id\":\"https:\/\/tuzlainfo.ba\/index.php\/novosti\/item\/301497-elektrodistribucija-tuzla-planska-iskljucenja-el-energije-za-srijedu-29-april\/#primaryimage\"},\"image\":{\"@id\":\"https:\/\/tuzlainfo.ba\/index.php\/novosti\/item\/301497-elektrodistribucija-tuzla-planska-iskljucenja-el-energije-za-srijedu-29-april\/#primaryimage\"},\"thumbnailUrl\":\"https:\/\/tuzlainfo.ba\/wp-content\/uploads\/2022\/04\/2504_elektro_planska_struja.jpg\",\"datePublished\":\"2026-04-28T20:02:34+00:00\",\"dateModified\":\"2026-04-28T14:08:51+00:00\",\"breadcrumb\":{\"@id\":\"https:\/\/tuzlainfo.ba\/index.php\/novosti\/item\/301497-elektrodistribucija-tuzla-planska-iskljucenja-el-energije-za-srijedu-29-april\/#breadcrumb\"},\"inLanguage\":\"bs-BA\",\"potentialAction\":[{\"@type\":\"ReadAction\",\"target\":[\"https:\/\/tuzlainfo.ba\/index.php\/novosti\/item\/301497-elektrodistribucija-tuzla-planska-iskljucenja-el-energije-za-srijedu-29-april\/\"]}]},{\"@type\":\"ImageObject\",\"inLanguage\":\"bs-BA\",\"@id\":\"https:\/\/tuzlainfo.ba\/index.php\/novosti\/item\/301497-elektrodistribucija-tuzla-planska-iskljucenja-el-energije-za-srijedu-29-april\/#primaryimage\",\"url\":\"https:\/\/tuzlainfo.ba\/wp-content\/uploads\/2022\/04\/2504_elektro_planska_struja.jpg\",\"contentUrl\":\"https:\/\/tuzlainfo.ba\/wp-content\/uploads\/2022\/04\/2504_elektro_planska_struja.jpg\",\"width\":1000,\"height\":732},{\"@type\":\"BreadcrumbList\",\"@id\":\"https:\/\/tuzlainfo.ba\/index.php\/novosti\/item\/301497-elektrodistribucija-tuzla-planska-iskljucenja-el-energije-za-srijedu-29-april\/#breadcrumb\",\"itemListElement\":[{\"@type\":\"ListItem\",\"position\":1,\"name\":\"Home\",\"item\":\"https:\/\/tuzlainfo.ba\/\"},{\"@type\":\"ListItem\",\"position\":2,\"name\":\"Elektrodistribucija Tuzla: Planska isklju\u010denja el. energije za srijedu 29. april\"}]},{\"@type\":\"WebSite\",\"@id\":\"https:\/\/tuzlainfo.ba\/#website\",\"url\":\"https:\/\/tuzlainfo.ba\/\",\"name\":\"TuzlaInfo.ba\",\"description\":\"Tuzla info, gradski informator - Tuzla na dlanu\",\"publisher\":{\"@id\":\"https:\/\/tuzlainfo.ba\/#organization\"},\"potentialAction\":[{\"@type\":\"SearchAction\",\"target\":{\"@type\":\"EntryPoint\",\"urlTemplate\":\"https:\/\/tuzlainfo.ba\/?s={search_term_string}\"},\"query-input\":{\"@type\":\"PropertyValueSpecification\",\"valueRequired\":true,\"valueName\":\"search_term_string\"}}],\"inLanguage\":\"bs-BA\"},{\"@type\":\"Organization\",\"@id\":\"https:\/\/tuzlainfo.ba\/#organization\",\"name\":\"TuzlaInfo.ba\",\"url\":\"https:\/\/tuzlainfo.ba\/\",\"logo\":{\"@type\":\"ImageObject\",\"inLanguage\":\"bs-BA\",\"@id\":\"https:\/\/tuzlainfo.ba\/#\/schema\/logo\/image\/\",\"url\":\"https:\/\/tuzlainfo.ba\/wp-content\/uploads\/2021\/03\/logo-ver-3-1.png\",\"contentUrl\":\"https:\/\/tuzlainfo.ba\/wp-content\/uploads\/2021\/03\/logo-ver-3-1.png\",\"width\":350,\"height\":95,\"caption\":\"TuzlaInfo.ba\"},\"image\":{\"@id\":\"https:\/\/tuzlainfo.ba\/#\/schema\/logo\/image\/\"},\"sameAs\":[\"https:\/\/www.facebook.com\/tuzlainfo.ba\/\"]},{\"@type\":\"Person\",\"@id\":\"https:\/\/tuzlainfo.ba\/#\/schema\/person\/46cad4c57790cbc50781edd14870825a\",\"name\":\"Tuzla Info\",\"image\":{\"@type\":\"ImageObject\",\"inLanguage\":\"bs-BA\",\"@id\":\"https:\/\/tuzlainfo.ba\/#\/schema\/person\/image\/\",\"url\":\"https:\/\/tuzlainfo.ba\/wp-content\/litespeed\/avatar\/b6c453a6c38e3654f2e4416c643fc25c.jpg?ver=1777051911\",\"contentUrl\":\"https:\/\/tuzlainfo.ba\/wp-content\/litespeed\/avatar\/b6c453a6c38e3654f2e4416c643fc25c.jpg?ver=1777051911\",\"caption\":\"Tuzla Info\"}}]}<\/script>\n<!-- \/ Yoast SEO plugin. -->","yoast_head_json":{"title":"Elektrodistribucija Tuzla: Planska isklju\u010denja el. energije za srijedu 29. april - TuzlaInfo.ba","robots":{"index":"index","follow":"follow","max-snippet":"max-snippet:-1","max-image-preview":"max-image-preview:large","max-video-preview":"max-video-preview:-1"},"canonical":"https:\/\/tuzlainfo.ba\/index.php\/novosti\/item\/301497-elektrodistribucija-tuzla-planska-iskljucenja-el-energije-za-srijedu-29-april\/","og_locale":"bs_BA","og_type":"article","og_title":"Elektrodistribucija Tuzla: Planska isklju\u010denja el. energije za srijedu 29. april - TuzlaInfo.ba","og_description":"Zbog planiranih radova na elektrodistributivnoj mre\u017ei, u srijedu 29. aprila 2026. godine, do\u0107i \u0107e do&hellip;","og_url":"https:\/\/tuzlainfo.ba\/index.php\/novosti\/item\/301497-elektrodistribucija-tuzla-planska-iskljucenja-el-energije-za-srijedu-29-april\/","og_site_name":"TuzlaInfo.ba","article_publisher":"https:\/\/www.facebook.com\/tuzlainfo.ba\/","article_published_time":"2026-04-28T20:02:34+00:00","article_modified_time":"2026-04-28T14:08:51+00:00","og_image":[{"width":1000,"height":732,"url":"https:\/\/tuzlainfo.ba\/wp-content\/uploads\/2022\/04\/2504_elektro_planska_struja.jpg","type":"image\/jpeg"}],"author":"Tuzla Info","twitter_card":"summary_large_image","twitter_misc":{"Written by":"Tuzla Info","Est. reading time":"2 minute"},"schema":{"@context":"https:\/\/schema.org","@graph":[{"@type":"Article","@id":"https:\/\/tuzlainfo.ba\/index.php\/novosti\/item\/301497-elektrodistribucija-tuzla-planska-iskljucenja-el-energije-za-srijedu-29-april\/#article","isPartOf":{"@id":"https:\/\/tuzlainfo.ba\/index.php\/novosti\/item\/301497-elektrodistribucija-tuzla-planska-iskljucenja-el-energije-za-srijedu-29-april\/"},"author":{"name":"Tuzla Info","@id":"https:\/\/tuzlainfo.ba\/#\/schema\/person\/46cad4c57790cbc50781edd14870825a"},"headline":"Elektrodistribucija Tuzla: Planska isklju\u010denja el. energije za srijedu 29. april","datePublished":"2026-04-28T20:02:34+00:00","dateModified":"2026-04-28T14:08:51+00:00","mainEntityOfPage":{"@id":"https:\/\/tuzlainfo.ba\/index.php\/novosti\/item\/301497-elektrodistribucija-tuzla-planska-iskljucenja-el-energije-za-srijedu-29-april\/"},"wordCount":122,"publisher":{"@id":"https:\/\/tuzlainfo.ba\/#organization"},"image":{"@id":"https:\/\/tuzlainfo.ba\/index.php\/novosti\/item\/301497-elektrodistribucija-tuzla-planska-iskljucenja-el-energije-za-srijedu-29-april\/#primaryimage"},"thumbnailUrl":"https:\/\/tuzlainfo.ba\/wp-content\/uploads\/2022\/04\/2504_elektro_planska_struja.jpg","keywords":["planska isklju\u010denja struje tuzla"],"articleSection":["Istaknuto","Novosti"],"inLanguage":"bs-BA"},{"@type":"WebPage","@id":"https:\/\/tuzlainfo.ba\/index.php\/novosti\/item\/301497-elektrodistribucija-tuzla-planska-iskljucenja-el-energije-za-srijedu-29-april\/","url":"https:\/\/tuzlainfo.ba\/index.php\/novosti\/item\/301497-elektrodistribucija-tuzla-planska-iskljucenja-el-energije-za-srijedu-29-april\/","name":"Elektrodistribucija Tuzla: Planska isklju\u010denja el. energije za srijedu 29. april - TuzlaInfo.ba","isPartOf":{"@id":"https:\/\/tuzlainfo.ba\/#website"},"primaryImageOfPage":{"@id":"https:\/\/tuzlainfo.ba\/index.php\/novosti\/item\/301497-elektrodistribucija-tuzla-planska-iskljucenja-el-energije-za-srijedu-29-april\/#primaryimage"},"image":{"@id":"https:\/\/tuzlainfo.ba\/index.php\/novosti\/item\/301497-elektrodistribucija-tuzla-planska-iskljucenja-el-energije-za-srijedu-29-april\/#primaryimage"},"thumbnailUrl":"https:\/\/tuzlainfo.ba\/wp-content\/uploads\/2022\/04\/2504_elektro_planska_struja.jpg","datePublished":"2026-04-28T20:02:34+00:00","dateModified":"2026-04-28T14:08:51+00:00","breadcrumb":{"@id":"https:\/\/tuzlainfo.ba\/index.php\/novosti\/item\/301497-elektrodistribucija-tuzla-planska-iskljucenja-el-energije-za-srijedu-29-april\/#breadcrumb"},"inLanguage":"bs-BA","potentialAction":[{"@type":"ReadAction","target":["https:\/\/tuzlainfo.ba\/index.php\/novosti\/item\/301497-elektrodistribucija-tuzla-planska-iskljucenja-el-energije-za-srijedu-29-april\/"]}]},{"@type":"ImageObject","inLanguage":"bs-BA","@id":"https:\/\/tuzlainfo.ba\/index.php\/novosti\/item\/301497-elektrodistribucija-tuzla-planska-iskljucenja-el-energije-za-srijedu-29-april\/#primaryimage","url":"https:\/\/tuzlainfo.ba\/wp-content\/uploads\/2022\/04\/2504_elektro_planska_struja.jpg","contentUrl":"https:\/\/tuzlainfo.ba\/wp-content\/uploads\/2022\/04\/2504_elektro_planska_struja.jpg","width":1000,"height":732},{"@type":"BreadcrumbList","@id":"https:\/\/tuzlainfo.ba\/index.php\/novosti\/item\/301497-elektrodistribucija-tuzla-planska-iskljucenja-el-energije-za-srijedu-29-april\/#breadcrumb","itemListElement":[{"@type":"ListItem","position":1,"name":"Home","item":"https:\/\/tuzlainfo.ba\/"},{"@type":"ListItem","position":2,"name":"Elektrodistribucija Tuzla: Planska isklju\u010denja el. energije za srijedu 29. april"}]},{"@type":"WebSite","@id":"https:\/\/tuzlainfo.ba\/#website","url":"https:\/\/tuzlainfo.ba\/","name":"TuzlaInfo.ba","description":"Tuzla info, gradski informator - Tuzla na dlanu","publisher":{"@id":"https:\/\/tuzlainfo.ba\/#organization"},"potentialAction":[{"@type":"SearchAction","target":{"@type":"EntryPoint","urlTemplate":"https:\/\/tuzlainfo.ba\/?s={search_term_string}"},"query-input":{"@type":"PropertyValueSpecification","valueRequired":true,"valueName":"search_term_string"}}],"inLanguage":"bs-BA"},{"@type":"Organization","@id":"https:\/\/tuzlainfo.ba\/#organization","name":"TuzlaInfo.ba","url":"https:\/\/tuzlainfo.ba\/","logo":{"@type":"ImageObject","inLanguage":"bs-BA","@id":"https:\/\/tuzlainfo.ba\/#\/schema\/logo\/image\/","url":"https:\/\/tuzlainfo.ba\/wp-content\/uploads\/2021\/03\/logo-ver-3-1.png","contentUrl":"https:\/\/tuzlainfo.ba\/wp-content\/uploads\/2021\/03\/logo-ver-3-1.png","width":350,"height":95,"caption":"TuzlaInfo.ba"},"image":{"@id":"https:\/\/tuzlainfo.ba\/#\/schema\/logo\/image\/"},"sameAs":["https:\/\/www.facebook.com\/tuzlainfo.ba\/"]},{"@type":"Person","@id":"https:\/\/tuzlainfo.ba\/#\/schema\/person\/46cad4c57790cbc50781edd14870825a","name":"Tuzla Info","image":{"@type":"ImageObject","inLanguage":"bs-BA","@id":"https:\/\/tuzlainfo.ba\/#\/schema\/person\/image\/","url":"https:\/\/tuzlainfo.ba\/wp-content\/litespeed\/avatar\/b6c453a6c38e3654f2e4416c643fc25c.jpg?ver=1777051911","contentUrl":"https:\/\/tuzlainfo.ba\/wp-content\/litespeed\/avatar\/b6c453a6c38e3654f2e4416c643fc25c.jpg?ver=1777051911","caption":"Tuzla Info"}}]}},"_links":{"self":[{"href":"https:\/\/tuzlainfo.ba\/index.php\/wp-json\/wp\/v2\/posts\/301497"}],"collection":[{"href":"https:\/\/tuzlainfo.ba\/index.php\/wp-json\/wp\/v2\/posts"}],"about":[{"href":"https:\/\/tuzlainfo.ba\/index.php\/wp-json\/wp\/v2\/types\/post"}],"author":[{"embeddable":true,"href":"https:\/\/tuzlainfo.ba\/index.php\/wp-json\/wp\/v2\/users\/4"}],"replies":[{"embeddable":true,"href":"https:\/\/tuzlainfo.ba\/index.php\/wp-json\/wp\/v2\/comments?post=301497"}],"version-history":[{"count":1,"href":"https:\/\/tuzlainfo.ba\/index.php\/wp-json\/wp\/v2\/posts\/301497\/revisions"}],"predecessor-version":[{"id":301498,"href":"https:\/\/tuzlainfo.ba\/index.php\/wp-json\/wp\/v2\/posts\/301497\/revisions\/301498"}],"wp:featuredmedia":[{"embeddable":true,"href":"https:\/\/tuzlainfo.ba\/index.php\/wp-json\/wp\/v2\/media\/170403"}],"wp:attachment":[{"href":"https:\/\/tuzlainfo.ba\/index.php\/wp-json\/wp\/v2\/media?parent=301497"}],"wp:term":[{"taxonomy":"category","embeddable":true,"href":"https:\/\/tuzlainfo.ba\/index.php\/wp-json\/wp\/v2\/categories?post=301497"},{"taxonomy":"post_tag","embeddable":true,"href":"https:\/\/tuzlainfo.ba\/index.php\/wp-json\/wp\/v2\/tags?post=301497"}],"curies":[{"name":"wp","href":"https:\/\/api.w.org\/{rel}","templated":true}]}}