{"id":301480,"date":"2026-04-28T15:15:30","date_gmt":"2026-04-28T13:15:30","guid":{"rendered":"https:\/\/tuzlainfo.ba\/?p=301480"},"modified":"2026-04-28T15:18:02","modified_gmt":"2026-04-28T13:18:02","slug":"nekada-blizak-dodikov-saradnik-vlado-djajic-osnovao-novu-politicku-partiju","status":"publish","type":"post","link":"https:\/\/tuzlainfo.ba\/index.php\/bosna-i-hercegovina\/item\/301480-nekada-blizak-dodikov-saradnik-vlado-djajic-osnovao-novu-politicku-partiju\/","title":{"rendered":"Nekada blizak Dodikov saradnik: Vlado \u0110aji\u0107 osnovao novu politi\u010dku partiju"},"content":{"rendered":"<p data-start=\"0\" data-end=\"144\">U Banjoj Luci je danas predstavljena nova politi\u010dka partija pod nazivom \u201eVolja naroda Srpske \u2013 dr Vlado \u0110aji\u0107\u201c, \u010diji je predsjednik Vlado \u0110aji\u0107.<\/p>\n<p data-start=\"146\" data-end=\"344\">Kako je poru\u010dio na predstavljanju, rije\u010d je o politi\u010dkoj opciji koja, kako tvrdi, nije ni lijevo ni desno orijentisana, a cilj joj je, prema njegovim rije\u010dima, stvaranje \u201esistema dostojnog \u010dovjeka\u201c.<\/p>\n<p data-start=\"346\" data-end=\"512\">\u0110aji\u0107 je istakao da o\u010dekuje zna\u010dajnu podr\u0161ku na izborima zakazanim za 4. oktobar, nagla\u0161avaju\u0107i da \u017eeli volju gra\u0111ana pretvoriti u politi\u010dki utjecaj kroz institucije.<\/p>\n<p data-start=\"514\" data-end=\"656\">\u2013 \u0160to vi\u0161e glasova dobijemo, imat \u0107emo ve\u0107i kapacitet da se borimo za interese naroda i da gradimo sistem kakav gra\u0111ani \u017eele \u2013 rekao je \u0110aji\u0107.<\/p>\n<p data-start=\"658\" data-end=\"850\">Govore\u0107i o programskim ciljevima, naveo je da \u0107e se zalagati za red, rad i zakon, ve\u0107e plate i penzije, ve\u0107u transparentnost, ja\u010danje struke, kao i stvaranje uslova za ostanak mladih u zemlji.<\/p>\n<p data-start=\"852\" data-end=\"1008\">U svom obra\u0107anju kritikovao je stanje u institucijama, navode\u0107i da se na rukovode\u0107im pozicijama nalaze osobe koje, kako tvrdi, nemaju potrebne kompetencije.<\/p>\n<p data-start=\"1010\" data-end=\"1214\">\u2013 Na mnogim rukovode\u0107im mjestima su ljudi lo\u0161ijih referenci i manjih sposobnosti, ali su tu zbog podobnosti \u2013 rekao je \u0110aji\u0107, dodaju\u0107i da \u0107e njegova stranka dati priliku stru\u010dnim i nestrana\u010dkim kadrovima.<\/p>\n<p data-start=\"1216\" data-end=\"1336\">Posebnu poruku uputio je dijaspori, pozvav\u0161i ih da u\u010destvuju na izborima, ali i da se aktivno uklju\u010de u politi\u010dki \u017eivot.<\/p>\n<p data-start=\"1338\" data-end=\"1439\">\u2013 Spremni smo da im damo priliku da budu kandidati i u\u010destvuju u radu institucija \u2013 poru\u010dio je \u0110aji\u0107.<\/p>\n<p data-start=\"1441\" data-end=\"1512\">Istakao je i da ne \u017eeli ulaziti u sukobe s drugim politi\u010dkim partijama.<\/p>\n<p data-start=\"1514\" data-end=\"1660\">Podsje\u0107amo, \u0110aji\u0107 je dan ranije podnio ostavku na \u010dlanstvo i sve funkcije u SNSD-u, \u010dime je okon\u010dao dugogodi\u0161nji politi\u010dki anga\u017eman u toj stranci.<\/p>\n","protected":false},"excerpt":{"rendered":"<p>U Banjoj Luci je danas predstavljena nova politi\u010dka partija pod nazivom \u201eVolja naroda Srpske \u2013&hellip;<\/p>\n","protected":false},"author":2,"featured_media":301481,"comment_status":"closed","ping_status":"closed","sticky":false,"template":"","format":"standard","meta":{"_acf_changed":false,"footnotes":""},"categories":[291],"tags":[13033],"acf":[],"yoast_head":"<!-- This site is optimized with the Yoast SEO plugin v23.5 - https:\/\/yoast.com\/wordpress\/plugins\/seo\/ -->\n<title>Nekada blizak Dodikov saradnik: Vlado \u0110aji\u0107 osnovao novu politi\u010dku partiju - TuzlaInfo.ba<\/title>\n<meta name=\"robots\" content=\"index, follow, max-snippet:-1, max-image-preview:large, max-video-preview:-1\" \/>\n<link rel=\"canonical\" href=\"https:\/\/tuzlainfo.ba\/index.php\/bosna-i-hercegovina\/item\/301480-nekada-blizak-dodikov-saradnik-vlado-djajic-osnovao-novu-politicku-partiju\/\" \/>\n<meta property=\"og:locale\" content=\"bs_BA\" \/>\n<meta property=\"og:type\" content=\"article\" \/>\n<meta property=\"og:title\" content=\"Nekada blizak Dodikov saradnik: Vlado \u0110aji\u0107 osnovao novu politi\u010dku partiju - TuzlaInfo.ba\" \/>\n<meta property=\"og:description\" content=\"U Banjoj Luci je danas predstavljena nova politi\u010dka partija pod nazivom \u201eVolja naroda Srpske \u2013&hellip;\" \/>\n<meta property=\"og:url\" content=\"https:\/\/tuzlainfo.ba\/index.php\/bosna-i-hercegovina\/item\/301480-nekada-blizak-dodikov-saradnik-vlado-djajic-osnovao-novu-politicku-partiju\/\" \/>\n<meta property=\"og:site_name\" content=\"TuzlaInfo.ba\" \/>\n<meta property=\"article:publisher\" content=\"https:\/\/www.facebook.com\/tuzlainfo.ba\/\" \/>\n<meta property=\"article:published_time\" content=\"2026-04-28T13:15:30+00:00\" \/>\n<meta property=\"article:modified_time\" content=\"2026-04-28T13:18:02+00:00\" \/>\n<meta property=\"og:image\" content=\"https:\/\/tuzlainfo.ba\/wp-content\/uploads\/2026\/04\/2804_vlado_djajic.jpg\" \/>\n\t<meta property=\"og:image:width\" content=\"800\" \/>\n\t<meta property=\"og:image:height\" content=\"478\" \/>\n\t<meta property=\"og:image:type\" content=\"image\/jpeg\" \/>\n<meta name=\"author\" content=\"nedim\" \/>\n<meta name=\"twitter:card\" content=\"summary_large_image\" \/>\n<meta name=\"twitter:label1\" content=\"Written by\" \/>\n\t<meta name=\"twitter:data1\" content=\"nedim\" \/>\n\t<meta name=\"twitter:label2\" content=\"Est. reading time\" \/>\n\t<meta name=\"twitter:data2\" content=\"2 minute\" \/>\n<script type=\"application\/ld+json\" class=\"yoast-schema-graph\">{\"@context\":\"https:\/\/schema.org\",\"@graph\":[{\"@type\":\"Article\",\"@id\":\"https:\/\/tuzlainfo.ba\/index.php\/bosna-i-hercegovina\/item\/301480-nekada-blizak-dodikov-saradnik-vlado-djajic-osnovao-novu-politicku-partiju\/#article\",\"isPartOf\":{\"@id\":\"https:\/\/tuzlainfo.ba\/index.php\/bosna-i-hercegovina\/item\/301480-nekada-blizak-dodikov-saradnik-vlado-djajic-osnovao-novu-politicku-partiju\/\"},\"author\":{\"name\":\"nedim\",\"@id\":\"https:\/\/tuzlainfo.ba\/#\/schema\/person\/f434e20dc27ea133923aab08451b7f7f\"},\"headline\":\"Nekada blizak Dodikov saradnik: Vlado \u0110aji\u0107 osnovao novu politi\u010dku partiju\",\"datePublished\":\"2026-04-28T13:15:30+00:00\",\"dateModified\":\"2026-04-28T13:18:02+00:00\",\"mainEntityOfPage\":{\"@id\":\"https:\/\/tuzlainfo.ba\/index.php\/bosna-i-hercegovina\/item\/301480-nekada-blizak-dodikov-saradnik-vlado-djajic-osnovao-novu-politicku-partiju\/\"},\"wordCount\":305,\"publisher\":{\"@id\":\"https:\/\/tuzlainfo.ba\/#organization\"},\"image\":{\"@id\":\"https:\/\/tuzlainfo.ba\/index.php\/bosna-i-hercegovina\/item\/301480-nekada-blizak-dodikov-saradnik-vlado-djajic-osnovao-novu-politicku-partiju\/#primaryimage\"},\"thumbnailUrl\":\"https:\/\/tuzlainfo.ba\/wp-content\/uploads\/2026\/04\/2804_vlado_djajic.jpg\",\"keywords\":[\"vlado \u0111aji\u0107\"],\"articleSection\":[\"Bosna i Hercegovina\"],\"inLanguage\":\"bs-BA\"},{\"@type\":\"WebPage\",\"@id\":\"https:\/\/tuzlainfo.ba\/index.php\/bosna-i-hercegovina\/item\/301480-nekada-blizak-dodikov-saradnik-vlado-djajic-osnovao-novu-politicku-partiju\/\",\"url\":\"https:\/\/tuzlainfo.ba\/index.php\/bosna-i-hercegovina\/item\/301480-nekada-blizak-dodikov-saradnik-vlado-djajic-osnovao-novu-politicku-partiju\/\",\"name\":\"Nekada blizak Dodikov saradnik: Vlado \u0110aji\u0107 osnovao novu politi\u010dku partiju - TuzlaInfo.ba\",\"isPartOf\":{\"@id\":\"https:\/\/tuzlainfo.ba\/#website\"},\"primaryImageOfPage\":{\"@id\":\"https:\/\/tuzlainfo.ba\/index.php\/bosna-i-hercegovina\/item\/301480-nekada-blizak-dodikov-saradnik-vlado-djajic-osnovao-novu-politicku-partiju\/#primaryimage\"},\"image\":{\"@id\":\"https:\/\/tuzlainfo.ba\/index.php\/bosna-i-hercegovina\/item\/301480-nekada-blizak-dodikov-saradnik-vlado-djajic-osnovao-novu-politicku-partiju\/#primaryimage\"},\"thumbnailUrl\":\"https:\/\/tuzlainfo.ba\/wp-content\/uploads\/2026\/04\/2804_vlado_djajic.jpg\",\"datePublished\":\"2026-04-28T13:15:30+00:00\",\"dateModified\":\"2026-04-28T13:18:02+00:00\",\"breadcrumb\":{\"@id\":\"https:\/\/tuzlainfo.ba\/index.php\/bosna-i-hercegovina\/item\/301480-nekada-blizak-dodikov-saradnik-vlado-djajic-osnovao-novu-politicku-partiju\/#breadcrumb\"},\"inLanguage\":\"bs-BA\",\"potentialAction\":[{\"@type\":\"ReadAction\",\"target\":[\"https:\/\/tuzlainfo.ba\/index.php\/bosna-i-hercegovina\/item\/301480-nekada-blizak-dodikov-saradnik-vlado-djajic-osnovao-novu-politicku-partiju\/\"]}]},{\"@type\":\"ImageObject\",\"inLanguage\":\"bs-BA\",\"@id\":\"https:\/\/tuzlainfo.ba\/index.php\/bosna-i-hercegovina\/item\/301480-nekada-blizak-dodikov-saradnik-vlado-djajic-osnovao-novu-politicku-partiju\/#primaryimage\",\"url\":\"https:\/\/tuzlainfo.ba\/wp-content\/uploads\/2026\/04\/2804_vlado_djajic.jpg\",\"contentUrl\":\"https:\/\/tuzlainfo.ba\/wp-content\/uploads\/2026\/04\/2804_vlado_djajic.jpg\",\"width\":800,\"height\":478},{\"@type\":\"BreadcrumbList\",\"@id\":\"https:\/\/tuzlainfo.ba\/index.php\/bosna-i-hercegovina\/item\/301480-nekada-blizak-dodikov-saradnik-vlado-djajic-osnovao-novu-politicku-partiju\/#breadcrumb\",\"itemListElement\":[{\"@type\":\"ListItem\",\"position\":1,\"name\":\"Home\",\"item\":\"https:\/\/tuzlainfo.ba\/\"},{\"@type\":\"ListItem\",\"position\":2,\"name\":\"Nekada blizak Dodikov saradnik: Vlado \u0110aji\u0107 osnovao novu politi\u010dku partiju\"}]},{\"@type\":\"WebSite\",\"@id\":\"https:\/\/tuzlainfo.ba\/#website\",\"url\":\"https:\/\/tuzlainfo.ba\/\",\"name\":\"TuzlaInfo.ba\",\"description\":\"Tuzla info, gradski informator - Tuzla na dlanu\",\"publisher\":{\"@id\":\"https:\/\/tuzlainfo.ba\/#organization\"},\"potentialAction\":[{\"@type\":\"SearchAction\",\"target\":{\"@type\":\"EntryPoint\",\"urlTemplate\":\"https:\/\/tuzlainfo.ba\/?s={search_term_string}\"},\"query-input\":{\"@type\":\"PropertyValueSpecification\",\"valueRequired\":true,\"valueName\":\"search_term_string\"}}],\"inLanguage\":\"bs-BA\"},{\"@type\":\"Organization\",\"@id\":\"https:\/\/tuzlainfo.ba\/#organization\",\"name\":\"TuzlaInfo.ba\",\"url\":\"https:\/\/tuzlainfo.ba\/\",\"logo\":{\"@type\":\"ImageObject\",\"inLanguage\":\"bs-BA\",\"@id\":\"https:\/\/tuzlainfo.ba\/#\/schema\/logo\/image\/\",\"url\":\"https:\/\/tuzlainfo.ba\/wp-content\/uploads\/2021\/03\/logo-ver-3-1.png\",\"contentUrl\":\"https:\/\/tuzlainfo.ba\/wp-content\/uploads\/2021\/03\/logo-ver-3-1.png\",\"width\":350,\"height\":95,\"caption\":\"TuzlaInfo.ba\"},\"image\":{\"@id\":\"https:\/\/tuzlainfo.ba\/#\/schema\/logo\/image\/\"},\"sameAs\":[\"https:\/\/www.facebook.com\/tuzlainfo.ba\/\"]},{\"@type\":\"Person\",\"@id\":\"https:\/\/tuzlainfo.ba\/#\/schema\/person\/f434e20dc27ea133923aab08451b7f7f\",\"name\":\"nedim\",\"image\":{\"@type\":\"ImageObject\",\"inLanguage\":\"bs-BA\",\"@id\":\"https:\/\/tuzlainfo.ba\/#\/schema\/person\/image\/\",\"url\":\"https:\/\/tuzlainfo.ba\/wp-content\/litespeed\/avatar\/aabad687af24844af817603ac1cbdc4f.jpg?ver=1777306975\",\"contentUrl\":\"https:\/\/tuzlainfo.ba\/wp-content\/litespeed\/avatar\/aabad687af24844af817603ac1cbdc4f.jpg?ver=1777306975\",\"caption\":\"nedim\"},\"description\":\"Tuzlainfo.ba pratite na dru\u0161tvenim mre\u017eama: Facebook, Instagram i Youtube. Svoje pri\u010de, upite i fotografije \u0161aljite na na\u0161u e-mail adresu.\"}]}<\/script>\n<!-- \/ Yoast SEO plugin. -->","yoast_head_json":{"title":"Nekada blizak Dodikov saradnik: Vlado \u0110aji\u0107 osnovao novu politi\u010dku partiju - TuzlaInfo.ba","robots":{"index":"index","follow":"follow","max-snippet":"max-snippet:-1","max-image-preview":"max-image-preview:large","max-video-preview":"max-video-preview:-1"},"canonical":"https:\/\/tuzlainfo.ba\/index.php\/bosna-i-hercegovina\/item\/301480-nekada-blizak-dodikov-saradnik-vlado-djajic-osnovao-novu-politicku-partiju\/","og_locale":"bs_BA","og_type":"article","og_title":"Nekada blizak Dodikov saradnik: Vlado \u0110aji\u0107 osnovao novu politi\u010dku partiju - TuzlaInfo.ba","og_description":"U Banjoj Luci je danas predstavljena nova politi\u010dka partija pod nazivom \u201eVolja naroda Srpske \u2013&hellip;","og_url":"https:\/\/tuzlainfo.ba\/index.php\/bosna-i-hercegovina\/item\/301480-nekada-blizak-dodikov-saradnik-vlado-djajic-osnovao-novu-politicku-partiju\/","og_site_name":"TuzlaInfo.ba","article_publisher":"https:\/\/www.facebook.com\/tuzlainfo.ba\/","article_published_time":"2026-04-28T13:15:30+00:00","article_modified_time":"2026-04-28T13:18:02+00:00","og_image":[{"width":800,"height":478,"url":"https:\/\/tuzlainfo.ba\/wp-content\/uploads\/2026\/04\/2804_vlado_djajic.jpg","type":"image\/jpeg"}],"author":"nedim","twitter_card":"summary_large_image","twitter_misc":{"Written by":"nedim","Est. reading time":"2 minute"},"schema":{"@context":"https:\/\/schema.org","@graph":[{"@type":"Article","@id":"https:\/\/tuzlainfo.ba\/index.php\/bosna-i-hercegovina\/item\/301480-nekada-blizak-dodikov-saradnik-vlado-djajic-osnovao-novu-politicku-partiju\/#article","isPartOf":{"@id":"https:\/\/tuzlainfo.ba\/index.php\/bosna-i-hercegovina\/item\/301480-nekada-blizak-dodikov-saradnik-vlado-djajic-osnovao-novu-politicku-partiju\/"},"author":{"name":"nedim","@id":"https:\/\/tuzlainfo.ba\/#\/schema\/person\/f434e20dc27ea133923aab08451b7f7f"},"headline":"Nekada blizak Dodikov saradnik: Vlado \u0110aji\u0107 osnovao novu politi\u010dku partiju","datePublished":"2026-04-28T13:15:30+00:00","dateModified":"2026-04-28T13:18:02+00:00","mainEntityOfPage":{"@id":"https:\/\/tuzlainfo.ba\/index.php\/bosna-i-hercegovina\/item\/301480-nekada-blizak-dodikov-saradnik-vlado-djajic-osnovao-novu-politicku-partiju\/"},"wordCount":305,"publisher":{"@id":"https:\/\/tuzlainfo.ba\/#organization"},"image":{"@id":"https:\/\/tuzlainfo.ba\/index.php\/bosna-i-hercegovina\/item\/301480-nekada-blizak-dodikov-saradnik-vlado-djajic-osnovao-novu-politicku-partiju\/#primaryimage"},"thumbnailUrl":"https:\/\/tuzlainfo.ba\/wp-content\/uploads\/2026\/04\/2804_vlado_djajic.jpg","keywords":["vlado \u0111aji\u0107"],"articleSection":["Bosna i Hercegovina"],"inLanguage":"bs-BA"},{"@type":"WebPage","@id":"https:\/\/tuzlainfo.ba\/index.php\/bosna-i-hercegovina\/item\/301480-nekada-blizak-dodikov-saradnik-vlado-djajic-osnovao-novu-politicku-partiju\/","url":"https:\/\/tuzlainfo.ba\/index.php\/bosna-i-hercegovina\/item\/301480-nekada-blizak-dodikov-saradnik-vlado-djajic-osnovao-novu-politicku-partiju\/","name":"Nekada blizak Dodikov saradnik: Vlado \u0110aji\u0107 osnovao novu politi\u010dku partiju - TuzlaInfo.ba","isPartOf":{"@id":"https:\/\/tuzlainfo.ba\/#website"},"primaryImageOfPage":{"@id":"https:\/\/tuzlainfo.ba\/index.php\/bosna-i-hercegovina\/item\/301480-nekada-blizak-dodikov-saradnik-vlado-djajic-osnovao-novu-politicku-partiju\/#primaryimage"},"image":{"@id":"https:\/\/tuzlainfo.ba\/index.php\/bosna-i-hercegovina\/item\/301480-nekada-blizak-dodikov-saradnik-vlado-djajic-osnovao-novu-politicku-partiju\/#primaryimage"},"thumbnailUrl":"https:\/\/tuzlainfo.ba\/wp-content\/uploads\/2026\/04\/2804_vlado_djajic.jpg","datePublished":"2026-04-28T13:15:30+00:00","dateModified":"2026-04-28T13:18:02+00:00","breadcrumb":{"@id":"https:\/\/tuzlainfo.ba\/index.php\/bosna-i-hercegovina\/item\/301480-nekada-blizak-dodikov-saradnik-vlado-djajic-osnovao-novu-politicku-partiju\/#breadcrumb"},"inLanguage":"bs-BA","potentialAction":[{"@type":"ReadAction","target":["https:\/\/tuzlainfo.ba\/index.php\/bosna-i-hercegovina\/item\/301480-nekada-blizak-dodikov-saradnik-vlado-djajic-osnovao-novu-politicku-partiju\/"]}]},{"@type":"ImageObject","inLanguage":"bs-BA","@id":"https:\/\/tuzlainfo.ba\/index.php\/bosna-i-hercegovina\/item\/301480-nekada-blizak-dodikov-saradnik-vlado-djajic-osnovao-novu-politicku-partiju\/#primaryimage","url":"https:\/\/tuzlainfo.ba\/wp-content\/uploads\/2026\/04\/2804_vlado_djajic.jpg","contentUrl":"https:\/\/tuzlainfo.ba\/wp-content\/uploads\/2026\/04\/2804_vlado_djajic.jpg","width":800,"height":478},{"@type":"BreadcrumbList","@id":"https:\/\/tuzlainfo.ba\/index.php\/bosna-i-hercegovina\/item\/301480-nekada-blizak-dodikov-saradnik-vlado-djajic-osnovao-novu-politicku-partiju\/#breadcrumb","itemListElement":[{"@type":"ListItem","position":1,"name":"Home","item":"https:\/\/tuzlainfo.ba\/"},{"@type":"ListItem","position":2,"name":"Nekada blizak Dodikov saradnik: Vlado \u0110aji\u0107 osnovao novu politi\u010dku partiju"}]},{"@type":"WebSite","@id":"https:\/\/tuzlainfo.ba\/#website","url":"https:\/\/tuzlainfo.ba\/","name":"TuzlaInfo.ba","description":"Tuzla info, gradski informator - Tuzla na dlanu","publisher":{"@id":"https:\/\/tuzlainfo.ba\/#organization"},"potentialAction":[{"@type":"SearchAction","target":{"@type":"EntryPoint","urlTemplate":"https:\/\/tuzlainfo.ba\/?s={search_term_string}"},"query-input":{"@type":"PropertyValueSpecification","valueRequired":true,"valueName":"search_term_string"}}],"inLanguage":"bs-BA"},{"@type":"Organization","@id":"https:\/\/tuzlainfo.ba\/#organization","name":"TuzlaInfo.ba","url":"https:\/\/tuzlainfo.ba\/","logo":{"@type":"ImageObject","inLanguage":"bs-BA","@id":"https:\/\/tuzlainfo.ba\/#\/schema\/logo\/image\/","url":"https:\/\/tuzlainfo.ba\/wp-content\/uploads\/2021\/03\/logo-ver-3-1.png","contentUrl":"https:\/\/tuzlainfo.ba\/wp-content\/uploads\/2021\/03\/logo-ver-3-1.png","width":350,"height":95,"caption":"TuzlaInfo.ba"},"image":{"@id":"https:\/\/tuzlainfo.ba\/#\/schema\/logo\/image\/"},"sameAs":["https:\/\/www.facebook.com\/tuzlainfo.ba\/"]},{"@type":"Person","@id":"https:\/\/tuzlainfo.ba\/#\/schema\/person\/f434e20dc27ea133923aab08451b7f7f","name":"nedim","image":{"@type":"ImageObject","inLanguage":"bs-BA","@id":"https:\/\/tuzlainfo.ba\/#\/schema\/person\/image\/","url":"https:\/\/tuzlainfo.ba\/wp-content\/litespeed\/avatar\/aabad687af24844af817603ac1cbdc4f.jpg?ver=1777306975","contentUrl":"https:\/\/tuzlainfo.ba\/wp-content\/litespeed\/avatar\/aabad687af24844af817603ac1cbdc4f.jpg?ver=1777306975","caption":"nedim"},"description":"Tuzlainfo.ba pratite na dru\u0161tvenim mre\u017eama: Facebook, Instagram i Youtube. Svoje pri\u010de, upite i fotografije \u0161aljite na na\u0161u e-mail adresu."}]}},"_links":{"self":[{"href":"https:\/\/tuzlainfo.ba\/index.php\/wp-json\/wp\/v2\/posts\/301480"}],"collection":[{"href":"https:\/\/tuzlainfo.ba\/index.php\/wp-json\/wp\/v2\/posts"}],"about":[{"href":"https:\/\/tuzlainfo.ba\/index.php\/wp-json\/wp\/v2\/types\/post"}],"author":[{"embeddable":true,"href":"https:\/\/tuzlainfo.ba\/index.php\/wp-json\/wp\/v2\/users\/2"}],"replies":[{"embeddable":true,"href":"https:\/\/tuzlainfo.ba\/index.php\/wp-json\/wp\/v2\/comments?post=301480"}],"version-history":[{"count":1,"href":"https:\/\/tuzlainfo.ba\/index.php\/wp-json\/wp\/v2\/posts\/301480\/revisions"}],"predecessor-version":[{"id":301482,"href":"https:\/\/tuzlainfo.ba\/index.php\/wp-json\/wp\/v2\/posts\/301480\/revisions\/301482"}],"wp:featuredmedia":[{"embeddable":true,"href":"https:\/\/tuzlainfo.ba\/index.php\/wp-json\/wp\/v2\/media\/301481"}],"wp:attachment":[{"href":"https:\/\/tuzlainfo.ba\/index.php\/wp-json\/wp\/v2\/media?parent=301480"}],"wp:term":[{"taxonomy":"category","embeddable":true,"href":"https:\/\/tuzlainfo.ba\/index.php\/wp-json\/wp\/v2\/categories?post=301480"},{"taxonomy":"post_tag","embeddable":true,"href":"https:\/\/tuzlainfo.ba\/index.php\/wp-json\/wp\/v2\/tags?post=301480"}],"curies":[{"name":"wp","href":"https:\/\/api.w.org\/{rel}","templated":true}]}}