{"id":301468,"date":"2026-04-28T14:06:03","date_gmt":"2026-04-28T12:06:03","guid":{"rendered":"https:\/\/tuzlainfo.ba\/?p=301468"},"modified":"2026-04-28T14:06:03","modified_gmt":"2026-04-28T12:06:03","slug":"bih-i-hrvatska-potpisali-sporazum-o-izgradnji-juzne-plinske-interkonekcije","status":"publish","type":"post","link":"https:\/\/tuzlainfo.ba\/index.php\/bosna-i-hercegovina\/item\/301468-bih-i-hrvatska-potpisali-sporazum-o-izgradnji-juzne-plinske-interkonekcije\/","title":{"rendered":"BiH i Hrvatska potpisali sporazum o izgradnji Ju\u017ene plinske interkonekcije"},"content":{"rendered":"<p data-start=\"0\" data-end=\"249\">Na Samitu Inicijative tri mora u Dubrovniku potpisan je sporazum izme\u0111u Bosne i Hercegovine i Hrvatske o izgradnji plinovoda Ju\u017ena interkonekcija, \u010dime je napravljen va\u017ean korak ka diversifikaciji snabdijevanja prirodnim gasom u Bosni i Hercegovini.<\/p>\n<p data-start=\"251\" data-end=\"474\">Potpisivanje sporazuma uslijedilo je nakon \u0161to su prijedlog prethodno usvojili Vije\u0107e ministara BiH i Predsjedni\u0161tvo BiH, dok dokument sada treba potvrdu oba doma Parlamentarne skup\u0161tine BiH, kao i Vlade Republike Hrvatske.<\/p>\n<p data-start=\"476\" data-end=\"894\">Bh. delegaciju u Dubrovniku \u010dinili su predsjedavaju\u0107a Vije\u0107a ministara BiH Borjana Kri\u0161to, dopredsjedavaju\u0107i Doma naroda Parlamentarne skup\u0161tine BiH Dragan \u010covi\u0107, ministar vanjskih poslova BiH Elmedin Konakovi\u0107 i ministar energije, rudarstva i industrije Vedran Laki\u0107. U ime Hrvatske sporazum je potpisao premijer Andrej Plenkovi\u0107, dok je u ime Sjedinjenih Ameri\u010dkih Dr\u017eava potpisnik bio ministar energetike Kris Rajt.<\/p>\n<p data-start=\"896\" data-end=\"1216\">Rije\u010d je o projektu od strate\u0161kog zna\u010daja koji bi trebao osigurati sigurnije i stabilnije snabdijevanje gasom, s obzirom na to da se Bosna i Hercegovina trenutno snabdijeva iz jednog pravca. Ju\u017ena interkonekcija omogu\u0107it \u0107e povezivanje sa evropskim i regionalnim gasnim mre\u017eama, uklju\u010duju\u0107i i LNG terminal na otoku Krku.<\/p>\n<p data-start=\"1218\" data-end=\"1380\">Planirano je da izgradnja plinovoda bude zavr\u0161ena do 2028. godine, a u narednom periodu predvi\u0111ena je i izgradnja tri plinske elektrane u Kaknju, Mostaru i Tuzli.<\/p>\n<p data-start=\"1382\" data-end=\"1630\">Trasa plinovoda obuhvata pravac Split \u2013 Zagvozd \u2013 Posu\u0161je \u2013 Tomislavgrad \u2013 \u0160uica \u2013 Kupres \u2013 Bugojno \u2013 Novi Travnik\/Travnik, kao i krak prema Mostaru preko \u0160irokog Brijega, uz dodatne odvojke prema vi\u0161e gradova, uklju\u010duju\u0107i i pravac Kladanj \u2013 Tuzla.<\/p>\n<p data-start=\"1632\" data-end=\"2019\">Sporazumom su definisane osnove saradnje dvije dr\u017eave, uklju\u010duju\u0107i projektovanje, finansiranje i izgradnju plinovoda, pri \u010demu \u0107e svaka strana finansirati dio infrastrukture na svojoj teritoriji. Tako\u0111er su precizirani nadle\u017eni organi za realizaciju projekta, rokovi, na\u010din upravljanja i odr\u017eavanja, kao i procedure u vezi s carinama, porezima i kretanjem radnika u pograni\u010dnom podru\u010dju.<\/p>\n<p data-start=\"2021\" data-end=\"2210\">Nagla\u0161eno je da \u0107e realizacija projekta doprinijeti ja\u010danju energetske sigurnosti, razvoju tr\u017ei\u0161ta prirodnog gasa i boljoj povezanosti Bosne i Hercegovine sa evropskim energetskim sistemom.<\/p>\n","protected":false},"excerpt":{"rendered":"<p>Na Samitu Inicijative tri mora u Dubrovniku potpisan je sporazum izme\u0111u Bosne i Hercegovine i&hellip;<\/p>\n","protected":false},"author":2,"featured_media":301469,"comment_status":"closed","ping_status":"closed","sticky":false,"template":"","format":"standard","meta":{"_acf_changed":false,"footnotes":""},"categories":[291],"tags":[13816],"acf":[],"yoast_head":"<!-- This site is optimized with the Yoast SEO plugin v23.5 - https:\/\/yoast.com\/wordpress\/plugins\/seo\/ -->\n<title>BiH i Hrvatska potpisali sporazum o izgradnji Ju\u017ene plinske interkonekcije - TuzlaInfo.ba<\/title>\n<meta name=\"robots\" content=\"index, follow, max-snippet:-1, max-image-preview:large, max-video-preview:-1\" \/>\n<link rel=\"canonical\" href=\"https:\/\/tuzlainfo.ba\/index.php\/bosna-i-hercegovina\/item\/301468-bih-i-hrvatska-potpisali-sporazum-o-izgradnji-juzne-plinske-interkonekcije\/\" \/>\n<meta property=\"og:locale\" content=\"bs_BA\" \/>\n<meta property=\"og:type\" content=\"article\" \/>\n<meta property=\"og:title\" content=\"BiH i Hrvatska potpisali sporazum o izgradnji Ju\u017ene plinske interkonekcije - TuzlaInfo.ba\" \/>\n<meta property=\"og:description\" content=\"Na Samitu Inicijative tri mora u Dubrovniku potpisan je sporazum izme\u0111u Bosne i Hercegovine i&hellip;\" \/>\n<meta property=\"og:url\" content=\"https:\/\/tuzlainfo.ba\/index.php\/bosna-i-hercegovina\/item\/301468-bih-i-hrvatska-potpisali-sporazum-o-izgradnji-juzne-plinske-interkonekcije\/\" \/>\n<meta property=\"og:site_name\" content=\"TuzlaInfo.ba\" \/>\n<meta property=\"article:publisher\" content=\"https:\/\/www.facebook.com\/tuzlainfo.ba\/\" \/>\n<meta property=\"article:published_time\" content=\"2026-04-28T12:06:03+00:00\" \/>\n<meta property=\"og:image\" content=\"https:\/\/tuzlainfo.ba\/wp-content\/uploads\/2026\/04\/2804_kristo_plenkovic.jpg\" \/>\n\t<meta property=\"og:image:width\" content=\"1000\" \/>\n\t<meta property=\"og:image:height\" content=\"666\" \/>\n\t<meta property=\"og:image:type\" content=\"image\/jpeg\" \/>\n<meta name=\"author\" content=\"nedim\" \/>\n<meta name=\"twitter:card\" content=\"summary_large_image\" \/>\n<meta name=\"twitter:label1\" content=\"Written by\" \/>\n\t<meta name=\"twitter:data1\" content=\"nedim\" \/>\n\t<meta name=\"twitter:label2\" content=\"Est. reading time\" \/>\n\t<meta name=\"twitter:data2\" content=\"2 minute\" \/>\n<script type=\"application\/ld+json\" class=\"yoast-schema-graph\">{\"@context\":\"https:\/\/schema.org\",\"@graph\":[{\"@type\":\"Article\",\"@id\":\"https:\/\/tuzlainfo.ba\/index.php\/bosna-i-hercegovina\/item\/301468-bih-i-hrvatska-potpisali-sporazum-o-izgradnji-juzne-plinske-interkonekcije\/#article\",\"isPartOf\":{\"@id\":\"https:\/\/tuzlainfo.ba\/index.php\/bosna-i-hercegovina\/item\/301468-bih-i-hrvatska-potpisali-sporazum-o-izgradnji-juzne-plinske-interkonekcije\/\"},\"author\":{\"name\":\"nedim\",\"@id\":\"https:\/\/tuzlainfo.ba\/#\/schema\/person\/f434e20dc27ea133923aab08451b7f7f\"},\"headline\":\"BiH i Hrvatska potpisali sporazum o izgradnji Ju\u017ene plinske interkonekcije\",\"datePublished\":\"2026-04-28T12:06:03+00:00\",\"dateModified\":\"2026-04-28T12:06:03+00:00\",\"mainEntityOfPage\":{\"@id\":\"https:\/\/tuzlainfo.ba\/index.php\/bosna-i-hercegovina\/item\/301468-bih-i-hrvatska-potpisali-sporazum-o-izgradnji-juzne-plinske-interkonekcije\/\"},\"wordCount\":353,\"publisher\":{\"@id\":\"https:\/\/tuzlainfo.ba\/#organization\"},\"image\":{\"@id\":\"https:\/\/tuzlainfo.ba\/index.php\/bosna-i-hercegovina\/item\/301468-bih-i-hrvatska-potpisali-sporazum-o-izgradnji-juzne-plinske-interkonekcije\/#primaryimage\"},\"thumbnailUrl\":\"https:\/\/tuzlainfo.ba\/wp-content\/uploads\/2026\/04\/2804_kristo_plenkovic.jpg\",\"keywords\":[\"ju\u017ena plinska interkonekcija\"],\"articleSection\":[\"Bosna i Hercegovina\"],\"inLanguage\":\"bs-BA\"},{\"@type\":\"WebPage\",\"@id\":\"https:\/\/tuzlainfo.ba\/index.php\/bosna-i-hercegovina\/item\/301468-bih-i-hrvatska-potpisali-sporazum-o-izgradnji-juzne-plinske-interkonekcije\/\",\"url\":\"https:\/\/tuzlainfo.ba\/index.php\/bosna-i-hercegovina\/item\/301468-bih-i-hrvatska-potpisali-sporazum-o-izgradnji-juzne-plinske-interkonekcije\/\",\"name\":\"BiH i Hrvatska potpisali sporazum o izgradnji Ju\u017ene plinske interkonekcije - TuzlaInfo.ba\",\"isPartOf\":{\"@id\":\"https:\/\/tuzlainfo.ba\/#website\"},\"primaryImageOfPage\":{\"@id\":\"https:\/\/tuzlainfo.ba\/index.php\/bosna-i-hercegovina\/item\/301468-bih-i-hrvatska-potpisali-sporazum-o-izgradnji-juzne-plinske-interkonekcije\/#primaryimage\"},\"image\":{\"@id\":\"https:\/\/tuzlainfo.ba\/index.php\/bosna-i-hercegovina\/item\/301468-bih-i-hrvatska-potpisali-sporazum-o-izgradnji-juzne-plinske-interkonekcije\/#primaryimage\"},\"thumbnailUrl\":\"https:\/\/tuzlainfo.ba\/wp-content\/uploads\/2026\/04\/2804_kristo_plenkovic.jpg\",\"datePublished\":\"2026-04-28T12:06:03+00:00\",\"dateModified\":\"2026-04-28T12:06:03+00:00\",\"breadcrumb\":{\"@id\":\"https:\/\/tuzlainfo.ba\/index.php\/bosna-i-hercegovina\/item\/301468-bih-i-hrvatska-potpisali-sporazum-o-izgradnji-juzne-plinske-interkonekcije\/#breadcrumb\"},\"inLanguage\":\"bs-BA\",\"potentialAction\":[{\"@type\":\"ReadAction\",\"target\":[\"https:\/\/tuzlainfo.ba\/index.php\/bosna-i-hercegovina\/item\/301468-bih-i-hrvatska-potpisali-sporazum-o-izgradnji-juzne-plinske-interkonekcije\/\"]}]},{\"@type\":\"ImageObject\",\"inLanguage\":\"bs-BA\",\"@id\":\"https:\/\/tuzlainfo.ba\/index.php\/bosna-i-hercegovina\/item\/301468-bih-i-hrvatska-potpisali-sporazum-o-izgradnji-juzne-plinske-interkonekcije\/#primaryimage\",\"url\":\"https:\/\/tuzlainfo.ba\/wp-content\/uploads\/2026\/04\/2804_kristo_plenkovic.jpg\",\"contentUrl\":\"https:\/\/tuzlainfo.ba\/wp-content\/uploads\/2026\/04\/2804_kristo_plenkovic.jpg\",\"width\":1000,\"height\":666},{\"@type\":\"BreadcrumbList\",\"@id\":\"https:\/\/tuzlainfo.ba\/index.php\/bosna-i-hercegovina\/item\/301468-bih-i-hrvatska-potpisali-sporazum-o-izgradnji-juzne-plinske-interkonekcije\/#breadcrumb\",\"itemListElement\":[{\"@type\":\"ListItem\",\"position\":1,\"name\":\"Home\",\"item\":\"https:\/\/tuzlainfo.ba\/\"},{\"@type\":\"ListItem\",\"position\":2,\"name\":\"BiH i Hrvatska potpisali sporazum o izgradnji Ju\u017ene plinske interkonekcije\"}]},{\"@type\":\"WebSite\",\"@id\":\"https:\/\/tuzlainfo.ba\/#website\",\"url\":\"https:\/\/tuzlainfo.ba\/\",\"name\":\"TuzlaInfo.ba\",\"description\":\"Tuzla info, gradski informator - Tuzla na dlanu\",\"publisher\":{\"@id\":\"https:\/\/tuzlainfo.ba\/#organization\"},\"potentialAction\":[{\"@type\":\"SearchAction\",\"target\":{\"@type\":\"EntryPoint\",\"urlTemplate\":\"https:\/\/tuzlainfo.ba\/?s={search_term_string}\"},\"query-input\":{\"@type\":\"PropertyValueSpecification\",\"valueRequired\":true,\"valueName\":\"search_term_string\"}}],\"inLanguage\":\"bs-BA\"},{\"@type\":\"Organization\",\"@id\":\"https:\/\/tuzlainfo.ba\/#organization\",\"name\":\"TuzlaInfo.ba\",\"url\":\"https:\/\/tuzlainfo.ba\/\",\"logo\":{\"@type\":\"ImageObject\",\"inLanguage\":\"bs-BA\",\"@id\":\"https:\/\/tuzlainfo.ba\/#\/schema\/logo\/image\/\",\"url\":\"https:\/\/tuzlainfo.ba\/wp-content\/uploads\/2021\/03\/logo-ver-3-1.png\",\"contentUrl\":\"https:\/\/tuzlainfo.ba\/wp-content\/uploads\/2021\/03\/logo-ver-3-1.png\",\"width\":350,\"height\":95,\"caption\":\"TuzlaInfo.ba\"},\"image\":{\"@id\":\"https:\/\/tuzlainfo.ba\/#\/schema\/logo\/image\/\"},\"sameAs\":[\"https:\/\/www.facebook.com\/tuzlainfo.ba\/\"]},{\"@type\":\"Person\",\"@id\":\"https:\/\/tuzlainfo.ba\/#\/schema\/person\/f434e20dc27ea133923aab08451b7f7f\",\"name\":\"nedim\",\"image\":{\"@type\":\"ImageObject\",\"inLanguage\":\"bs-BA\",\"@id\":\"https:\/\/tuzlainfo.ba\/#\/schema\/person\/image\/\",\"url\":\"https:\/\/tuzlainfo.ba\/wp-content\/litespeed\/avatar\/aabad687af24844af817603ac1cbdc4f.jpg?ver=1777306975\",\"contentUrl\":\"https:\/\/tuzlainfo.ba\/wp-content\/litespeed\/avatar\/aabad687af24844af817603ac1cbdc4f.jpg?ver=1777306975\",\"caption\":\"nedim\"},\"description\":\"Tuzlainfo.ba pratite na dru\u0161tvenim mre\u017eama: Facebook, Instagram i Youtube. Svoje pri\u010de, upite i fotografije \u0161aljite na na\u0161u e-mail adresu.\"}]}<\/script>\n<!-- \/ Yoast SEO plugin. -->","yoast_head_json":{"title":"BiH i Hrvatska potpisali sporazum o izgradnji Ju\u017ene plinske interkonekcije - TuzlaInfo.ba","robots":{"index":"index","follow":"follow","max-snippet":"max-snippet:-1","max-image-preview":"max-image-preview:large","max-video-preview":"max-video-preview:-1"},"canonical":"https:\/\/tuzlainfo.ba\/index.php\/bosna-i-hercegovina\/item\/301468-bih-i-hrvatska-potpisali-sporazum-o-izgradnji-juzne-plinske-interkonekcije\/","og_locale":"bs_BA","og_type":"article","og_title":"BiH i Hrvatska potpisali sporazum o izgradnji Ju\u017ene plinske interkonekcije - TuzlaInfo.ba","og_description":"Na Samitu Inicijative tri mora u Dubrovniku potpisan je sporazum izme\u0111u Bosne i Hercegovine i&hellip;","og_url":"https:\/\/tuzlainfo.ba\/index.php\/bosna-i-hercegovina\/item\/301468-bih-i-hrvatska-potpisali-sporazum-o-izgradnji-juzne-plinske-interkonekcije\/","og_site_name":"TuzlaInfo.ba","article_publisher":"https:\/\/www.facebook.com\/tuzlainfo.ba\/","article_published_time":"2026-04-28T12:06:03+00:00","og_image":[{"width":1000,"height":666,"url":"https:\/\/tuzlainfo.ba\/wp-content\/uploads\/2026\/04\/2804_kristo_plenkovic.jpg","type":"image\/jpeg"}],"author":"nedim","twitter_card":"summary_large_image","twitter_misc":{"Written by":"nedim","Est. reading time":"2 minute"},"schema":{"@context":"https:\/\/schema.org","@graph":[{"@type":"Article","@id":"https:\/\/tuzlainfo.ba\/index.php\/bosna-i-hercegovina\/item\/301468-bih-i-hrvatska-potpisali-sporazum-o-izgradnji-juzne-plinske-interkonekcije\/#article","isPartOf":{"@id":"https:\/\/tuzlainfo.ba\/index.php\/bosna-i-hercegovina\/item\/301468-bih-i-hrvatska-potpisali-sporazum-o-izgradnji-juzne-plinske-interkonekcije\/"},"author":{"name":"nedim","@id":"https:\/\/tuzlainfo.ba\/#\/schema\/person\/f434e20dc27ea133923aab08451b7f7f"},"headline":"BiH i Hrvatska potpisali sporazum o izgradnji Ju\u017ene plinske interkonekcije","datePublished":"2026-04-28T12:06:03+00:00","dateModified":"2026-04-28T12:06:03+00:00","mainEntityOfPage":{"@id":"https:\/\/tuzlainfo.ba\/index.php\/bosna-i-hercegovina\/item\/301468-bih-i-hrvatska-potpisali-sporazum-o-izgradnji-juzne-plinske-interkonekcije\/"},"wordCount":353,"publisher":{"@id":"https:\/\/tuzlainfo.ba\/#organization"},"image":{"@id":"https:\/\/tuzlainfo.ba\/index.php\/bosna-i-hercegovina\/item\/301468-bih-i-hrvatska-potpisali-sporazum-o-izgradnji-juzne-plinske-interkonekcije\/#primaryimage"},"thumbnailUrl":"https:\/\/tuzlainfo.ba\/wp-content\/uploads\/2026\/04\/2804_kristo_plenkovic.jpg","keywords":["ju\u017ena plinska interkonekcija"],"articleSection":["Bosna i Hercegovina"],"inLanguage":"bs-BA"},{"@type":"WebPage","@id":"https:\/\/tuzlainfo.ba\/index.php\/bosna-i-hercegovina\/item\/301468-bih-i-hrvatska-potpisali-sporazum-o-izgradnji-juzne-plinske-interkonekcije\/","url":"https:\/\/tuzlainfo.ba\/index.php\/bosna-i-hercegovina\/item\/301468-bih-i-hrvatska-potpisali-sporazum-o-izgradnji-juzne-plinske-interkonekcije\/","name":"BiH i Hrvatska potpisali sporazum o izgradnji Ju\u017ene plinske interkonekcije - TuzlaInfo.ba","isPartOf":{"@id":"https:\/\/tuzlainfo.ba\/#website"},"primaryImageOfPage":{"@id":"https:\/\/tuzlainfo.ba\/index.php\/bosna-i-hercegovina\/item\/301468-bih-i-hrvatska-potpisali-sporazum-o-izgradnji-juzne-plinske-interkonekcije\/#primaryimage"},"image":{"@id":"https:\/\/tuzlainfo.ba\/index.php\/bosna-i-hercegovina\/item\/301468-bih-i-hrvatska-potpisali-sporazum-o-izgradnji-juzne-plinske-interkonekcije\/#primaryimage"},"thumbnailUrl":"https:\/\/tuzlainfo.ba\/wp-content\/uploads\/2026\/04\/2804_kristo_plenkovic.jpg","datePublished":"2026-04-28T12:06:03+00:00","dateModified":"2026-04-28T12:06:03+00:00","breadcrumb":{"@id":"https:\/\/tuzlainfo.ba\/index.php\/bosna-i-hercegovina\/item\/301468-bih-i-hrvatska-potpisali-sporazum-o-izgradnji-juzne-plinske-interkonekcije\/#breadcrumb"},"inLanguage":"bs-BA","potentialAction":[{"@type":"ReadAction","target":["https:\/\/tuzlainfo.ba\/index.php\/bosna-i-hercegovina\/item\/301468-bih-i-hrvatska-potpisali-sporazum-o-izgradnji-juzne-plinske-interkonekcije\/"]}]},{"@type":"ImageObject","inLanguage":"bs-BA","@id":"https:\/\/tuzlainfo.ba\/index.php\/bosna-i-hercegovina\/item\/301468-bih-i-hrvatska-potpisali-sporazum-o-izgradnji-juzne-plinske-interkonekcije\/#primaryimage","url":"https:\/\/tuzlainfo.ba\/wp-content\/uploads\/2026\/04\/2804_kristo_plenkovic.jpg","contentUrl":"https:\/\/tuzlainfo.ba\/wp-content\/uploads\/2026\/04\/2804_kristo_plenkovic.jpg","width":1000,"height":666},{"@type":"BreadcrumbList","@id":"https:\/\/tuzlainfo.ba\/index.php\/bosna-i-hercegovina\/item\/301468-bih-i-hrvatska-potpisali-sporazum-o-izgradnji-juzne-plinske-interkonekcije\/#breadcrumb","itemListElement":[{"@type":"ListItem","position":1,"name":"Home","item":"https:\/\/tuzlainfo.ba\/"},{"@type":"ListItem","position":2,"name":"BiH i Hrvatska potpisali sporazum o izgradnji Ju\u017ene plinske interkonekcije"}]},{"@type":"WebSite","@id":"https:\/\/tuzlainfo.ba\/#website","url":"https:\/\/tuzlainfo.ba\/","name":"TuzlaInfo.ba","description":"Tuzla info, gradski informator - Tuzla na dlanu","publisher":{"@id":"https:\/\/tuzlainfo.ba\/#organization"},"potentialAction":[{"@type":"SearchAction","target":{"@type":"EntryPoint","urlTemplate":"https:\/\/tuzlainfo.ba\/?s={search_term_string}"},"query-input":{"@type":"PropertyValueSpecification","valueRequired":true,"valueName":"search_term_string"}}],"inLanguage":"bs-BA"},{"@type":"Organization","@id":"https:\/\/tuzlainfo.ba\/#organization","name":"TuzlaInfo.ba","url":"https:\/\/tuzlainfo.ba\/","logo":{"@type":"ImageObject","inLanguage":"bs-BA","@id":"https:\/\/tuzlainfo.ba\/#\/schema\/logo\/image\/","url":"https:\/\/tuzlainfo.ba\/wp-content\/uploads\/2021\/03\/logo-ver-3-1.png","contentUrl":"https:\/\/tuzlainfo.ba\/wp-content\/uploads\/2021\/03\/logo-ver-3-1.png","width":350,"height":95,"caption":"TuzlaInfo.ba"},"image":{"@id":"https:\/\/tuzlainfo.ba\/#\/schema\/logo\/image\/"},"sameAs":["https:\/\/www.facebook.com\/tuzlainfo.ba\/"]},{"@type":"Person","@id":"https:\/\/tuzlainfo.ba\/#\/schema\/person\/f434e20dc27ea133923aab08451b7f7f","name":"nedim","image":{"@type":"ImageObject","inLanguage":"bs-BA","@id":"https:\/\/tuzlainfo.ba\/#\/schema\/person\/image\/","url":"https:\/\/tuzlainfo.ba\/wp-content\/litespeed\/avatar\/aabad687af24844af817603ac1cbdc4f.jpg?ver=1777306975","contentUrl":"https:\/\/tuzlainfo.ba\/wp-content\/litespeed\/avatar\/aabad687af24844af817603ac1cbdc4f.jpg?ver=1777306975","caption":"nedim"},"description":"Tuzlainfo.ba pratite na dru\u0161tvenim mre\u017eama: Facebook, Instagram i Youtube. Svoje pri\u010de, upite i fotografije \u0161aljite na na\u0161u e-mail adresu."}]}},"_links":{"self":[{"href":"https:\/\/tuzlainfo.ba\/index.php\/wp-json\/wp\/v2\/posts\/301468"}],"collection":[{"href":"https:\/\/tuzlainfo.ba\/index.php\/wp-json\/wp\/v2\/posts"}],"about":[{"href":"https:\/\/tuzlainfo.ba\/index.php\/wp-json\/wp\/v2\/types\/post"}],"author":[{"embeddable":true,"href":"https:\/\/tuzlainfo.ba\/index.php\/wp-json\/wp\/v2\/users\/2"}],"replies":[{"embeddable":true,"href":"https:\/\/tuzlainfo.ba\/index.php\/wp-json\/wp\/v2\/comments?post=301468"}],"version-history":[{"count":1,"href":"https:\/\/tuzlainfo.ba\/index.php\/wp-json\/wp\/v2\/posts\/301468\/revisions"}],"predecessor-version":[{"id":301470,"href":"https:\/\/tuzlainfo.ba\/index.php\/wp-json\/wp\/v2\/posts\/301468\/revisions\/301470"}],"wp:featuredmedia":[{"embeddable":true,"href":"https:\/\/tuzlainfo.ba\/index.php\/wp-json\/wp\/v2\/media\/301469"}],"wp:attachment":[{"href":"https:\/\/tuzlainfo.ba\/index.php\/wp-json\/wp\/v2\/media?parent=301468"}],"wp:term":[{"taxonomy":"category","embeddable":true,"href":"https:\/\/tuzlainfo.ba\/index.php\/wp-json\/wp\/v2\/categories?post=301468"},{"taxonomy":"post_tag","embeddable":true,"href":"https:\/\/tuzlainfo.ba\/index.php\/wp-json\/wp\/v2\/tags?post=301468"}],"curies":[{"name":"wp","href":"https:\/\/api.w.org\/{rel}","templated":true}]}}