{"id":301454,"date":"2026-04-28T10:33:49","date_gmt":"2026-04-28T08:33:49","guid":{"rendered":"https:\/\/tuzlainfo.ba\/?p=301454"},"modified":"2026-04-28T10:33:49","modified_gmt":"2026-04-28T08:33:49","slug":"siri-se-front-protiv-zastave-sa-ljiljanima-stranka-iz-bih-pisala-fifa-i-o-simbolu-rata","status":"publish","type":"post","link":"https:\/\/tuzlainfo.ba\/index.php\/bosna-i-hercegovina\/item\/301454-siri-se-front-protiv-zastave-sa-ljiljanima-stranka-iz-bih-pisala-fifa-i-o-simbolu-rata\/","title":{"rendered":"\u0160iri se front protiv zastave sa ljiljanima: Stranka iz BiH pisala FIFA-i o &#8220;simbolu rata&#8221;"},"content":{"rendered":"<p>Hrvatska republikanska stranka (HRS) pridru\u017eila se inicijativi koju je pokrenuo dugogodi\u0161nji nogometni menad\u017eer\u00a0Franjo Vranjkovi\u0107, a koja je upu\u0107ena krovnoj svjetskoj nogometnoj organizaciji FIFA s ciljem pokretanja disciplinskog postupka zbog, kako navode,\u00a0u\u010destalog prikazivanja ratnih i politi\u010dkih simbola na tribinama.<\/p>\n<p>Inicijativa tra\u017ei procjenu da li kori\u0161tenje odre\u0111enih obilje\u017eja, uklju\u010duju\u0107i i simbole koji se dovode u vezu s ratnim periodom, predstavlja kr\u0161enje Disciplinskog kodeksa FIFA-e, posebno u kontekstu me\u0111unarodnih utakmica.<\/p>\n<p>Vranjkovi\u0107 je, kako se navodi, uputio apel politi\u010dkim i dru\u0161tvenim organizacijama Hrvata u Bosni i Hercegovini, ali i u dijaspori, da podr\u017ee ovu inicijativu, pi\u0161e Slobodna Bosna.<\/p>\n<div id=\"aswift_1_host\">\n<p>Uz Hrvatski svjetski kongres, podr\u0161ku je sada zvani\u010dno dala i Hrvatska republikanska stranka, koja je potvrdila da je jutros stavila svoj potpis i uputila prijavu prema uredu generalnog sekretara FIFA-e.<\/p>\n<p>U obrazlo\u017eenju inicijative navodi se da se pojedini simboli, iako nemaju status zvani\u010dnih dr\u017eavnih obilje\u017eja, u me\u0111unarodnom sportskom kontekstu mogu tuma\u010diti kao politi\u010dki ili etni\u010dki ekskluzivni, \u0161to bi moglo dovesti do stvaranja podjela me\u0111u navija\u010dima i potencijalno diskriminatornog okru\u017eenja.<\/p>\n<p>Cilj inicijative je, kako isti\u010du njeni pokreta\u010di, za\u0161tita sporta od politi\u010dkih i ratnih konotacija, te osiguravanje da nogomet ostane prostor jednakosti i fer-igre za sve u\u010desnike i navija\u010de.<\/p>\n<p>Za sada nema zvani\u010dne reakcije iz FIFA.<\/p>\n<\/div>\n","protected":false},"excerpt":{"rendered":"<p>Hrvatska republikanska stranka (HRS) pridru\u017eila se inicijativi koju je pokrenuo dugogodi\u0161nji nogometni menad\u017eer\u00a0Franjo Vranjkovi\u0107, a&hellip;<\/p>\n","protected":false},"author":2,"featured_media":84431,"comment_status":"closed","ping_status":"closed","sticky":false,"template":"","format":"standard","meta":{"_acf_changed":false,"footnotes":""},"categories":[291],"tags":[5746,13832,5238],"acf":[],"yoast_head":"<!-- This site is optimized with the Yoast SEO plugin v23.5 - https:\/\/yoast.com\/wordpress\/plugins\/seo\/ -->\n<title>\u0160iri se front protiv zastave sa ljiljanima: Stranka iz BiH pisala FIFA-i o &quot;simbolu rata&quot; - TuzlaInfo.ba<\/title>\n<meta name=\"robots\" content=\"index, follow, max-snippet:-1, max-image-preview:large, max-video-preview:-1\" \/>\n<link rel=\"canonical\" href=\"https:\/\/tuzlainfo.ba\/index.php\/bosna-i-hercegovina\/item\/301454-siri-se-front-protiv-zastave-sa-ljiljanima-stranka-iz-bih-pisala-fifa-i-o-simbolu-rata\/\" \/>\n<meta property=\"og:locale\" content=\"bs_BA\" \/>\n<meta property=\"og:type\" content=\"article\" \/>\n<meta property=\"og:title\" content=\"\u0160iri se front protiv zastave sa ljiljanima: Stranka iz BiH pisala FIFA-i o &quot;simbolu rata&quot; - TuzlaInfo.ba\" \/>\n<meta property=\"og:description\" content=\"Hrvatska republikanska stranka (HRS) pridru\u017eila se inicijativi koju je pokrenuo dugogodi\u0161nji nogometni menad\u017eer\u00a0Franjo Vranjkovi\u0107, a&hellip;\" \/>\n<meta property=\"og:url\" content=\"https:\/\/tuzlainfo.ba\/index.php\/bosna-i-hercegovina\/item\/301454-siri-se-front-protiv-zastave-sa-ljiljanima-stranka-iz-bih-pisala-fifa-i-o-simbolu-rata\/\" \/>\n<meta property=\"og:site_name\" content=\"TuzlaInfo.ba\" \/>\n<meta property=\"article:publisher\" content=\"https:\/\/www.facebook.com\/tuzlainfo.ba\/\" \/>\n<meta property=\"article:published_time\" content=\"2026-04-28T08:33:49+00:00\" \/>\n<meta property=\"og:image\" content=\"https:\/\/tuzlainfo.ba\/wp-content\/uploads\/2020\/11\/sadrzaj_2020_20201101_2411_zastava-bih-ljiljani.jpg\" \/>\n\t<meta property=\"og:image:width\" content=\"770\" \/>\n\t<meta property=\"og:image:height\" content=\"485\" \/>\n\t<meta property=\"og:image:type\" content=\"image\/jpeg\" \/>\n<meta name=\"author\" content=\"nedim\" \/>\n<meta name=\"twitter:card\" content=\"summary_large_image\" \/>\n<meta name=\"twitter:label1\" content=\"Written by\" \/>\n\t<meta name=\"twitter:data1\" content=\"nedim\" \/>\n\t<meta name=\"twitter:label2\" content=\"Est. reading time\" \/>\n\t<meta name=\"twitter:data2\" content=\"2 minute\" \/>\n<script type=\"application\/ld+json\" class=\"yoast-schema-graph\">{\"@context\":\"https:\/\/schema.org\",\"@graph\":[{\"@type\":\"Article\",\"@id\":\"https:\/\/tuzlainfo.ba\/index.php\/bosna-i-hercegovina\/item\/301454-siri-se-front-protiv-zastave-sa-ljiljanima-stranka-iz-bih-pisala-fifa-i-o-simbolu-rata\/#article\",\"isPartOf\":{\"@id\":\"https:\/\/tuzlainfo.ba\/index.php\/bosna-i-hercegovina\/item\/301454-siri-se-front-protiv-zastave-sa-ljiljanima-stranka-iz-bih-pisala-fifa-i-o-simbolu-rata\/\"},\"author\":{\"name\":\"nedim\",\"@id\":\"https:\/\/tuzlainfo.ba\/#\/schema\/person\/f434e20dc27ea133923aab08451b7f7f\"},\"headline\":\"\u0160iri se front protiv zastave sa ljiljanima: Stranka iz BiH pisala FIFA-i o &#8220;simbolu rata&#8221;\",\"datePublished\":\"2026-04-28T08:33:49+00:00\",\"dateModified\":\"2026-04-28T08:33:49+00:00\",\"mainEntityOfPage\":{\"@id\":\"https:\/\/tuzlainfo.ba\/index.php\/bosna-i-hercegovina\/item\/301454-siri-se-front-protiv-zastave-sa-ljiljanima-stranka-iz-bih-pisala-fifa-i-o-simbolu-rata\/\"},\"wordCount\":253,\"publisher\":{\"@id\":\"https:\/\/tuzlainfo.ba\/#organization\"},\"image\":{\"@id\":\"https:\/\/tuzlainfo.ba\/index.php\/bosna-i-hercegovina\/item\/301454-siri-se-front-protiv-zastave-sa-ljiljanima-stranka-iz-bih-pisala-fifa-i-o-simbolu-rata\/#primaryimage\"},\"thumbnailUrl\":\"https:\/\/tuzlainfo.ba\/wp-content\/uploads\/2020\/11\/sadrzaj_2020_20201101_2411_zastava-bih-ljiljani.jpg\",\"keywords\":[\"fifa\",\"HSS\",\"zastava RBiH\"],\"articleSection\":[\"Bosna i Hercegovina\"],\"inLanguage\":\"bs-BA\"},{\"@type\":\"WebPage\",\"@id\":\"https:\/\/tuzlainfo.ba\/index.php\/bosna-i-hercegovina\/item\/301454-siri-se-front-protiv-zastave-sa-ljiljanima-stranka-iz-bih-pisala-fifa-i-o-simbolu-rata\/\",\"url\":\"https:\/\/tuzlainfo.ba\/index.php\/bosna-i-hercegovina\/item\/301454-siri-se-front-protiv-zastave-sa-ljiljanima-stranka-iz-bih-pisala-fifa-i-o-simbolu-rata\/\",\"name\":\"\u0160iri se front protiv zastave sa ljiljanima: Stranka iz BiH pisala FIFA-i o \\\"simbolu rata\\\" - TuzlaInfo.ba\",\"isPartOf\":{\"@id\":\"https:\/\/tuzlainfo.ba\/#website\"},\"primaryImageOfPage\":{\"@id\":\"https:\/\/tuzlainfo.ba\/index.php\/bosna-i-hercegovina\/item\/301454-siri-se-front-protiv-zastave-sa-ljiljanima-stranka-iz-bih-pisala-fifa-i-o-simbolu-rata\/#primaryimage\"},\"image\":{\"@id\":\"https:\/\/tuzlainfo.ba\/index.php\/bosna-i-hercegovina\/item\/301454-siri-se-front-protiv-zastave-sa-ljiljanima-stranka-iz-bih-pisala-fifa-i-o-simbolu-rata\/#primaryimage\"},\"thumbnailUrl\":\"https:\/\/tuzlainfo.ba\/wp-content\/uploads\/2020\/11\/sadrzaj_2020_20201101_2411_zastava-bih-ljiljani.jpg\",\"datePublished\":\"2026-04-28T08:33:49+00:00\",\"dateModified\":\"2026-04-28T08:33:49+00:00\",\"breadcrumb\":{\"@id\":\"https:\/\/tuzlainfo.ba\/index.php\/bosna-i-hercegovina\/item\/301454-siri-se-front-protiv-zastave-sa-ljiljanima-stranka-iz-bih-pisala-fifa-i-o-simbolu-rata\/#breadcrumb\"},\"inLanguage\":\"bs-BA\",\"potentialAction\":[{\"@type\":\"ReadAction\",\"target\":[\"https:\/\/tuzlainfo.ba\/index.php\/bosna-i-hercegovina\/item\/301454-siri-se-front-protiv-zastave-sa-ljiljanima-stranka-iz-bih-pisala-fifa-i-o-simbolu-rata\/\"]}]},{\"@type\":\"ImageObject\",\"inLanguage\":\"bs-BA\",\"@id\":\"https:\/\/tuzlainfo.ba\/index.php\/bosna-i-hercegovina\/item\/301454-siri-se-front-protiv-zastave-sa-ljiljanima-stranka-iz-bih-pisala-fifa-i-o-simbolu-rata\/#primaryimage\",\"url\":\"https:\/\/tuzlainfo.ba\/wp-content\/uploads\/2020\/11\/sadrzaj_2020_20201101_2411_zastava-bih-ljiljani.jpg\",\"contentUrl\":\"https:\/\/tuzlainfo.ba\/wp-content\/uploads\/2020\/11\/sadrzaj_2020_20201101_2411_zastava-bih-ljiljani.jpg\",\"width\":770,\"height\":485,\"caption\":\"2411 zastava bih ljiljani\"},{\"@type\":\"BreadcrumbList\",\"@id\":\"https:\/\/tuzlainfo.ba\/index.php\/bosna-i-hercegovina\/item\/301454-siri-se-front-protiv-zastave-sa-ljiljanima-stranka-iz-bih-pisala-fifa-i-o-simbolu-rata\/#breadcrumb\",\"itemListElement\":[{\"@type\":\"ListItem\",\"position\":1,\"name\":\"Home\",\"item\":\"https:\/\/tuzlainfo.ba\/\"},{\"@type\":\"ListItem\",\"position\":2,\"name\":\"\u0160iri se front protiv zastave sa ljiljanima: Stranka iz BiH pisala FIFA-i o &#8220;simbolu rata&#8221;\"}]},{\"@type\":\"WebSite\",\"@id\":\"https:\/\/tuzlainfo.ba\/#website\",\"url\":\"https:\/\/tuzlainfo.ba\/\",\"name\":\"TuzlaInfo.ba\",\"description\":\"Tuzla info, gradski informator - Tuzla na dlanu\",\"publisher\":{\"@id\":\"https:\/\/tuzlainfo.ba\/#organization\"},\"potentialAction\":[{\"@type\":\"SearchAction\",\"target\":{\"@type\":\"EntryPoint\",\"urlTemplate\":\"https:\/\/tuzlainfo.ba\/?s={search_term_string}\"},\"query-input\":{\"@type\":\"PropertyValueSpecification\",\"valueRequired\":true,\"valueName\":\"search_term_string\"}}],\"inLanguage\":\"bs-BA\"},{\"@type\":\"Organization\",\"@id\":\"https:\/\/tuzlainfo.ba\/#organization\",\"name\":\"TuzlaInfo.ba\",\"url\":\"https:\/\/tuzlainfo.ba\/\",\"logo\":{\"@type\":\"ImageObject\",\"inLanguage\":\"bs-BA\",\"@id\":\"https:\/\/tuzlainfo.ba\/#\/schema\/logo\/image\/\",\"url\":\"https:\/\/tuzlainfo.ba\/wp-content\/uploads\/2021\/03\/logo-ver-3-1.png\",\"contentUrl\":\"https:\/\/tuzlainfo.ba\/wp-content\/uploads\/2021\/03\/logo-ver-3-1.png\",\"width\":350,\"height\":95,\"caption\":\"TuzlaInfo.ba\"},\"image\":{\"@id\":\"https:\/\/tuzlainfo.ba\/#\/schema\/logo\/image\/\"},\"sameAs\":[\"https:\/\/www.facebook.com\/tuzlainfo.ba\/\"]},{\"@type\":\"Person\",\"@id\":\"https:\/\/tuzlainfo.ba\/#\/schema\/person\/f434e20dc27ea133923aab08451b7f7f\",\"name\":\"nedim\",\"image\":{\"@type\":\"ImageObject\",\"inLanguage\":\"bs-BA\",\"@id\":\"https:\/\/tuzlainfo.ba\/#\/schema\/person\/image\/\",\"url\":\"https:\/\/tuzlainfo.ba\/wp-content\/litespeed\/avatar\/aabad687af24844af817603ac1cbdc4f.jpg?ver=1777306975\",\"contentUrl\":\"https:\/\/tuzlainfo.ba\/wp-content\/litespeed\/avatar\/aabad687af24844af817603ac1cbdc4f.jpg?ver=1777306975\",\"caption\":\"nedim\"},\"description\":\"Tuzlainfo.ba pratite na dru\u0161tvenim mre\u017eama: Facebook, Instagram i Youtube. Svoje pri\u010de, upite i fotografije \u0161aljite na na\u0161u e-mail adresu.\"}]}<\/script>\n<!-- \/ Yoast SEO plugin. -->","yoast_head_json":{"title":"\u0160iri se front protiv zastave sa ljiljanima: Stranka iz BiH pisala FIFA-i o \"simbolu rata\" - TuzlaInfo.ba","robots":{"index":"index","follow":"follow","max-snippet":"max-snippet:-1","max-image-preview":"max-image-preview:large","max-video-preview":"max-video-preview:-1"},"canonical":"https:\/\/tuzlainfo.ba\/index.php\/bosna-i-hercegovina\/item\/301454-siri-se-front-protiv-zastave-sa-ljiljanima-stranka-iz-bih-pisala-fifa-i-o-simbolu-rata\/","og_locale":"bs_BA","og_type":"article","og_title":"\u0160iri se front protiv zastave sa ljiljanima: Stranka iz BiH pisala FIFA-i o \"simbolu rata\" - TuzlaInfo.ba","og_description":"Hrvatska republikanska stranka (HRS) pridru\u017eila se inicijativi koju je pokrenuo dugogodi\u0161nji nogometni menad\u017eer\u00a0Franjo Vranjkovi\u0107, a&hellip;","og_url":"https:\/\/tuzlainfo.ba\/index.php\/bosna-i-hercegovina\/item\/301454-siri-se-front-protiv-zastave-sa-ljiljanima-stranka-iz-bih-pisala-fifa-i-o-simbolu-rata\/","og_site_name":"TuzlaInfo.ba","article_publisher":"https:\/\/www.facebook.com\/tuzlainfo.ba\/","article_published_time":"2026-04-28T08:33:49+00:00","og_image":[{"width":770,"height":485,"url":"https:\/\/tuzlainfo.ba\/wp-content\/uploads\/2020\/11\/sadrzaj_2020_20201101_2411_zastava-bih-ljiljani.jpg","type":"image\/jpeg"}],"author":"nedim","twitter_card":"summary_large_image","twitter_misc":{"Written by":"nedim","Est. reading time":"2 minute"},"schema":{"@context":"https:\/\/schema.org","@graph":[{"@type":"Article","@id":"https:\/\/tuzlainfo.ba\/index.php\/bosna-i-hercegovina\/item\/301454-siri-se-front-protiv-zastave-sa-ljiljanima-stranka-iz-bih-pisala-fifa-i-o-simbolu-rata\/#article","isPartOf":{"@id":"https:\/\/tuzlainfo.ba\/index.php\/bosna-i-hercegovina\/item\/301454-siri-se-front-protiv-zastave-sa-ljiljanima-stranka-iz-bih-pisala-fifa-i-o-simbolu-rata\/"},"author":{"name":"nedim","@id":"https:\/\/tuzlainfo.ba\/#\/schema\/person\/f434e20dc27ea133923aab08451b7f7f"},"headline":"\u0160iri se front protiv zastave sa ljiljanima: Stranka iz BiH pisala FIFA-i o &#8220;simbolu rata&#8221;","datePublished":"2026-04-28T08:33:49+00:00","dateModified":"2026-04-28T08:33:49+00:00","mainEntityOfPage":{"@id":"https:\/\/tuzlainfo.ba\/index.php\/bosna-i-hercegovina\/item\/301454-siri-se-front-protiv-zastave-sa-ljiljanima-stranka-iz-bih-pisala-fifa-i-o-simbolu-rata\/"},"wordCount":253,"publisher":{"@id":"https:\/\/tuzlainfo.ba\/#organization"},"image":{"@id":"https:\/\/tuzlainfo.ba\/index.php\/bosna-i-hercegovina\/item\/301454-siri-se-front-protiv-zastave-sa-ljiljanima-stranka-iz-bih-pisala-fifa-i-o-simbolu-rata\/#primaryimage"},"thumbnailUrl":"https:\/\/tuzlainfo.ba\/wp-content\/uploads\/2020\/11\/sadrzaj_2020_20201101_2411_zastava-bih-ljiljani.jpg","keywords":["fifa","HSS","zastava RBiH"],"articleSection":["Bosna i Hercegovina"],"inLanguage":"bs-BA"},{"@type":"WebPage","@id":"https:\/\/tuzlainfo.ba\/index.php\/bosna-i-hercegovina\/item\/301454-siri-se-front-protiv-zastave-sa-ljiljanima-stranka-iz-bih-pisala-fifa-i-o-simbolu-rata\/","url":"https:\/\/tuzlainfo.ba\/index.php\/bosna-i-hercegovina\/item\/301454-siri-se-front-protiv-zastave-sa-ljiljanima-stranka-iz-bih-pisala-fifa-i-o-simbolu-rata\/","name":"\u0160iri se front protiv zastave sa ljiljanima: Stranka iz BiH pisala FIFA-i o \"simbolu rata\" - TuzlaInfo.ba","isPartOf":{"@id":"https:\/\/tuzlainfo.ba\/#website"},"primaryImageOfPage":{"@id":"https:\/\/tuzlainfo.ba\/index.php\/bosna-i-hercegovina\/item\/301454-siri-se-front-protiv-zastave-sa-ljiljanima-stranka-iz-bih-pisala-fifa-i-o-simbolu-rata\/#primaryimage"},"image":{"@id":"https:\/\/tuzlainfo.ba\/index.php\/bosna-i-hercegovina\/item\/301454-siri-se-front-protiv-zastave-sa-ljiljanima-stranka-iz-bih-pisala-fifa-i-o-simbolu-rata\/#primaryimage"},"thumbnailUrl":"https:\/\/tuzlainfo.ba\/wp-content\/uploads\/2020\/11\/sadrzaj_2020_20201101_2411_zastava-bih-ljiljani.jpg","datePublished":"2026-04-28T08:33:49+00:00","dateModified":"2026-04-28T08:33:49+00:00","breadcrumb":{"@id":"https:\/\/tuzlainfo.ba\/index.php\/bosna-i-hercegovina\/item\/301454-siri-se-front-protiv-zastave-sa-ljiljanima-stranka-iz-bih-pisala-fifa-i-o-simbolu-rata\/#breadcrumb"},"inLanguage":"bs-BA","potentialAction":[{"@type":"ReadAction","target":["https:\/\/tuzlainfo.ba\/index.php\/bosna-i-hercegovina\/item\/301454-siri-se-front-protiv-zastave-sa-ljiljanima-stranka-iz-bih-pisala-fifa-i-o-simbolu-rata\/"]}]},{"@type":"ImageObject","inLanguage":"bs-BA","@id":"https:\/\/tuzlainfo.ba\/index.php\/bosna-i-hercegovina\/item\/301454-siri-se-front-protiv-zastave-sa-ljiljanima-stranka-iz-bih-pisala-fifa-i-o-simbolu-rata\/#primaryimage","url":"https:\/\/tuzlainfo.ba\/wp-content\/uploads\/2020\/11\/sadrzaj_2020_20201101_2411_zastava-bih-ljiljani.jpg","contentUrl":"https:\/\/tuzlainfo.ba\/wp-content\/uploads\/2020\/11\/sadrzaj_2020_20201101_2411_zastava-bih-ljiljani.jpg","width":770,"height":485,"caption":"2411 zastava bih ljiljani"},{"@type":"BreadcrumbList","@id":"https:\/\/tuzlainfo.ba\/index.php\/bosna-i-hercegovina\/item\/301454-siri-se-front-protiv-zastave-sa-ljiljanima-stranka-iz-bih-pisala-fifa-i-o-simbolu-rata\/#breadcrumb","itemListElement":[{"@type":"ListItem","position":1,"name":"Home","item":"https:\/\/tuzlainfo.ba\/"},{"@type":"ListItem","position":2,"name":"\u0160iri se front protiv zastave sa ljiljanima: Stranka iz BiH pisala FIFA-i o &#8220;simbolu rata&#8221;"}]},{"@type":"WebSite","@id":"https:\/\/tuzlainfo.ba\/#website","url":"https:\/\/tuzlainfo.ba\/","name":"TuzlaInfo.ba","description":"Tuzla info, gradski informator - Tuzla na dlanu","publisher":{"@id":"https:\/\/tuzlainfo.ba\/#organization"},"potentialAction":[{"@type":"SearchAction","target":{"@type":"EntryPoint","urlTemplate":"https:\/\/tuzlainfo.ba\/?s={search_term_string}"},"query-input":{"@type":"PropertyValueSpecification","valueRequired":true,"valueName":"search_term_string"}}],"inLanguage":"bs-BA"},{"@type":"Organization","@id":"https:\/\/tuzlainfo.ba\/#organization","name":"TuzlaInfo.ba","url":"https:\/\/tuzlainfo.ba\/","logo":{"@type":"ImageObject","inLanguage":"bs-BA","@id":"https:\/\/tuzlainfo.ba\/#\/schema\/logo\/image\/","url":"https:\/\/tuzlainfo.ba\/wp-content\/uploads\/2021\/03\/logo-ver-3-1.png","contentUrl":"https:\/\/tuzlainfo.ba\/wp-content\/uploads\/2021\/03\/logo-ver-3-1.png","width":350,"height":95,"caption":"TuzlaInfo.ba"},"image":{"@id":"https:\/\/tuzlainfo.ba\/#\/schema\/logo\/image\/"},"sameAs":["https:\/\/www.facebook.com\/tuzlainfo.ba\/"]},{"@type":"Person","@id":"https:\/\/tuzlainfo.ba\/#\/schema\/person\/f434e20dc27ea133923aab08451b7f7f","name":"nedim","image":{"@type":"ImageObject","inLanguage":"bs-BA","@id":"https:\/\/tuzlainfo.ba\/#\/schema\/person\/image\/","url":"https:\/\/tuzlainfo.ba\/wp-content\/litespeed\/avatar\/aabad687af24844af817603ac1cbdc4f.jpg?ver=1777306975","contentUrl":"https:\/\/tuzlainfo.ba\/wp-content\/litespeed\/avatar\/aabad687af24844af817603ac1cbdc4f.jpg?ver=1777306975","caption":"nedim"},"description":"Tuzlainfo.ba pratite na dru\u0161tvenim mre\u017eama: Facebook, Instagram i Youtube. Svoje pri\u010de, upite i fotografije \u0161aljite na na\u0161u e-mail adresu."}]}},"_links":{"self":[{"href":"https:\/\/tuzlainfo.ba\/index.php\/wp-json\/wp\/v2\/posts\/301454"}],"collection":[{"href":"https:\/\/tuzlainfo.ba\/index.php\/wp-json\/wp\/v2\/posts"}],"about":[{"href":"https:\/\/tuzlainfo.ba\/index.php\/wp-json\/wp\/v2\/types\/post"}],"author":[{"embeddable":true,"href":"https:\/\/tuzlainfo.ba\/index.php\/wp-json\/wp\/v2\/users\/2"}],"replies":[{"embeddable":true,"href":"https:\/\/tuzlainfo.ba\/index.php\/wp-json\/wp\/v2\/comments?post=301454"}],"version-history":[{"count":1,"href":"https:\/\/tuzlainfo.ba\/index.php\/wp-json\/wp\/v2\/posts\/301454\/revisions"}],"predecessor-version":[{"id":301455,"href":"https:\/\/tuzlainfo.ba\/index.php\/wp-json\/wp\/v2\/posts\/301454\/revisions\/301455"}],"wp:featuredmedia":[{"embeddable":true,"href":"https:\/\/tuzlainfo.ba\/index.php\/wp-json\/wp\/v2\/media\/84431"}],"wp:attachment":[{"href":"https:\/\/tuzlainfo.ba\/index.php\/wp-json\/wp\/v2\/media?parent=301454"}],"wp:term":[{"taxonomy":"category","embeddable":true,"href":"https:\/\/tuzlainfo.ba\/index.php\/wp-json\/wp\/v2\/categories?post=301454"},{"taxonomy":"post_tag","embeddable":true,"href":"https:\/\/tuzlainfo.ba\/index.php\/wp-json\/wp\/v2\/tags?post=301454"}],"curies":[{"name":"wp","href":"https:\/\/api.w.org\/{rel}","templated":true}]}}