{"id":301443,"date":"2026-04-28T10:06:04","date_gmt":"2026-04-28T08:06:04","guid":{"rendered":"https:\/\/tuzlainfo.ba\/?p=301443"},"modified":"2026-04-28T07:46:41","modified_gmt":"2026-04-28T05:46:41","slug":"grad-tuzla-povecao-budzet-za-vise-od-9-miliona-km","status":"publish","type":"post","link":"https:\/\/tuzlainfo.ba\/index.php\/novosti\/item\/301443-grad-tuzla-povecao-budzet-za-vise-od-9-miliona-km\/","title":{"rendered":"Grad Tuzla pove\u0107ao bud\u017eet za vi\u0161e od 9 miliona KM"},"content":{"rendered":"<p data-start=\"0\" data-end=\"195\">Gradsko vije\u0107e Tuzla na sjednici odr\u017eanoj ju\u010der usvojilo je Odluku o izmjenama i dopunama Bud\u017eeta Grada Tuzla za 2026. godinu, kojom je predvi\u0111eno zna\u010dajno pove\u0107anje bud\u017eetskih sredstava.<\/p>\n<p data-start=\"197\" data-end=\"402\">Prema usvojenim izmjenama, Bud\u017eet Grada Tuzle za period od 1. januara do 31. decembra 2026. godine uve\u0107an je za ukupno 9.062.790,60 KM, odnosno za 8,97 posto u odnosu na ranije utvr\u0111ene prihode i primitke.<\/p>\n<p data-start=\"404\" data-end=\"567\">Tokom godine bud\u017eet je ve\u0107 pove\u0107an za dodatnih 2.197.708,02 KM na osnovu sedam odluka o usmjeravanju neplaniranih vlastitih sredstava, koje je donio gradona\u010delnik.<\/p>\n<p data-start=\"569\" data-end=\"809\">Razlozi za dono\u0161enje izmjena uklju\u010duju uvr\u0161tavanje ukupno ostvarenog suficita iz 2025. godine u punom iznosu, zatim uklju\u010divanje neutro\u0161enih kreditnih sredstava, kao i izmjene planiranih teku\u0107ih i kapitalnih transfera sa vi\u0161ih nivoa vlasti.<\/p>\n<p data-start=\"811\" data-end=\"1101\">Zna\u010dajan dio sredstava iz suficita planiran je za finansiranje javnog linijskog prevoza u Tuzli. Nadle\u017ena gradska slu\u017eba, uva\u017eavaju\u0107i potrebe gra\u0111ana, zatra\u017eila je od pru\u017eaoca usluga analizu s ciljem pronalaska optimalnog rje\u0161enja za uvo\u0111enje dvije kru\u017ene linije, ozna\u010dene kao linije A i B, a o<a href=\"https:\/\/tuzlainfo.ba\/index.php\/novosti\/item\/301398-tuzla-uvodi-kruzne-linije-a-i-b-autobusi-svakih-30-minuta\/\"><span style=\"text-decoration: underline;\"><strong> \u010demu mo ju\u010der ve\u0107 pisali<\/strong><\/span><\/a>.<\/p>\n","protected":false},"excerpt":{"rendered":"<p>Gradsko vije\u0107e Tuzla na sjednici odr\u017eanoj ju\u010der usvojilo je Odluku o izmjenama i dopunama Bud\u017eeta&hellip;<\/p>\n","protected":false},"author":2,"featured_media":298798,"comment_status":"closed","ping_status":"closed","sticky":false,"template":"","format":"standard","meta":{"_acf_changed":false,"footnotes":""},"categories":[304,12],"tags":[1974,331,858],"acf":[],"yoast_head":"<!-- This site is optimized with the Yoast SEO plugin v23.5 - https:\/\/yoast.com\/wordpress\/plugins\/seo\/ -->\n<title>Grad Tuzla pove\u0107ao bud\u017eet za vi\u0161e od 9 miliona KM - TuzlaInfo.ba<\/title>\n<meta name=\"robots\" content=\"index, follow, max-snippet:-1, max-image-preview:large, max-video-preview:-1\" \/>\n<link rel=\"canonical\" href=\"https:\/\/tuzlainfo.ba\/index.php\/novosti\/item\/301443-grad-tuzla-povecao-budzet-za-vise-od-9-miliona-km\/\" \/>\n<meta property=\"og:locale\" content=\"bs_BA\" \/>\n<meta property=\"og:type\" content=\"article\" \/>\n<meta property=\"og:title\" content=\"Grad Tuzla pove\u0107ao bud\u017eet za vi\u0161e od 9 miliona KM - TuzlaInfo.ba\" \/>\n<meta property=\"og:description\" content=\"Gradsko vije\u0107e Tuzla na sjednici odr\u017eanoj ju\u010der usvojilo je Odluku o izmjenama i dopunama Bud\u017eeta&hellip;\" \/>\n<meta property=\"og:url\" content=\"https:\/\/tuzlainfo.ba\/index.php\/novosti\/item\/301443-grad-tuzla-povecao-budzet-za-vise-od-9-miliona-km\/\" \/>\n<meta property=\"og:site_name\" content=\"TuzlaInfo.ba\" \/>\n<meta property=\"article:publisher\" content=\"https:\/\/www.facebook.com\/tuzlainfo.ba\/\" \/>\n<meta property=\"article:published_time\" content=\"2026-04-28T08:06:04+00:00\" \/>\n<meta property=\"article:modified_time\" content=\"2026-04-28T05:46:41+00:00\" \/>\n<meta property=\"og:image\" content=\"https:\/\/tuzlainfo.ba\/wp-content\/uploads\/2026\/03\/2103_gradsko_vijece-tuzla-2026.jpg\" \/>\n\t<meta property=\"og:image:width\" content=\"800\" \/>\n\t<meta property=\"og:image:height\" content=\"441\" \/>\n\t<meta property=\"og:image:type\" content=\"image\/jpeg\" \/>\n<meta name=\"author\" content=\"nedim\" \/>\n<meta name=\"twitter:card\" content=\"summary_large_image\" \/>\n<meta name=\"twitter:label1\" content=\"Written by\" \/>\n\t<meta name=\"twitter:data1\" content=\"nedim\" \/>\n\t<meta name=\"twitter:label2\" content=\"Est. reading time\" \/>\n\t<meta name=\"twitter:data2\" content=\"2 minute\" \/>\n<script type=\"application\/ld+json\" class=\"yoast-schema-graph\">{\"@context\":\"https:\/\/schema.org\",\"@graph\":[{\"@type\":\"Article\",\"@id\":\"https:\/\/tuzlainfo.ba\/index.php\/novosti\/item\/301443-grad-tuzla-povecao-budzet-za-vise-od-9-miliona-km\/#article\",\"isPartOf\":{\"@id\":\"https:\/\/tuzlainfo.ba\/index.php\/novosti\/item\/301443-grad-tuzla-povecao-budzet-za-vise-od-9-miliona-km\/\"},\"author\":{\"name\":\"nedim\",\"@id\":\"https:\/\/tuzlainfo.ba\/#\/schema\/person\/f434e20dc27ea133923aab08451b7f7f\"},\"headline\":\"Grad Tuzla pove\u0107ao bud\u017eet za vi\u0161e od 9 miliona KM\",\"datePublished\":\"2026-04-28T08:06:04+00:00\",\"dateModified\":\"2026-04-28T05:46:41+00:00\",\"mainEntityOfPage\":{\"@id\":\"https:\/\/tuzlainfo.ba\/index.php\/novosti\/item\/301443-grad-tuzla-povecao-budzet-za-vise-od-9-miliona-km\/\"},\"wordCount\":203,\"publisher\":{\"@id\":\"https:\/\/tuzlainfo.ba\/#organization\"},\"image\":{\"@id\":\"https:\/\/tuzlainfo.ba\/index.php\/novosti\/item\/301443-grad-tuzla-povecao-budzet-za-vise-od-9-miliona-km\/#primaryimage\"},\"thumbnailUrl\":\"https:\/\/tuzlainfo.ba\/wp-content\/uploads\/2026\/03\/2103_gradsko_vijece-tuzla-2026.jpg\",\"keywords\":[\"bud\u017eet\",\"grad tuzla\",\"gradsko vije\u0107e tuzla\"],\"articleSection\":[\"Istaknuto\",\"Novosti\"],\"inLanguage\":\"bs-BA\"},{\"@type\":\"WebPage\",\"@id\":\"https:\/\/tuzlainfo.ba\/index.php\/novosti\/item\/301443-grad-tuzla-povecao-budzet-za-vise-od-9-miliona-km\/\",\"url\":\"https:\/\/tuzlainfo.ba\/index.php\/novosti\/item\/301443-grad-tuzla-povecao-budzet-za-vise-od-9-miliona-km\/\",\"name\":\"Grad Tuzla pove\u0107ao bud\u017eet za vi\u0161e od 9 miliona KM - TuzlaInfo.ba\",\"isPartOf\":{\"@id\":\"https:\/\/tuzlainfo.ba\/#website\"},\"primaryImageOfPage\":{\"@id\":\"https:\/\/tuzlainfo.ba\/index.php\/novosti\/item\/301443-grad-tuzla-povecao-budzet-za-vise-od-9-miliona-km\/#primaryimage\"},\"image\":{\"@id\":\"https:\/\/tuzlainfo.ba\/index.php\/novosti\/item\/301443-grad-tuzla-povecao-budzet-za-vise-od-9-miliona-km\/#primaryimage\"},\"thumbnailUrl\":\"https:\/\/tuzlainfo.ba\/wp-content\/uploads\/2026\/03\/2103_gradsko_vijece-tuzla-2026.jpg\",\"datePublished\":\"2026-04-28T08:06:04+00:00\",\"dateModified\":\"2026-04-28T05:46:41+00:00\",\"breadcrumb\":{\"@id\":\"https:\/\/tuzlainfo.ba\/index.php\/novosti\/item\/301443-grad-tuzla-povecao-budzet-za-vise-od-9-miliona-km\/#breadcrumb\"},\"inLanguage\":\"bs-BA\",\"potentialAction\":[{\"@type\":\"ReadAction\",\"target\":[\"https:\/\/tuzlainfo.ba\/index.php\/novosti\/item\/301443-grad-tuzla-povecao-budzet-za-vise-od-9-miliona-km\/\"]}]},{\"@type\":\"ImageObject\",\"inLanguage\":\"bs-BA\",\"@id\":\"https:\/\/tuzlainfo.ba\/index.php\/novosti\/item\/301443-grad-tuzla-povecao-budzet-za-vise-od-9-miliona-km\/#primaryimage\",\"url\":\"https:\/\/tuzlainfo.ba\/wp-content\/uploads\/2026\/03\/2103_gradsko_vijece-tuzla-2026.jpg\",\"contentUrl\":\"https:\/\/tuzlainfo.ba\/wp-content\/uploads\/2026\/03\/2103_gradsko_vijece-tuzla-2026.jpg\",\"width\":800,\"height\":441},{\"@type\":\"BreadcrumbList\",\"@id\":\"https:\/\/tuzlainfo.ba\/index.php\/novosti\/item\/301443-grad-tuzla-povecao-budzet-za-vise-od-9-miliona-km\/#breadcrumb\",\"itemListElement\":[{\"@type\":\"ListItem\",\"position\":1,\"name\":\"Home\",\"item\":\"https:\/\/tuzlainfo.ba\/\"},{\"@type\":\"ListItem\",\"position\":2,\"name\":\"Grad Tuzla pove\u0107ao bud\u017eet za vi\u0161e od 9 miliona KM\"}]},{\"@type\":\"WebSite\",\"@id\":\"https:\/\/tuzlainfo.ba\/#website\",\"url\":\"https:\/\/tuzlainfo.ba\/\",\"name\":\"TuzlaInfo.ba\",\"description\":\"Tuzla info, gradski informator - Tuzla na dlanu\",\"publisher\":{\"@id\":\"https:\/\/tuzlainfo.ba\/#organization\"},\"potentialAction\":[{\"@type\":\"SearchAction\",\"target\":{\"@type\":\"EntryPoint\",\"urlTemplate\":\"https:\/\/tuzlainfo.ba\/?s={search_term_string}\"},\"query-input\":{\"@type\":\"PropertyValueSpecification\",\"valueRequired\":true,\"valueName\":\"search_term_string\"}}],\"inLanguage\":\"bs-BA\"},{\"@type\":\"Organization\",\"@id\":\"https:\/\/tuzlainfo.ba\/#organization\",\"name\":\"TuzlaInfo.ba\",\"url\":\"https:\/\/tuzlainfo.ba\/\",\"logo\":{\"@type\":\"ImageObject\",\"inLanguage\":\"bs-BA\",\"@id\":\"https:\/\/tuzlainfo.ba\/#\/schema\/logo\/image\/\",\"url\":\"https:\/\/tuzlainfo.ba\/wp-content\/uploads\/2021\/03\/logo-ver-3-1.png\",\"contentUrl\":\"https:\/\/tuzlainfo.ba\/wp-content\/uploads\/2021\/03\/logo-ver-3-1.png\",\"width\":350,\"height\":95,\"caption\":\"TuzlaInfo.ba\"},\"image\":{\"@id\":\"https:\/\/tuzlainfo.ba\/#\/schema\/logo\/image\/\"},\"sameAs\":[\"https:\/\/www.facebook.com\/tuzlainfo.ba\/\"]},{\"@type\":\"Person\",\"@id\":\"https:\/\/tuzlainfo.ba\/#\/schema\/person\/f434e20dc27ea133923aab08451b7f7f\",\"name\":\"nedim\",\"image\":{\"@type\":\"ImageObject\",\"inLanguage\":\"bs-BA\",\"@id\":\"https:\/\/tuzlainfo.ba\/#\/schema\/person\/image\/\",\"url\":\"https:\/\/tuzlainfo.ba\/wp-content\/litespeed\/avatar\/aabad687af24844af817603ac1cbdc4f.jpg?ver=1777306975\",\"contentUrl\":\"https:\/\/tuzlainfo.ba\/wp-content\/litespeed\/avatar\/aabad687af24844af817603ac1cbdc4f.jpg?ver=1777306975\",\"caption\":\"nedim\"},\"description\":\"Tuzlainfo.ba pratite na dru\u0161tvenim mre\u017eama: Facebook, Instagram i Youtube. Svoje pri\u010de, upite i fotografije \u0161aljite na na\u0161u e-mail adresu.\"}]}<\/script>\n<!-- \/ Yoast SEO plugin. -->","yoast_head_json":{"title":"Grad Tuzla pove\u0107ao bud\u017eet za vi\u0161e od 9 miliona KM - TuzlaInfo.ba","robots":{"index":"index","follow":"follow","max-snippet":"max-snippet:-1","max-image-preview":"max-image-preview:large","max-video-preview":"max-video-preview:-1"},"canonical":"https:\/\/tuzlainfo.ba\/index.php\/novosti\/item\/301443-grad-tuzla-povecao-budzet-za-vise-od-9-miliona-km\/","og_locale":"bs_BA","og_type":"article","og_title":"Grad Tuzla pove\u0107ao bud\u017eet za vi\u0161e od 9 miliona KM - TuzlaInfo.ba","og_description":"Gradsko vije\u0107e Tuzla na sjednici odr\u017eanoj ju\u010der usvojilo je Odluku o izmjenama i dopunama Bud\u017eeta&hellip;","og_url":"https:\/\/tuzlainfo.ba\/index.php\/novosti\/item\/301443-grad-tuzla-povecao-budzet-za-vise-od-9-miliona-km\/","og_site_name":"TuzlaInfo.ba","article_publisher":"https:\/\/www.facebook.com\/tuzlainfo.ba\/","article_published_time":"2026-04-28T08:06:04+00:00","article_modified_time":"2026-04-28T05:46:41+00:00","og_image":[{"width":800,"height":441,"url":"https:\/\/tuzlainfo.ba\/wp-content\/uploads\/2026\/03\/2103_gradsko_vijece-tuzla-2026.jpg","type":"image\/jpeg"}],"author":"nedim","twitter_card":"summary_large_image","twitter_misc":{"Written by":"nedim","Est. reading time":"2 minute"},"schema":{"@context":"https:\/\/schema.org","@graph":[{"@type":"Article","@id":"https:\/\/tuzlainfo.ba\/index.php\/novosti\/item\/301443-grad-tuzla-povecao-budzet-za-vise-od-9-miliona-km\/#article","isPartOf":{"@id":"https:\/\/tuzlainfo.ba\/index.php\/novosti\/item\/301443-grad-tuzla-povecao-budzet-za-vise-od-9-miliona-km\/"},"author":{"name":"nedim","@id":"https:\/\/tuzlainfo.ba\/#\/schema\/person\/f434e20dc27ea133923aab08451b7f7f"},"headline":"Grad Tuzla pove\u0107ao bud\u017eet za vi\u0161e od 9 miliona KM","datePublished":"2026-04-28T08:06:04+00:00","dateModified":"2026-04-28T05:46:41+00:00","mainEntityOfPage":{"@id":"https:\/\/tuzlainfo.ba\/index.php\/novosti\/item\/301443-grad-tuzla-povecao-budzet-za-vise-od-9-miliona-km\/"},"wordCount":203,"publisher":{"@id":"https:\/\/tuzlainfo.ba\/#organization"},"image":{"@id":"https:\/\/tuzlainfo.ba\/index.php\/novosti\/item\/301443-grad-tuzla-povecao-budzet-za-vise-od-9-miliona-km\/#primaryimage"},"thumbnailUrl":"https:\/\/tuzlainfo.ba\/wp-content\/uploads\/2026\/03\/2103_gradsko_vijece-tuzla-2026.jpg","keywords":["bud\u017eet","grad tuzla","gradsko vije\u0107e tuzla"],"articleSection":["Istaknuto","Novosti"],"inLanguage":"bs-BA"},{"@type":"WebPage","@id":"https:\/\/tuzlainfo.ba\/index.php\/novosti\/item\/301443-grad-tuzla-povecao-budzet-za-vise-od-9-miliona-km\/","url":"https:\/\/tuzlainfo.ba\/index.php\/novosti\/item\/301443-grad-tuzla-povecao-budzet-za-vise-od-9-miliona-km\/","name":"Grad Tuzla pove\u0107ao bud\u017eet za vi\u0161e od 9 miliona KM - TuzlaInfo.ba","isPartOf":{"@id":"https:\/\/tuzlainfo.ba\/#website"},"primaryImageOfPage":{"@id":"https:\/\/tuzlainfo.ba\/index.php\/novosti\/item\/301443-grad-tuzla-povecao-budzet-za-vise-od-9-miliona-km\/#primaryimage"},"image":{"@id":"https:\/\/tuzlainfo.ba\/index.php\/novosti\/item\/301443-grad-tuzla-povecao-budzet-za-vise-od-9-miliona-km\/#primaryimage"},"thumbnailUrl":"https:\/\/tuzlainfo.ba\/wp-content\/uploads\/2026\/03\/2103_gradsko_vijece-tuzla-2026.jpg","datePublished":"2026-04-28T08:06:04+00:00","dateModified":"2026-04-28T05:46:41+00:00","breadcrumb":{"@id":"https:\/\/tuzlainfo.ba\/index.php\/novosti\/item\/301443-grad-tuzla-povecao-budzet-za-vise-od-9-miliona-km\/#breadcrumb"},"inLanguage":"bs-BA","potentialAction":[{"@type":"ReadAction","target":["https:\/\/tuzlainfo.ba\/index.php\/novosti\/item\/301443-grad-tuzla-povecao-budzet-za-vise-od-9-miliona-km\/"]}]},{"@type":"ImageObject","inLanguage":"bs-BA","@id":"https:\/\/tuzlainfo.ba\/index.php\/novosti\/item\/301443-grad-tuzla-povecao-budzet-za-vise-od-9-miliona-km\/#primaryimage","url":"https:\/\/tuzlainfo.ba\/wp-content\/uploads\/2026\/03\/2103_gradsko_vijece-tuzla-2026.jpg","contentUrl":"https:\/\/tuzlainfo.ba\/wp-content\/uploads\/2026\/03\/2103_gradsko_vijece-tuzla-2026.jpg","width":800,"height":441},{"@type":"BreadcrumbList","@id":"https:\/\/tuzlainfo.ba\/index.php\/novosti\/item\/301443-grad-tuzla-povecao-budzet-za-vise-od-9-miliona-km\/#breadcrumb","itemListElement":[{"@type":"ListItem","position":1,"name":"Home","item":"https:\/\/tuzlainfo.ba\/"},{"@type":"ListItem","position":2,"name":"Grad Tuzla pove\u0107ao bud\u017eet za vi\u0161e od 9 miliona KM"}]},{"@type":"WebSite","@id":"https:\/\/tuzlainfo.ba\/#website","url":"https:\/\/tuzlainfo.ba\/","name":"TuzlaInfo.ba","description":"Tuzla info, gradski informator - Tuzla na dlanu","publisher":{"@id":"https:\/\/tuzlainfo.ba\/#organization"},"potentialAction":[{"@type":"SearchAction","target":{"@type":"EntryPoint","urlTemplate":"https:\/\/tuzlainfo.ba\/?s={search_term_string}"},"query-input":{"@type":"PropertyValueSpecification","valueRequired":true,"valueName":"search_term_string"}}],"inLanguage":"bs-BA"},{"@type":"Organization","@id":"https:\/\/tuzlainfo.ba\/#organization","name":"TuzlaInfo.ba","url":"https:\/\/tuzlainfo.ba\/","logo":{"@type":"ImageObject","inLanguage":"bs-BA","@id":"https:\/\/tuzlainfo.ba\/#\/schema\/logo\/image\/","url":"https:\/\/tuzlainfo.ba\/wp-content\/uploads\/2021\/03\/logo-ver-3-1.png","contentUrl":"https:\/\/tuzlainfo.ba\/wp-content\/uploads\/2021\/03\/logo-ver-3-1.png","width":350,"height":95,"caption":"TuzlaInfo.ba"},"image":{"@id":"https:\/\/tuzlainfo.ba\/#\/schema\/logo\/image\/"},"sameAs":["https:\/\/www.facebook.com\/tuzlainfo.ba\/"]},{"@type":"Person","@id":"https:\/\/tuzlainfo.ba\/#\/schema\/person\/f434e20dc27ea133923aab08451b7f7f","name":"nedim","image":{"@type":"ImageObject","inLanguage":"bs-BA","@id":"https:\/\/tuzlainfo.ba\/#\/schema\/person\/image\/","url":"https:\/\/tuzlainfo.ba\/wp-content\/litespeed\/avatar\/aabad687af24844af817603ac1cbdc4f.jpg?ver=1777306975","contentUrl":"https:\/\/tuzlainfo.ba\/wp-content\/litespeed\/avatar\/aabad687af24844af817603ac1cbdc4f.jpg?ver=1777306975","caption":"nedim"},"description":"Tuzlainfo.ba pratite na dru\u0161tvenim mre\u017eama: Facebook, Instagram i Youtube. Svoje pri\u010de, upite i fotografije \u0161aljite na na\u0161u e-mail adresu."}]}},"_links":{"self":[{"href":"https:\/\/tuzlainfo.ba\/index.php\/wp-json\/wp\/v2\/posts\/301443"}],"collection":[{"href":"https:\/\/tuzlainfo.ba\/index.php\/wp-json\/wp\/v2\/posts"}],"about":[{"href":"https:\/\/tuzlainfo.ba\/index.php\/wp-json\/wp\/v2\/types\/post"}],"author":[{"embeddable":true,"href":"https:\/\/tuzlainfo.ba\/index.php\/wp-json\/wp\/v2\/users\/2"}],"replies":[{"embeddable":true,"href":"https:\/\/tuzlainfo.ba\/index.php\/wp-json\/wp\/v2\/comments?post=301443"}],"version-history":[{"count":1,"href":"https:\/\/tuzlainfo.ba\/index.php\/wp-json\/wp\/v2\/posts\/301443\/revisions"}],"predecessor-version":[{"id":301444,"href":"https:\/\/tuzlainfo.ba\/index.php\/wp-json\/wp\/v2\/posts\/301443\/revisions\/301444"}],"wp:featuredmedia":[{"embeddable":true,"href":"https:\/\/tuzlainfo.ba\/index.php\/wp-json\/wp\/v2\/media\/298798"}],"wp:attachment":[{"href":"https:\/\/tuzlainfo.ba\/index.php\/wp-json\/wp\/v2\/media?parent=301443"}],"wp:term":[{"taxonomy":"category","embeddable":true,"href":"https:\/\/tuzlainfo.ba\/index.php\/wp-json\/wp\/v2\/categories?post=301443"},{"taxonomy":"post_tag","embeddable":true,"href":"https:\/\/tuzlainfo.ba\/index.php\/wp-json\/wp\/v2\/tags?post=301443"}],"curies":[{"name":"wp","href":"https:\/\/api.w.org\/{rel}","templated":true}]}}