{"id":301420,"date":"2026-04-27T21:45:21","date_gmt":"2026-04-27T19:45:21","guid":{"rendered":"https:\/\/tuzlainfo.ba\/?p=301420"},"modified":"2026-04-27T21:47:52","modified_gmt":"2026-04-27T19:47:52","slug":"sjajan-uspjeh-krg-tuzla-osvojeno-15-medalja-u-sarajevu","status":"publish","type":"post","link":"https:\/\/tuzlainfo.ba\/index.php\/novosti\/item\/301420-sjajan-uspjeh-krg-tuzla-osvojeno-15-medalja-u-sarajevu\/","title":{"rendered":"Sjajan uspjeh KRG Tuzla: Osvojeno 15 medalja u Sarajevu"},"content":{"rendered":"<p data-start=\"0\" data-end=\"186\">Takmi\u010darke Kluba ritmi\u010dke gimnastike Tuzla ostvarile su zapa\u017een uspjeh na 24. me\u0111unarodnom turniru u ritmi\u010dkoj gimnastici \u201eSuada Dilberovi\u0107\u201c, koji je proteklog vikenda odr\u017ean u Sarajevu.<\/p>\n<p data-start=\"188\" data-end=\"398\">U konkurenciji brojnih klubova iz vi\u0161e zemalja, KRG Tuzla predstavljalo je 15 djevoj\u010dica u razli\u010ditim uzrasnim kategorijama, koje su osvojile ukupno 15 medalja \u2013 devet zlatnih, \u010detiri srebrene i dvije bronzane.<\/p>\n<p data-start=\"400\" data-end=\"741\">Zlatne medalje osvojile su Nora Husanovi\u0107 (2020), Nia Dropi\u0107 (2018), Amna Po\u017eegi\u0107 (2019), Una Salkanovi\u0107 (2017) u vje\u017ebi sa obru\u010dem, Ajla Zoni\u0107 (2017) u vje\u017ebi s loptom, Amna Tur\u010dinovi\u0107 (2016) u vje\u017ebi s loptom, Lajla Softi\u0107 (2014) u vje\u017ebi s obru\u010dem, Emina Omerovi\u0107 (2011) u vje\u017ebi s loptom te Amina Ibri\u0161kovi\u0107 (2019) u vje\u017ebi sa \u010dunjevima.<\/p>\n<p data-start=\"743\" data-end=\"860\">Srebrene medalje pripale su Nadiji Zuki\u0107 (2020), Nadji Joldi\u0107 (2019), Tajri Husejnovi\u0107 (2017) i Naidi Po\u017eegi\u0107 (2017).<\/p>\n<p data-start=\"862\" data-end=\"972\">Bronzane medalje osvojile su Ajla Fejzi\u0107 (2018) i Una Malko\u010devi\u0107 (2016), koja je nastupila u vje\u017ebi s obru\u010dem.<\/p>\n<p data-start=\"974\" data-end=\"1164\">Ovi rezultati potvr\u0111uju kvalitetan i kontinuiran rad mladih gimnasti\u010darki iz Tuzle, koje su svojim trudom, disciplinom i talentom dostojno predstavile svoj klub i grad na me\u0111unarodnoj sceni.<\/p>\n<p data-start=\"1166\" data-end=\"1318\">Takmi\u010darke su nastupale pod stru\u010dnim vodstvom trenerica Eme Kasupovi\u0107 i Melihe Husanovi\u0107, \u010diji predan rad i posve\u0107enost donose sve vidljivije rezultate.<\/p>\n","protected":false},"excerpt":{"rendered":"<p>Takmi\u010darke Kluba ritmi\u010dke gimnastike Tuzla ostvarile su zapa\u017een uspjeh na 24. me\u0111unarodnom turniru u ritmi\u010dkoj&hellip;<\/p>\n","protected":false},"author":2,"featured_media":301421,"comment_status":"closed","ping_status":"closed","sticky":false,"template":"","format":"standard","meta":{"_acf_changed":false,"footnotes":""},"categories":[12],"tags":[3641,915],"acf":[],"yoast_head":"<!-- This site is optimized with the Yoast SEO plugin v23.5 - https:\/\/yoast.com\/wordpress\/plugins\/seo\/ -->\n<title>Sjajan uspjeh KRG Tuzla: Osvojeno 15 medalja u Sarajevu - TuzlaInfo.ba<\/title>\n<meta name=\"robots\" content=\"index, follow, max-snippet:-1, max-image-preview:large, max-video-preview:-1\" \/>\n<link rel=\"canonical\" href=\"https:\/\/tuzlainfo.ba\/index.php\/novosti\/item\/301420-sjajan-uspjeh-krg-tuzla-osvojeno-15-medalja-u-sarajevu\/\" \/>\n<meta property=\"og:locale\" content=\"bs_BA\" \/>\n<meta property=\"og:type\" content=\"article\" \/>\n<meta property=\"og:title\" content=\"Sjajan uspjeh KRG Tuzla: Osvojeno 15 medalja u Sarajevu - TuzlaInfo.ba\" \/>\n<meta property=\"og:description\" content=\"Takmi\u010darke Kluba ritmi\u010dke gimnastike Tuzla ostvarile su zapa\u017een uspjeh na 24. me\u0111unarodnom turniru u ritmi\u010dkoj&hellip;\" \/>\n<meta property=\"og:url\" content=\"https:\/\/tuzlainfo.ba\/index.php\/novosti\/item\/301420-sjajan-uspjeh-krg-tuzla-osvojeno-15-medalja-u-sarajevu\/\" \/>\n<meta property=\"og:site_name\" content=\"TuzlaInfo.ba\" \/>\n<meta property=\"article:publisher\" content=\"https:\/\/www.facebook.com\/tuzlainfo.ba\/\" \/>\n<meta property=\"article:published_time\" content=\"2026-04-27T19:45:21+00:00\" \/>\n<meta property=\"article:modified_time\" content=\"2026-04-27T19:47:52+00:00\" \/>\n<meta property=\"og:image\" content=\"https:\/\/tuzlainfo.ba\/wp-content\/uploads\/2026\/04\/2704_krg.jpg\" \/>\n\t<meta property=\"og:image:width\" content=\"800\" \/>\n\t<meta property=\"og:image:height\" content=\"600\" \/>\n\t<meta property=\"og:image:type\" content=\"image\/jpeg\" \/>\n<meta name=\"author\" content=\"nedim\" \/>\n<meta name=\"twitter:card\" content=\"summary_large_image\" \/>\n<meta name=\"twitter:label1\" content=\"Written by\" \/>\n\t<meta name=\"twitter:data1\" content=\"nedim\" \/>\n\t<meta name=\"twitter:label2\" content=\"Est. reading time\" \/>\n\t<meta name=\"twitter:data2\" content=\"2 minute\" \/>\n<script type=\"application\/ld+json\" class=\"yoast-schema-graph\">{\"@context\":\"https:\/\/schema.org\",\"@graph\":[{\"@type\":\"Article\",\"@id\":\"https:\/\/tuzlainfo.ba\/index.php\/novosti\/item\/301420-sjajan-uspjeh-krg-tuzla-osvojeno-15-medalja-u-sarajevu\/#article\",\"isPartOf\":{\"@id\":\"https:\/\/tuzlainfo.ba\/index.php\/novosti\/item\/301420-sjajan-uspjeh-krg-tuzla-osvojeno-15-medalja-u-sarajevu\/\"},\"author\":{\"name\":\"nedim\",\"@id\":\"https:\/\/tuzlainfo.ba\/#\/schema\/person\/f434e20dc27ea133923aab08451b7f7f\"},\"headline\":\"Sjajan uspjeh KRG Tuzla: Osvojeno 15 medalja u Sarajevu\",\"datePublished\":\"2026-04-27T19:45:21+00:00\",\"dateModified\":\"2026-04-27T19:47:52+00:00\",\"mainEntityOfPage\":{\"@id\":\"https:\/\/tuzlainfo.ba\/index.php\/novosti\/item\/301420-sjajan-uspjeh-krg-tuzla-osvojeno-15-medalja-u-sarajevu\/\"},\"wordCount\":214,\"publisher\":{\"@id\":\"https:\/\/tuzlainfo.ba\/#organization\"},\"image\":{\"@id\":\"https:\/\/tuzlainfo.ba\/index.php\/novosti\/item\/301420-sjajan-uspjeh-krg-tuzla-osvojeno-15-medalja-u-sarajevu\/#primaryimage\"},\"thumbnailUrl\":\"https:\/\/tuzlainfo.ba\/wp-content\/uploads\/2026\/04\/2704_krg.jpg\",\"keywords\":[\"KRG Tuzla\",\"sport\"],\"articleSection\":[\"Novosti\"],\"inLanguage\":\"bs-BA\"},{\"@type\":\"WebPage\",\"@id\":\"https:\/\/tuzlainfo.ba\/index.php\/novosti\/item\/301420-sjajan-uspjeh-krg-tuzla-osvojeno-15-medalja-u-sarajevu\/\",\"url\":\"https:\/\/tuzlainfo.ba\/index.php\/novosti\/item\/301420-sjajan-uspjeh-krg-tuzla-osvojeno-15-medalja-u-sarajevu\/\",\"name\":\"Sjajan uspjeh KRG Tuzla: Osvojeno 15 medalja u Sarajevu - TuzlaInfo.ba\",\"isPartOf\":{\"@id\":\"https:\/\/tuzlainfo.ba\/#website\"},\"primaryImageOfPage\":{\"@id\":\"https:\/\/tuzlainfo.ba\/index.php\/novosti\/item\/301420-sjajan-uspjeh-krg-tuzla-osvojeno-15-medalja-u-sarajevu\/#primaryimage\"},\"image\":{\"@id\":\"https:\/\/tuzlainfo.ba\/index.php\/novosti\/item\/301420-sjajan-uspjeh-krg-tuzla-osvojeno-15-medalja-u-sarajevu\/#primaryimage\"},\"thumbnailUrl\":\"https:\/\/tuzlainfo.ba\/wp-content\/uploads\/2026\/04\/2704_krg.jpg\",\"datePublished\":\"2026-04-27T19:45:21+00:00\",\"dateModified\":\"2026-04-27T19:47:52+00:00\",\"breadcrumb\":{\"@id\":\"https:\/\/tuzlainfo.ba\/index.php\/novosti\/item\/301420-sjajan-uspjeh-krg-tuzla-osvojeno-15-medalja-u-sarajevu\/#breadcrumb\"},\"inLanguage\":\"bs-BA\",\"potentialAction\":[{\"@type\":\"ReadAction\",\"target\":[\"https:\/\/tuzlainfo.ba\/index.php\/novosti\/item\/301420-sjajan-uspjeh-krg-tuzla-osvojeno-15-medalja-u-sarajevu\/\"]}]},{\"@type\":\"ImageObject\",\"inLanguage\":\"bs-BA\",\"@id\":\"https:\/\/tuzlainfo.ba\/index.php\/novosti\/item\/301420-sjajan-uspjeh-krg-tuzla-osvojeno-15-medalja-u-sarajevu\/#primaryimage\",\"url\":\"https:\/\/tuzlainfo.ba\/wp-content\/uploads\/2026\/04\/2704_krg.jpg\",\"contentUrl\":\"https:\/\/tuzlainfo.ba\/wp-content\/uploads\/2026\/04\/2704_krg.jpg\",\"width\":800,\"height\":600},{\"@type\":\"BreadcrumbList\",\"@id\":\"https:\/\/tuzlainfo.ba\/index.php\/novosti\/item\/301420-sjajan-uspjeh-krg-tuzla-osvojeno-15-medalja-u-sarajevu\/#breadcrumb\",\"itemListElement\":[{\"@type\":\"ListItem\",\"position\":1,\"name\":\"Home\",\"item\":\"https:\/\/tuzlainfo.ba\/\"},{\"@type\":\"ListItem\",\"position\":2,\"name\":\"Sjajan uspjeh KRG Tuzla: Osvojeno 15 medalja u Sarajevu\"}]},{\"@type\":\"WebSite\",\"@id\":\"https:\/\/tuzlainfo.ba\/#website\",\"url\":\"https:\/\/tuzlainfo.ba\/\",\"name\":\"TuzlaInfo.ba\",\"description\":\"Tuzla info, gradski informator - Tuzla na dlanu\",\"publisher\":{\"@id\":\"https:\/\/tuzlainfo.ba\/#organization\"},\"potentialAction\":[{\"@type\":\"SearchAction\",\"target\":{\"@type\":\"EntryPoint\",\"urlTemplate\":\"https:\/\/tuzlainfo.ba\/?s={search_term_string}\"},\"query-input\":{\"@type\":\"PropertyValueSpecification\",\"valueRequired\":true,\"valueName\":\"search_term_string\"}}],\"inLanguage\":\"bs-BA\"},{\"@type\":\"Organization\",\"@id\":\"https:\/\/tuzlainfo.ba\/#organization\",\"name\":\"TuzlaInfo.ba\",\"url\":\"https:\/\/tuzlainfo.ba\/\",\"logo\":{\"@type\":\"ImageObject\",\"inLanguage\":\"bs-BA\",\"@id\":\"https:\/\/tuzlainfo.ba\/#\/schema\/logo\/image\/\",\"url\":\"https:\/\/tuzlainfo.ba\/wp-content\/uploads\/2021\/03\/logo-ver-3-1.png\",\"contentUrl\":\"https:\/\/tuzlainfo.ba\/wp-content\/uploads\/2021\/03\/logo-ver-3-1.png\",\"width\":350,\"height\":95,\"caption\":\"TuzlaInfo.ba\"},\"image\":{\"@id\":\"https:\/\/tuzlainfo.ba\/#\/schema\/logo\/image\/\"},\"sameAs\":[\"https:\/\/www.facebook.com\/tuzlainfo.ba\/\"]},{\"@type\":\"Person\",\"@id\":\"https:\/\/tuzlainfo.ba\/#\/schema\/person\/f434e20dc27ea133923aab08451b7f7f\",\"name\":\"nedim\",\"image\":{\"@type\":\"ImageObject\",\"inLanguage\":\"bs-BA\",\"@id\":\"https:\/\/tuzlainfo.ba\/#\/schema\/person\/image\/\",\"url\":\"https:\/\/tuzlainfo.ba\/wp-content\/litespeed\/avatar\/aabad687af24844af817603ac1cbdc4f.jpg?ver=1777306975\",\"contentUrl\":\"https:\/\/tuzlainfo.ba\/wp-content\/litespeed\/avatar\/aabad687af24844af817603ac1cbdc4f.jpg?ver=1777306975\",\"caption\":\"nedim\"},\"description\":\"Tuzlainfo.ba pratite na dru\u0161tvenim mre\u017eama: Facebook, Instagram i Youtube. Svoje pri\u010de, upite i fotografije \u0161aljite na na\u0161u e-mail adresu.\"}]}<\/script>\n<!-- \/ Yoast SEO plugin. -->","yoast_head_json":{"title":"Sjajan uspjeh KRG Tuzla: Osvojeno 15 medalja u Sarajevu - TuzlaInfo.ba","robots":{"index":"index","follow":"follow","max-snippet":"max-snippet:-1","max-image-preview":"max-image-preview:large","max-video-preview":"max-video-preview:-1"},"canonical":"https:\/\/tuzlainfo.ba\/index.php\/novosti\/item\/301420-sjajan-uspjeh-krg-tuzla-osvojeno-15-medalja-u-sarajevu\/","og_locale":"bs_BA","og_type":"article","og_title":"Sjajan uspjeh KRG Tuzla: Osvojeno 15 medalja u Sarajevu - TuzlaInfo.ba","og_description":"Takmi\u010darke Kluba ritmi\u010dke gimnastike Tuzla ostvarile su zapa\u017een uspjeh na 24. me\u0111unarodnom turniru u ritmi\u010dkoj&hellip;","og_url":"https:\/\/tuzlainfo.ba\/index.php\/novosti\/item\/301420-sjajan-uspjeh-krg-tuzla-osvojeno-15-medalja-u-sarajevu\/","og_site_name":"TuzlaInfo.ba","article_publisher":"https:\/\/www.facebook.com\/tuzlainfo.ba\/","article_published_time":"2026-04-27T19:45:21+00:00","article_modified_time":"2026-04-27T19:47:52+00:00","og_image":[{"width":800,"height":600,"url":"https:\/\/tuzlainfo.ba\/wp-content\/uploads\/2026\/04\/2704_krg.jpg","type":"image\/jpeg"}],"author":"nedim","twitter_card":"summary_large_image","twitter_misc":{"Written by":"nedim","Est. reading time":"2 minute"},"schema":{"@context":"https:\/\/schema.org","@graph":[{"@type":"Article","@id":"https:\/\/tuzlainfo.ba\/index.php\/novosti\/item\/301420-sjajan-uspjeh-krg-tuzla-osvojeno-15-medalja-u-sarajevu\/#article","isPartOf":{"@id":"https:\/\/tuzlainfo.ba\/index.php\/novosti\/item\/301420-sjajan-uspjeh-krg-tuzla-osvojeno-15-medalja-u-sarajevu\/"},"author":{"name":"nedim","@id":"https:\/\/tuzlainfo.ba\/#\/schema\/person\/f434e20dc27ea133923aab08451b7f7f"},"headline":"Sjajan uspjeh KRG Tuzla: Osvojeno 15 medalja u Sarajevu","datePublished":"2026-04-27T19:45:21+00:00","dateModified":"2026-04-27T19:47:52+00:00","mainEntityOfPage":{"@id":"https:\/\/tuzlainfo.ba\/index.php\/novosti\/item\/301420-sjajan-uspjeh-krg-tuzla-osvojeno-15-medalja-u-sarajevu\/"},"wordCount":214,"publisher":{"@id":"https:\/\/tuzlainfo.ba\/#organization"},"image":{"@id":"https:\/\/tuzlainfo.ba\/index.php\/novosti\/item\/301420-sjajan-uspjeh-krg-tuzla-osvojeno-15-medalja-u-sarajevu\/#primaryimage"},"thumbnailUrl":"https:\/\/tuzlainfo.ba\/wp-content\/uploads\/2026\/04\/2704_krg.jpg","keywords":["KRG Tuzla","sport"],"articleSection":["Novosti"],"inLanguage":"bs-BA"},{"@type":"WebPage","@id":"https:\/\/tuzlainfo.ba\/index.php\/novosti\/item\/301420-sjajan-uspjeh-krg-tuzla-osvojeno-15-medalja-u-sarajevu\/","url":"https:\/\/tuzlainfo.ba\/index.php\/novosti\/item\/301420-sjajan-uspjeh-krg-tuzla-osvojeno-15-medalja-u-sarajevu\/","name":"Sjajan uspjeh KRG Tuzla: Osvojeno 15 medalja u Sarajevu - TuzlaInfo.ba","isPartOf":{"@id":"https:\/\/tuzlainfo.ba\/#website"},"primaryImageOfPage":{"@id":"https:\/\/tuzlainfo.ba\/index.php\/novosti\/item\/301420-sjajan-uspjeh-krg-tuzla-osvojeno-15-medalja-u-sarajevu\/#primaryimage"},"image":{"@id":"https:\/\/tuzlainfo.ba\/index.php\/novosti\/item\/301420-sjajan-uspjeh-krg-tuzla-osvojeno-15-medalja-u-sarajevu\/#primaryimage"},"thumbnailUrl":"https:\/\/tuzlainfo.ba\/wp-content\/uploads\/2026\/04\/2704_krg.jpg","datePublished":"2026-04-27T19:45:21+00:00","dateModified":"2026-04-27T19:47:52+00:00","breadcrumb":{"@id":"https:\/\/tuzlainfo.ba\/index.php\/novosti\/item\/301420-sjajan-uspjeh-krg-tuzla-osvojeno-15-medalja-u-sarajevu\/#breadcrumb"},"inLanguage":"bs-BA","potentialAction":[{"@type":"ReadAction","target":["https:\/\/tuzlainfo.ba\/index.php\/novosti\/item\/301420-sjajan-uspjeh-krg-tuzla-osvojeno-15-medalja-u-sarajevu\/"]}]},{"@type":"ImageObject","inLanguage":"bs-BA","@id":"https:\/\/tuzlainfo.ba\/index.php\/novosti\/item\/301420-sjajan-uspjeh-krg-tuzla-osvojeno-15-medalja-u-sarajevu\/#primaryimage","url":"https:\/\/tuzlainfo.ba\/wp-content\/uploads\/2026\/04\/2704_krg.jpg","contentUrl":"https:\/\/tuzlainfo.ba\/wp-content\/uploads\/2026\/04\/2704_krg.jpg","width":800,"height":600},{"@type":"BreadcrumbList","@id":"https:\/\/tuzlainfo.ba\/index.php\/novosti\/item\/301420-sjajan-uspjeh-krg-tuzla-osvojeno-15-medalja-u-sarajevu\/#breadcrumb","itemListElement":[{"@type":"ListItem","position":1,"name":"Home","item":"https:\/\/tuzlainfo.ba\/"},{"@type":"ListItem","position":2,"name":"Sjajan uspjeh KRG Tuzla: Osvojeno 15 medalja u Sarajevu"}]},{"@type":"WebSite","@id":"https:\/\/tuzlainfo.ba\/#website","url":"https:\/\/tuzlainfo.ba\/","name":"TuzlaInfo.ba","description":"Tuzla info, gradski informator - Tuzla na dlanu","publisher":{"@id":"https:\/\/tuzlainfo.ba\/#organization"},"potentialAction":[{"@type":"SearchAction","target":{"@type":"EntryPoint","urlTemplate":"https:\/\/tuzlainfo.ba\/?s={search_term_string}"},"query-input":{"@type":"PropertyValueSpecification","valueRequired":true,"valueName":"search_term_string"}}],"inLanguage":"bs-BA"},{"@type":"Organization","@id":"https:\/\/tuzlainfo.ba\/#organization","name":"TuzlaInfo.ba","url":"https:\/\/tuzlainfo.ba\/","logo":{"@type":"ImageObject","inLanguage":"bs-BA","@id":"https:\/\/tuzlainfo.ba\/#\/schema\/logo\/image\/","url":"https:\/\/tuzlainfo.ba\/wp-content\/uploads\/2021\/03\/logo-ver-3-1.png","contentUrl":"https:\/\/tuzlainfo.ba\/wp-content\/uploads\/2021\/03\/logo-ver-3-1.png","width":350,"height":95,"caption":"TuzlaInfo.ba"},"image":{"@id":"https:\/\/tuzlainfo.ba\/#\/schema\/logo\/image\/"},"sameAs":["https:\/\/www.facebook.com\/tuzlainfo.ba\/"]},{"@type":"Person","@id":"https:\/\/tuzlainfo.ba\/#\/schema\/person\/f434e20dc27ea133923aab08451b7f7f","name":"nedim","image":{"@type":"ImageObject","inLanguage":"bs-BA","@id":"https:\/\/tuzlainfo.ba\/#\/schema\/person\/image\/","url":"https:\/\/tuzlainfo.ba\/wp-content\/litespeed\/avatar\/aabad687af24844af817603ac1cbdc4f.jpg?ver=1777306975","contentUrl":"https:\/\/tuzlainfo.ba\/wp-content\/litespeed\/avatar\/aabad687af24844af817603ac1cbdc4f.jpg?ver=1777306975","caption":"nedim"},"description":"Tuzlainfo.ba pratite na dru\u0161tvenim mre\u017eama: Facebook, Instagram i Youtube. Svoje pri\u010de, upite i fotografije \u0161aljite na na\u0161u e-mail adresu."}]}},"_links":{"self":[{"href":"https:\/\/tuzlainfo.ba\/index.php\/wp-json\/wp\/v2\/posts\/301420"}],"collection":[{"href":"https:\/\/tuzlainfo.ba\/index.php\/wp-json\/wp\/v2\/posts"}],"about":[{"href":"https:\/\/tuzlainfo.ba\/index.php\/wp-json\/wp\/v2\/types\/post"}],"author":[{"embeddable":true,"href":"https:\/\/tuzlainfo.ba\/index.php\/wp-json\/wp\/v2\/users\/2"}],"replies":[{"embeddable":true,"href":"https:\/\/tuzlainfo.ba\/index.php\/wp-json\/wp\/v2\/comments?post=301420"}],"version-history":[{"count":2,"href":"https:\/\/tuzlainfo.ba\/index.php\/wp-json\/wp\/v2\/posts\/301420\/revisions"}],"predecessor-version":[{"id":301423,"href":"https:\/\/tuzlainfo.ba\/index.php\/wp-json\/wp\/v2\/posts\/301420\/revisions\/301423"}],"wp:featuredmedia":[{"embeddable":true,"href":"https:\/\/tuzlainfo.ba\/index.php\/wp-json\/wp\/v2\/media\/301421"}],"wp:attachment":[{"href":"https:\/\/tuzlainfo.ba\/index.php\/wp-json\/wp\/v2\/media?parent=301420"}],"wp:term":[{"taxonomy":"category","embeddable":true,"href":"https:\/\/tuzlainfo.ba\/index.php\/wp-json\/wp\/v2\/categories?post=301420"},{"taxonomy":"post_tag","embeddable":true,"href":"https:\/\/tuzlainfo.ba\/index.php\/wp-json\/wp\/v2\/tags?post=301420"}],"curies":[{"name":"wp","href":"https:\/\/api.w.org\/{rel}","templated":true}]}}