{"id":301401,"date":"2026-04-27T19:06:28","date_gmt":"2026-04-27T17:06:28","guid":{"rendered":"https:\/\/tuzlainfo.ba\/?p=301401"},"modified":"2026-04-27T20:07:13","modified_gmt":"2026-04-27T18:07:13","slug":"svecana-akademija-dodijeljena-priznanja-povodom-400-godina-behram-begove-medrese","status":"publish","type":"post","link":"https:\/\/tuzlainfo.ba\/index.php\/novosti\/item\/301401-svecana-akademija-dodijeljena-priznanja-povodom-400-godina-behram-begove-medrese\/","title":{"rendered":"Sve\u010dana akademija: Dodijeljena priznanja povodom 400 godina Behram-begove medrese"},"content":{"rendered":"<p>U Kongresnoj dvorani hotela Mellain u Tuzli danas je sve\u010dano odr\u017eana akademija povodom velikog jubileja \u2013 \u010detiri stolje\u0107a postojanja Behram-begove medrese, jedne od najzna\u010dajnijih odgojno-obrazovnih institucija u Bosni i Hercegovini.<\/p>\n<p>Manifestacija je okupila brojne zvani\u010dnike, predstavnike Islamske zajednice, obrazovnih ustanova, vakife, profesore, u\u010denike i prijatelje Medrese, potvr\u0111uju\u0107i njen vi\u0161estoljetni zna\u010daj kao svjetionika znanja, odgoja i duhovnosti. Sve\u010dani program otvoren je u\u010denjem a\u0161ere, nakon \u010dega su voditelji podsjetili na bogatu historiju ustanove koja od 1626. godine oblikuje generacije u\u010denika, pre\u017eivljavaju\u0107i razli\u010dite dru\u0161tvene sisteme, ratove, prekide rada i obnove, ali nikada ne odstupaju\u0107i od svoje temeljne misije, obrazovanja i odgoja mladih ljudi.<\/p>\n<p>Kroz recitale, ilahije u izvedbi Hora Behram-begove medrese, projekciju dokumentarnog filma te historijski pregled razvoja \u0161kole, prisutni su podsje\u0107eni na klju\u010dne etape njenog postojanja, od osnivanja u osmanskom periodu, reformi u 19. i 20. stolje\u0107u, ga\u0161enja 1949. godine, pa sve do obnove u ratnoj 1993. godini, kada je Medresa ponovo postala simbol duhovne snage, identiteta i otpornosti naroda.<\/p>\n<p><iframe title=\"Hor Behram-begove medrese Tuzla: 400. godi\u0161njica rada Behram-begove medrese\" width=\"1170\" height=\"658\" src=\"https:\/\/www.youtube.com\/embed\/GdB3ynpqGR4?feature=oembed\" frameborder=\"0\" allow=\"accelerometer; autoplay; clipboard-write; encrypted-media; gyroscope; picture-in-picture; web-share\" referrerpolicy=\"strict-origin-when-cross-origin\" allowfullscreen><\/iframe><\/p>\n<p>Direktor Behram-begove medrese dr. Admir Muratovi\u0107 istakao je da Medresa danas predstavlja spoj tradicionalnih vrijednosti i savremenog obrazovanja, te da njene nove generacije nastavljaju stoljetnu misiju odgovornog djelovanja u dru\u0161tvu.<\/p>\n<p>Poseban zna\u010daj akademiji dalo je prisustvo reisul-uleme Islamske zajednice u Bosni i Hercegovini dr. Husein-ef. Kavazovi\u0107a, muftije tuzlanskog dr. Vahid-ef. Fazlovi\u0107a, premijera Tuzlanskog kantona Irfana Halilagi\u0107a, kao i brojnih predstavnika dru\u0161tvenog, politi\u010dkog i obrazovnog \u017eivota.<\/p>\n<p>Tokom ceremonije dodijeljene su plakete i priznanja zaslu\u017enim pojedincima i institucijama. Vlada Tuzlanskog kantona nagra\u0111ena je za kontinuiranu institucionalnu podr\u0161ku radu Medrese, dok su plakete za doprinos razvoju i afirmaciji ustanove uru\u010dene dr. Sead-ef. Seljupcu, prof. Mehmedaliji \u010candi\u0107u i dr. Ahmedu Hatuni\u0107u.<\/p>\n<p>Najvi\u0161e priznanje, Povelja zahvalnosti Behram-begove medrese, dodijeljeno je reisul-ulemi dr. Husein-ef. Kavazovi\u0107u, muftiji dr. Vahid-ef. Fazlovi\u0107u te posthumno Besim-ef. \u010cani\u0107u, za njihovu presudnu ulogu u obnovi i razvoju Medrese u savremenom periodu.<\/p>\n<p>U svojim obra\u0107anjima zvani\u010dnici su naglasili da Behram-begova medresa nije samo obrazovna institucija, ve\u0107 va\u017ean dio identiteta Bosne i Hercegovine, simbol trajanja, znanja i moralnih vrijednosti.<\/p>\n<p>Akademija je zavr\u0161ena dovom za trajnost, napredak i bereket ove \u010dasne ustanove, uz poruku da \u0107e Behram-begova medresa i dalje ostati svjetionik znanja, vjere i plemenitosti za generacije koje dolaze.<\/p>\n","protected":false},"excerpt":{"rendered":"<p>U Kongresnoj dvorani hotela Mellain u Tuzli danas je sve\u010dano odr\u017eana akademija povodom velikog jubileja&hellip;<\/p>\n","protected":false},"author":2,"featured_media":301402,"comment_status":"closed","ping_status":"closed","sticky":false,"template":"","format":"standard","meta":{"_acf_changed":false,"footnotes":""},"categories":[304,12],"tags":[1354],"acf":[],"yoast_head":"<!-- This site is optimized with the Yoast SEO plugin v23.5 - https:\/\/yoast.com\/wordpress\/plugins\/seo\/ -->\n<title>Sve\u010dana akademija: Dodijeljena priznanja povodom 400 godina Behram-begove medrese - TuzlaInfo.ba<\/title>\n<meta name=\"robots\" content=\"index, follow, max-snippet:-1, max-image-preview:large, max-video-preview:-1\" \/>\n<link rel=\"canonical\" href=\"https:\/\/tuzlainfo.ba\/index.php\/novosti\/item\/301401-svecana-akademija-dodijeljena-priznanja-povodom-400-godina-behram-begove-medrese\/\" \/>\n<meta property=\"og:locale\" content=\"bs_BA\" \/>\n<meta property=\"og:type\" content=\"article\" \/>\n<meta property=\"og:title\" content=\"Sve\u010dana akademija: Dodijeljena priznanja povodom 400 godina Behram-begove medrese - TuzlaInfo.ba\" \/>\n<meta property=\"og:description\" content=\"U Kongresnoj dvorani hotela Mellain u Tuzli danas je sve\u010dano odr\u017eana akademija povodom velikog jubileja&hellip;\" \/>\n<meta property=\"og:url\" content=\"https:\/\/tuzlainfo.ba\/index.php\/novosti\/item\/301401-svecana-akademija-dodijeljena-priznanja-povodom-400-godina-behram-begove-medrese\/\" \/>\n<meta property=\"og:site_name\" content=\"TuzlaInfo.ba\" \/>\n<meta property=\"article:publisher\" content=\"https:\/\/www.facebook.com\/tuzlainfo.ba\/\" \/>\n<meta property=\"article:published_time\" content=\"2026-04-27T17:06:28+00:00\" \/>\n<meta property=\"article:modified_time\" content=\"2026-04-27T18:07:13+00:00\" \/>\n<meta property=\"og:image\" content=\"https:\/\/tuzlainfo.ba\/wp-content\/uploads\/2026\/04\/2704_akademija_medresa.jpg\" \/>\n\t<meta property=\"og:image:width\" content=\"1000\" \/>\n\t<meta property=\"og:image:height\" content=\"640\" \/>\n\t<meta property=\"og:image:type\" content=\"image\/jpeg\" \/>\n<meta name=\"author\" content=\"nedim\" \/>\n<meta name=\"twitter:card\" content=\"summary_large_image\" \/>\n<meta name=\"twitter:label1\" content=\"Written by\" \/>\n\t<meta name=\"twitter:data1\" content=\"nedim\" \/>\n\t<meta name=\"twitter:label2\" content=\"Est. reading time\" \/>\n\t<meta name=\"twitter:data2\" content=\"3 minute\" \/>\n<script type=\"application\/ld+json\" class=\"yoast-schema-graph\">{\"@context\":\"https:\/\/schema.org\",\"@graph\":[{\"@type\":\"Article\",\"@id\":\"https:\/\/tuzlainfo.ba\/index.php\/novosti\/item\/301401-svecana-akademija-dodijeljena-priznanja-povodom-400-godina-behram-begove-medrese\/#article\",\"isPartOf\":{\"@id\":\"https:\/\/tuzlainfo.ba\/index.php\/novosti\/item\/301401-svecana-akademija-dodijeljena-priznanja-povodom-400-godina-behram-begove-medrese\/\"},\"author\":{\"name\":\"nedim\",\"@id\":\"https:\/\/tuzlainfo.ba\/#\/schema\/person\/f434e20dc27ea133923aab08451b7f7f\"},\"headline\":\"Sve\u010dana akademija: Dodijeljena priznanja povodom 400 godina Behram-begove medrese\",\"datePublished\":\"2026-04-27T17:06:28+00:00\",\"dateModified\":\"2026-04-27T18:07:13+00:00\",\"mainEntityOfPage\":{\"@id\":\"https:\/\/tuzlainfo.ba\/index.php\/novosti\/item\/301401-svecana-akademija-dodijeljena-priznanja-povodom-400-godina-behram-begove-medrese\/\"},\"wordCount\":409,\"publisher\":{\"@id\":\"https:\/\/tuzlainfo.ba\/#organization\"},\"image\":{\"@id\":\"https:\/\/tuzlainfo.ba\/index.php\/novosti\/item\/301401-svecana-akademija-dodijeljena-priznanja-povodom-400-godina-behram-begove-medrese\/#primaryimage\"},\"thumbnailUrl\":\"https:\/\/tuzlainfo.ba\/wp-content\/uploads\/2026\/04\/2704_akademija_medresa.jpg\",\"keywords\":[\"Behram-begova medresa\"],\"articleSection\":[\"Istaknuto\",\"Novosti\"],\"inLanguage\":\"bs-BA\"},{\"@type\":\"WebPage\",\"@id\":\"https:\/\/tuzlainfo.ba\/index.php\/novosti\/item\/301401-svecana-akademija-dodijeljena-priznanja-povodom-400-godina-behram-begove-medrese\/\",\"url\":\"https:\/\/tuzlainfo.ba\/index.php\/novosti\/item\/301401-svecana-akademija-dodijeljena-priznanja-povodom-400-godina-behram-begove-medrese\/\",\"name\":\"Sve\u010dana akademija: Dodijeljena priznanja povodom 400 godina Behram-begove medrese - TuzlaInfo.ba\",\"isPartOf\":{\"@id\":\"https:\/\/tuzlainfo.ba\/#website\"},\"primaryImageOfPage\":{\"@id\":\"https:\/\/tuzlainfo.ba\/index.php\/novosti\/item\/301401-svecana-akademija-dodijeljena-priznanja-povodom-400-godina-behram-begove-medrese\/#primaryimage\"},\"image\":{\"@id\":\"https:\/\/tuzlainfo.ba\/index.php\/novosti\/item\/301401-svecana-akademija-dodijeljena-priznanja-povodom-400-godina-behram-begove-medrese\/#primaryimage\"},\"thumbnailUrl\":\"https:\/\/tuzlainfo.ba\/wp-content\/uploads\/2026\/04\/2704_akademija_medresa.jpg\",\"datePublished\":\"2026-04-27T17:06:28+00:00\",\"dateModified\":\"2026-04-27T18:07:13+00:00\",\"breadcrumb\":{\"@id\":\"https:\/\/tuzlainfo.ba\/index.php\/novosti\/item\/301401-svecana-akademija-dodijeljena-priznanja-povodom-400-godina-behram-begove-medrese\/#breadcrumb\"},\"inLanguage\":\"bs-BA\",\"potentialAction\":[{\"@type\":\"ReadAction\",\"target\":[\"https:\/\/tuzlainfo.ba\/index.php\/novosti\/item\/301401-svecana-akademija-dodijeljena-priznanja-povodom-400-godina-behram-begove-medrese\/\"]}]},{\"@type\":\"ImageObject\",\"inLanguage\":\"bs-BA\",\"@id\":\"https:\/\/tuzlainfo.ba\/index.php\/novosti\/item\/301401-svecana-akademija-dodijeljena-priznanja-povodom-400-godina-behram-begove-medrese\/#primaryimage\",\"url\":\"https:\/\/tuzlainfo.ba\/wp-content\/uploads\/2026\/04\/2704_akademija_medresa.jpg\",\"contentUrl\":\"https:\/\/tuzlainfo.ba\/wp-content\/uploads\/2026\/04\/2704_akademija_medresa.jpg\",\"width\":1000,\"height\":640},{\"@type\":\"BreadcrumbList\",\"@id\":\"https:\/\/tuzlainfo.ba\/index.php\/novosti\/item\/301401-svecana-akademija-dodijeljena-priznanja-povodom-400-godina-behram-begove-medrese\/#breadcrumb\",\"itemListElement\":[{\"@type\":\"ListItem\",\"position\":1,\"name\":\"Home\",\"item\":\"https:\/\/tuzlainfo.ba\/\"},{\"@type\":\"ListItem\",\"position\":2,\"name\":\"Sve\u010dana akademija: Dodijeljena priznanja povodom 400 godina Behram-begove medrese\"}]},{\"@type\":\"WebSite\",\"@id\":\"https:\/\/tuzlainfo.ba\/#website\",\"url\":\"https:\/\/tuzlainfo.ba\/\",\"name\":\"TuzlaInfo.ba\",\"description\":\"Tuzla info, gradski informator - Tuzla na dlanu\",\"publisher\":{\"@id\":\"https:\/\/tuzlainfo.ba\/#organization\"},\"potentialAction\":[{\"@type\":\"SearchAction\",\"target\":{\"@type\":\"EntryPoint\",\"urlTemplate\":\"https:\/\/tuzlainfo.ba\/?s={search_term_string}\"},\"query-input\":{\"@type\":\"PropertyValueSpecification\",\"valueRequired\":true,\"valueName\":\"search_term_string\"}}],\"inLanguage\":\"bs-BA\"},{\"@type\":\"Organization\",\"@id\":\"https:\/\/tuzlainfo.ba\/#organization\",\"name\":\"TuzlaInfo.ba\",\"url\":\"https:\/\/tuzlainfo.ba\/\",\"logo\":{\"@type\":\"ImageObject\",\"inLanguage\":\"bs-BA\",\"@id\":\"https:\/\/tuzlainfo.ba\/#\/schema\/logo\/image\/\",\"url\":\"https:\/\/tuzlainfo.ba\/wp-content\/uploads\/2021\/03\/logo-ver-3-1.png\",\"contentUrl\":\"https:\/\/tuzlainfo.ba\/wp-content\/uploads\/2021\/03\/logo-ver-3-1.png\",\"width\":350,\"height\":95,\"caption\":\"TuzlaInfo.ba\"},\"image\":{\"@id\":\"https:\/\/tuzlainfo.ba\/#\/schema\/logo\/image\/\"},\"sameAs\":[\"https:\/\/www.facebook.com\/tuzlainfo.ba\/\"]},{\"@type\":\"Person\",\"@id\":\"https:\/\/tuzlainfo.ba\/#\/schema\/person\/f434e20dc27ea133923aab08451b7f7f\",\"name\":\"nedim\",\"image\":{\"@type\":\"ImageObject\",\"inLanguage\":\"bs-BA\",\"@id\":\"https:\/\/tuzlainfo.ba\/#\/schema\/person\/image\/\",\"url\":\"https:\/\/tuzlainfo.ba\/wp-content\/litespeed\/avatar\/aabad687af24844af817603ac1cbdc4f.jpg?ver=1777306975\",\"contentUrl\":\"https:\/\/tuzlainfo.ba\/wp-content\/litespeed\/avatar\/aabad687af24844af817603ac1cbdc4f.jpg?ver=1777306975\",\"caption\":\"nedim\"},\"description\":\"Tuzlainfo.ba pratite na dru\u0161tvenim mre\u017eama: Facebook, Instagram i Youtube. Svoje pri\u010de, upite i fotografije \u0161aljite na na\u0161u e-mail adresu.\"}]}<\/script>\n<!-- \/ Yoast SEO plugin. -->","yoast_head_json":{"title":"Sve\u010dana akademija: Dodijeljena priznanja povodom 400 godina Behram-begove medrese - TuzlaInfo.ba","robots":{"index":"index","follow":"follow","max-snippet":"max-snippet:-1","max-image-preview":"max-image-preview:large","max-video-preview":"max-video-preview:-1"},"canonical":"https:\/\/tuzlainfo.ba\/index.php\/novosti\/item\/301401-svecana-akademija-dodijeljena-priznanja-povodom-400-godina-behram-begove-medrese\/","og_locale":"bs_BA","og_type":"article","og_title":"Sve\u010dana akademija: Dodijeljena priznanja povodom 400 godina Behram-begove medrese - TuzlaInfo.ba","og_description":"U Kongresnoj dvorani hotela Mellain u Tuzli danas je sve\u010dano odr\u017eana akademija povodom velikog jubileja&hellip;","og_url":"https:\/\/tuzlainfo.ba\/index.php\/novosti\/item\/301401-svecana-akademija-dodijeljena-priznanja-povodom-400-godina-behram-begove-medrese\/","og_site_name":"TuzlaInfo.ba","article_publisher":"https:\/\/www.facebook.com\/tuzlainfo.ba\/","article_published_time":"2026-04-27T17:06:28+00:00","article_modified_time":"2026-04-27T18:07:13+00:00","og_image":[{"width":1000,"height":640,"url":"https:\/\/tuzlainfo.ba\/wp-content\/uploads\/2026\/04\/2704_akademija_medresa.jpg","type":"image\/jpeg"}],"author":"nedim","twitter_card":"summary_large_image","twitter_misc":{"Written by":"nedim","Est. reading time":"3 minute"},"schema":{"@context":"https:\/\/schema.org","@graph":[{"@type":"Article","@id":"https:\/\/tuzlainfo.ba\/index.php\/novosti\/item\/301401-svecana-akademija-dodijeljena-priznanja-povodom-400-godina-behram-begove-medrese\/#article","isPartOf":{"@id":"https:\/\/tuzlainfo.ba\/index.php\/novosti\/item\/301401-svecana-akademija-dodijeljena-priznanja-povodom-400-godina-behram-begove-medrese\/"},"author":{"name":"nedim","@id":"https:\/\/tuzlainfo.ba\/#\/schema\/person\/f434e20dc27ea133923aab08451b7f7f"},"headline":"Sve\u010dana akademija: Dodijeljena priznanja povodom 400 godina Behram-begove medrese","datePublished":"2026-04-27T17:06:28+00:00","dateModified":"2026-04-27T18:07:13+00:00","mainEntityOfPage":{"@id":"https:\/\/tuzlainfo.ba\/index.php\/novosti\/item\/301401-svecana-akademija-dodijeljena-priznanja-povodom-400-godina-behram-begove-medrese\/"},"wordCount":409,"publisher":{"@id":"https:\/\/tuzlainfo.ba\/#organization"},"image":{"@id":"https:\/\/tuzlainfo.ba\/index.php\/novosti\/item\/301401-svecana-akademija-dodijeljena-priznanja-povodom-400-godina-behram-begove-medrese\/#primaryimage"},"thumbnailUrl":"https:\/\/tuzlainfo.ba\/wp-content\/uploads\/2026\/04\/2704_akademija_medresa.jpg","keywords":["Behram-begova medresa"],"articleSection":["Istaknuto","Novosti"],"inLanguage":"bs-BA"},{"@type":"WebPage","@id":"https:\/\/tuzlainfo.ba\/index.php\/novosti\/item\/301401-svecana-akademija-dodijeljena-priznanja-povodom-400-godina-behram-begove-medrese\/","url":"https:\/\/tuzlainfo.ba\/index.php\/novosti\/item\/301401-svecana-akademija-dodijeljena-priznanja-povodom-400-godina-behram-begove-medrese\/","name":"Sve\u010dana akademija: Dodijeljena priznanja povodom 400 godina Behram-begove medrese - TuzlaInfo.ba","isPartOf":{"@id":"https:\/\/tuzlainfo.ba\/#website"},"primaryImageOfPage":{"@id":"https:\/\/tuzlainfo.ba\/index.php\/novosti\/item\/301401-svecana-akademija-dodijeljena-priznanja-povodom-400-godina-behram-begove-medrese\/#primaryimage"},"image":{"@id":"https:\/\/tuzlainfo.ba\/index.php\/novosti\/item\/301401-svecana-akademija-dodijeljena-priznanja-povodom-400-godina-behram-begove-medrese\/#primaryimage"},"thumbnailUrl":"https:\/\/tuzlainfo.ba\/wp-content\/uploads\/2026\/04\/2704_akademija_medresa.jpg","datePublished":"2026-04-27T17:06:28+00:00","dateModified":"2026-04-27T18:07:13+00:00","breadcrumb":{"@id":"https:\/\/tuzlainfo.ba\/index.php\/novosti\/item\/301401-svecana-akademija-dodijeljena-priznanja-povodom-400-godina-behram-begove-medrese\/#breadcrumb"},"inLanguage":"bs-BA","potentialAction":[{"@type":"ReadAction","target":["https:\/\/tuzlainfo.ba\/index.php\/novosti\/item\/301401-svecana-akademija-dodijeljena-priznanja-povodom-400-godina-behram-begove-medrese\/"]}]},{"@type":"ImageObject","inLanguage":"bs-BA","@id":"https:\/\/tuzlainfo.ba\/index.php\/novosti\/item\/301401-svecana-akademija-dodijeljena-priznanja-povodom-400-godina-behram-begove-medrese\/#primaryimage","url":"https:\/\/tuzlainfo.ba\/wp-content\/uploads\/2026\/04\/2704_akademija_medresa.jpg","contentUrl":"https:\/\/tuzlainfo.ba\/wp-content\/uploads\/2026\/04\/2704_akademija_medresa.jpg","width":1000,"height":640},{"@type":"BreadcrumbList","@id":"https:\/\/tuzlainfo.ba\/index.php\/novosti\/item\/301401-svecana-akademija-dodijeljena-priznanja-povodom-400-godina-behram-begove-medrese\/#breadcrumb","itemListElement":[{"@type":"ListItem","position":1,"name":"Home","item":"https:\/\/tuzlainfo.ba\/"},{"@type":"ListItem","position":2,"name":"Sve\u010dana akademija: Dodijeljena priznanja povodom 400 godina Behram-begove medrese"}]},{"@type":"WebSite","@id":"https:\/\/tuzlainfo.ba\/#website","url":"https:\/\/tuzlainfo.ba\/","name":"TuzlaInfo.ba","description":"Tuzla info, gradski informator - Tuzla na dlanu","publisher":{"@id":"https:\/\/tuzlainfo.ba\/#organization"},"potentialAction":[{"@type":"SearchAction","target":{"@type":"EntryPoint","urlTemplate":"https:\/\/tuzlainfo.ba\/?s={search_term_string}"},"query-input":{"@type":"PropertyValueSpecification","valueRequired":true,"valueName":"search_term_string"}}],"inLanguage":"bs-BA"},{"@type":"Organization","@id":"https:\/\/tuzlainfo.ba\/#organization","name":"TuzlaInfo.ba","url":"https:\/\/tuzlainfo.ba\/","logo":{"@type":"ImageObject","inLanguage":"bs-BA","@id":"https:\/\/tuzlainfo.ba\/#\/schema\/logo\/image\/","url":"https:\/\/tuzlainfo.ba\/wp-content\/uploads\/2021\/03\/logo-ver-3-1.png","contentUrl":"https:\/\/tuzlainfo.ba\/wp-content\/uploads\/2021\/03\/logo-ver-3-1.png","width":350,"height":95,"caption":"TuzlaInfo.ba"},"image":{"@id":"https:\/\/tuzlainfo.ba\/#\/schema\/logo\/image\/"},"sameAs":["https:\/\/www.facebook.com\/tuzlainfo.ba\/"]},{"@type":"Person","@id":"https:\/\/tuzlainfo.ba\/#\/schema\/person\/f434e20dc27ea133923aab08451b7f7f","name":"nedim","image":{"@type":"ImageObject","inLanguage":"bs-BA","@id":"https:\/\/tuzlainfo.ba\/#\/schema\/person\/image\/","url":"https:\/\/tuzlainfo.ba\/wp-content\/litespeed\/avatar\/aabad687af24844af817603ac1cbdc4f.jpg?ver=1777306975","contentUrl":"https:\/\/tuzlainfo.ba\/wp-content\/litespeed\/avatar\/aabad687af24844af817603ac1cbdc4f.jpg?ver=1777306975","caption":"nedim"},"description":"Tuzlainfo.ba pratite na dru\u0161tvenim mre\u017eama: Facebook, Instagram i Youtube. Svoje pri\u010de, upite i fotografije \u0161aljite na na\u0161u e-mail adresu."}]}},"_links":{"self":[{"href":"https:\/\/tuzlainfo.ba\/index.php\/wp-json\/wp\/v2\/posts\/301401"}],"collection":[{"href":"https:\/\/tuzlainfo.ba\/index.php\/wp-json\/wp\/v2\/posts"}],"about":[{"href":"https:\/\/tuzlainfo.ba\/index.php\/wp-json\/wp\/v2\/types\/post"}],"author":[{"embeddable":true,"href":"https:\/\/tuzlainfo.ba\/index.php\/wp-json\/wp\/v2\/users\/2"}],"replies":[{"embeddable":true,"href":"https:\/\/tuzlainfo.ba\/index.php\/wp-json\/wp\/v2\/comments?post=301401"}],"version-history":[{"count":4,"href":"https:\/\/tuzlainfo.ba\/index.php\/wp-json\/wp\/v2\/posts\/301401\/revisions"}],"predecessor-version":[{"id":301416,"href":"https:\/\/tuzlainfo.ba\/index.php\/wp-json\/wp\/v2\/posts\/301401\/revisions\/301416"}],"wp:featuredmedia":[{"embeddable":true,"href":"https:\/\/tuzlainfo.ba\/index.php\/wp-json\/wp\/v2\/media\/301402"}],"wp:attachment":[{"href":"https:\/\/tuzlainfo.ba\/index.php\/wp-json\/wp\/v2\/media?parent=301401"}],"wp:term":[{"taxonomy":"category","embeddable":true,"href":"https:\/\/tuzlainfo.ba\/index.php\/wp-json\/wp\/v2\/categories?post=301401"},{"taxonomy":"post_tag","embeddable":true,"href":"https:\/\/tuzlainfo.ba\/index.php\/wp-json\/wp\/v2\/tags?post=301401"}],"curies":[{"name":"wp","href":"https:\/\/api.w.org\/{rel}","templated":true}]}}