{"id":301352,"date":"2026-04-27T10:49:19","date_gmt":"2026-04-27T08:49:19","guid":{"rendered":"https:\/\/tuzlainfo.ba\/?p=301352"},"modified":"2026-04-27T10:49:19","modified_gmt":"2026-04-27T08:49:19","slug":"divna-slika-iz-mejdana-vise-od-250-kosarkasica-i-kosarkasa-na-zavrsinici-lige-mladih-kstk","status":"publish","type":"post","link":"https:\/\/tuzlainfo.ba\/index.php\/novosti\/item\/301352-divna-slika-iz-mejdana-vise-od-250-kosarkasica-i-kosarkasa-na-zavrsinici-lige-mladih-kstk\/","title":{"rendered":"Divna slika iz Mejdana: Vi\u0161e od 250 ko\u0161arka\u0161ica i ko\u0161arka\u0161a na zavr\u0161inici Lige mladih KSTK"},"content":{"rendered":"<p>U Tuzli je ju\u010der u SKPC Mejdan odr\u017eana sve\u010dana ceremonija dodjele pehara i medalja za ostvarene plasmane u Ligi mladih Ko\u0161arka\u0161kog saveza Tuzlanskog kantona u mu\u0161koj i \u017eenskoj konkurenciji.<\/p>\n<p>Ceremonija je uprili\u010dena nakon zavr\u0161etka finalne utakmice Final Foura za juniore, a Mejdan je tom prilikom ponudio prelijepu sliku \u2013 na parketu se na\u0161lo vi\u0161e od 250 ko\u0161arka\u0161a i ko\u0161arka\u0161ica, uz veliki broj roditelja, trenra, saigra\u010da i publike koji su podr\u017eali mlade ko\u0161arka\u0161e.<\/p>\n<p><img fetchpriority=\"high\" decoding=\"async\" class=\"alignnone size-full wp-image-301354\" src=\"https:\/\/tuzlainfo.ba\/wp-content\/uploads\/2026\/04\/Dodjela-priznanja-2.jpg\" alt=\"\" width=\"1200\" height=\"574\" srcset=\"https:\/\/tuzlainfo.ba\/wp-content\/uploads\/2026\/04\/Dodjela-priznanja-2.jpg 1200w, https:\/\/tuzlainfo.ba\/wp-content\/uploads\/2026\/04\/Dodjela-priznanja-2-300x144.jpg 300w, https:\/\/tuzlainfo.ba\/wp-content\/uploads\/2026\/04\/Dodjela-priznanja-2-1024x490.jpg 1024w, https:\/\/tuzlainfo.ba\/wp-content\/uploads\/2026\/04\/Dodjela-priznanja-2-768x367.jpg 768w, https:\/\/tuzlainfo.ba\/wp-content\/uploads\/2026\/04\/Dodjela-priznanja-2-1170x560.jpg 1170w, https:\/\/tuzlainfo.ba\/wp-content\/uploads\/2026\/04\/Dodjela-priznanja-2-585x280.jpg 585w, https:\/\/tuzlainfo.ba\/wp-content\/uploads\/2026\/04\/Dodjela-priznanja-2-150x72.jpg 150w, https:\/\/tuzlainfo.ba\/wp-content\/uploads\/2026\/04\/Dodjela-priznanja-2-500x239.jpg 500w\" sizes=\"(max-width: 1200px) 100vw, 1200px\" \/><\/p>\n<p>U ovogodi\u0161njoj sezoni Lige mladih u\u010destvovala su 33 tima u tri uzrasne kategorije iz ukupno 13 klubova u mu\u0161koj konkurenciji, te 13 timova iz \u0161est klubova u \u017eenskoj konkurenciji. Rije\u010d je o najdugovje\u010dnijem takmi\u010denju za mla\u0111e kategorije u Bosni i Hercegovini, koje se u mu\u0161koj konurenciji kontinuirano odr\u017eava jo\u0161 od 1998. godine.<\/p>\n<div id=\"penci-post-gallery__74516\" class=\"penci-post-gallery-container masonry grid column-3\" data-height=\"150\" data-margin=\"3\"><div class=\"inner-gallery-masonry-container\"><div class=\"item-gallery-masonry grid\"><a class=\"\" href=\"https:\/\/tuzlainfo.ba\/wp-content\/uploads\/2026\/04\/Dodjela-priznanja-5.jpg\"><div class=\"inner-item-masonry-gallery\"><img decoding=\"async\" src=\"https:\/\/tuzlainfo.ba\/wp-content\/uploads\/2026\/04\/Dodjela-priznanja-5-585x390.jpg\" alt=\"\" title=\"Dodjela priznanja (5)\"><\/div><\/a><\/div><div class=\"item-gallery-masonry grid\"><a class=\"\" href=\"https:\/\/tuzlainfo.ba\/wp-content\/uploads\/2026\/04\/Dodjela-priznanja-4.jpg\"><div class=\"inner-item-masonry-gallery\"><img decoding=\"async\" src=\"https:\/\/tuzlainfo.ba\/wp-content\/uploads\/2026\/04\/Dodjela-priznanja-4-585x390.jpg\" alt=\"\" title=\"Dodjela priznanja (4)\"><\/div><\/a><\/div><div class=\"item-gallery-masonry grid\"><a class=\"\" href=\"https:\/\/tuzlainfo.ba\/wp-content\/uploads\/2026\/04\/Dodjela-priznanja-3.jpg\"><div class=\"inner-item-masonry-gallery\"><img decoding=\"async\" src=\"https:\/\/tuzlainfo.ba\/wp-content\/uploads\/2026\/04\/Dodjela-priznanja-3-585x390.jpg\" alt=\"\" title=\"Dodjela priznanja (3)\"><\/div><\/a><\/div><div class=\"item-gallery-masonry grid\"><a class=\"\" href=\"https:\/\/tuzlainfo.ba\/wp-content\/uploads\/2026\/04\/Dodjela-priznanja-1.jpg\"><div class=\"inner-item-masonry-gallery\"><img decoding=\"async\" src=\"https:\/\/tuzlainfo.ba\/wp-content\/uploads\/2026\/04\/Dodjela-priznanja-1-585x390.jpg\" alt=\"\" title=\"Dodjela priznanja (1)\"><\/div><\/a><\/div><div class=\"item-gallery-masonry grid\"><a class=\"\" href=\"https:\/\/tuzlainfo.ba\/wp-content\/uploads\/2026\/04\/Dodjela-priznanja-6.jpg\"><div class=\"inner-item-masonry-gallery\"><img decoding=\"async\" src=\"https:\/\/tuzlainfo.ba\/wp-content\/uploads\/2026\/04\/Dodjela-priznanja-6-585x390.jpg\" alt=\"\" title=\"Dodjela priznanja (6)\"><\/div><\/a><\/div><\/div><\/div>\n<p>Kada je rije\u010d o mu\u0161koj konkurenciji, u kategoriji pionira prvo mjesto osvojila je Sloboda Energoinvest, drugo mjesto pripalo je ekipi Dragons, dok je tre\u0107eplasirani bio Findo Doboj. U konkurenciji kadeta slavila je Sloboda Energoinvest, drugo mjesto zauzela je ekipa Br\u010dko Distrikt, a tre\u0107e mjesto pripalo je tuzlasnkim Dragonsima. Kod juniora, titulu prvaka osvojila je Sloboda Energoinvest, drugo mjesto pripalo je Gra\u010danici, dok je tre\u0107e mjesto zauzeo Basket \u017divinice.<\/p>\n<p><img decoding=\"async\" class=\"alignnone size-full wp-image-301363\" src=\"https:\/\/tuzlainfo.ba\/wp-content\/uploads\/2026\/04\/OKK-Sloboda-Pobjednici-u-tri-muske-lige.jpg\" alt=\"\" width=\"1200\" height=\"587\" srcset=\"https:\/\/tuzlainfo.ba\/wp-content\/uploads\/2026\/04\/OKK-Sloboda-Pobjednici-u-tri-muske-lige.jpg 1200w, https:\/\/tuzlainfo.ba\/wp-content\/uploads\/2026\/04\/OKK-Sloboda-Pobjednici-u-tri-muske-lige-300x147.jpg 300w, https:\/\/tuzlainfo.ba\/wp-content\/uploads\/2026\/04\/OKK-Sloboda-Pobjednici-u-tri-muske-lige-1024x501.jpg 1024w, https:\/\/tuzlainfo.ba\/wp-content\/uploads\/2026\/04\/OKK-Sloboda-Pobjednici-u-tri-muske-lige-768x376.jpg 768w, https:\/\/tuzlainfo.ba\/wp-content\/uploads\/2026\/04\/OKK-Sloboda-Pobjednici-u-tri-muske-lige-1170x572.jpg 1170w, https:\/\/tuzlainfo.ba\/wp-content\/uploads\/2026\/04\/OKK-Sloboda-Pobjednici-u-tri-muske-lige-585x286.jpg 585w, https:\/\/tuzlainfo.ba\/wp-content\/uploads\/2026\/04\/OKK-Sloboda-Pobjednici-u-tri-muske-lige-150x73.jpg 150w, https:\/\/tuzlainfo.ba\/wp-content\/uploads\/2026\/04\/OKK-Sloboda-Pobjednici-u-tri-muske-lige-500x245.jpg 500w\" sizes=\"(max-width: 1200px) 100vw, 1200px\" \/><\/p>\n<p>U \u017eenskoj konkurenciji, kod pionirki najuspje\u0161nije su bile ko\u0161arka\u0161ice RMU Banovi\u0107i koje su osvojile prvo mjesto, drugo mjesto pripalo je Gstars Gra\u010danici, dok su tre\u0107e bile ko\u0161arka\u0161ice StarTZ iz Tuzle. \u010cetvrto mjesto osvojila je Bosna Kalesija, a peto Jedinstvo Tuzla.<\/p>\n<p>U konkurenciji kadetkinja, titulu prvaka tako\u0111er je osvojila ekipa RMU Banovi\u0107i, drugo mjesto pripalo je Gstars Gra\u010danici, tre\u0107e Startzu iz Tuzle, dok je \u010detvrto mjesto zauzelo Jedinstvo Tuzla.<\/p>\n<p>Kod juniorki, prvo mjesto i titulu prvaka osvojile su ko\u0161arka\u0161ice RMU Banovi\u0107i, drugo mjesto pripalo je Jedinstvu iz Tuzle, tre\u0107e mjesto Startzu iz Tuzle, dok je \u010detvrto mjesto zauzela ekipa Silver Queens iz Srebrenika.<\/p>\n<p><img decoding=\"async\" class=\"alignnone size-full wp-image-301364\" src=\"https:\/\/tuzlainfo.ba\/wp-content\/uploads\/2026\/04\/RMU-Banovici-Pobjednice-u-tri-zenske-lige.jpg\" alt=\"\" width=\"1121\" height=\"700\" srcset=\"https:\/\/tuzlainfo.ba\/wp-content\/uploads\/2026\/04\/RMU-Banovici-Pobjednice-u-tri-zenske-lige.jpg 1121w, https:\/\/tuzlainfo.ba\/wp-content\/uploads\/2026\/04\/RMU-Banovici-Pobjednice-u-tri-zenske-lige-300x187.jpg 300w, https:\/\/tuzlainfo.ba\/wp-content\/uploads\/2026\/04\/RMU-Banovici-Pobjednice-u-tri-zenske-lige-1024x639.jpg 1024w, https:\/\/tuzlainfo.ba\/wp-content\/uploads\/2026\/04\/RMU-Banovici-Pobjednice-u-tri-zenske-lige-768x480.jpg 768w, https:\/\/tuzlainfo.ba\/wp-content\/uploads\/2026\/04\/RMU-Banovici-Pobjednice-u-tri-zenske-lige-585x365.jpg 585w, https:\/\/tuzlainfo.ba\/wp-content\/uploads\/2026\/04\/RMU-Banovici-Pobjednice-u-tri-zenske-lige-150x94.jpg 150w, https:\/\/tuzlainfo.ba\/wp-content\/uploads\/2026\/04\/RMU-Banovici-Pobjednice-u-tri-zenske-lige-500x312.jpg 500w\" sizes=\"(max-width: 1121px) 100vw, 1121px\" \/><\/p>\n<p>Na parketu su se na\u0161le i ekipe predpionira, kojima je ove sezone prvi put organizovana liga po turnirskom sistemu, bez rezultata i pobjednika, a igra\u010di iz svih devet ekipa su dobili svoje medalje.<\/p>\n<p>Stru\u010dni \u0161tabovi klubova odabrali su i najbolje petorke zavr\u0161nih turnira po kategorijama.<\/p>\n<p>U konkurenciji kadeta u najbolju petorku uvr\u0161teni su Tarik Ke\u0161etovi\u0107 (Gradina Yavuz), Alen Jovanovi\u0107 (Dragons), Uro\u0161 Arseni\u0107 (Br\u010dko Distrikt), Arman Be\u0161i\u0107 (Sloboda) i Alem Elezovi\u0107 (Sloboda). Kod pionira priznanja su dobili Petar Todorovi\u0107 (Br\u010dko Distrikt), Nikola Kuzmanovi\u0107 (Findo), Dino Bor\u010dak (Dragons), Din Sijer\u010di\u0107 (Sloboda) i Marin Kre\u0161i\u0107 (Sloboda). Najbolju petorku juniora \u010dine Muhamed Spahi\u0107 (Basket \u017divinice), Amar Salihba\u0161i\u0107 (Gra\u010danica), Haris Nuhi\u0107 (Lions), Ilhan Muj\u010dinovi\u0107 (Sloboda) i Faris Hasanba\u0161i\u0107 (Sloboda).<\/p>\n<div id=\"penci-post-gallery__19884\" class=\"penci-post-gallery-container masonry grid column-3\" data-height=\"150\" data-margin=\"3\"><div class=\"inner-gallery-masonry-container\"><div class=\"item-gallery-masonry grid\"><a class=\"\" href=\"https:\/\/tuzlainfo.ba\/wp-content\/uploads\/2026\/04\/Najbolje-petorke-2.jpg\"><div class=\"inner-item-masonry-gallery\"><img decoding=\"async\" src=\"https:\/\/tuzlainfo.ba\/wp-content\/uploads\/2026\/04\/Najbolje-petorke-2-585x390.jpg\" alt=\"\" title=\"Najbolje petorke (2)\"><\/div><\/a><\/div><div class=\"item-gallery-masonry grid\"><a class=\"\" href=\"https:\/\/tuzlainfo.ba\/wp-content\/uploads\/2026\/04\/Najbolje-petorke-1.jpg\"><div class=\"inner-item-masonry-gallery\"><img decoding=\"async\" src=\"https:\/\/tuzlainfo.ba\/wp-content\/uploads\/2026\/04\/Najbolje-petorke-1-585x390.jpg\" alt=\"\" title=\"Najbolje petorke (1)\"><\/div><\/a><\/div><div class=\"item-gallery-masonry grid\"><a class=\"\" href=\"https:\/\/tuzlainfo.ba\/wp-content\/uploads\/2026\/04\/Najbolje-petorke-3.jpg\"><div class=\"inner-item-masonry-gallery\"><img decoding=\"async\" src=\"https:\/\/tuzlainfo.ba\/wp-content\/uploads\/2026\/04\/Najbolje-petorke-3-585x390.jpg\" alt=\"\" title=\"Najbolje petorke (3)\"><\/div><\/a><\/div><\/div><\/div>\n<p>Po dvije najbolje ekipe iz svih konkurencija izborile su plasman u Ligu mladih sistema A Ko\u0161arka\u0161kog saveza Bosne i Hercegovine.<\/p>\n<p>Organizaciju lige i ove godine finansijski je podr\u017ealo Ministarstvo za kulturu, sport i mlade Tuzlanskog kantona kroz programe sufinansiranja sportskih aktivnosti mladih.<\/p>\n","protected":false},"excerpt":{"rendered":"<p>U Tuzli je ju\u010der u SKPC Mejdan odr\u017eana sve\u010dana ceremonija dodjele pehara i medalja za&hellip;<\/p>\n","protected":false},"author":2,"featured_media":301359,"comment_status":"closed","ping_status":"closed","sticky":false,"template":"","format":"standard","meta":{"_acf_changed":false,"footnotes":""},"categories":[304,12],"tags":[9921,915],"acf":[],"yoast_head":"<!-- This site is optimized with the Yoast SEO plugin v23.5 - https:\/\/yoast.com\/wordpress\/plugins\/seo\/ -->\n<title>Divna slika iz Mejdana: Vi\u0161e od 250 ko\u0161arka\u0161ica i ko\u0161arka\u0161a na zavr\u0161inici Lige mladih KSTK - TuzlaInfo.ba<\/title>\n<meta name=\"robots\" content=\"index, follow, max-snippet:-1, max-image-preview:large, max-video-preview:-1\" \/>\n<link rel=\"canonical\" href=\"https:\/\/tuzlainfo.ba\/index.php\/novosti\/item\/301352-divna-slika-iz-mejdana-vise-od-250-kosarkasica-i-kosarkasa-na-zavrsinici-lige-mladih-kstk\/\" \/>\n<meta property=\"og:locale\" content=\"bs_BA\" \/>\n<meta property=\"og:type\" content=\"article\" \/>\n<meta property=\"og:title\" content=\"Divna slika iz Mejdana: Vi\u0161e od 250 ko\u0161arka\u0161ica i ko\u0161arka\u0161a na zavr\u0161inici Lige mladih KSTK - TuzlaInfo.ba\" \/>\n<meta property=\"og:description\" content=\"U Tuzli je ju\u010der u SKPC Mejdan odr\u017eana sve\u010dana ceremonija dodjele pehara i medalja za&hellip;\" \/>\n<meta property=\"og:url\" content=\"https:\/\/tuzlainfo.ba\/index.php\/novosti\/item\/301352-divna-slika-iz-mejdana-vise-od-250-kosarkasica-i-kosarkasa-na-zavrsinici-lige-mladih-kstk\/\" \/>\n<meta property=\"og:site_name\" content=\"TuzlaInfo.ba\" \/>\n<meta property=\"article:publisher\" content=\"https:\/\/www.facebook.com\/tuzlainfo.ba\/\" \/>\n<meta property=\"article:published_time\" content=\"2026-04-27T08:49:19+00:00\" \/>\n<meta property=\"og:image\" content=\"https:\/\/tuzlainfo.ba\/wp-content\/uploads\/2026\/04\/IMG_1241.jpg\" \/>\n\t<meta property=\"og:image:width\" content=\"1200\" \/>\n\t<meta property=\"og:image:height\" content=\"571\" \/>\n\t<meta property=\"og:image:type\" content=\"image\/jpeg\" \/>\n<meta name=\"author\" content=\"nedim\" \/>\n<meta name=\"twitter:card\" content=\"summary_large_image\" \/>\n<meta name=\"twitter:label1\" content=\"Written by\" \/>\n\t<meta name=\"twitter:data1\" content=\"nedim\" \/>\n\t<meta name=\"twitter:label2\" content=\"Est. reading time\" \/>\n\t<meta name=\"twitter:data2\" content=\"4 minute\" \/>\n<script type=\"application\/ld+json\" class=\"yoast-schema-graph\">{\"@context\":\"https:\/\/schema.org\",\"@graph\":[{\"@type\":\"Article\",\"@id\":\"https:\/\/tuzlainfo.ba\/index.php\/novosti\/item\/301352-divna-slika-iz-mejdana-vise-od-250-kosarkasica-i-kosarkasa-na-zavrsinici-lige-mladih-kstk\/#article\",\"isPartOf\":{\"@id\":\"https:\/\/tuzlainfo.ba\/index.php\/novosti\/item\/301352-divna-slika-iz-mejdana-vise-od-250-kosarkasica-i-kosarkasa-na-zavrsinici-lige-mladih-kstk\/\"},\"author\":{\"name\":\"nedim\",\"@id\":\"https:\/\/tuzlainfo.ba\/#\/schema\/person\/f434e20dc27ea133923aab08451b7f7f\"},\"headline\":\"Divna slika iz Mejdana: Vi\u0161e od 250 ko\u0161arka\u0161ica i ko\u0161arka\u0161a na zavr\u0161inici Lige mladih KSTK\",\"datePublished\":\"2026-04-27T08:49:19+00:00\",\"dateModified\":\"2026-04-27T08:49:19+00:00\",\"mainEntityOfPage\":{\"@id\":\"https:\/\/tuzlainfo.ba\/index.php\/novosti\/item\/301352-divna-slika-iz-mejdana-vise-od-250-kosarkasica-i-kosarkasa-na-zavrsinici-lige-mladih-kstk\/\"},\"wordCount\":544,\"publisher\":{\"@id\":\"https:\/\/tuzlainfo.ba\/#organization\"},\"image\":{\"@id\":\"https:\/\/tuzlainfo.ba\/index.php\/novosti\/item\/301352-divna-slika-iz-mejdana-vise-od-250-kosarkasica-i-kosarkasa-na-zavrsinici-lige-mladih-kstk\/#primaryimage\"},\"thumbnailUrl\":\"https:\/\/tuzlainfo.ba\/wp-content\/uploads\/2026\/04\/IMG_1241.jpg\",\"keywords\":[\"liga mladih KSTK\",\"sport\"],\"articleSection\":[\"Istaknuto\",\"Novosti\"],\"inLanguage\":\"bs-BA\"},{\"@type\":\"WebPage\",\"@id\":\"https:\/\/tuzlainfo.ba\/index.php\/novosti\/item\/301352-divna-slika-iz-mejdana-vise-od-250-kosarkasica-i-kosarkasa-na-zavrsinici-lige-mladih-kstk\/\",\"url\":\"https:\/\/tuzlainfo.ba\/index.php\/novosti\/item\/301352-divna-slika-iz-mejdana-vise-od-250-kosarkasica-i-kosarkasa-na-zavrsinici-lige-mladih-kstk\/\",\"name\":\"Divna slika iz Mejdana: Vi\u0161e od 250 ko\u0161arka\u0161ica i ko\u0161arka\u0161a na zavr\u0161inici Lige mladih KSTK - TuzlaInfo.ba\",\"isPartOf\":{\"@id\":\"https:\/\/tuzlainfo.ba\/#website\"},\"primaryImageOfPage\":{\"@id\":\"https:\/\/tuzlainfo.ba\/index.php\/novosti\/item\/301352-divna-slika-iz-mejdana-vise-od-250-kosarkasica-i-kosarkasa-na-zavrsinici-lige-mladih-kstk\/#primaryimage\"},\"image\":{\"@id\":\"https:\/\/tuzlainfo.ba\/index.php\/novosti\/item\/301352-divna-slika-iz-mejdana-vise-od-250-kosarkasica-i-kosarkasa-na-zavrsinici-lige-mladih-kstk\/#primaryimage\"},\"thumbnailUrl\":\"https:\/\/tuzlainfo.ba\/wp-content\/uploads\/2026\/04\/IMG_1241.jpg\",\"datePublished\":\"2026-04-27T08:49:19+00:00\",\"dateModified\":\"2026-04-27T08:49:19+00:00\",\"breadcrumb\":{\"@id\":\"https:\/\/tuzlainfo.ba\/index.php\/novosti\/item\/301352-divna-slika-iz-mejdana-vise-od-250-kosarkasica-i-kosarkasa-na-zavrsinici-lige-mladih-kstk\/#breadcrumb\"},\"inLanguage\":\"bs-BA\",\"potentialAction\":[{\"@type\":\"ReadAction\",\"target\":[\"https:\/\/tuzlainfo.ba\/index.php\/novosti\/item\/301352-divna-slika-iz-mejdana-vise-od-250-kosarkasica-i-kosarkasa-na-zavrsinici-lige-mladih-kstk\/\"]}]},{\"@type\":\"ImageObject\",\"inLanguage\":\"bs-BA\",\"@id\":\"https:\/\/tuzlainfo.ba\/index.php\/novosti\/item\/301352-divna-slika-iz-mejdana-vise-od-250-kosarkasica-i-kosarkasa-na-zavrsinici-lige-mladih-kstk\/#primaryimage\",\"url\":\"https:\/\/tuzlainfo.ba\/wp-content\/uploads\/2026\/04\/IMG_1241.jpg\",\"contentUrl\":\"https:\/\/tuzlainfo.ba\/wp-content\/uploads\/2026\/04\/IMG_1241.jpg\",\"width\":1200,\"height\":571},{\"@type\":\"BreadcrumbList\",\"@id\":\"https:\/\/tuzlainfo.ba\/index.php\/novosti\/item\/301352-divna-slika-iz-mejdana-vise-od-250-kosarkasica-i-kosarkasa-na-zavrsinici-lige-mladih-kstk\/#breadcrumb\",\"itemListElement\":[{\"@type\":\"ListItem\",\"position\":1,\"name\":\"Home\",\"item\":\"https:\/\/tuzlainfo.ba\/\"},{\"@type\":\"ListItem\",\"position\":2,\"name\":\"Divna slika iz Mejdana: Vi\u0161e od 250 ko\u0161arka\u0161ica i ko\u0161arka\u0161a na zavr\u0161inici Lige mladih KSTK\"}]},{\"@type\":\"WebSite\",\"@id\":\"https:\/\/tuzlainfo.ba\/#website\",\"url\":\"https:\/\/tuzlainfo.ba\/\",\"name\":\"TuzlaInfo.ba\",\"description\":\"Tuzla info, gradski informator - Tuzla na dlanu\",\"publisher\":{\"@id\":\"https:\/\/tuzlainfo.ba\/#organization\"},\"potentialAction\":[{\"@type\":\"SearchAction\",\"target\":{\"@type\":\"EntryPoint\",\"urlTemplate\":\"https:\/\/tuzlainfo.ba\/?s={search_term_string}\"},\"query-input\":{\"@type\":\"PropertyValueSpecification\",\"valueRequired\":true,\"valueName\":\"search_term_string\"}}],\"inLanguage\":\"bs-BA\"},{\"@type\":\"Organization\",\"@id\":\"https:\/\/tuzlainfo.ba\/#organization\",\"name\":\"TuzlaInfo.ba\",\"url\":\"https:\/\/tuzlainfo.ba\/\",\"logo\":{\"@type\":\"ImageObject\",\"inLanguage\":\"bs-BA\",\"@id\":\"https:\/\/tuzlainfo.ba\/#\/schema\/logo\/image\/\",\"url\":\"https:\/\/tuzlainfo.ba\/wp-content\/uploads\/2021\/03\/logo-ver-3-1.png\",\"contentUrl\":\"https:\/\/tuzlainfo.ba\/wp-content\/uploads\/2021\/03\/logo-ver-3-1.png\",\"width\":350,\"height\":95,\"caption\":\"TuzlaInfo.ba\"},\"image\":{\"@id\":\"https:\/\/tuzlainfo.ba\/#\/schema\/logo\/image\/\"},\"sameAs\":[\"https:\/\/www.facebook.com\/tuzlainfo.ba\/\"]},{\"@type\":\"Person\",\"@id\":\"https:\/\/tuzlainfo.ba\/#\/schema\/person\/f434e20dc27ea133923aab08451b7f7f\",\"name\":\"nedim\",\"image\":{\"@type\":\"ImageObject\",\"inLanguage\":\"bs-BA\",\"@id\":\"https:\/\/tuzlainfo.ba\/#\/schema\/person\/image\/\",\"url\":\"https:\/\/tuzlainfo.ba\/wp-content\/litespeed\/avatar\/aabad687af24844af817603ac1cbdc4f.jpg?ver=1776702173\",\"contentUrl\":\"https:\/\/tuzlainfo.ba\/wp-content\/litespeed\/avatar\/aabad687af24844af817603ac1cbdc4f.jpg?ver=1776702173\",\"caption\":\"nedim\"},\"description\":\"Tuzlainfo.ba pratite na dru\u0161tvenim mre\u017eama: Facebook, Instagram i Youtube. Svoje pri\u010de, upite i fotografije \u0161aljite na na\u0161u e-mail adresu.\"}]}<\/script>\n<!-- \/ Yoast SEO plugin. -->","yoast_head_json":{"title":"Divna slika iz Mejdana: Vi\u0161e od 250 ko\u0161arka\u0161ica i ko\u0161arka\u0161a na zavr\u0161inici Lige mladih KSTK - TuzlaInfo.ba","robots":{"index":"index","follow":"follow","max-snippet":"max-snippet:-1","max-image-preview":"max-image-preview:large","max-video-preview":"max-video-preview:-1"},"canonical":"https:\/\/tuzlainfo.ba\/index.php\/novosti\/item\/301352-divna-slika-iz-mejdana-vise-od-250-kosarkasica-i-kosarkasa-na-zavrsinici-lige-mladih-kstk\/","og_locale":"bs_BA","og_type":"article","og_title":"Divna slika iz Mejdana: Vi\u0161e od 250 ko\u0161arka\u0161ica i ko\u0161arka\u0161a na zavr\u0161inici Lige mladih KSTK - TuzlaInfo.ba","og_description":"U Tuzli je ju\u010der u SKPC Mejdan odr\u017eana sve\u010dana ceremonija dodjele pehara i medalja za&hellip;","og_url":"https:\/\/tuzlainfo.ba\/index.php\/novosti\/item\/301352-divna-slika-iz-mejdana-vise-od-250-kosarkasica-i-kosarkasa-na-zavrsinici-lige-mladih-kstk\/","og_site_name":"TuzlaInfo.ba","article_publisher":"https:\/\/www.facebook.com\/tuzlainfo.ba\/","article_published_time":"2026-04-27T08:49:19+00:00","og_image":[{"width":1200,"height":571,"url":"https:\/\/tuzlainfo.ba\/wp-content\/uploads\/2026\/04\/IMG_1241.jpg","type":"image\/jpeg"}],"author":"nedim","twitter_card":"summary_large_image","twitter_misc":{"Written by":"nedim","Est. reading time":"4 minute"},"schema":{"@context":"https:\/\/schema.org","@graph":[{"@type":"Article","@id":"https:\/\/tuzlainfo.ba\/index.php\/novosti\/item\/301352-divna-slika-iz-mejdana-vise-od-250-kosarkasica-i-kosarkasa-na-zavrsinici-lige-mladih-kstk\/#article","isPartOf":{"@id":"https:\/\/tuzlainfo.ba\/index.php\/novosti\/item\/301352-divna-slika-iz-mejdana-vise-od-250-kosarkasica-i-kosarkasa-na-zavrsinici-lige-mladih-kstk\/"},"author":{"name":"nedim","@id":"https:\/\/tuzlainfo.ba\/#\/schema\/person\/f434e20dc27ea133923aab08451b7f7f"},"headline":"Divna slika iz Mejdana: Vi\u0161e od 250 ko\u0161arka\u0161ica i ko\u0161arka\u0161a na zavr\u0161inici Lige mladih KSTK","datePublished":"2026-04-27T08:49:19+00:00","dateModified":"2026-04-27T08:49:19+00:00","mainEntityOfPage":{"@id":"https:\/\/tuzlainfo.ba\/index.php\/novosti\/item\/301352-divna-slika-iz-mejdana-vise-od-250-kosarkasica-i-kosarkasa-na-zavrsinici-lige-mladih-kstk\/"},"wordCount":544,"publisher":{"@id":"https:\/\/tuzlainfo.ba\/#organization"},"image":{"@id":"https:\/\/tuzlainfo.ba\/index.php\/novosti\/item\/301352-divna-slika-iz-mejdana-vise-od-250-kosarkasica-i-kosarkasa-na-zavrsinici-lige-mladih-kstk\/#primaryimage"},"thumbnailUrl":"https:\/\/tuzlainfo.ba\/wp-content\/uploads\/2026\/04\/IMG_1241.jpg","keywords":["liga mladih KSTK","sport"],"articleSection":["Istaknuto","Novosti"],"inLanguage":"bs-BA"},{"@type":"WebPage","@id":"https:\/\/tuzlainfo.ba\/index.php\/novosti\/item\/301352-divna-slika-iz-mejdana-vise-od-250-kosarkasica-i-kosarkasa-na-zavrsinici-lige-mladih-kstk\/","url":"https:\/\/tuzlainfo.ba\/index.php\/novosti\/item\/301352-divna-slika-iz-mejdana-vise-od-250-kosarkasica-i-kosarkasa-na-zavrsinici-lige-mladih-kstk\/","name":"Divna slika iz Mejdana: Vi\u0161e od 250 ko\u0161arka\u0161ica i ko\u0161arka\u0161a na zavr\u0161inici Lige mladih KSTK - TuzlaInfo.ba","isPartOf":{"@id":"https:\/\/tuzlainfo.ba\/#website"},"primaryImageOfPage":{"@id":"https:\/\/tuzlainfo.ba\/index.php\/novosti\/item\/301352-divna-slika-iz-mejdana-vise-od-250-kosarkasica-i-kosarkasa-na-zavrsinici-lige-mladih-kstk\/#primaryimage"},"image":{"@id":"https:\/\/tuzlainfo.ba\/index.php\/novosti\/item\/301352-divna-slika-iz-mejdana-vise-od-250-kosarkasica-i-kosarkasa-na-zavrsinici-lige-mladih-kstk\/#primaryimage"},"thumbnailUrl":"https:\/\/tuzlainfo.ba\/wp-content\/uploads\/2026\/04\/IMG_1241.jpg","datePublished":"2026-04-27T08:49:19+00:00","dateModified":"2026-04-27T08:49:19+00:00","breadcrumb":{"@id":"https:\/\/tuzlainfo.ba\/index.php\/novosti\/item\/301352-divna-slika-iz-mejdana-vise-od-250-kosarkasica-i-kosarkasa-na-zavrsinici-lige-mladih-kstk\/#breadcrumb"},"inLanguage":"bs-BA","potentialAction":[{"@type":"ReadAction","target":["https:\/\/tuzlainfo.ba\/index.php\/novosti\/item\/301352-divna-slika-iz-mejdana-vise-od-250-kosarkasica-i-kosarkasa-na-zavrsinici-lige-mladih-kstk\/"]}]},{"@type":"ImageObject","inLanguage":"bs-BA","@id":"https:\/\/tuzlainfo.ba\/index.php\/novosti\/item\/301352-divna-slika-iz-mejdana-vise-od-250-kosarkasica-i-kosarkasa-na-zavrsinici-lige-mladih-kstk\/#primaryimage","url":"https:\/\/tuzlainfo.ba\/wp-content\/uploads\/2026\/04\/IMG_1241.jpg","contentUrl":"https:\/\/tuzlainfo.ba\/wp-content\/uploads\/2026\/04\/IMG_1241.jpg","width":1200,"height":571},{"@type":"BreadcrumbList","@id":"https:\/\/tuzlainfo.ba\/index.php\/novosti\/item\/301352-divna-slika-iz-mejdana-vise-od-250-kosarkasica-i-kosarkasa-na-zavrsinici-lige-mladih-kstk\/#breadcrumb","itemListElement":[{"@type":"ListItem","position":1,"name":"Home","item":"https:\/\/tuzlainfo.ba\/"},{"@type":"ListItem","position":2,"name":"Divna slika iz Mejdana: Vi\u0161e od 250 ko\u0161arka\u0161ica i ko\u0161arka\u0161a na zavr\u0161inici Lige mladih KSTK"}]},{"@type":"WebSite","@id":"https:\/\/tuzlainfo.ba\/#website","url":"https:\/\/tuzlainfo.ba\/","name":"TuzlaInfo.ba","description":"Tuzla info, gradski informator - Tuzla na dlanu","publisher":{"@id":"https:\/\/tuzlainfo.ba\/#organization"},"potentialAction":[{"@type":"SearchAction","target":{"@type":"EntryPoint","urlTemplate":"https:\/\/tuzlainfo.ba\/?s={search_term_string}"},"query-input":{"@type":"PropertyValueSpecification","valueRequired":true,"valueName":"search_term_string"}}],"inLanguage":"bs-BA"},{"@type":"Organization","@id":"https:\/\/tuzlainfo.ba\/#organization","name":"TuzlaInfo.ba","url":"https:\/\/tuzlainfo.ba\/","logo":{"@type":"ImageObject","inLanguage":"bs-BA","@id":"https:\/\/tuzlainfo.ba\/#\/schema\/logo\/image\/","url":"https:\/\/tuzlainfo.ba\/wp-content\/uploads\/2021\/03\/logo-ver-3-1.png","contentUrl":"https:\/\/tuzlainfo.ba\/wp-content\/uploads\/2021\/03\/logo-ver-3-1.png","width":350,"height":95,"caption":"TuzlaInfo.ba"},"image":{"@id":"https:\/\/tuzlainfo.ba\/#\/schema\/logo\/image\/"},"sameAs":["https:\/\/www.facebook.com\/tuzlainfo.ba\/"]},{"@type":"Person","@id":"https:\/\/tuzlainfo.ba\/#\/schema\/person\/f434e20dc27ea133923aab08451b7f7f","name":"nedim","image":{"@type":"ImageObject","inLanguage":"bs-BA","@id":"https:\/\/tuzlainfo.ba\/#\/schema\/person\/image\/","url":"https:\/\/tuzlainfo.ba\/wp-content\/litespeed\/avatar\/aabad687af24844af817603ac1cbdc4f.jpg?ver=1776702173","contentUrl":"https:\/\/tuzlainfo.ba\/wp-content\/litespeed\/avatar\/aabad687af24844af817603ac1cbdc4f.jpg?ver=1776702173","caption":"nedim"},"description":"Tuzlainfo.ba pratite na dru\u0161tvenim mre\u017eama: Facebook, Instagram i Youtube. Svoje pri\u010de, upite i fotografije \u0161aljite na na\u0161u e-mail adresu."}]}},"_links":{"self":[{"href":"https:\/\/tuzlainfo.ba\/index.php\/wp-json\/wp\/v2\/posts\/301352"}],"collection":[{"href":"https:\/\/tuzlainfo.ba\/index.php\/wp-json\/wp\/v2\/posts"}],"about":[{"href":"https:\/\/tuzlainfo.ba\/index.php\/wp-json\/wp\/v2\/types\/post"}],"author":[{"embeddable":true,"href":"https:\/\/tuzlainfo.ba\/index.php\/wp-json\/wp\/v2\/users\/2"}],"replies":[{"embeddable":true,"href":"https:\/\/tuzlainfo.ba\/index.php\/wp-json\/wp\/v2\/comments?post=301352"}],"version-history":[{"count":1,"href":"https:\/\/tuzlainfo.ba\/index.php\/wp-json\/wp\/v2\/posts\/301352\/revisions"}],"predecessor-version":[{"id":301365,"href":"https:\/\/tuzlainfo.ba\/index.php\/wp-json\/wp\/v2\/posts\/301352\/revisions\/301365"}],"wp:featuredmedia":[{"embeddable":true,"href":"https:\/\/tuzlainfo.ba\/index.php\/wp-json\/wp\/v2\/media\/301359"}],"wp:attachment":[{"href":"https:\/\/tuzlainfo.ba\/index.php\/wp-json\/wp\/v2\/media?parent=301352"}],"wp:term":[{"taxonomy":"category","embeddable":true,"href":"https:\/\/tuzlainfo.ba\/index.php\/wp-json\/wp\/v2\/categories?post=301352"},{"taxonomy":"post_tag","embeddable":true,"href":"https:\/\/tuzlainfo.ba\/index.php\/wp-json\/wp\/v2\/tags?post=301352"}],"curies":[{"name":"wp","href":"https:\/\/api.w.org\/{rel}","templated":true}]}}