{"id":301342,"date":"2026-04-27T10:35:22","date_gmt":"2026-04-27T08:35:22","guid":{"rendered":"https:\/\/tuzlainfo.ba\/?p=301342"},"modified":"2026-04-27T09:29:39","modified_gmt":"2026-04-27T07:29:39","slug":"haos-nakon-orbanovog-poraza-bijeg-i-privatni-letovi-iz-madjarske","status":"publish","type":"post","link":"https:\/\/tuzlainfo.ba\/index.php\/clanci\/sa-svih-strana\/item\/301342-haos-nakon-orbanovog-poraza-bijeg-i-privatni-letovi-iz-madjarske\/","title":{"rendered":"Haos nakon Orbanovog poraza: Bijeg i privatni letovi iz Ma\u0111arske"},"content":{"rendered":"<p data-start=\"0\" data-end=\"201\">Nakon objave izbornih rezultata i poraza dugogodi\u0161njeg ma\u0111arskog premijera <span class=\"hover:entity-accent entity-underline inline cursor-pointer align-baseline\"><span class=\"whitespace-normal\">Viktor Orban<\/span><\/span>, za mnoge su uslijedili slavlje, olak\u0161anje i osje\u0107aj historijske prekretnice, pi\u0161e Klix.<\/p>\n<p data-start=\"203\" data-end=\"410\">Ipak, dok je dio javnosti slavio kraj 16-godi\u0161nje politi\u010dke ere, u pozadini je po\u010deo potpuno druga\u010diji proces \u2013 brzo i tiho povla\u010denje kapitala i ljudi koji su tokom tog perioda izgradili zna\u010dajno bogatstvo.<\/p>\n<p data-start=\"412\" data-end=\"627\">Prema informacijama stranih medija, s obli\u017enjih aerodroma ve\u0107 uveliko polije\u0107u privatni avioni povezani s osobama iz kruga odlaze\u0107e vlasti. Istovremeno, pojedinci ubrzano preusmjeravaju svoju imovinu u inostranstvo.<\/p>\n<p data-start=\"629\" data-end=\"840\">Kao destinacije za transfer kapitala spominju se Saudijska Arabija, Oman i Ujedinjeni Arapski Emirati, ali i udaljene zemlje poput Australije i Singapura, prenosi britanski <span class=\"hover:entity-accent entity-underline inline cursor-pointer align-baseline\"><span class=\"whitespace-normal\">The Guardian<\/span><\/span>.<\/p>\n<h3 data-section-id=\"gotnrp\" data-start=\"842\" data-end=\"877\">Magyar poziva na hitne reakcije<\/h3>\n<p data-start=\"879\" data-end=\"1070\">Dolaze\u0107i premijer <span class=\"hover:entity-accent entity-underline inline cursor-pointer align-baseline\"><span class=\"whitespace-normal\">Peter Magyar<\/span><\/span>, \u010dija je stranka Tisza ostvarila izbornu pobjedu, upozorava da je na djelu poku\u0161aj za\u0161tite sumnjivo ste\u010dene imovine od mogu\u0107ih istraga.<\/p>\n<p data-start=\"1072\" data-end=\"1288\">Prema njegovim rije\u010dima, \u201coligarsi povezani s Orbanom prenose desetine milijardi forinti\u201d, zbog \u010dega je pozvao tu\u017eila\u0161tvo, policiju i poreske organe da hitno reaguju i sprije\u010de eventualni bijeg i prikrivanje imovine.<\/p>\n<p data-start=\"1290\" data-end=\"1547\">Magyar tvrdi da su pojedine porodice iz krugova Fidesza ve\u0107 napustile zemlju, ispisuju\u0107i djecu iz \u0161kola i organizuju\u0107i trajni odlazak. Istra\u017eiva\u010dki novinari u Ma\u0111arskoj navode da se istovremeno poku\u0161ava za\u0161tititi imovina od mogu\u0107eg zamrzavanja ili zapljene.<\/p>\n<p data-start=\"1549\" data-end=\"1708\">Analiti\u010dari upozoravaju da bi procesi povrata javnog novca mogli trajati godinama, uz potencijalni otpor dijela dr\u017eavnog aparata povezanog s prethodnom vla\u0161\u0107u.<\/p>\n<h3 data-section-id=\"1ar2l2h\" data-start=\"1710\" data-end=\"1746\">Optu\u017ebe o uni\u0161tavanju dokumenata<\/h3>\n<p data-start=\"1748\" data-end=\"1900\">Magyar je Ma\u0111arsku pod Orbanovom vla\u0161\u0107u opisao kao \u201czadu\u017eenu i korumpiranu dr\u017eavu\u201d, uz tvrdnje o mogu\u0107em uni\u0161tavanju dokumentacije uo\u010di promjene vlasti.<\/p>\n<p data-start=\"1902\" data-end=\"2083\">Odlaze\u0107a vlast odbacuje te navode. Ministar vanjskih poslova tvrdi da se radi o uni\u0161tavanju duplih papirnih kopija, dok je iz vlade poru\u010deno da su optu\u017ebe \u201cneosnovane i pretjerane\u201d.<\/p>\n<p data-start=\"2085\" data-end=\"2256\"><span class=\"hover:entity-accent entity-underline inline cursor-pointer align-baseline\"><span class=\"whitespace-normal\">Viktor Orban<\/span><\/span> za sada se nije ogla\u0161avao o navodima, ali je ranije najavio da \u0107e ostati na \u010delu stranke Fidesz i voditi proces njene reorganizacije.<\/p>\n<p data-start=\"2258\" data-end=\"2484\" data-is-last-node=\"\" data-is-only-node=\"\">Paralelno s politi\u010dkim potresima, dio dosada\u0161nje elite navodno razmatra odlazak u inostranstvo, uklju\u010duju\u0107i i Sjedinjene Ameri\u010dke Dr\u017eave, gdje ve\u0107 postoje ranije uspostavljene veze s pojedinim politi\u010dkim i poslovnim krugovima.<\/p>\n","protected":false},"excerpt":{"rendered":"<p>Nakon objave izbornih rezultata i poraza dugogodi\u0161njeg ma\u0111arskog premijera Viktor Orban, za mnoge su uslijedili&hellip;<\/p>\n","protected":false},"author":4,"featured_media":208248,"comment_status":"closed","ping_status":"closed","sticky":false,"template":"","format":"standard","meta":{"_acf_changed":false,"footnotes":""},"categories":[16],"tags":[3728,13330],"acf":[],"yoast_head":"<!-- This site is optimized with the Yoast SEO plugin v23.5 - https:\/\/yoast.com\/wordpress\/plugins\/seo\/ -->\n<title>Haos nakon Orbanovog poraza: Bijeg i privatni letovi iz Ma\u0111arske - TuzlaInfo.ba<\/title>\n<meta name=\"robots\" content=\"index, follow, max-snippet:-1, max-image-preview:large, max-video-preview:-1\" \/>\n<link rel=\"canonical\" href=\"https:\/\/tuzlainfo.ba\/index.php\/clanci\/sa-svih-strana\/item\/301342-haos-nakon-orbanovog-poraza-bijeg-i-privatni-letovi-iz-madjarske\/\" \/>\n<meta property=\"og:locale\" content=\"bs_BA\" \/>\n<meta property=\"og:type\" content=\"article\" \/>\n<meta property=\"og:title\" content=\"Haos nakon Orbanovog poraza: Bijeg i privatni letovi iz Ma\u0111arske - TuzlaInfo.ba\" \/>\n<meta property=\"og:description\" content=\"Nakon objave izbornih rezultata i poraza dugogodi\u0161njeg ma\u0111arskog premijera Viktor Orban, za mnoge su uslijedili&hellip;\" \/>\n<meta property=\"og:url\" content=\"https:\/\/tuzlainfo.ba\/index.php\/clanci\/sa-svih-strana\/item\/301342-haos-nakon-orbanovog-poraza-bijeg-i-privatni-letovi-iz-madjarske\/\" \/>\n<meta property=\"og:site_name\" content=\"TuzlaInfo.ba\" \/>\n<meta property=\"article:publisher\" content=\"https:\/\/www.facebook.com\/tuzlainfo.ba\/\" \/>\n<meta property=\"article:published_time\" content=\"2026-04-27T08:35:22+00:00\" \/>\n<meta property=\"article:modified_time\" content=\"2026-04-27T07:29:39+00:00\" \/>\n<meta property=\"og:image\" content=\"https:\/\/tuzlainfo.ba\/wp-content\/uploads\/2023\/06\/viktor-orban-1.jpg\" \/>\n\t<meta property=\"og:image:width\" content=\"770\" \/>\n\t<meta property=\"og:image:height\" content=\"576\" \/>\n\t<meta property=\"og:image:type\" content=\"image\/jpeg\" \/>\n<meta name=\"author\" content=\"Tuzla Info\" \/>\n<meta name=\"twitter:card\" content=\"summary_large_image\" \/>\n<meta name=\"twitter:label1\" content=\"Written by\" \/>\n\t<meta name=\"twitter:data1\" content=\"Tuzla Info\" \/>\n\t<meta name=\"twitter:label2\" content=\"Est. reading time\" \/>\n\t<meta name=\"twitter:data2\" content=\"3 minute\" \/>\n<script type=\"application\/ld+json\" class=\"yoast-schema-graph\">{\"@context\":\"https:\/\/schema.org\",\"@graph\":[{\"@type\":\"Article\",\"@id\":\"https:\/\/tuzlainfo.ba\/index.php\/clanci\/sa-svih-strana\/item\/301342-haos-nakon-orbanovog-poraza-bijeg-i-privatni-letovi-iz-madjarske\/#article\",\"isPartOf\":{\"@id\":\"https:\/\/tuzlainfo.ba\/index.php\/clanci\/sa-svih-strana\/item\/301342-haos-nakon-orbanovog-poraza-bijeg-i-privatni-letovi-iz-madjarske\/\"},\"author\":{\"name\":\"Tuzla Info\",\"@id\":\"https:\/\/tuzlainfo.ba\/#\/schema\/person\/46cad4c57790cbc50781edd14870825a\"},\"headline\":\"Haos nakon Orbanovog poraza: Bijeg i privatni letovi iz Ma\u0111arske\",\"datePublished\":\"2026-04-27T08:35:22+00:00\",\"dateModified\":\"2026-04-27T07:29:39+00:00\",\"mainEntityOfPage\":{\"@id\":\"https:\/\/tuzlainfo.ba\/index.php\/clanci\/sa-svih-strana\/item\/301342-haos-nakon-orbanovog-poraza-bijeg-i-privatni-letovi-iz-madjarske\/\"},\"wordCount\":397,\"publisher\":{\"@id\":\"https:\/\/tuzlainfo.ba\/#organization\"},\"image\":{\"@id\":\"https:\/\/tuzlainfo.ba\/index.php\/clanci\/sa-svih-strana\/item\/301342-haos-nakon-orbanovog-poraza-bijeg-i-privatni-letovi-iz-madjarske\/#primaryimage\"},\"thumbnailUrl\":\"https:\/\/tuzlainfo.ba\/wp-content\/uploads\/2023\/06\/viktor-orban-1.jpg\",\"keywords\":[\"Ma\u0111arska\",\"victor orban\"],\"articleSection\":[\"Sa svih strana\"],\"inLanguage\":\"bs-BA\"},{\"@type\":\"WebPage\",\"@id\":\"https:\/\/tuzlainfo.ba\/index.php\/clanci\/sa-svih-strana\/item\/301342-haos-nakon-orbanovog-poraza-bijeg-i-privatni-letovi-iz-madjarske\/\",\"url\":\"https:\/\/tuzlainfo.ba\/index.php\/clanci\/sa-svih-strana\/item\/301342-haos-nakon-orbanovog-poraza-bijeg-i-privatni-letovi-iz-madjarske\/\",\"name\":\"Haos nakon Orbanovog poraza: Bijeg i privatni letovi iz Ma\u0111arske - TuzlaInfo.ba\",\"isPartOf\":{\"@id\":\"https:\/\/tuzlainfo.ba\/#website\"},\"primaryImageOfPage\":{\"@id\":\"https:\/\/tuzlainfo.ba\/index.php\/clanci\/sa-svih-strana\/item\/301342-haos-nakon-orbanovog-poraza-bijeg-i-privatni-letovi-iz-madjarske\/#primaryimage\"},\"image\":{\"@id\":\"https:\/\/tuzlainfo.ba\/index.php\/clanci\/sa-svih-strana\/item\/301342-haos-nakon-orbanovog-poraza-bijeg-i-privatni-letovi-iz-madjarske\/#primaryimage\"},\"thumbnailUrl\":\"https:\/\/tuzlainfo.ba\/wp-content\/uploads\/2023\/06\/viktor-orban-1.jpg\",\"datePublished\":\"2026-04-27T08:35:22+00:00\",\"dateModified\":\"2026-04-27T07:29:39+00:00\",\"breadcrumb\":{\"@id\":\"https:\/\/tuzlainfo.ba\/index.php\/clanci\/sa-svih-strana\/item\/301342-haos-nakon-orbanovog-poraza-bijeg-i-privatni-letovi-iz-madjarske\/#breadcrumb\"},\"inLanguage\":\"bs-BA\",\"potentialAction\":[{\"@type\":\"ReadAction\",\"target\":[\"https:\/\/tuzlainfo.ba\/index.php\/clanci\/sa-svih-strana\/item\/301342-haos-nakon-orbanovog-poraza-bijeg-i-privatni-letovi-iz-madjarske\/\"]}]},{\"@type\":\"ImageObject\",\"inLanguage\":\"bs-BA\",\"@id\":\"https:\/\/tuzlainfo.ba\/index.php\/clanci\/sa-svih-strana\/item\/301342-haos-nakon-orbanovog-poraza-bijeg-i-privatni-letovi-iz-madjarske\/#primaryimage\",\"url\":\"https:\/\/tuzlainfo.ba\/wp-content\/uploads\/2023\/06\/viktor-orban-1.jpg\",\"contentUrl\":\"https:\/\/tuzlainfo.ba\/wp-content\/uploads\/2023\/06\/viktor-orban-1.jpg\",\"width\":770,\"height\":576,\"caption\":\"Foto: RTRS\"},{\"@type\":\"BreadcrumbList\",\"@id\":\"https:\/\/tuzlainfo.ba\/index.php\/clanci\/sa-svih-strana\/item\/301342-haos-nakon-orbanovog-poraza-bijeg-i-privatni-letovi-iz-madjarske\/#breadcrumb\",\"itemListElement\":[{\"@type\":\"ListItem\",\"position\":1,\"name\":\"Home\",\"item\":\"https:\/\/tuzlainfo.ba\/\"},{\"@type\":\"ListItem\",\"position\":2,\"name\":\"Haos nakon Orbanovog poraza: Bijeg i privatni letovi iz Ma\u0111arske\"}]},{\"@type\":\"WebSite\",\"@id\":\"https:\/\/tuzlainfo.ba\/#website\",\"url\":\"https:\/\/tuzlainfo.ba\/\",\"name\":\"TuzlaInfo.ba\",\"description\":\"Tuzla info, gradski informator - Tuzla na dlanu\",\"publisher\":{\"@id\":\"https:\/\/tuzlainfo.ba\/#organization\"},\"potentialAction\":[{\"@type\":\"SearchAction\",\"target\":{\"@type\":\"EntryPoint\",\"urlTemplate\":\"https:\/\/tuzlainfo.ba\/?s={search_term_string}\"},\"query-input\":{\"@type\":\"PropertyValueSpecification\",\"valueRequired\":true,\"valueName\":\"search_term_string\"}}],\"inLanguage\":\"bs-BA\"},{\"@type\":\"Organization\",\"@id\":\"https:\/\/tuzlainfo.ba\/#organization\",\"name\":\"TuzlaInfo.ba\",\"url\":\"https:\/\/tuzlainfo.ba\/\",\"logo\":{\"@type\":\"ImageObject\",\"inLanguage\":\"bs-BA\",\"@id\":\"https:\/\/tuzlainfo.ba\/#\/schema\/logo\/image\/\",\"url\":\"https:\/\/tuzlainfo.ba\/wp-content\/uploads\/2021\/03\/logo-ver-3-1.png\",\"contentUrl\":\"https:\/\/tuzlainfo.ba\/wp-content\/uploads\/2021\/03\/logo-ver-3-1.png\",\"width\":350,\"height\":95,\"caption\":\"TuzlaInfo.ba\"},\"image\":{\"@id\":\"https:\/\/tuzlainfo.ba\/#\/schema\/logo\/image\/\"},\"sameAs\":[\"https:\/\/www.facebook.com\/tuzlainfo.ba\/\"]},{\"@type\":\"Person\",\"@id\":\"https:\/\/tuzlainfo.ba\/#\/schema\/person\/46cad4c57790cbc50781edd14870825a\",\"name\":\"Tuzla Info\",\"image\":{\"@type\":\"ImageObject\",\"inLanguage\":\"bs-BA\",\"@id\":\"https:\/\/tuzlainfo.ba\/#\/schema\/person\/image\/\",\"url\":\"https:\/\/tuzlainfo.ba\/wp-content\/litespeed\/avatar\/b6c453a6c38e3654f2e4416c643fc25c.jpg?ver=1777051911\",\"contentUrl\":\"https:\/\/tuzlainfo.ba\/wp-content\/litespeed\/avatar\/b6c453a6c38e3654f2e4416c643fc25c.jpg?ver=1777051911\",\"caption\":\"Tuzla Info\"}}]}<\/script>\n<!-- \/ Yoast SEO plugin. -->","yoast_head_json":{"title":"Haos nakon Orbanovog poraza: Bijeg i privatni letovi iz Ma\u0111arske - TuzlaInfo.ba","robots":{"index":"index","follow":"follow","max-snippet":"max-snippet:-1","max-image-preview":"max-image-preview:large","max-video-preview":"max-video-preview:-1"},"canonical":"https:\/\/tuzlainfo.ba\/index.php\/clanci\/sa-svih-strana\/item\/301342-haos-nakon-orbanovog-poraza-bijeg-i-privatni-letovi-iz-madjarske\/","og_locale":"bs_BA","og_type":"article","og_title":"Haos nakon Orbanovog poraza: Bijeg i privatni letovi iz Ma\u0111arske - TuzlaInfo.ba","og_description":"Nakon objave izbornih rezultata i poraza dugogodi\u0161njeg ma\u0111arskog premijera Viktor Orban, za mnoge su uslijedili&hellip;","og_url":"https:\/\/tuzlainfo.ba\/index.php\/clanci\/sa-svih-strana\/item\/301342-haos-nakon-orbanovog-poraza-bijeg-i-privatni-letovi-iz-madjarske\/","og_site_name":"TuzlaInfo.ba","article_publisher":"https:\/\/www.facebook.com\/tuzlainfo.ba\/","article_published_time":"2026-04-27T08:35:22+00:00","article_modified_time":"2026-04-27T07:29:39+00:00","og_image":[{"width":770,"height":576,"url":"https:\/\/tuzlainfo.ba\/wp-content\/uploads\/2023\/06\/viktor-orban-1.jpg","type":"image\/jpeg"}],"author":"Tuzla Info","twitter_card":"summary_large_image","twitter_misc":{"Written by":"Tuzla Info","Est. reading time":"3 minute"},"schema":{"@context":"https:\/\/schema.org","@graph":[{"@type":"Article","@id":"https:\/\/tuzlainfo.ba\/index.php\/clanci\/sa-svih-strana\/item\/301342-haos-nakon-orbanovog-poraza-bijeg-i-privatni-letovi-iz-madjarske\/#article","isPartOf":{"@id":"https:\/\/tuzlainfo.ba\/index.php\/clanci\/sa-svih-strana\/item\/301342-haos-nakon-orbanovog-poraza-bijeg-i-privatni-letovi-iz-madjarske\/"},"author":{"name":"Tuzla Info","@id":"https:\/\/tuzlainfo.ba\/#\/schema\/person\/46cad4c57790cbc50781edd14870825a"},"headline":"Haos nakon Orbanovog poraza: Bijeg i privatni letovi iz Ma\u0111arske","datePublished":"2026-04-27T08:35:22+00:00","dateModified":"2026-04-27T07:29:39+00:00","mainEntityOfPage":{"@id":"https:\/\/tuzlainfo.ba\/index.php\/clanci\/sa-svih-strana\/item\/301342-haos-nakon-orbanovog-poraza-bijeg-i-privatni-letovi-iz-madjarske\/"},"wordCount":397,"publisher":{"@id":"https:\/\/tuzlainfo.ba\/#organization"},"image":{"@id":"https:\/\/tuzlainfo.ba\/index.php\/clanci\/sa-svih-strana\/item\/301342-haos-nakon-orbanovog-poraza-bijeg-i-privatni-letovi-iz-madjarske\/#primaryimage"},"thumbnailUrl":"https:\/\/tuzlainfo.ba\/wp-content\/uploads\/2023\/06\/viktor-orban-1.jpg","keywords":["Ma\u0111arska","victor orban"],"articleSection":["Sa svih strana"],"inLanguage":"bs-BA"},{"@type":"WebPage","@id":"https:\/\/tuzlainfo.ba\/index.php\/clanci\/sa-svih-strana\/item\/301342-haos-nakon-orbanovog-poraza-bijeg-i-privatni-letovi-iz-madjarske\/","url":"https:\/\/tuzlainfo.ba\/index.php\/clanci\/sa-svih-strana\/item\/301342-haos-nakon-orbanovog-poraza-bijeg-i-privatni-letovi-iz-madjarske\/","name":"Haos nakon Orbanovog poraza: Bijeg i privatni letovi iz Ma\u0111arske - TuzlaInfo.ba","isPartOf":{"@id":"https:\/\/tuzlainfo.ba\/#website"},"primaryImageOfPage":{"@id":"https:\/\/tuzlainfo.ba\/index.php\/clanci\/sa-svih-strana\/item\/301342-haos-nakon-orbanovog-poraza-bijeg-i-privatni-letovi-iz-madjarske\/#primaryimage"},"image":{"@id":"https:\/\/tuzlainfo.ba\/index.php\/clanci\/sa-svih-strana\/item\/301342-haos-nakon-orbanovog-poraza-bijeg-i-privatni-letovi-iz-madjarske\/#primaryimage"},"thumbnailUrl":"https:\/\/tuzlainfo.ba\/wp-content\/uploads\/2023\/06\/viktor-orban-1.jpg","datePublished":"2026-04-27T08:35:22+00:00","dateModified":"2026-04-27T07:29:39+00:00","breadcrumb":{"@id":"https:\/\/tuzlainfo.ba\/index.php\/clanci\/sa-svih-strana\/item\/301342-haos-nakon-orbanovog-poraza-bijeg-i-privatni-letovi-iz-madjarske\/#breadcrumb"},"inLanguage":"bs-BA","potentialAction":[{"@type":"ReadAction","target":["https:\/\/tuzlainfo.ba\/index.php\/clanci\/sa-svih-strana\/item\/301342-haos-nakon-orbanovog-poraza-bijeg-i-privatni-letovi-iz-madjarske\/"]}]},{"@type":"ImageObject","inLanguage":"bs-BA","@id":"https:\/\/tuzlainfo.ba\/index.php\/clanci\/sa-svih-strana\/item\/301342-haos-nakon-orbanovog-poraza-bijeg-i-privatni-letovi-iz-madjarske\/#primaryimage","url":"https:\/\/tuzlainfo.ba\/wp-content\/uploads\/2023\/06\/viktor-orban-1.jpg","contentUrl":"https:\/\/tuzlainfo.ba\/wp-content\/uploads\/2023\/06\/viktor-orban-1.jpg","width":770,"height":576,"caption":"Foto: RTRS"},{"@type":"BreadcrumbList","@id":"https:\/\/tuzlainfo.ba\/index.php\/clanci\/sa-svih-strana\/item\/301342-haos-nakon-orbanovog-poraza-bijeg-i-privatni-letovi-iz-madjarske\/#breadcrumb","itemListElement":[{"@type":"ListItem","position":1,"name":"Home","item":"https:\/\/tuzlainfo.ba\/"},{"@type":"ListItem","position":2,"name":"Haos nakon Orbanovog poraza: Bijeg i privatni letovi iz Ma\u0111arske"}]},{"@type":"WebSite","@id":"https:\/\/tuzlainfo.ba\/#website","url":"https:\/\/tuzlainfo.ba\/","name":"TuzlaInfo.ba","description":"Tuzla info, gradski informator - Tuzla na dlanu","publisher":{"@id":"https:\/\/tuzlainfo.ba\/#organization"},"potentialAction":[{"@type":"SearchAction","target":{"@type":"EntryPoint","urlTemplate":"https:\/\/tuzlainfo.ba\/?s={search_term_string}"},"query-input":{"@type":"PropertyValueSpecification","valueRequired":true,"valueName":"search_term_string"}}],"inLanguage":"bs-BA"},{"@type":"Organization","@id":"https:\/\/tuzlainfo.ba\/#organization","name":"TuzlaInfo.ba","url":"https:\/\/tuzlainfo.ba\/","logo":{"@type":"ImageObject","inLanguage":"bs-BA","@id":"https:\/\/tuzlainfo.ba\/#\/schema\/logo\/image\/","url":"https:\/\/tuzlainfo.ba\/wp-content\/uploads\/2021\/03\/logo-ver-3-1.png","contentUrl":"https:\/\/tuzlainfo.ba\/wp-content\/uploads\/2021\/03\/logo-ver-3-1.png","width":350,"height":95,"caption":"TuzlaInfo.ba"},"image":{"@id":"https:\/\/tuzlainfo.ba\/#\/schema\/logo\/image\/"},"sameAs":["https:\/\/www.facebook.com\/tuzlainfo.ba\/"]},{"@type":"Person","@id":"https:\/\/tuzlainfo.ba\/#\/schema\/person\/46cad4c57790cbc50781edd14870825a","name":"Tuzla Info","image":{"@type":"ImageObject","inLanguage":"bs-BA","@id":"https:\/\/tuzlainfo.ba\/#\/schema\/person\/image\/","url":"https:\/\/tuzlainfo.ba\/wp-content\/litespeed\/avatar\/b6c453a6c38e3654f2e4416c643fc25c.jpg?ver=1777051911","contentUrl":"https:\/\/tuzlainfo.ba\/wp-content\/litespeed\/avatar\/b6c453a6c38e3654f2e4416c643fc25c.jpg?ver=1777051911","caption":"Tuzla Info"}}]}},"_links":{"self":[{"href":"https:\/\/tuzlainfo.ba\/index.php\/wp-json\/wp\/v2\/posts\/301342"}],"collection":[{"href":"https:\/\/tuzlainfo.ba\/index.php\/wp-json\/wp\/v2\/posts"}],"about":[{"href":"https:\/\/tuzlainfo.ba\/index.php\/wp-json\/wp\/v2\/types\/post"}],"author":[{"embeddable":true,"href":"https:\/\/tuzlainfo.ba\/index.php\/wp-json\/wp\/v2\/users\/4"}],"replies":[{"embeddable":true,"href":"https:\/\/tuzlainfo.ba\/index.php\/wp-json\/wp\/v2\/comments?post=301342"}],"version-history":[{"count":1,"href":"https:\/\/tuzlainfo.ba\/index.php\/wp-json\/wp\/v2\/posts\/301342\/revisions"}],"predecessor-version":[{"id":301343,"href":"https:\/\/tuzlainfo.ba\/index.php\/wp-json\/wp\/v2\/posts\/301342\/revisions\/301343"}],"wp:featuredmedia":[{"embeddable":true,"href":"https:\/\/tuzlainfo.ba\/index.php\/wp-json\/wp\/v2\/media\/208248"}],"wp:attachment":[{"href":"https:\/\/tuzlainfo.ba\/index.php\/wp-json\/wp\/v2\/media?parent=301342"}],"wp:term":[{"taxonomy":"category","embeddable":true,"href":"https:\/\/tuzlainfo.ba\/index.php\/wp-json\/wp\/v2\/categories?post=301342"},{"taxonomy":"post_tag","embeddable":true,"href":"https:\/\/tuzlainfo.ba\/index.php\/wp-json\/wp\/v2\/tags?post=301342"}],"curies":[{"name":"wp","href":"https:\/\/api.w.org\/{rel}","templated":true}]}}