{"id":301331,"date":"2026-04-27T18:07:01","date_gmt":"2026-04-27T16:07:01","guid":{"rendered":"https:\/\/tuzlainfo.ba\/?p=301331"},"modified":"2026-04-27T12:26:59","modified_gmt":"2026-04-27T10:26:59","slug":"konzorcijum-logistika-bih-prijeti-odlaskom-firmi-u-eu","status":"publish","type":"post","link":"https:\/\/tuzlainfo.ba\/index.php\/bosna-i-hercegovina\/item\/301331-konzorcijum-logistika-bih-prijeti-odlaskom-firmi-u-eu\/","title":{"rendered":"Konzorcijum Logistika BiH prijeti odlaskom firmi u EU"},"content":{"rendered":"<p data-start=\"0\" data-end=\"214\">Konzorcijum Logistika Bosne i Hercegovine saop\u0107io je da klju\u010dna pitanja i zahtjevi koje kontinuirano upu\u0107uje nadle\u017enim institucijama i dalje nisu rije\u0161eni, niti je ijedan od njih razmotren na zadovoljavaju\u0107i na\u010din.<\/p>\n<p data-start=\"216\" data-end=\"648\">U saop\u0107enju navode da su operativni pokazatelji u sektoru alarmantni, te da prosje\u010dno vrijeme \u010dekanja dosti\u017ee i do 205 sati godi\u0161nje po voza\u010du. Isti\u010du i da se administrativne procedure ne pojednostavljuju, dok se istovremeno pove\u0107ava birokratsko i fiskalno optere\u0107enje. Posebno nagla\u0161avaju da pitanje tro\u0161arina ne obuhvata samo akcize, ve\u0107 i \u0161iri fiskalni i parafiskalni okvir koji, kako tvrde, direktno ugro\u017eava poslovanje sektora.<\/p>\n<p data-start=\"650\" data-end=\"1048\">Konzorcijum podsje\u0107a da je ranije definisano 16 konkretnih zahtjeva za sistemsko rastere\u0107enje poslovanja, koji uklju\u010duju povrat dijela tro\u0161arina i akciza na gorivo, efikasniji sistem povrata PDV-a u inostranstvu, smanjenje parafiskalnih nameta, digitalizaciju transportnih procedura, uvo\u0111enje \u201ezelenih traka\u201c na granicama, te harmonizaciju carinskih i inspekcijskih procedura u Bosni i Hercegovini.<\/p>\n<p data-start=\"1050\" data-end=\"1291\">Me\u0111u zahtjevima su i smanjenje tro\u0161kova registracije vozila i poluprikolica, subvencije putarina za doma\u0107e prevoznike, rje\u0161avanje problema elektronskih dozvola, kao i uskla\u0111ivanje propisa o voza\u010dkim dozvolama i statusu profesionalnih voza\u010da.<\/p>\n<p data-start=\"1293\" data-end=\"1531\">U Konzorcijumu navode da, uprkos vi\u0161egodi\u0161njem dijalogu i jasno definisanim prijedlozima, nijedan od zahtjeva nije implementiran. Ocjenjuju da su institucije pogre\u0161no procijenile da \u0107e sektor odustati, te upozoravaju da se to ne\u0107e desiti.<\/p>\n<p data-start=\"1533\" data-end=\"1807\">Kako isti\u010du, posljedice takvog odnosa ogledaju se u rastu tro\u0161kova i sve \u010de\u0161\u0107em razmatranju premje\u0161tanja poslovanja i registracije firmi u dr\u017eave Evropske unije. Upozoravaju i da bi ve\u0107 u avgustu moglo do\u0107i do dodatnog pogor\u0161anja situacije i odlaska dijela kompanija iz BiH.<\/p>\n<p data-start=\"1809\" data-end=\"2026\">Tako\u0111er navode da se u septembru o\u010dekuju koordinisane aktivnosti velikih evropskih transportnih asocijacija u Italiji, Velikoj Britaniji i Njema\u010dkoj, \u0161to, kako tvrde, potvr\u0111uje da je rije\u010d o \u0161irem sistemskom problemu.<\/p>\n<p data-start=\"2028\" data-end=\"2143\">Konzorcijum Logistika BiH poru\u010duje da ne\u0107e prihvatiti, kako navode, dominaciju administracije nad realnim sektorom.<\/p>\n<p data-start=\"2145\" data-end=\"2438\">U saop\u0107enju isti\u010du da pokre\u0107u sve raspolo\u017eive mehanizme djelovanja, uklju\u010duju\u0107i regionalnu saradnju i potpunu transparentnost prema javnosti, uz analizu rada svih nadle\u017enih institucija. Dodaju da \u0107e javnost biti informisana o svim uo\u010denim opstrukcijama i odgovornosti institucija i pojedinaca.<\/p>\n<p data-start=\"2440\" data-end=\"2637\">Konzorcijum ponovo poziva na hitno usagla\u0161avanje i dono\u0161enje konkretnih mjera, uz upozorenje da bez unutra\u0161njih rje\u0161enja nema ni kredibiliteta prema Evropskoj uniji niti za\u0161tite doma\u0107ih prevoznika.<\/p>\n<p data-start=\"2639\" data-end=\"2829\">Ukoliko ne do\u0111e do konkretnih pomaka, najavljuju mogu\u0107nost koordinisanih aktivnosti zajedno sa partnerima iz Evropske unije od 1. septembra, s ciljem za\u0161tite prava na rad i opstanka sektora.<\/p>\n<p data-start=\"2831\" data-end=\"3022\" data-is-last-node=\"\" data-is-only-node=\"\">Na kraju poru\u010duju da \u0107e nastaviti zastupati interese transportnog sektora s ciljem rastere\u0107enja poslovanja, o\u010duvanja doma\u0107ih kompanija i stabilnosti logisti\u010dkog sistema u Bosni i Hercegovini.<\/p>\n","protected":false},"excerpt":{"rendered":"<p>Konzorcijum Logistika Bosne i Hercegovine saop\u0107io je da klju\u010dna pitanja i zahtjevi koje kontinuirano upu\u0107uje&hellip;<\/p>\n","protected":false},"author":4,"featured_media":260127,"comment_status":"closed","ping_status":"closed","sticky":false,"template":"","format":"standard","meta":{"_acf_changed":false,"footnotes":""},"categories":[291,304],"tags":[13586],"acf":[],"yoast_head":"<!-- This site is optimized with the Yoast SEO plugin v23.5 - https:\/\/yoast.com\/wordpress\/plugins\/seo\/ -->\n<title>Konzorcijum Logistika BiH prijeti odlaskom firmi u EU - TuzlaInfo.ba<\/title>\n<meta name=\"robots\" content=\"index, follow, max-snippet:-1, max-image-preview:large, max-video-preview:-1\" \/>\n<link rel=\"canonical\" href=\"https:\/\/tuzlainfo.ba\/index.php\/bosna-i-hercegovina\/item\/301331-konzorcijum-logistika-bih-prijeti-odlaskom-firmi-u-eu\/\" \/>\n<meta property=\"og:locale\" content=\"bs_BA\" \/>\n<meta property=\"og:type\" content=\"article\" \/>\n<meta property=\"og:title\" content=\"Konzorcijum Logistika BiH prijeti odlaskom firmi u EU - TuzlaInfo.ba\" \/>\n<meta property=\"og:description\" content=\"Konzorcijum Logistika Bosne i Hercegovine saop\u0107io je da klju\u010dna pitanja i zahtjevi koje kontinuirano upu\u0107uje&hellip;\" \/>\n<meta property=\"og:url\" content=\"https:\/\/tuzlainfo.ba\/index.php\/bosna-i-hercegovina\/item\/301331-konzorcijum-logistika-bih-prijeti-odlaskom-firmi-u-eu\/\" \/>\n<meta property=\"og:site_name\" content=\"TuzlaInfo.ba\" \/>\n<meta property=\"article:publisher\" content=\"https:\/\/www.facebook.com\/tuzlainfo.ba\/\" \/>\n<meta property=\"article:published_time\" content=\"2026-04-27T16:07:01+00:00\" \/>\n<meta property=\"article:modified_time\" content=\"2026-04-27T10:26:59+00:00\" \/>\n<meta property=\"og:image\" content=\"https:\/\/tuzlainfo.ba\/wp-content\/uploads\/2025\/01\/kamioni-eu-pravila.jpg\" \/>\n\t<meta property=\"og:image:width\" content=\"800\" \/>\n\t<meta property=\"og:image:height\" content=\"533\" \/>\n\t<meta property=\"og:image:type\" content=\"image\/jpeg\" \/>\n<meta name=\"author\" content=\"Tuzla Info\" \/>\n<meta name=\"twitter:card\" content=\"summary_large_image\" \/>\n<meta name=\"twitter:label1\" content=\"Written by\" \/>\n\t<meta name=\"twitter:data1\" content=\"Tuzla Info\" \/>\n\t<meta name=\"twitter:label2\" content=\"Est. reading time\" \/>\n\t<meta name=\"twitter:data2\" content=\"3 minute\" \/>\n<script type=\"application\/ld+json\" class=\"yoast-schema-graph\">{\"@context\":\"https:\/\/schema.org\",\"@graph\":[{\"@type\":\"Article\",\"@id\":\"https:\/\/tuzlainfo.ba\/index.php\/bosna-i-hercegovina\/item\/301331-konzorcijum-logistika-bih-prijeti-odlaskom-firmi-u-eu\/#article\",\"isPartOf\":{\"@id\":\"https:\/\/tuzlainfo.ba\/index.php\/bosna-i-hercegovina\/item\/301331-konzorcijum-logistika-bih-prijeti-odlaskom-firmi-u-eu\/\"},\"author\":{\"name\":\"Tuzla Info\",\"@id\":\"https:\/\/tuzlainfo.ba\/#\/schema\/person\/46cad4c57790cbc50781edd14870825a\"},\"headline\":\"Konzorcijum Logistika BiH prijeti odlaskom firmi u EU\",\"datePublished\":\"2026-04-27T16:07:01+00:00\",\"dateModified\":\"2026-04-27T10:26:59+00:00\",\"mainEntityOfPage\":{\"@id\":\"https:\/\/tuzlainfo.ba\/index.php\/bosna-i-hercegovina\/item\/301331-konzorcijum-logistika-bih-prijeti-odlaskom-firmi-u-eu\/\"},\"wordCount\":481,\"publisher\":{\"@id\":\"https:\/\/tuzlainfo.ba\/#organization\"},\"image\":{\"@id\":\"https:\/\/tuzlainfo.ba\/index.php\/bosna-i-hercegovina\/item\/301331-konzorcijum-logistika-bih-prijeti-odlaskom-firmi-u-eu\/#primaryimage\"},\"thumbnailUrl\":\"https:\/\/tuzlainfo.ba\/wp-content\/uploads\/2025\/01\/kamioni-eu-pravila.jpg\",\"keywords\":[\"konzorcijum logistika\"],\"articleSection\":[\"Bosna i Hercegovina\",\"Istaknuto\"],\"inLanguage\":\"bs-BA\"},{\"@type\":\"WebPage\",\"@id\":\"https:\/\/tuzlainfo.ba\/index.php\/bosna-i-hercegovina\/item\/301331-konzorcijum-logistika-bih-prijeti-odlaskom-firmi-u-eu\/\",\"url\":\"https:\/\/tuzlainfo.ba\/index.php\/bosna-i-hercegovina\/item\/301331-konzorcijum-logistika-bih-prijeti-odlaskom-firmi-u-eu\/\",\"name\":\"Konzorcijum Logistika BiH prijeti odlaskom firmi u EU - TuzlaInfo.ba\",\"isPartOf\":{\"@id\":\"https:\/\/tuzlainfo.ba\/#website\"},\"primaryImageOfPage\":{\"@id\":\"https:\/\/tuzlainfo.ba\/index.php\/bosna-i-hercegovina\/item\/301331-konzorcijum-logistika-bih-prijeti-odlaskom-firmi-u-eu\/#primaryimage\"},\"image\":{\"@id\":\"https:\/\/tuzlainfo.ba\/index.php\/bosna-i-hercegovina\/item\/301331-konzorcijum-logistika-bih-prijeti-odlaskom-firmi-u-eu\/#primaryimage\"},\"thumbnailUrl\":\"https:\/\/tuzlainfo.ba\/wp-content\/uploads\/2025\/01\/kamioni-eu-pravila.jpg\",\"datePublished\":\"2026-04-27T16:07:01+00:00\",\"dateModified\":\"2026-04-27T10:26:59+00:00\",\"breadcrumb\":{\"@id\":\"https:\/\/tuzlainfo.ba\/index.php\/bosna-i-hercegovina\/item\/301331-konzorcijum-logistika-bih-prijeti-odlaskom-firmi-u-eu\/#breadcrumb\"},\"inLanguage\":\"bs-BA\",\"potentialAction\":[{\"@type\":\"ReadAction\",\"target\":[\"https:\/\/tuzlainfo.ba\/index.php\/bosna-i-hercegovina\/item\/301331-konzorcijum-logistika-bih-prijeti-odlaskom-firmi-u-eu\/\"]}]},{\"@type\":\"ImageObject\",\"inLanguage\":\"bs-BA\",\"@id\":\"https:\/\/tuzlainfo.ba\/index.php\/bosna-i-hercegovina\/item\/301331-konzorcijum-logistika-bih-prijeti-odlaskom-firmi-u-eu\/#primaryimage\",\"url\":\"https:\/\/tuzlainfo.ba\/wp-content\/uploads\/2025\/01\/kamioni-eu-pravila.jpg\",\"contentUrl\":\"https:\/\/tuzlainfo.ba\/wp-content\/uploads\/2025\/01\/kamioni-eu-pravila.jpg\",\"width\":800,\"height\":533},{\"@type\":\"BreadcrumbList\",\"@id\":\"https:\/\/tuzlainfo.ba\/index.php\/bosna-i-hercegovina\/item\/301331-konzorcijum-logistika-bih-prijeti-odlaskom-firmi-u-eu\/#breadcrumb\",\"itemListElement\":[{\"@type\":\"ListItem\",\"position\":1,\"name\":\"Home\",\"item\":\"https:\/\/tuzlainfo.ba\/\"},{\"@type\":\"ListItem\",\"position\":2,\"name\":\"Konzorcijum Logistika BiH prijeti odlaskom firmi u EU\"}]},{\"@type\":\"WebSite\",\"@id\":\"https:\/\/tuzlainfo.ba\/#website\",\"url\":\"https:\/\/tuzlainfo.ba\/\",\"name\":\"TuzlaInfo.ba\",\"description\":\"Tuzla info, gradski informator - Tuzla na dlanu\",\"publisher\":{\"@id\":\"https:\/\/tuzlainfo.ba\/#organization\"},\"potentialAction\":[{\"@type\":\"SearchAction\",\"target\":{\"@type\":\"EntryPoint\",\"urlTemplate\":\"https:\/\/tuzlainfo.ba\/?s={search_term_string}\"},\"query-input\":{\"@type\":\"PropertyValueSpecification\",\"valueRequired\":true,\"valueName\":\"search_term_string\"}}],\"inLanguage\":\"bs-BA\"},{\"@type\":\"Organization\",\"@id\":\"https:\/\/tuzlainfo.ba\/#organization\",\"name\":\"TuzlaInfo.ba\",\"url\":\"https:\/\/tuzlainfo.ba\/\",\"logo\":{\"@type\":\"ImageObject\",\"inLanguage\":\"bs-BA\",\"@id\":\"https:\/\/tuzlainfo.ba\/#\/schema\/logo\/image\/\",\"url\":\"https:\/\/tuzlainfo.ba\/wp-content\/uploads\/2021\/03\/logo-ver-3-1.png\",\"contentUrl\":\"https:\/\/tuzlainfo.ba\/wp-content\/uploads\/2021\/03\/logo-ver-3-1.png\",\"width\":350,\"height\":95,\"caption\":\"TuzlaInfo.ba\"},\"image\":{\"@id\":\"https:\/\/tuzlainfo.ba\/#\/schema\/logo\/image\/\"},\"sameAs\":[\"https:\/\/www.facebook.com\/tuzlainfo.ba\/\"]},{\"@type\":\"Person\",\"@id\":\"https:\/\/tuzlainfo.ba\/#\/schema\/person\/46cad4c57790cbc50781edd14870825a\",\"name\":\"Tuzla Info\",\"image\":{\"@type\":\"ImageObject\",\"inLanguage\":\"bs-BA\",\"@id\":\"https:\/\/tuzlainfo.ba\/#\/schema\/person\/image\/\",\"url\":\"https:\/\/tuzlainfo.ba\/wp-content\/litespeed\/avatar\/b6c453a6c38e3654f2e4416c643fc25c.jpg?ver=1777051911\",\"contentUrl\":\"https:\/\/tuzlainfo.ba\/wp-content\/litespeed\/avatar\/b6c453a6c38e3654f2e4416c643fc25c.jpg?ver=1777051911\",\"caption\":\"Tuzla Info\"}}]}<\/script>\n<!-- \/ Yoast SEO plugin. -->","yoast_head_json":{"title":"Konzorcijum Logistika BiH prijeti odlaskom firmi u EU - TuzlaInfo.ba","robots":{"index":"index","follow":"follow","max-snippet":"max-snippet:-1","max-image-preview":"max-image-preview:large","max-video-preview":"max-video-preview:-1"},"canonical":"https:\/\/tuzlainfo.ba\/index.php\/bosna-i-hercegovina\/item\/301331-konzorcijum-logistika-bih-prijeti-odlaskom-firmi-u-eu\/","og_locale":"bs_BA","og_type":"article","og_title":"Konzorcijum Logistika BiH prijeti odlaskom firmi u EU - TuzlaInfo.ba","og_description":"Konzorcijum Logistika Bosne i Hercegovine saop\u0107io je da klju\u010dna pitanja i zahtjevi koje kontinuirano upu\u0107uje&hellip;","og_url":"https:\/\/tuzlainfo.ba\/index.php\/bosna-i-hercegovina\/item\/301331-konzorcijum-logistika-bih-prijeti-odlaskom-firmi-u-eu\/","og_site_name":"TuzlaInfo.ba","article_publisher":"https:\/\/www.facebook.com\/tuzlainfo.ba\/","article_published_time":"2026-04-27T16:07:01+00:00","article_modified_time":"2026-04-27T10:26:59+00:00","og_image":[{"width":800,"height":533,"url":"https:\/\/tuzlainfo.ba\/wp-content\/uploads\/2025\/01\/kamioni-eu-pravila.jpg","type":"image\/jpeg"}],"author":"Tuzla Info","twitter_card":"summary_large_image","twitter_misc":{"Written by":"Tuzla Info","Est. reading time":"3 minute"},"schema":{"@context":"https:\/\/schema.org","@graph":[{"@type":"Article","@id":"https:\/\/tuzlainfo.ba\/index.php\/bosna-i-hercegovina\/item\/301331-konzorcijum-logistika-bih-prijeti-odlaskom-firmi-u-eu\/#article","isPartOf":{"@id":"https:\/\/tuzlainfo.ba\/index.php\/bosna-i-hercegovina\/item\/301331-konzorcijum-logistika-bih-prijeti-odlaskom-firmi-u-eu\/"},"author":{"name":"Tuzla Info","@id":"https:\/\/tuzlainfo.ba\/#\/schema\/person\/46cad4c57790cbc50781edd14870825a"},"headline":"Konzorcijum Logistika BiH prijeti odlaskom firmi u EU","datePublished":"2026-04-27T16:07:01+00:00","dateModified":"2026-04-27T10:26:59+00:00","mainEntityOfPage":{"@id":"https:\/\/tuzlainfo.ba\/index.php\/bosna-i-hercegovina\/item\/301331-konzorcijum-logistika-bih-prijeti-odlaskom-firmi-u-eu\/"},"wordCount":481,"publisher":{"@id":"https:\/\/tuzlainfo.ba\/#organization"},"image":{"@id":"https:\/\/tuzlainfo.ba\/index.php\/bosna-i-hercegovina\/item\/301331-konzorcijum-logistika-bih-prijeti-odlaskom-firmi-u-eu\/#primaryimage"},"thumbnailUrl":"https:\/\/tuzlainfo.ba\/wp-content\/uploads\/2025\/01\/kamioni-eu-pravila.jpg","keywords":["konzorcijum logistika"],"articleSection":["Bosna i Hercegovina","Istaknuto"],"inLanguage":"bs-BA"},{"@type":"WebPage","@id":"https:\/\/tuzlainfo.ba\/index.php\/bosna-i-hercegovina\/item\/301331-konzorcijum-logistika-bih-prijeti-odlaskom-firmi-u-eu\/","url":"https:\/\/tuzlainfo.ba\/index.php\/bosna-i-hercegovina\/item\/301331-konzorcijum-logistika-bih-prijeti-odlaskom-firmi-u-eu\/","name":"Konzorcijum Logistika BiH prijeti odlaskom firmi u EU - TuzlaInfo.ba","isPartOf":{"@id":"https:\/\/tuzlainfo.ba\/#website"},"primaryImageOfPage":{"@id":"https:\/\/tuzlainfo.ba\/index.php\/bosna-i-hercegovina\/item\/301331-konzorcijum-logistika-bih-prijeti-odlaskom-firmi-u-eu\/#primaryimage"},"image":{"@id":"https:\/\/tuzlainfo.ba\/index.php\/bosna-i-hercegovina\/item\/301331-konzorcijum-logistika-bih-prijeti-odlaskom-firmi-u-eu\/#primaryimage"},"thumbnailUrl":"https:\/\/tuzlainfo.ba\/wp-content\/uploads\/2025\/01\/kamioni-eu-pravila.jpg","datePublished":"2026-04-27T16:07:01+00:00","dateModified":"2026-04-27T10:26:59+00:00","breadcrumb":{"@id":"https:\/\/tuzlainfo.ba\/index.php\/bosna-i-hercegovina\/item\/301331-konzorcijum-logistika-bih-prijeti-odlaskom-firmi-u-eu\/#breadcrumb"},"inLanguage":"bs-BA","potentialAction":[{"@type":"ReadAction","target":["https:\/\/tuzlainfo.ba\/index.php\/bosna-i-hercegovina\/item\/301331-konzorcijum-logistika-bih-prijeti-odlaskom-firmi-u-eu\/"]}]},{"@type":"ImageObject","inLanguage":"bs-BA","@id":"https:\/\/tuzlainfo.ba\/index.php\/bosna-i-hercegovina\/item\/301331-konzorcijum-logistika-bih-prijeti-odlaskom-firmi-u-eu\/#primaryimage","url":"https:\/\/tuzlainfo.ba\/wp-content\/uploads\/2025\/01\/kamioni-eu-pravila.jpg","contentUrl":"https:\/\/tuzlainfo.ba\/wp-content\/uploads\/2025\/01\/kamioni-eu-pravila.jpg","width":800,"height":533},{"@type":"BreadcrumbList","@id":"https:\/\/tuzlainfo.ba\/index.php\/bosna-i-hercegovina\/item\/301331-konzorcijum-logistika-bih-prijeti-odlaskom-firmi-u-eu\/#breadcrumb","itemListElement":[{"@type":"ListItem","position":1,"name":"Home","item":"https:\/\/tuzlainfo.ba\/"},{"@type":"ListItem","position":2,"name":"Konzorcijum Logistika BiH prijeti odlaskom firmi u EU"}]},{"@type":"WebSite","@id":"https:\/\/tuzlainfo.ba\/#website","url":"https:\/\/tuzlainfo.ba\/","name":"TuzlaInfo.ba","description":"Tuzla info, gradski informator - Tuzla na dlanu","publisher":{"@id":"https:\/\/tuzlainfo.ba\/#organization"},"potentialAction":[{"@type":"SearchAction","target":{"@type":"EntryPoint","urlTemplate":"https:\/\/tuzlainfo.ba\/?s={search_term_string}"},"query-input":{"@type":"PropertyValueSpecification","valueRequired":true,"valueName":"search_term_string"}}],"inLanguage":"bs-BA"},{"@type":"Organization","@id":"https:\/\/tuzlainfo.ba\/#organization","name":"TuzlaInfo.ba","url":"https:\/\/tuzlainfo.ba\/","logo":{"@type":"ImageObject","inLanguage":"bs-BA","@id":"https:\/\/tuzlainfo.ba\/#\/schema\/logo\/image\/","url":"https:\/\/tuzlainfo.ba\/wp-content\/uploads\/2021\/03\/logo-ver-3-1.png","contentUrl":"https:\/\/tuzlainfo.ba\/wp-content\/uploads\/2021\/03\/logo-ver-3-1.png","width":350,"height":95,"caption":"TuzlaInfo.ba"},"image":{"@id":"https:\/\/tuzlainfo.ba\/#\/schema\/logo\/image\/"},"sameAs":["https:\/\/www.facebook.com\/tuzlainfo.ba\/"]},{"@type":"Person","@id":"https:\/\/tuzlainfo.ba\/#\/schema\/person\/46cad4c57790cbc50781edd14870825a","name":"Tuzla Info","image":{"@type":"ImageObject","inLanguage":"bs-BA","@id":"https:\/\/tuzlainfo.ba\/#\/schema\/person\/image\/","url":"https:\/\/tuzlainfo.ba\/wp-content\/litespeed\/avatar\/b6c453a6c38e3654f2e4416c643fc25c.jpg?ver=1777051911","contentUrl":"https:\/\/tuzlainfo.ba\/wp-content\/litespeed\/avatar\/b6c453a6c38e3654f2e4416c643fc25c.jpg?ver=1777051911","caption":"Tuzla Info"}}]}},"_links":{"self":[{"href":"https:\/\/tuzlainfo.ba\/index.php\/wp-json\/wp\/v2\/posts\/301331"}],"collection":[{"href":"https:\/\/tuzlainfo.ba\/index.php\/wp-json\/wp\/v2\/posts"}],"about":[{"href":"https:\/\/tuzlainfo.ba\/index.php\/wp-json\/wp\/v2\/types\/post"}],"author":[{"embeddable":true,"href":"https:\/\/tuzlainfo.ba\/index.php\/wp-json\/wp\/v2\/users\/4"}],"replies":[{"embeddable":true,"href":"https:\/\/tuzlainfo.ba\/index.php\/wp-json\/wp\/v2\/comments?post=301331"}],"version-history":[{"count":1,"href":"https:\/\/tuzlainfo.ba\/index.php\/wp-json\/wp\/v2\/posts\/301331\/revisions"}],"predecessor-version":[{"id":301332,"href":"https:\/\/tuzlainfo.ba\/index.php\/wp-json\/wp\/v2\/posts\/301331\/revisions\/301332"}],"wp:featuredmedia":[{"embeddable":true,"href":"https:\/\/tuzlainfo.ba\/index.php\/wp-json\/wp\/v2\/media\/260127"}],"wp:attachment":[{"href":"https:\/\/tuzlainfo.ba\/index.php\/wp-json\/wp\/v2\/media?parent=301331"}],"wp:term":[{"taxonomy":"category","embeddable":true,"href":"https:\/\/tuzlainfo.ba\/index.php\/wp-json\/wp\/v2\/categories?post=301331"},{"taxonomy":"post_tag","embeddable":true,"href":"https:\/\/tuzlainfo.ba\/index.php\/wp-json\/wp\/v2\/tags?post=301331"}],"curies":[{"name":"wp","href":"https:\/\/api.w.org\/{rel}","templated":true}]}}