{"id":301328,"date":"2026-04-27T09:30:09","date_gmt":"2026-04-27T07:30:09","guid":{"rendered":"https:\/\/tuzlainfo.ba\/?p=301328"},"modified":"2026-04-27T08:54:42","modified_gmt":"2026-04-27T06:54:42","slug":"politicka-napetost-u-bih-snsd-najavio-izostanak-sa-danasnje-hitne-sjednice","status":"publish","type":"post","link":"https:\/\/tuzlainfo.ba\/index.php\/bosna-i-hercegovina\/item\/301328-politicka-napetost-u-bih-snsd-najavio-izostanak-sa-danasnje-hitne-sjednice\/","title":{"rendered":"Politi\u010dka napetost u BiH: SNSD najavio izostanak sa dana\u0161nje hitne sjednice"},"content":{"rendered":"<p data-start=\"0\" data-end=\"266\">Predsjedavaju\u0107i Doma naroda Parlamentarne skup\u0161tine Bosne i Hercegovine <span class=\"hover:entity-accent entity-underline inline cursor-pointer align-baseline\"><span class=\"whitespace-normal\">Kemal Ademovi\u0107<\/span><\/span> sazvao je za danas hitnu sjednicu ovog doma, na kojoj bi se trebalo razmatrati vi\u0161e zakonskih prijedloga iz oblasti fiskalne, sigurnosne i izborne politike.<\/p>\n<p data-start=\"268\" data-end=\"684\">Na dnevnom redu, izme\u0111u ostalog, nalazi se zahtjev Predstavni\u010dkog doma za razmatranje Prijedloga zakona o dopuni Zakona o akcizama u BiH po hitnom postupku. Predlo\u017eene izmjene predvi\u0111aju da u slu\u010daju poreme\u0107aja na tr\u017ei\u0161tu ili drugog opravdanog razloga Vije\u0107e ministara BiH mo\u017ee donijeti odluku o privremenom ukidanju ili smanjenju akcize na naftne derivate, u trajanju do \u0161est mjeseci tokom jedne kalendarske godine.<\/p>\n<p data-start=\"686\" data-end=\"830\">Predstavni\u010dki dom je 16. marta usvojio ovaj prijedlog po hitnoj proceduri, a njegov predlaga\u010d je poslanik <span class=\"hover:entity-accent entity-underline inline cursor-pointer align-baseline\"><span class=\"whitespace-normal\">Sa\u0161a Magazinovi\u0107<\/span><\/span>.<\/p>\n<p data-start=\"832\" data-end=\"1193\">Zamjenik predsjedavaju\u0107eg Doma naroda <span class=\"hover:entity-accent entity-underline inline cursor-pointer align-baseline\"><span class=\"whitespace-normal\">Nikola \u0160piri\u0107<\/span><\/span> ranije je najavio da on, kao i delegati iz SNSD-a <span class=\"hover:entity-accent entity-underline inline cursor-pointer align-baseline\"><span class=\"whitespace-normal\">Sredoje Novi\u0107<\/span><\/span> i <span class=\"hover:entity-accent entity-underline inline cursor-pointer align-baseline\"><span class=\"whitespace-normal\">Radovan Kova\u010devi\u0107<\/span><\/span>, ne\u0107e prisustvovati sjednici. \u0160piri\u0107 je pritom kritikovao na\u010din zakazivanja sjednica, navode\u0107i da se one, kako tvrdi, poku\u0161avaju zakazivati samoinicijativno.<\/p>\n<p data-start=\"1195\" data-end=\"1480\">S druge strane, delegat <span class=\"hover:entity-accent entity-underline inline cursor-pointer align-baseline\"><span class=\"whitespace-normal\">\u017delimir Ne\u0161kovi\u0107<\/span><\/span> iz SDS-a ocijenio je da je vrijeme da se prekine politi\u010dka praksa izostanaka sa sjednica, isti\u010du\u0107i da takvo pona\u0161anje blokira usvajanje mjera koje bi mogle olak\u0161ati \u017eivot gra\u0111anima, uklju\u010duju\u0107i i smanjenje akciza na gorivo.<\/p>\n<p data-start=\"1482\" data-end=\"1887\">Na sjednici je predvi\u0111eno i razmatranje zahtjeva Vije\u0107a ministara BiH da se po hitnoj proceduri razmatra Prijedlog zakona o ograni\u010davanju raspolaganja imovinom s ciljem spre\u010davanja terorizma i finansiranja terorizma. Rije\u010d je o zakonu koji je pripremilo Ministarstvo sigurnosti BiH, a koji bi trebao otkloniti nedostatke u sistemu uo\u010denom u izvje\u0161taju Komiteta eksperata MONEYVAL iz decembra 2024. godine.<\/p>\n<p data-start=\"1889\" data-end=\"2254\">Jedna od ta\u010daka dnevnog reda je i zahtjev za hitno razmatranje Prijedloga izmjena i dopuna Izbornog zakona BiH, koji je ranije usvojio Predstavni\u010dki dom. Predlaga\u010di iz SDA navode da bi se njegovim usvajanjem omogu\u0107ilo uvo\u0111enje novih izbornih tehnologija, uklju\u010duju\u0107i biometrijsku identifikaciju bira\u010da, skeniranje glasa\u010dkih listi\u0107a i elektronski prijenos rezultata.<\/p>\n<p data-start=\"2256\" data-end=\"2650\" data-is-last-node=\"\" data-is-only-node=\"\">Tako\u0111er, delegati bi trebali razmatrati i Prijedlog zakona o regulatoru, prijenosu i tr\u017ei\u0161tu elektri\u010dne energije u BiH, koji je predlo\u017eilo Vije\u0107e ministara BiH. Zakon je ozna\u010den kao uskla\u0111en s EU propisima, a njegov cilj je uspostava ure\u0111enog tr\u017ei\u0161ta elektri\u010dne energije i berze u BiH, \u0161to bi predstavljalo va\u017ean korak u ispunjavanju uslova za izuze\u0107e od primjene CBAM mehanizma Evropske unije.<\/p>\n","protected":false},"excerpt":{"rendered":"<p>Predsjedavaju\u0107i Doma naroda Parlamentarne skup\u0161tine Bosne i Hercegovine Kemal Ademovi\u0107 sazvao je za danas hitnu&hellip;<\/p>\n","protected":false},"author":4,"featured_media":200768,"comment_status":"closed","ping_status":"closed","sticky":false,"template":"","format":"standard","meta":{"_acf_changed":false,"footnotes":""},"categories":[291],"tags":[4735,695],"acf":[],"yoast_head":"<!-- This site is optimized with the Yoast SEO plugin v23.5 - https:\/\/yoast.com\/wordpress\/plugins\/seo\/ -->\n<title>Politi\u010dka napetost u BiH: SNSD najavio izostanak sa dana\u0161nje hitne sjednice - TuzlaInfo.ba<\/title>\n<meta name=\"robots\" content=\"index, follow, max-snippet:-1, max-image-preview:large, max-video-preview:-1\" \/>\n<link rel=\"canonical\" href=\"https:\/\/tuzlainfo.ba\/index.php\/bosna-i-hercegovina\/item\/301328-politicka-napetost-u-bih-snsd-najavio-izostanak-sa-danasnje-hitne-sjednice\/\" \/>\n<meta property=\"og:locale\" content=\"bs_BA\" \/>\n<meta property=\"og:type\" content=\"article\" \/>\n<meta property=\"og:title\" content=\"Politi\u010dka napetost u BiH: SNSD najavio izostanak sa dana\u0161nje hitne sjednice - TuzlaInfo.ba\" \/>\n<meta property=\"og:description\" content=\"Predsjedavaju\u0107i Doma naroda Parlamentarne skup\u0161tine Bosne i Hercegovine Kemal Ademovi\u0107 sazvao je za danas hitnu&hellip;\" \/>\n<meta property=\"og:url\" content=\"https:\/\/tuzlainfo.ba\/index.php\/bosna-i-hercegovina\/item\/301328-politicka-napetost-u-bih-snsd-najavio-izostanak-sa-danasnje-hitne-sjednice\/\" \/>\n<meta property=\"og:site_name\" content=\"TuzlaInfo.ba\" \/>\n<meta property=\"article:publisher\" content=\"https:\/\/www.facebook.com\/tuzlainfo.ba\/\" \/>\n<meta property=\"article:published_time\" content=\"2026-04-27T07:30:09+00:00\" \/>\n<meta property=\"article:modified_time\" content=\"2026-04-27T06:54:42+00:00\" \/>\n<meta property=\"og:image\" content=\"https:\/\/tuzlainfo.ba\/wp-content\/uploads\/2023\/03\/2803_dom-naroda_psbih.jpeg\" \/>\n\t<meta property=\"og:image:width\" content=\"1297\" \/>\n\t<meta property=\"og:image:height\" content=\"730\" \/>\n\t<meta property=\"og:image:type\" content=\"image\/jpeg\" \/>\n<meta name=\"author\" content=\"Tuzla Info\" \/>\n<meta name=\"twitter:card\" content=\"summary_large_image\" \/>\n<meta name=\"twitter:label1\" content=\"Written by\" \/>\n\t<meta name=\"twitter:data1\" content=\"Tuzla Info\" \/>\n\t<meta name=\"twitter:label2\" content=\"Est. reading time\" \/>\n\t<meta name=\"twitter:data2\" content=\"3 minute\" \/>\n<script type=\"application\/ld+json\" class=\"yoast-schema-graph\">{\"@context\":\"https:\/\/schema.org\",\"@graph\":[{\"@type\":\"Article\",\"@id\":\"https:\/\/tuzlainfo.ba\/index.php\/bosna-i-hercegovina\/item\/301328-politicka-napetost-u-bih-snsd-najavio-izostanak-sa-danasnje-hitne-sjednice\/#article\",\"isPartOf\":{\"@id\":\"https:\/\/tuzlainfo.ba\/index.php\/bosna-i-hercegovina\/item\/301328-politicka-napetost-u-bih-snsd-najavio-izostanak-sa-danasnje-hitne-sjednice\/\"},\"author\":{\"name\":\"Tuzla Info\",\"@id\":\"https:\/\/tuzlainfo.ba\/#\/schema\/person\/46cad4c57790cbc50781edd14870825a\"},\"headline\":\"Politi\u010dka napetost u BiH: SNSD najavio izostanak sa dana\u0161nje hitne sjednice\",\"datePublished\":\"2026-04-27T07:30:09+00:00\",\"dateModified\":\"2026-04-27T06:54:42+00:00\",\"mainEntityOfPage\":{\"@id\":\"https:\/\/tuzlainfo.ba\/index.php\/bosna-i-hercegovina\/item\/301328-politicka-napetost-u-bih-snsd-najavio-izostanak-sa-danasnje-hitne-sjednice\/\"},\"wordCount\":430,\"publisher\":{\"@id\":\"https:\/\/tuzlainfo.ba\/#organization\"},\"image\":{\"@id\":\"https:\/\/tuzlainfo.ba\/index.php\/bosna-i-hercegovina\/item\/301328-politicka-napetost-u-bih-snsd-najavio-izostanak-sa-danasnje-hitne-sjednice\/#primaryimage\"},\"thumbnailUrl\":\"https:\/\/tuzlainfo.ba\/wp-content\/uploads\/2023\/03\/2803_dom-naroda_psbih.jpeg\",\"keywords\":[\"dom naroda bih\",\"snsd\"],\"articleSection\":[\"Bosna i Hercegovina\"],\"inLanguage\":\"bs-BA\"},{\"@type\":\"WebPage\",\"@id\":\"https:\/\/tuzlainfo.ba\/index.php\/bosna-i-hercegovina\/item\/301328-politicka-napetost-u-bih-snsd-najavio-izostanak-sa-danasnje-hitne-sjednice\/\",\"url\":\"https:\/\/tuzlainfo.ba\/index.php\/bosna-i-hercegovina\/item\/301328-politicka-napetost-u-bih-snsd-najavio-izostanak-sa-danasnje-hitne-sjednice\/\",\"name\":\"Politi\u010dka napetost u BiH: SNSD najavio izostanak sa dana\u0161nje hitne sjednice - TuzlaInfo.ba\",\"isPartOf\":{\"@id\":\"https:\/\/tuzlainfo.ba\/#website\"},\"primaryImageOfPage\":{\"@id\":\"https:\/\/tuzlainfo.ba\/index.php\/bosna-i-hercegovina\/item\/301328-politicka-napetost-u-bih-snsd-najavio-izostanak-sa-danasnje-hitne-sjednice\/#primaryimage\"},\"image\":{\"@id\":\"https:\/\/tuzlainfo.ba\/index.php\/bosna-i-hercegovina\/item\/301328-politicka-napetost-u-bih-snsd-najavio-izostanak-sa-danasnje-hitne-sjednice\/#primaryimage\"},\"thumbnailUrl\":\"https:\/\/tuzlainfo.ba\/wp-content\/uploads\/2023\/03\/2803_dom-naroda_psbih.jpeg\",\"datePublished\":\"2026-04-27T07:30:09+00:00\",\"dateModified\":\"2026-04-27T06:54:42+00:00\",\"breadcrumb\":{\"@id\":\"https:\/\/tuzlainfo.ba\/index.php\/bosna-i-hercegovina\/item\/301328-politicka-napetost-u-bih-snsd-najavio-izostanak-sa-danasnje-hitne-sjednice\/#breadcrumb\"},\"inLanguage\":\"bs-BA\",\"potentialAction\":[{\"@type\":\"ReadAction\",\"target\":[\"https:\/\/tuzlainfo.ba\/index.php\/bosna-i-hercegovina\/item\/301328-politicka-napetost-u-bih-snsd-najavio-izostanak-sa-danasnje-hitne-sjednice\/\"]}]},{\"@type\":\"ImageObject\",\"inLanguage\":\"bs-BA\",\"@id\":\"https:\/\/tuzlainfo.ba\/index.php\/bosna-i-hercegovina\/item\/301328-politicka-napetost-u-bih-snsd-najavio-izostanak-sa-danasnje-hitne-sjednice\/#primaryimage\",\"url\":\"https:\/\/tuzlainfo.ba\/wp-content\/uploads\/2023\/03\/2803_dom-naroda_psbih.jpeg\",\"contentUrl\":\"https:\/\/tuzlainfo.ba\/wp-content\/uploads\/2023\/03\/2803_dom-naroda_psbih.jpeg\",\"width\":1297,\"height\":730},{\"@type\":\"BreadcrumbList\",\"@id\":\"https:\/\/tuzlainfo.ba\/index.php\/bosna-i-hercegovina\/item\/301328-politicka-napetost-u-bih-snsd-najavio-izostanak-sa-danasnje-hitne-sjednice\/#breadcrumb\",\"itemListElement\":[{\"@type\":\"ListItem\",\"position\":1,\"name\":\"Home\",\"item\":\"https:\/\/tuzlainfo.ba\/\"},{\"@type\":\"ListItem\",\"position\":2,\"name\":\"Politi\u010dka napetost u BiH: SNSD najavio izostanak sa dana\u0161nje hitne sjednice\"}]},{\"@type\":\"WebSite\",\"@id\":\"https:\/\/tuzlainfo.ba\/#website\",\"url\":\"https:\/\/tuzlainfo.ba\/\",\"name\":\"TuzlaInfo.ba\",\"description\":\"Tuzla info, gradski informator - Tuzla na dlanu\",\"publisher\":{\"@id\":\"https:\/\/tuzlainfo.ba\/#organization\"},\"potentialAction\":[{\"@type\":\"SearchAction\",\"target\":{\"@type\":\"EntryPoint\",\"urlTemplate\":\"https:\/\/tuzlainfo.ba\/?s={search_term_string}\"},\"query-input\":{\"@type\":\"PropertyValueSpecification\",\"valueRequired\":true,\"valueName\":\"search_term_string\"}}],\"inLanguage\":\"bs-BA\"},{\"@type\":\"Organization\",\"@id\":\"https:\/\/tuzlainfo.ba\/#organization\",\"name\":\"TuzlaInfo.ba\",\"url\":\"https:\/\/tuzlainfo.ba\/\",\"logo\":{\"@type\":\"ImageObject\",\"inLanguage\":\"bs-BA\",\"@id\":\"https:\/\/tuzlainfo.ba\/#\/schema\/logo\/image\/\",\"url\":\"https:\/\/tuzlainfo.ba\/wp-content\/uploads\/2021\/03\/logo-ver-3-1.png\",\"contentUrl\":\"https:\/\/tuzlainfo.ba\/wp-content\/uploads\/2021\/03\/logo-ver-3-1.png\",\"width\":350,\"height\":95,\"caption\":\"TuzlaInfo.ba\"},\"image\":{\"@id\":\"https:\/\/tuzlainfo.ba\/#\/schema\/logo\/image\/\"},\"sameAs\":[\"https:\/\/www.facebook.com\/tuzlainfo.ba\/\"]},{\"@type\":\"Person\",\"@id\":\"https:\/\/tuzlainfo.ba\/#\/schema\/person\/46cad4c57790cbc50781edd14870825a\",\"name\":\"Tuzla Info\",\"image\":{\"@type\":\"ImageObject\",\"inLanguage\":\"bs-BA\",\"@id\":\"https:\/\/tuzlainfo.ba\/#\/schema\/person\/image\/\",\"url\":\"https:\/\/tuzlainfo.ba\/wp-content\/litespeed\/avatar\/b6c453a6c38e3654f2e4416c643fc25c.jpg?ver=1777051911\",\"contentUrl\":\"https:\/\/tuzlainfo.ba\/wp-content\/litespeed\/avatar\/b6c453a6c38e3654f2e4416c643fc25c.jpg?ver=1777051911\",\"caption\":\"Tuzla Info\"}}]}<\/script>\n<!-- \/ Yoast SEO plugin. -->","yoast_head_json":{"title":"Politi\u010dka napetost u BiH: SNSD najavio izostanak sa dana\u0161nje hitne sjednice - TuzlaInfo.ba","robots":{"index":"index","follow":"follow","max-snippet":"max-snippet:-1","max-image-preview":"max-image-preview:large","max-video-preview":"max-video-preview:-1"},"canonical":"https:\/\/tuzlainfo.ba\/index.php\/bosna-i-hercegovina\/item\/301328-politicka-napetost-u-bih-snsd-najavio-izostanak-sa-danasnje-hitne-sjednice\/","og_locale":"bs_BA","og_type":"article","og_title":"Politi\u010dka napetost u BiH: SNSD najavio izostanak sa dana\u0161nje hitne sjednice - TuzlaInfo.ba","og_description":"Predsjedavaju\u0107i Doma naroda Parlamentarne skup\u0161tine Bosne i Hercegovine Kemal Ademovi\u0107 sazvao je za danas hitnu&hellip;","og_url":"https:\/\/tuzlainfo.ba\/index.php\/bosna-i-hercegovina\/item\/301328-politicka-napetost-u-bih-snsd-najavio-izostanak-sa-danasnje-hitne-sjednice\/","og_site_name":"TuzlaInfo.ba","article_publisher":"https:\/\/www.facebook.com\/tuzlainfo.ba\/","article_published_time":"2026-04-27T07:30:09+00:00","article_modified_time":"2026-04-27T06:54:42+00:00","og_image":[{"width":1297,"height":730,"url":"https:\/\/tuzlainfo.ba\/wp-content\/uploads\/2023\/03\/2803_dom-naroda_psbih.jpeg","type":"image\/jpeg"}],"author":"Tuzla Info","twitter_card":"summary_large_image","twitter_misc":{"Written by":"Tuzla Info","Est. reading time":"3 minute"},"schema":{"@context":"https:\/\/schema.org","@graph":[{"@type":"Article","@id":"https:\/\/tuzlainfo.ba\/index.php\/bosna-i-hercegovina\/item\/301328-politicka-napetost-u-bih-snsd-najavio-izostanak-sa-danasnje-hitne-sjednice\/#article","isPartOf":{"@id":"https:\/\/tuzlainfo.ba\/index.php\/bosna-i-hercegovina\/item\/301328-politicka-napetost-u-bih-snsd-najavio-izostanak-sa-danasnje-hitne-sjednice\/"},"author":{"name":"Tuzla Info","@id":"https:\/\/tuzlainfo.ba\/#\/schema\/person\/46cad4c57790cbc50781edd14870825a"},"headline":"Politi\u010dka napetost u BiH: SNSD najavio izostanak sa dana\u0161nje hitne sjednice","datePublished":"2026-04-27T07:30:09+00:00","dateModified":"2026-04-27T06:54:42+00:00","mainEntityOfPage":{"@id":"https:\/\/tuzlainfo.ba\/index.php\/bosna-i-hercegovina\/item\/301328-politicka-napetost-u-bih-snsd-najavio-izostanak-sa-danasnje-hitne-sjednice\/"},"wordCount":430,"publisher":{"@id":"https:\/\/tuzlainfo.ba\/#organization"},"image":{"@id":"https:\/\/tuzlainfo.ba\/index.php\/bosna-i-hercegovina\/item\/301328-politicka-napetost-u-bih-snsd-najavio-izostanak-sa-danasnje-hitne-sjednice\/#primaryimage"},"thumbnailUrl":"https:\/\/tuzlainfo.ba\/wp-content\/uploads\/2023\/03\/2803_dom-naroda_psbih.jpeg","keywords":["dom naroda bih","snsd"],"articleSection":["Bosna i Hercegovina"],"inLanguage":"bs-BA"},{"@type":"WebPage","@id":"https:\/\/tuzlainfo.ba\/index.php\/bosna-i-hercegovina\/item\/301328-politicka-napetost-u-bih-snsd-najavio-izostanak-sa-danasnje-hitne-sjednice\/","url":"https:\/\/tuzlainfo.ba\/index.php\/bosna-i-hercegovina\/item\/301328-politicka-napetost-u-bih-snsd-najavio-izostanak-sa-danasnje-hitne-sjednice\/","name":"Politi\u010dka napetost u BiH: SNSD najavio izostanak sa dana\u0161nje hitne sjednice - TuzlaInfo.ba","isPartOf":{"@id":"https:\/\/tuzlainfo.ba\/#website"},"primaryImageOfPage":{"@id":"https:\/\/tuzlainfo.ba\/index.php\/bosna-i-hercegovina\/item\/301328-politicka-napetost-u-bih-snsd-najavio-izostanak-sa-danasnje-hitne-sjednice\/#primaryimage"},"image":{"@id":"https:\/\/tuzlainfo.ba\/index.php\/bosna-i-hercegovina\/item\/301328-politicka-napetost-u-bih-snsd-najavio-izostanak-sa-danasnje-hitne-sjednice\/#primaryimage"},"thumbnailUrl":"https:\/\/tuzlainfo.ba\/wp-content\/uploads\/2023\/03\/2803_dom-naroda_psbih.jpeg","datePublished":"2026-04-27T07:30:09+00:00","dateModified":"2026-04-27T06:54:42+00:00","breadcrumb":{"@id":"https:\/\/tuzlainfo.ba\/index.php\/bosna-i-hercegovina\/item\/301328-politicka-napetost-u-bih-snsd-najavio-izostanak-sa-danasnje-hitne-sjednice\/#breadcrumb"},"inLanguage":"bs-BA","potentialAction":[{"@type":"ReadAction","target":["https:\/\/tuzlainfo.ba\/index.php\/bosna-i-hercegovina\/item\/301328-politicka-napetost-u-bih-snsd-najavio-izostanak-sa-danasnje-hitne-sjednice\/"]}]},{"@type":"ImageObject","inLanguage":"bs-BA","@id":"https:\/\/tuzlainfo.ba\/index.php\/bosna-i-hercegovina\/item\/301328-politicka-napetost-u-bih-snsd-najavio-izostanak-sa-danasnje-hitne-sjednice\/#primaryimage","url":"https:\/\/tuzlainfo.ba\/wp-content\/uploads\/2023\/03\/2803_dom-naroda_psbih.jpeg","contentUrl":"https:\/\/tuzlainfo.ba\/wp-content\/uploads\/2023\/03\/2803_dom-naroda_psbih.jpeg","width":1297,"height":730},{"@type":"BreadcrumbList","@id":"https:\/\/tuzlainfo.ba\/index.php\/bosna-i-hercegovina\/item\/301328-politicka-napetost-u-bih-snsd-najavio-izostanak-sa-danasnje-hitne-sjednice\/#breadcrumb","itemListElement":[{"@type":"ListItem","position":1,"name":"Home","item":"https:\/\/tuzlainfo.ba\/"},{"@type":"ListItem","position":2,"name":"Politi\u010dka napetost u BiH: SNSD najavio izostanak sa dana\u0161nje hitne sjednice"}]},{"@type":"WebSite","@id":"https:\/\/tuzlainfo.ba\/#website","url":"https:\/\/tuzlainfo.ba\/","name":"TuzlaInfo.ba","description":"Tuzla info, gradski informator - Tuzla na dlanu","publisher":{"@id":"https:\/\/tuzlainfo.ba\/#organization"},"potentialAction":[{"@type":"SearchAction","target":{"@type":"EntryPoint","urlTemplate":"https:\/\/tuzlainfo.ba\/?s={search_term_string}"},"query-input":{"@type":"PropertyValueSpecification","valueRequired":true,"valueName":"search_term_string"}}],"inLanguage":"bs-BA"},{"@type":"Organization","@id":"https:\/\/tuzlainfo.ba\/#organization","name":"TuzlaInfo.ba","url":"https:\/\/tuzlainfo.ba\/","logo":{"@type":"ImageObject","inLanguage":"bs-BA","@id":"https:\/\/tuzlainfo.ba\/#\/schema\/logo\/image\/","url":"https:\/\/tuzlainfo.ba\/wp-content\/uploads\/2021\/03\/logo-ver-3-1.png","contentUrl":"https:\/\/tuzlainfo.ba\/wp-content\/uploads\/2021\/03\/logo-ver-3-1.png","width":350,"height":95,"caption":"TuzlaInfo.ba"},"image":{"@id":"https:\/\/tuzlainfo.ba\/#\/schema\/logo\/image\/"},"sameAs":["https:\/\/www.facebook.com\/tuzlainfo.ba\/"]},{"@type":"Person","@id":"https:\/\/tuzlainfo.ba\/#\/schema\/person\/46cad4c57790cbc50781edd14870825a","name":"Tuzla Info","image":{"@type":"ImageObject","inLanguage":"bs-BA","@id":"https:\/\/tuzlainfo.ba\/#\/schema\/person\/image\/","url":"https:\/\/tuzlainfo.ba\/wp-content\/litespeed\/avatar\/b6c453a6c38e3654f2e4416c643fc25c.jpg?ver=1777051911","contentUrl":"https:\/\/tuzlainfo.ba\/wp-content\/litespeed\/avatar\/b6c453a6c38e3654f2e4416c643fc25c.jpg?ver=1777051911","caption":"Tuzla Info"}}]}},"_links":{"self":[{"href":"https:\/\/tuzlainfo.ba\/index.php\/wp-json\/wp\/v2\/posts\/301328"}],"collection":[{"href":"https:\/\/tuzlainfo.ba\/index.php\/wp-json\/wp\/v2\/posts"}],"about":[{"href":"https:\/\/tuzlainfo.ba\/index.php\/wp-json\/wp\/v2\/types\/post"}],"author":[{"embeddable":true,"href":"https:\/\/tuzlainfo.ba\/index.php\/wp-json\/wp\/v2\/users\/4"}],"replies":[{"embeddable":true,"href":"https:\/\/tuzlainfo.ba\/index.php\/wp-json\/wp\/v2\/comments?post=301328"}],"version-history":[{"count":1,"href":"https:\/\/tuzlainfo.ba\/index.php\/wp-json\/wp\/v2\/posts\/301328\/revisions"}],"predecessor-version":[{"id":301329,"href":"https:\/\/tuzlainfo.ba\/index.php\/wp-json\/wp\/v2\/posts\/301328\/revisions\/301329"}],"wp:featuredmedia":[{"embeddable":true,"href":"https:\/\/tuzlainfo.ba\/index.php\/wp-json\/wp\/v2\/media\/200768"}],"wp:attachment":[{"href":"https:\/\/tuzlainfo.ba\/index.php\/wp-json\/wp\/v2\/media?parent=301328"}],"wp:term":[{"taxonomy":"category","embeddable":true,"href":"https:\/\/tuzlainfo.ba\/index.php\/wp-json\/wp\/v2\/categories?post=301328"},{"taxonomy":"post_tag","embeddable":true,"href":"https:\/\/tuzlainfo.ba\/index.php\/wp-json\/wp\/v2\/tags?post=301328"}],"curies":[{"name":"wp","href":"https:\/\/api.w.org\/{rel}","templated":true}]}}