{"id":301322,"date":"2026-04-27T08:47:50","date_gmt":"2026-04-27T06:47:50","guid":{"rendered":"https:\/\/tuzlainfo.ba\/?p=301322"},"modified":"2026-04-27T08:47:50","modified_gmt":"2026-04-27T06:47:50","slug":"pismo-iz-brisela-uzburkalo-odnose-upozorenja-borjani-kristo-i-kritike-washingtona","status":"publish","type":"post","link":"https:\/\/tuzlainfo.ba\/index.php\/bosna-i-hercegovina\/item\/301322-pismo-iz-brisela-uzburkalo-odnose-upozorenja-borjani-kristo-i-kritike-washingtona\/","title":{"rendered":"Pismo iz Brisela uzburkalo odnose: Upozorenja Borjani Kri\u0161to i kritike Washingtona"},"content":{"rendered":"<section class=\"text-token-text-primary w-full focus:outline-none [--shadow-height:45px] has-data-writing-block:pointer-events-none has-data-writing-block:-mt-(--shadow-height) has-data-writing-block:pt-(--shadow-height) [&amp;:has([data-writing-block])&gt;*]:pointer-events-auto [content-visibility:auto] supports-[content-visibility:auto]:[contain-intrinsic-size:auto_100lvh] R6Vx5W_threadScrollVars scroll-mb-[calc(var(--scroll-root-safe-area-inset-bottom,0px)+var(--thread-response-height))] scroll-mt-[calc(var(--header-height)+min(200px,max(70px,20svh)))]\" dir=\"auto\" data-turn-id=\"request-WEB:301a9c4a-957a-4b58-a103-ed7b1f737740-9\" data-testid=\"conversation-turn-20\" data-scroll-anchor=\"false\" data-turn=\"assistant\">\n<div class=\"text-base my-auto mx-auto pb-10 [--thread-content-margin:var(--thread-content-margin-xs,calc(var(--spacing)*4))] @w-sm\/main:[--thread-content-margin:var(--thread-content-margin-sm,calc(var(--spacing)*6))] @w-lg\/main:[--thread-content-margin:var(--thread-content-margin-lg,calc(var(--spacing)*16))] px-(--thread-content-margin)\">\n<div class=\"[--thread-content-max-width:40rem] @w-lg\/main:[--thread-content-max-width:48rem] mx-auto max-w-(--thread-content-max-width) flex-1 group\/turn-messages focus-visible:outline-hidden relative flex w-full min-w-0 flex-col agent-turn\">\n<div class=\"flex max-w-full flex-col gap-4 grow\">\n<div class=\"min-h-8 text-message relative flex w-full flex-col items-end gap-2 text-start break-words whitespace-normal outline-none keyboard-focused:focus-ring [.text-message+&amp;]:mt-1\" dir=\"auto\" tabindex=\"0\" data-message-author-role=\"assistant\" data-message-id=\"f26d2218-0a65-4a4a-89ce-0a653c946f83\" data-message-model-slug=\"gpt-5-3\" data-turn-start-message=\"true\">\n<div class=\"flex w-full flex-col gap-1 empty:hidden\">\n<div class=\"markdown prose dark:prose-invert w-full wrap-break-word light markdown-new-styling\">\n<p data-start=\"0\" data-end=\"432\">Nakon \u0161to su u parlamentarnu proceduru u <span class=\"hover:entity-accent entity-underline inline cursor-pointer align-baseline\"><span class=\"whitespace-normal\">Bosna i Hercegovina<\/span><\/span> upu\u0107ene izmjene Zakona o plinovodu Ju\u017ena interkonekcija izme\u0111u BiH i Hrvatske koje ameri\u010dku kompaniju AAFS Infrastructure and Energy nominiraju za nositelja gradnje plinovoda, predsjedateljica Vije\u0107a ministara BiH <span class=\"hover:entity-accent entity-underline inline cursor-pointer align-baseline\"><span class=\"whitespace-normal\">Borjana Kri\u0161to<\/span><\/span> upozorena je u pismu EU, pi\u0161e <span class=\"hover:entity-accent entity-underline inline cursor-pointer align-baseline\"><span class=\"whitespace-normal\">The Guardian, a prenosi Slobodna Bosna.<\/span><\/span><\/p>\n<p data-start=\"434\" data-end=\"712\">U pismu koje je \u0161ef Delegacije Evropske unije u BiH <span class=\"hover:entity-accent entity-underline inline cursor-pointer align-baseline\"><span class=\"whitespace-normal\">Luigi Soreca<\/span><\/span> uputio Borjani Kri\u0161to nagla\u0161ava se potreba za temeljitom koordinacijom nacrta zakona unutar zemlje, ali i sa slu\u017ebama Evropske komisije, kako bi se osigurala uskla\u0111enost sa standardima EU.<\/p>\n<p data-start=\"714\" data-end=\"1200\">\u2013 Klju\u010dno je da se nacrti zakona temeljito koordiniraju interno unutar zemlje, kao i s relevantnim slu\u017ebama Europske komisije. To podrazumijeva dijeljenje nacrta zakona radi procjene u ranoj fazi procesa izrade, \u010dime se osigurava uskla\u0111enost sa standardima EU. Na taj na\u010din Bosna i Hercegovina mo\u017ee nastaviti napredovati na svom putu prema EU i izbje\u0107i propu\u0161tanje prilika za daljnju integraciju, kao i financijskih prilika, uklju\u010duju\u0107i i one u okviru Agende za reformu \u2013 stoji u pismu.<\/p>\n<p data-start=\"1202\" data-end=\"1621\">Pozivaju\u0107i se na Sporazum o stabilizaciji i pridru\u017eivanju, Soreca upozorava da regulatorna procedura mora osigurati neovisnost, razdvajanje i pristup tre\u0107ih strana, u skladu s pravnom ste\u010devinom Energetske zajednice. Iz toga, kako navodi Guardian, proizlazi zaklju\u010dak da Evropska unija smatra da je BiH nominacijom kompanije AAFS Infrastructure and Energy prekr\u0161ila ranije preuzete obaveze na putu ka eurointegracijama.<\/p>\n<p data-start=\"1623\" data-end=\"1831\">Britanski list dalje navodi da bi pitanje Ju\u017ene interkonekcije moglo dovesti i do \u0161ireg politi\u010dkog sukoba, uklju\u010duju\u0107i i odnose sa administracijom ameri\u010dkog predsjednika <span class=\"hover:entity-accent entity-underline inline cursor-pointer align-baseline\"><span class=\"whitespace-normal\">Donald Trump<\/span><\/span>.<\/p>\n<p data-start=\"1833\" data-end=\"2106\">\u2013 EU riskira sukob s Donaldom Trumpom nakon \u0161to je poku\u0161ao odgoditi dodjelu unosnog ugovora za plinovod za Balkan kompaniji koju vodi njegov osobni odvjetnik. AAFS Infrastructure and Energy osnovan je u novembru pro\u0161le godine i nije otkrio svoje vlasnike \u2013 navodi Guardian.<\/p>\n<p data-start=\"2108\" data-end=\"2362\">List isti\u010de da kompaniju predvode <span class=\"hover:entity-accent entity-underline inline cursor-pointer align-baseline\"><span class=\"whitespace-normal\">Jesse Binnall<\/span><\/span> i <span class=\"hover:entity-accent entity-underline inline cursor-pointer align-baseline\"><span class=\"whitespace-normal\">Joe Flynn<\/span><\/span>, povezani s Trumpovom kampanjom iz 2020. godine, te dovodi cijeli slu\u010daj u kontekst odnosa izme\u0111u Evropske komisije i ameri\u010dke administracije.<\/p>\n<p data-start=\"2364\" data-end=\"2680\">Guardian tako\u0111er problematizira kapacitete kompanije AAFS za realizaciju ovakvog projekta, navode\u0107i da nema iskustva u izgradnji plinovoda. Uz to se podsje\u0107a i na upozorenja organizacije <span class=\"hover:entity-accent entity-underline inline cursor-pointer align-baseline\"><span class=\"whitespace-normal\">Transparency International<\/span><\/span>, koja je ocijenila da bi dodjela ugovora bez tendera mogla predstavljati \u201copasan presedan\u201d.<\/p>\n<p data-start=\"2682\" data-end=\"2964\">U tekstu se spominju i politi\u010dke veze u regionu, uklju\u010duju\u0107i i lidera Republike Srpske <span class=\"hover:entity-accent entity-underline inline cursor-pointer align-baseline\"><span class=\"whitespace-normal\">Milorad Dodik<\/span><\/span>, za kojeg se navodi da je imao podr\u0161ku odre\u0111enih ameri\u010dkih krugova, te da je bio predmet lobisti\u010dkih aktivnosti povezanih s ameri\u010dkim politi\u010dkim strukturama.<\/p>\n<p data-start=\"2966\" data-end=\"3167\">S druge strane, Soreca se u svom pismu nije bavio politi\u010dkim aspektima, ve\u0107 je fokus stavio na obaveze koje <span class=\"hover:entity-accent entity-underline inline cursor-pointer align-baseline\"><span class=\"whitespace-normal\">Bosna i Hercegovina<\/span><\/span> ima prema pravnoj ste\u010devini EU i Energetskoj zajednici.<\/p>\n<p data-start=\"3169\" data-end=\"3520\" data-is-last-node=\"\" data-is-only-node=\"\">\u2013 Potpuna provedba Tre\u0107eg energetskog paketa me\u0111u klju\u010dnim je prioritetima, a dugogodi\u0161nje neispunjavanje obaveza BiH prema Ugovoru o energetskoj zajednici predstavlja ozbiljan problem koji mo\u017ee ugroziti i reforme energetskog sektora i evropski put zemlje \u2013 naveo je Soreca, nagla\u0161avaju\u0107i potrebu za uskla\u0111ivanjem zakonodavstva na svim nivoima vlasti.<\/p>\n<\/div>\n<\/div>\n<\/div>\n<\/div>\n<div class=\"z-0 flex min-h-[46px] justify-start\"><\/div>\n<div class=\"mt-3 w-full empty:hidden\">\n<div class=\"text-center\"><\/div>\n<\/div>\n<\/div>\n<\/div>\n<\/section>\n<div class=\"pointer-events-none -mt-px h-px translate-y-[calc(var(--scroll-root-safe-area-inset-bottom)-14*var(--spacing))]\" aria-hidden=\"true\"><\/div>\n","protected":false},"excerpt":{"rendered":"<p>Nakon \u0161to su u parlamentarnu proceduru u Bosna i Hercegovina upu\u0107ene izmjene Zakona o plinovodu&hellip;<\/p>\n","protected":false},"author":4,"featured_media":202075,"comment_status":"closed","ping_status":"closed","sticky":false,"template":"","format":"standard","meta":{"_acf_changed":false,"footnotes":""},"categories":[291],"tags":[5033,1100,10242],"acf":[],"yoast_head":"<!-- This site is optimized with the Yoast SEO plugin v23.5 - https:\/\/yoast.com\/wordpress\/plugins\/seo\/ -->\n<title>Pismo iz Brisela uzburkalo odnose: Upozorenja Borjani Kri\u0161to i kritike Washingtona - TuzlaInfo.ba<\/title>\n<meta name=\"robots\" content=\"index, follow, max-snippet:-1, max-image-preview:large, max-video-preview:-1\" \/>\n<link rel=\"canonical\" href=\"https:\/\/tuzlainfo.ba\/index.php\/bosna-i-hercegovina\/item\/301322-pismo-iz-brisela-uzburkalo-odnose-upozorenja-borjani-kristo-i-kritike-washingtona\/\" \/>\n<meta property=\"og:locale\" content=\"bs_BA\" \/>\n<meta property=\"og:type\" content=\"article\" \/>\n<meta property=\"og:title\" content=\"Pismo iz Brisela uzburkalo odnose: Upozorenja Borjani Kri\u0161to i kritike Washingtona - TuzlaInfo.ba\" \/>\n<meta property=\"og:description\" content=\"Nakon \u0161to su u parlamentarnu proceduru u Bosna i Hercegovina upu\u0107ene izmjene Zakona o plinovodu&hellip;\" \/>\n<meta property=\"og:url\" content=\"https:\/\/tuzlainfo.ba\/index.php\/bosna-i-hercegovina\/item\/301322-pismo-iz-brisela-uzburkalo-odnose-upozorenja-borjani-kristo-i-kritike-washingtona\/\" \/>\n<meta property=\"og:site_name\" content=\"TuzlaInfo.ba\" \/>\n<meta property=\"article:publisher\" content=\"https:\/\/www.facebook.com\/tuzlainfo.ba\/\" \/>\n<meta property=\"article:published_time\" content=\"2026-04-27T06:47:50+00:00\" \/>\n<meta property=\"og:image\" content=\"https:\/\/tuzlainfo.ba\/wp-content\/uploads\/2023\/04\/1204_borjana_kristo.jpg\" \/>\n\t<meta property=\"og:image:width\" content=\"800\" \/>\n\t<meta property=\"og:image:height\" content=\"554\" \/>\n\t<meta property=\"og:image:type\" content=\"image\/jpeg\" \/>\n<meta name=\"author\" content=\"Tuzla Info\" \/>\n<meta name=\"twitter:card\" content=\"summary_large_image\" \/>\n<meta name=\"twitter:label1\" content=\"Written by\" \/>\n\t<meta name=\"twitter:data1\" content=\"Tuzla Info\" \/>\n\t<meta name=\"twitter:label2\" content=\"Est. reading time\" \/>\n\t<meta name=\"twitter:data2\" content=\"3 minute\" \/>\n<script type=\"application\/ld+json\" class=\"yoast-schema-graph\">{\"@context\":\"https:\/\/schema.org\",\"@graph\":[{\"@type\":\"Article\",\"@id\":\"https:\/\/tuzlainfo.ba\/index.php\/bosna-i-hercegovina\/item\/301322-pismo-iz-brisela-uzburkalo-odnose-upozorenja-borjani-kristo-i-kritike-washingtona\/#article\",\"isPartOf\":{\"@id\":\"https:\/\/tuzlainfo.ba\/index.php\/bosna-i-hercegovina\/item\/301322-pismo-iz-brisela-uzburkalo-odnose-upozorenja-borjani-kristo-i-kritike-washingtona\/\"},\"author\":{\"name\":\"Tuzla Info\",\"@id\":\"https:\/\/tuzlainfo.ba\/#\/schema\/person\/46cad4c57790cbc50781edd14870825a\"},\"headline\":\"Pismo iz Brisela uzburkalo odnose: Upozorenja Borjani Kri\u0161to i kritike Washingtona\",\"datePublished\":\"2026-04-27T06:47:50+00:00\",\"dateModified\":\"2026-04-27T06:47:50+00:00\",\"mainEntityOfPage\":{\"@id\":\"https:\/\/tuzlainfo.ba\/index.php\/bosna-i-hercegovina\/item\/301322-pismo-iz-brisela-uzburkalo-odnose-upozorenja-borjani-kristo-i-kritike-washingtona\/\"},\"wordCount\":539,\"publisher\":{\"@id\":\"https:\/\/tuzlainfo.ba\/#organization\"},\"image\":{\"@id\":\"https:\/\/tuzlainfo.ba\/index.php\/bosna-i-hercegovina\/item\/301322-pismo-iz-brisela-uzburkalo-odnose-upozorenja-borjani-kristo-i-kritike-washingtona\/#primaryimage\"},\"thumbnailUrl\":\"https:\/\/tuzlainfo.ba\/wp-content\/uploads\/2023\/04\/1204_borjana_kristo.jpg\",\"keywords\":[\"borjana kri\u0161to\",\"Brisel\",\"ju\u017ena interkonekcija\"],\"articleSection\":[\"Bosna i Hercegovina\"],\"inLanguage\":\"bs-BA\"},{\"@type\":\"WebPage\",\"@id\":\"https:\/\/tuzlainfo.ba\/index.php\/bosna-i-hercegovina\/item\/301322-pismo-iz-brisela-uzburkalo-odnose-upozorenja-borjani-kristo-i-kritike-washingtona\/\",\"url\":\"https:\/\/tuzlainfo.ba\/index.php\/bosna-i-hercegovina\/item\/301322-pismo-iz-brisela-uzburkalo-odnose-upozorenja-borjani-kristo-i-kritike-washingtona\/\",\"name\":\"Pismo iz Brisela uzburkalo odnose: Upozorenja Borjani Kri\u0161to i kritike Washingtona - TuzlaInfo.ba\",\"isPartOf\":{\"@id\":\"https:\/\/tuzlainfo.ba\/#website\"},\"primaryImageOfPage\":{\"@id\":\"https:\/\/tuzlainfo.ba\/index.php\/bosna-i-hercegovina\/item\/301322-pismo-iz-brisela-uzburkalo-odnose-upozorenja-borjani-kristo-i-kritike-washingtona\/#primaryimage\"},\"image\":{\"@id\":\"https:\/\/tuzlainfo.ba\/index.php\/bosna-i-hercegovina\/item\/301322-pismo-iz-brisela-uzburkalo-odnose-upozorenja-borjani-kristo-i-kritike-washingtona\/#primaryimage\"},\"thumbnailUrl\":\"https:\/\/tuzlainfo.ba\/wp-content\/uploads\/2023\/04\/1204_borjana_kristo.jpg\",\"datePublished\":\"2026-04-27T06:47:50+00:00\",\"dateModified\":\"2026-04-27T06:47:50+00:00\",\"breadcrumb\":{\"@id\":\"https:\/\/tuzlainfo.ba\/index.php\/bosna-i-hercegovina\/item\/301322-pismo-iz-brisela-uzburkalo-odnose-upozorenja-borjani-kristo-i-kritike-washingtona\/#breadcrumb\"},\"inLanguage\":\"bs-BA\",\"potentialAction\":[{\"@type\":\"ReadAction\",\"target\":[\"https:\/\/tuzlainfo.ba\/index.php\/bosna-i-hercegovina\/item\/301322-pismo-iz-brisela-uzburkalo-odnose-upozorenja-borjani-kristo-i-kritike-washingtona\/\"]}]},{\"@type\":\"ImageObject\",\"inLanguage\":\"bs-BA\",\"@id\":\"https:\/\/tuzlainfo.ba\/index.php\/bosna-i-hercegovina\/item\/301322-pismo-iz-brisela-uzburkalo-odnose-upozorenja-borjani-kristo-i-kritike-washingtona\/#primaryimage\",\"url\":\"https:\/\/tuzlainfo.ba\/wp-content\/uploads\/2023\/04\/1204_borjana_kristo.jpg\",\"contentUrl\":\"https:\/\/tuzlainfo.ba\/wp-content\/uploads\/2023\/04\/1204_borjana_kristo.jpg\",\"width\":800,\"height\":554},{\"@type\":\"BreadcrumbList\",\"@id\":\"https:\/\/tuzlainfo.ba\/index.php\/bosna-i-hercegovina\/item\/301322-pismo-iz-brisela-uzburkalo-odnose-upozorenja-borjani-kristo-i-kritike-washingtona\/#breadcrumb\",\"itemListElement\":[{\"@type\":\"ListItem\",\"position\":1,\"name\":\"Home\",\"item\":\"https:\/\/tuzlainfo.ba\/\"},{\"@type\":\"ListItem\",\"position\":2,\"name\":\"Pismo iz Brisela uzburkalo odnose: Upozorenja Borjani Kri\u0161to i kritike Washingtona\"}]},{\"@type\":\"WebSite\",\"@id\":\"https:\/\/tuzlainfo.ba\/#website\",\"url\":\"https:\/\/tuzlainfo.ba\/\",\"name\":\"TuzlaInfo.ba\",\"description\":\"Tuzla info, gradski informator - Tuzla na dlanu\",\"publisher\":{\"@id\":\"https:\/\/tuzlainfo.ba\/#organization\"},\"potentialAction\":[{\"@type\":\"SearchAction\",\"target\":{\"@type\":\"EntryPoint\",\"urlTemplate\":\"https:\/\/tuzlainfo.ba\/?s={search_term_string}\"},\"query-input\":{\"@type\":\"PropertyValueSpecification\",\"valueRequired\":true,\"valueName\":\"search_term_string\"}}],\"inLanguage\":\"bs-BA\"},{\"@type\":\"Organization\",\"@id\":\"https:\/\/tuzlainfo.ba\/#organization\",\"name\":\"TuzlaInfo.ba\",\"url\":\"https:\/\/tuzlainfo.ba\/\",\"logo\":{\"@type\":\"ImageObject\",\"inLanguage\":\"bs-BA\",\"@id\":\"https:\/\/tuzlainfo.ba\/#\/schema\/logo\/image\/\",\"url\":\"https:\/\/tuzlainfo.ba\/wp-content\/uploads\/2021\/03\/logo-ver-3-1.png\",\"contentUrl\":\"https:\/\/tuzlainfo.ba\/wp-content\/uploads\/2021\/03\/logo-ver-3-1.png\",\"width\":350,\"height\":95,\"caption\":\"TuzlaInfo.ba\"},\"image\":{\"@id\":\"https:\/\/tuzlainfo.ba\/#\/schema\/logo\/image\/\"},\"sameAs\":[\"https:\/\/www.facebook.com\/tuzlainfo.ba\/\"]},{\"@type\":\"Person\",\"@id\":\"https:\/\/tuzlainfo.ba\/#\/schema\/person\/46cad4c57790cbc50781edd14870825a\",\"name\":\"Tuzla Info\",\"image\":{\"@type\":\"ImageObject\",\"inLanguage\":\"bs-BA\",\"@id\":\"https:\/\/tuzlainfo.ba\/#\/schema\/person\/image\/\",\"url\":\"https:\/\/tuzlainfo.ba\/wp-content\/litespeed\/avatar\/b6c453a6c38e3654f2e4416c643fc25c.jpg?ver=1777051911\",\"contentUrl\":\"https:\/\/tuzlainfo.ba\/wp-content\/litespeed\/avatar\/b6c453a6c38e3654f2e4416c643fc25c.jpg?ver=1777051911\",\"caption\":\"Tuzla Info\"}}]}<\/script>\n<!-- \/ Yoast SEO plugin. -->","yoast_head_json":{"title":"Pismo iz Brisela uzburkalo odnose: Upozorenja Borjani Kri\u0161to i kritike Washingtona - TuzlaInfo.ba","robots":{"index":"index","follow":"follow","max-snippet":"max-snippet:-1","max-image-preview":"max-image-preview:large","max-video-preview":"max-video-preview:-1"},"canonical":"https:\/\/tuzlainfo.ba\/index.php\/bosna-i-hercegovina\/item\/301322-pismo-iz-brisela-uzburkalo-odnose-upozorenja-borjani-kristo-i-kritike-washingtona\/","og_locale":"bs_BA","og_type":"article","og_title":"Pismo iz Brisela uzburkalo odnose: Upozorenja Borjani Kri\u0161to i kritike Washingtona - TuzlaInfo.ba","og_description":"Nakon \u0161to su u parlamentarnu proceduru u Bosna i Hercegovina upu\u0107ene izmjene Zakona o plinovodu&hellip;","og_url":"https:\/\/tuzlainfo.ba\/index.php\/bosna-i-hercegovina\/item\/301322-pismo-iz-brisela-uzburkalo-odnose-upozorenja-borjani-kristo-i-kritike-washingtona\/","og_site_name":"TuzlaInfo.ba","article_publisher":"https:\/\/www.facebook.com\/tuzlainfo.ba\/","article_published_time":"2026-04-27T06:47:50+00:00","og_image":[{"width":800,"height":554,"url":"https:\/\/tuzlainfo.ba\/wp-content\/uploads\/2023\/04\/1204_borjana_kristo.jpg","type":"image\/jpeg"}],"author":"Tuzla Info","twitter_card":"summary_large_image","twitter_misc":{"Written by":"Tuzla Info","Est. reading time":"3 minute"},"schema":{"@context":"https:\/\/schema.org","@graph":[{"@type":"Article","@id":"https:\/\/tuzlainfo.ba\/index.php\/bosna-i-hercegovina\/item\/301322-pismo-iz-brisela-uzburkalo-odnose-upozorenja-borjani-kristo-i-kritike-washingtona\/#article","isPartOf":{"@id":"https:\/\/tuzlainfo.ba\/index.php\/bosna-i-hercegovina\/item\/301322-pismo-iz-brisela-uzburkalo-odnose-upozorenja-borjani-kristo-i-kritike-washingtona\/"},"author":{"name":"Tuzla Info","@id":"https:\/\/tuzlainfo.ba\/#\/schema\/person\/46cad4c57790cbc50781edd14870825a"},"headline":"Pismo iz Brisela uzburkalo odnose: Upozorenja Borjani Kri\u0161to i kritike Washingtona","datePublished":"2026-04-27T06:47:50+00:00","dateModified":"2026-04-27T06:47:50+00:00","mainEntityOfPage":{"@id":"https:\/\/tuzlainfo.ba\/index.php\/bosna-i-hercegovina\/item\/301322-pismo-iz-brisela-uzburkalo-odnose-upozorenja-borjani-kristo-i-kritike-washingtona\/"},"wordCount":539,"publisher":{"@id":"https:\/\/tuzlainfo.ba\/#organization"},"image":{"@id":"https:\/\/tuzlainfo.ba\/index.php\/bosna-i-hercegovina\/item\/301322-pismo-iz-brisela-uzburkalo-odnose-upozorenja-borjani-kristo-i-kritike-washingtona\/#primaryimage"},"thumbnailUrl":"https:\/\/tuzlainfo.ba\/wp-content\/uploads\/2023\/04\/1204_borjana_kristo.jpg","keywords":["borjana kri\u0161to","Brisel","ju\u017ena interkonekcija"],"articleSection":["Bosna i Hercegovina"],"inLanguage":"bs-BA"},{"@type":"WebPage","@id":"https:\/\/tuzlainfo.ba\/index.php\/bosna-i-hercegovina\/item\/301322-pismo-iz-brisela-uzburkalo-odnose-upozorenja-borjani-kristo-i-kritike-washingtona\/","url":"https:\/\/tuzlainfo.ba\/index.php\/bosna-i-hercegovina\/item\/301322-pismo-iz-brisela-uzburkalo-odnose-upozorenja-borjani-kristo-i-kritike-washingtona\/","name":"Pismo iz Brisela uzburkalo odnose: Upozorenja Borjani Kri\u0161to i kritike Washingtona - TuzlaInfo.ba","isPartOf":{"@id":"https:\/\/tuzlainfo.ba\/#website"},"primaryImageOfPage":{"@id":"https:\/\/tuzlainfo.ba\/index.php\/bosna-i-hercegovina\/item\/301322-pismo-iz-brisela-uzburkalo-odnose-upozorenja-borjani-kristo-i-kritike-washingtona\/#primaryimage"},"image":{"@id":"https:\/\/tuzlainfo.ba\/index.php\/bosna-i-hercegovina\/item\/301322-pismo-iz-brisela-uzburkalo-odnose-upozorenja-borjani-kristo-i-kritike-washingtona\/#primaryimage"},"thumbnailUrl":"https:\/\/tuzlainfo.ba\/wp-content\/uploads\/2023\/04\/1204_borjana_kristo.jpg","datePublished":"2026-04-27T06:47:50+00:00","dateModified":"2026-04-27T06:47:50+00:00","breadcrumb":{"@id":"https:\/\/tuzlainfo.ba\/index.php\/bosna-i-hercegovina\/item\/301322-pismo-iz-brisela-uzburkalo-odnose-upozorenja-borjani-kristo-i-kritike-washingtona\/#breadcrumb"},"inLanguage":"bs-BA","potentialAction":[{"@type":"ReadAction","target":["https:\/\/tuzlainfo.ba\/index.php\/bosna-i-hercegovina\/item\/301322-pismo-iz-brisela-uzburkalo-odnose-upozorenja-borjani-kristo-i-kritike-washingtona\/"]}]},{"@type":"ImageObject","inLanguage":"bs-BA","@id":"https:\/\/tuzlainfo.ba\/index.php\/bosna-i-hercegovina\/item\/301322-pismo-iz-brisela-uzburkalo-odnose-upozorenja-borjani-kristo-i-kritike-washingtona\/#primaryimage","url":"https:\/\/tuzlainfo.ba\/wp-content\/uploads\/2023\/04\/1204_borjana_kristo.jpg","contentUrl":"https:\/\/tuzlainfo.ba\/wp-content\/uploads\/2023\/04\/1204_borjana_kristo.jpg","width":800,"height":554},{"@type":"BreadcrumbList","@id":"https:\/\/tuzlainfo.ba\/index.php\/bosna-i-hercegovina\/item\/301322-pismo-iz-brisela-uzburkalo-odnose-upozorenja-borjani-kristo-i-kritike-washingtona\/#breadcrumb","itemListElement":[{"@type":"ListItem","position":1,"name":"Home","item":"https:\/\/tuzlainfo.ba\/"},{"@type":"ListItem","position":2,"name":"Pismo iz Brisela uzburkalo odnose: Upozorenja Borjani Kri\u0161to i kritike Washingtona"}]},{"@type":"WebSite","@id":"https:\/\/tuzlainfo.ba\/#website","url":"https:\/\/tuzlainfo.ba\/","name":"TuzlaInfo.ba","description":"Tuzla info, gradski informator - Tuzla na dlanu","publisher":{"@id":"https:\/\/tuzlainfo.ba\/#organization"},"potentialAction":[{"@type":"SearchAction","target":{"@type":"EntryPoint","urlTemplate":"https:\/\/tuzlainfo.ba\/?s={search_term_string}"},"query-input":{"@type":"PropertyValueSpecification","valueRequired":true,"valueName":"search_term_string"}}],"inLanguage":"bs-BA"},{"@type":"Organization","@id":"https:\/\/tuzlainfo.ba\/#organization","name":"TuzlaInfo.ba","url":"https:\/\/tuzlainfo.ba\/","logo":{"@type":"ImageObject","inLanguage":"bs-BA","@id":"https:\/\/tuzlainfo.ba\/#\/schema\/logo\/image\/","url":"https:\/\/tuzlainfo.ba\/wp-content\/uploads\/2021\/03\/logo-ver-3-1.png","contentUrl":"https:\/\/tuzlainfo.ba\/wp-content\/uploads\/2021\/03\/logo-ver-3-1.png","width":350,"height":95,"caption":"TuzlaInfo.ba"},"image":{"@id":"https:\/\/tuzlainfo.ba\/#\/schema\/logo\/image\/"},"sameAs":["https:\/\/www.facebook.com\/tuzlainfo.ba\/"]},{"@type":"Person","@id":"https:\/\/tuzlainfo.ba\/#\/schema\/person\/46cad4c57790cbc50781edd14870825a","name":"Tuzla Info","image":{"@type":"ImageObject","inLanguage":"bs-BA","@id":"https:\/\/tuzlainfo.ba\/#\/schema\/person\/image\/","url":"https:\/\/tuzlainfo.ba\/wp-content\/litespeed\/avatar\/b6c453a6c38e3654f2e4416c643fc25c.jpg?ver=1777051911","contentUrl":"https:\/\/tuzlainfo.ba\/wp-content\/litespeed\/avatar\/b6c453a6c38e3654f2e4416c643fc25c.jpg?ver=1777051911","caption":"Tuzla Info"}}]}},"_links":{"self":[{"href":"https:\/\/tuzlainfo.ba\/index.php\/wp-json\/wp\/v2\/posts\/301322"}],"collection":[{"href":"https:\/\/tuzlainfo.ba\/index.php\/wp-json\/wp\/v2\/posts"}],"about":[{"href":"https:\/\/tuzlainfo.ba\/index.php\/wp-json\/wp\/v2\/types\/post"}],"author":[{"embeddable":true,"href":"https:\/\/tuzlainfo.ba\/index.php\/wp-json\/wp\/v2\/users\/4"}],"replies":[{"embeddable":true,"href":"https:\/\/tuzlainfo.ba\/index.php\/wp-json\/wp\/v2\/comments?post=301322"}],"version-history":[{"count":1,"href":"https:\/\/tuzlainfo.ba\/index.php\/wp-json\/wp\/v2\/posts\/301322\/revisions"}],"predecessor-version":[{"id":301323,"href":"https:\/\/tuzlainfo.ba\/index.php\/wp-json\/wp\/v2\/posts\/301322\/revisions\/301323"}],"wp:featuredmedia":[{"embeddable":true,"href":"https:\/\/tuzlainfo.ba\/index.php\/wp-json\/wp\/v2\/media\/202075"}],"wp:attachment":[{"href":"https:\/\/tuzlainfo.ba\/index.php\/wp-json\/wp\/v2\/media?parent=301322"}],"wp:term":[{"taxonomy":"category","embeddable":true,"href":"https:\/\/tuzlainfo.ba\/index.php\/wp-json\/wp\/v2\/categories?post=301322"},{"taxonomy":"post_tag","embeddable":true,"href":"https:\/\/tuzlainfo.ba\/index.php\/wp-json\/wp\/v2\/tags?post=301322"}],"curies":[{"name":"wp","href":"https:\/\/api.w.org\/{rel}","templated":true}]}}