{"id":301304,"date":"2026-04-27T10:04:06","date_gmt":"2026-04-27T08:04:06","guid":{"rendered":"https:\/\/tuzlainfo.ba\/?p=301304"},"modified":"2026-04-27T07:57:13","modified_gmt":"2026-04-27T05:57:13","slug":"hor-lege-artis-osvojio-srebro-na-medjunarodnom-takmicenju-u-osijeku","status":"publish","type":"post","link":"https:\/\/tuzlainfo.ba\/index.php\/novosti\/item\/301304-hor-lege-artis-osvojio-srebro-na-medjunarodnom-takmicenju-u-osijeku\/","title":{"rendered":"Hor &#8220;Lege Artis&#8221; osvojio srebro na me\u0111unarodnom takmi\u010denju u Osijeku"},"content":{"rendered":"<p data-start=\"0\" data-end=\"141\">Hor MOC &#8220;Lege Artis&#8221; iz Tuzle ostvario je zapa\u017een uspjeh na me\u0111unarodnoj sceni, osvojiv\u0161i srebrnu medalju na presti\u017enom horskom takmi\u010denju odr\u017eanom u Osijeku.<\/p>\n<p data-start=\"143\" data-end=\"408\">U konkurenciji vrhunskih ansambala iz Hrvatske, Ma\u0111arske, Srbije i Bosne i Hercegovine, hor pod dirigentskim vodstvom mr. Jasmina Hasi\u0107a osvojio je drugo mjesto u kategoriji velikih mje\u0161ovitih horova, potvrdiv\u0161i visok umjetni\u010dki nivo i kontinuitet kvalitetnog rada.<\/p>\n<p data-start=\"410\" data-end=\"689\">Ovaj rezultat jo\u0161 je jedna potvrda predanosti i dugogodi\u0161njeg rada ansambla koji dostojno predstavlja Tuzlu i Bosnu i Hercegovinu na me\u0111unarodnoj muzi\u010dkoj sceni. Stru\u010dni \u017eiri i publika prepoznali su kvalitet izvedbe, a tuzlanski hor jo\u0161 jednom se svrstao me\u0111u najbolje u regionu.<\/p>\n<p data-start=\"691\" data-end=\"806\">Dirigent mr. Jasmin Hasi\u0107 istakao je kako je osvojena medalja rezultat zajedni\u010dkog truda i discipline svih \u010dlanova.<\/p>\n<p data-start=\"808\" data-end=\"1000\">\u2013 Ova medalja nije samo nagrada za jedan nastup, ve\u0107 rezultat dugogodi\u0161njeg rada, discipline i zajedni\u0161tva koje njegujemo u na\u0161em horu. Ponosan sam na svakog \u010dlana ansambla \u2013 poru\u010dio je Hasi\u0107.<\/p>\n<p data-start=\"1002\" data-end=\"1244\">Uspjeh iz Osijeka ujedno je i najava novog velikog muzi\u010dkog doga\u0111aja u Tuzli. Naime, 21. maja 2026. godine, u okviru sve\u010danog otvaranja XI Me\u0111unarodnog horskog \u0161ampionata \u201eLege Artis\u201c Tuzla 2026, nagra\u0111eni hor odr\u017eat \u0107e cjelove\u010dernji koncert.<\/p>\n<p data-start=\"1246\" data-end=\"1560\">Tuzlanska publika tom prilikom imat \u0107e priliku u\u017eivo \u010duti program kojim je ansambl osvojio me\u0111unarodno priznanje, ali i nova umjetni\u010dka iznena\u0111enja. Organizatori najavljuju ve\u010der ispunjenu sna\u017enim emocijama, vrhunskom interpretacijom i pa\u017eljivo odabranim repertoarom koji spaja tradiciju i savremeni muzi\u010dki izraz.<\/p>\n<p data-start=\"1562\" data-end=\"1754\">Me\u0111unarodni horski \u0161ampionat \u201eLege Artis\u201c Tuzla godinama okuplja vrhunske ansamble iz Evrope i svijeta, a ovogodi\u0161nje izdanje dodatno dobija na zna\u010daju zahvaljuju\u0107i uspjesima doma\u0107ih izvo\u0111a\u010da.<\/p>\n<p data-start=\"1756\" data-end=\"1901\">Tuzla \u0107e i ovog maja biti u znaku horske umjetnosti, a uspjeh iz Osijeka sna\u017ena je najava doga\u0111aja koji bi mogao obilje\u017eiti kulturnu scenu grada.<\/p>\n","protected":false},"excerpt":{"rendered":"<p>Hor MOC &#8220;Lege Artis&#8221; iz Tuzle ostvario je zapa\u017een uspjeh na me\u0111unarodnoj sceni, osvojiv\u0161i srebrnu&hellip;<\/p>\n","protected":false},"author":2,"featured_media":301309,"comment_status":"closed","ping_status":"closed","sticky":false,"template":"","format":"standard","meta":{"_acf_changed":false,"footnotes":""},"categories":[12],"tags":[10139],"acf":[],"yoast_head":"<!-- This site is optimized with the Yoast SEO plugin v23.5 - https:\/\/yoast.com\/wordpress\/plugins\/seo\/ -->\n<title>Hor &quot;Lege Artis&quot; osvojio srebro na me\u0111unarodnom takmi\u010denju u Osijeku - TuzlaInfo.ba<\/title>\n<meta name=\"robots\" content=\"index, follow, max-snippet:-1, max-image-preview:large, max-video-preview:-1\" \/>\n<link rel=\"canonical\" href=\"https:\/\/tuzlainfo.ba\/index.php\/novosti\/item\/301304-hor-lege-artis-osvojio-srebro-na-medjunarodnom-takmicenju-u-osijeku\/\" \/>\n<meta property=\"og:locale\" content=\"bs_BA\" \/>\n<meta property=\"og:type\" content=\"article\" \/>\n<meta property=\"og:title\" content=\"Hor &quot;Lege Artis&quot; osvojio srebro na me\u0111unarodnom takmi\u010denju u Osijeku - TuzlaInfo.ba\" \/>\n<meta property=\"og:description\" content=\"Hor MOC &#8220;Lege Artis&#8221; iz Tuzle ostvario je zapa\u017een uspjeh na me\u0111unarodnoj sceni, osvojiv\u0161i srebrnu&hellip;\" \/>\n<meta property=\"og:url\" content=\"https:\/\/tuzlainfo.ba\/index.php\/novosti\/item\/301304-hor-lege-artis-osvojio-srebro-na-medjunarodnom-takmicenju-u-osijeku\/\" \/>\n<meta property=\"og:site_name\" content=\"TuzlaInfo.ba\" \/>\n<meta property=\"article:publisher\" content=\"https:\/\/www.facebook.com\/tuzlainfo.ba\/\" \/>\n<meta property=\"article:published_time\" content=\"2026-04-27T08:04:06+00:00\" \/>\n<meta property=\"article:modified_time\" content=\"2026-04-27T05:57:13+00:00\" \/>\n<meta property=\"og:image\" content=\"https:\/\/tuzlainfo.ba\/wp-content\/uploads\/2026\/04\/2704_lege_artis.jpg\" \/>\n\t<meta property=\"og:image:width\" content=\"800\" \/>\n\t<meta property=\"og:image:height\" content=\"469\" \/>\n\t<meta property=\"og:image:type\" content=\"image\/jpeg\" \/>\n<meta name=\"author\" content=\"nedim\" \/>\n<meta name=\"twitter:card\" content=\"summary_large_image\" \/>\n<meta name=\"twitter:label1\" content=\"Written by\" \/>\n\t<meta name=\"twitter:data1\" content=\"nedim\" \/>\n\t<meta name=\"twitter:label2\" content=\"Est. reading time\" \/>\n\t<meta name=\"twitter:data2\" content=\"2 minute\" \/>\n<script type=\"application\/ld+json\" class=\"yoast-schema-graph\">{\"@context\":\"https:\/\/schema.org\",\"@graph\":[{\"@type\":\"Article\",\"@id\":\"https:\/\/tuzlainfo.ba\/index.php\/novosti\/item\/301304-hor-lege-artis-osvojio-srebro-na-medjunarodnom-takmicenju-u-osijeku\/#article\",\"isPartOf\":{\"@id\":\"https:\/\/tuzlainfo.ba\/index.php\/novosti\/item\/301304-hor-lege-artis-osvojio-srebro-na-medjunarodnom-takmicenju-u-osijeku\/\"},\"author\":{\"name\":\"nedim\",\"@id\":\"https:\/\/tuzlainfo.ba\/#\/schema\/person\/f434e20dc27ea133923aab08451b7f7f\"},\"headline\":\"Hor &#8220;Lege Artis&#8221; osvojio srebro na me\u0111unarodnom takmi\u010denju u Osijeku\",\"datePublished\":\"2026-04-27T08:04:06+00:00\",\"dateModified\":\"2026-04-27T05:57:13+00:00\",\"mainEntityOfPage\":{\"@id\":\"https:\/\/tuzlainfo.ba\/index.php\/novosti\/item\/301304-hor-lege-artis-osvojio-srebro-na-medjunarodnom-takmicenju-u-osijeku\/\"},\"wordCount\":328,\"publisher\":{\"@id\":\"https:\/\/tuzlainfo.ba\/#organization\"},\"image\":{\"@id\":\"https:\/\/tuzlainfo.ba\/index.php\/novosti\/item\/301304-hor-lege-artis-osvojio-srebro-na-medjunarodnom-takmicenju-u-osijeku\/#primaryimage\"},\"thumbnailUrl\":\"https:\/\/tuzlainfo.ba\/wp-content\/uploads\/2026\/04\/2704_lege_artis.jpg\",\"keywords\":[\"hor lege artis\"],\"articleSection\":[\"Novosti\"],\"inLanguage\":\"bs-BA\"},{\"@type\":\"WebPage\",\"@id\":\"https:\/\/tuzlainfo.ba\/index.php\/novosti\/item\/301304-hor-lege-artis-osvojio-srebro-na-medjunarodnom-takmicenju-u-osijeku\/\",\"url\":\"https:\/\/tuzlainfo.ba\/index.php\/novosti\/item\/301304-hor-lege-artis-osvojio-srebro-na-medjunarodnom-takmicenju-u-osijeku\/\",\"name\":\"Hor \\\"Lege Artis\\\" osvojio srebro na me\u0111unarodnom takmi\u010denju u Osijeku - TuzlaInfo.ba\",\"isPartOf\":{\"@id\":\"https:\/\/tuzlainfo.ba\/#website\"},\"primaryImageOfPage\":{\"@id\":\"https:\/\/tuzlainfo.ba\/index.php\/novosti\/item\/301304-hor-lege-artis-osvojio-srebro-na-medjunarodnom-takmicenju-u-osijeku\/#primaryimage\"},\"image\":{\"@id\":\"https:\/\/tuzlainfo.ba\/index.php\/novosti\/item\/301304-hor-lege-artis-osvojio-srebro-na-medjunarodnom-takmicenju-u-osijeku\/#primaryimage\"},\"thumbnailUrl\":\"https:\/\/tuzlainfo.ba\/wp-content\/uploads\/2026\/04\/2704_lege_artis.jpg\",\"datePublished\":\"2026-04-27T08:04:06+00:00\",\"dateModified\":\"2026-04-27T05:57:13+00:00\",\"breadcrumb\":{\"@id\":\"https:\/\/tuzlainfo.ba\/index.php\/novosti\/item\/301304-hor-lege-artis-osvojio-srebro-na-medjunarodnom-takmicenju-u-osijeku\/#breadcrumb\"},\"inLanguage\":\"bs-BA\",\"potentialAction\":[{\"@type\":\"ReadAction\",\"target\":[\"https:\/\/tuzlainfo.ba\/index.php\/novosti\/item\/301304-hor-lege-artis-osvojio-srebro-na-medjunarodnom-takmicenju-u-osijeku\/\"]}]},{\"@type\":\"ImageObject\",\"inLanguage\":\"bs-BA\",\"@id\":\"https:\/\/tuzlainfo.ba\/index.php\/novosti\/item\/301304-hor-lege-artis-osvojio-srebro-na-medjunarodnom-takmicenju-u-osijeku\/#primaryimage\",\"url\":\"https:\/\/tuzlainfo.ba\/wp-content\/uploads\/2026\/04\/2704_lege_artis.jpg\",\"contentUrl\":\"https:\/\/tuzlainfo.ba\/wp-content\/uploads\/2026\/04\/2704_lege_artis.jpg\",\"width\":800,\"height\":469},{\"@type\":\"BreadcrumbList\",\"@id\":\"https:\/\/tuzlainfo.ba\/index.php\/novosti\/item\/301304-hor-lege-artis-osvojio-srebro-na-medjunarodnom-takmicenju-u-osijeku\/#breadcrumb\",\"itemListElement\":[{\"@type\":\"ListItem\",\"position\":1,\"name\":\"Home\",\"item\":\"https:\/\/tuzlainfo.ba\/\"},{\"@type\":\"ListItem\",\"position\":2,\"name\":\"Hor &#8220;Lege Artis&#8221; osvojio srebro na me\u0111unarodnom takmi\u010denju u Osijeku\"}]},{\"@type\":\"WebSite\",\"@id\":\"https:\/\/tuzlainfo.ba\/#website\",\"url\":\"https:\/\/tuzlainfo.ba\/\",\"name\":\"TuzlaInfo.ba\",\"description\":\"Tuzla info, gradski informator - Tuzla na dlanu\",\"publisher\":{\"@id\":\"https:\/\/tuzlainfo.ba\/#organization\"},\"potentialAction\":[{\"@type\":\"SearchAction\",\"target\":{\"@type\":\"EntryPoint\",\"urlTemplate\":\"https:\/\/tuzlainfo.ba\/?s={search_term_string}\"},\"query-input\":{\"@type\":\"PropertyValueSpecification\",\"valueRequired\":true,\"valueName\":\"search_term_string\"}}],\"inLanguage\":\"bs-BA\"},{\"@type\":\"Organization\",\"@id\":\"https:\/\/tuzlainfo.ba\/#organization\",\"name\":\"TuzlaInfo.ba\",\"url\":\"https:\/\/tuzlainfo.ba\/\",\"logo\":{\"@type\":\"ImageObject\",\"inLanguage\":\"bs-BA\",\"@id\":\"https:\/\/tuzlainfo.ba\/#\/schema\/logo\/image\/\",\"url\":\"https:\/\/tuzlainfo.ba\/wp-content\/uploads\/2021\/03\/logo-ver-3-1.png\",\"contentUrl\":\"https:\/\/tuzlainfo.ba\/wp-content\/uploads\/2021\/03\/logo-ver-3-1.png\",\"width\":350,\"height\":95,\"caption\":\"TuzlaInfo.ba\"},\"image\":{\"@id\":\"https:\/\/tuzlainfo.ba\/#\/schema\/logo\/image\/\"},\"sameAs\":[\"https:\/\/www.facebook.com\/tuzlainfo.ba\/\"]},{\"@type\":\"Person\",\"@id\":\"https:\/\/tuzlainfo.ba\/#\/schema\/person\/f434e20dc27ea133923aab08451b7f7f\",\"name\":\"nedim\",\"image\":{\"@type\":\"ImageObject\",\"inLanguage\":\"bs-BA\",\"@id\":\"https:\/\/tuzlainfo.ba\/#\/schema\/person\/image\/\",\"url\":\"https:\/\/tuzlainfo.ba\/wp-content\/litespeed\/avatar\/aabad687af24844af817603ac1cbdc4f.jpg?ver=1776702173\",\"contentUrl\":\"https:\/\/tuzlainfo.ba\/wp-content\/litespeed\/avatar\/aabad687af24844af817603ac1cbdc4f.jpg?ver=1776702173\",\"caption\":\"nedim\"},\"description\":\"Tuzlainfo.ba pratite na dru\u0161tvenim mre\u017eama: Facebook, Instagram i Youtube. Svoje pri\u010de, upite i fotografije \u0161aljite na na\u0161u e-mail adresu.\"}]}<\/script>\n<!-- \/ Yoast SEO plugin. -->","yoast_head_json":{"title":"Hor \"Lege Artis\" osvojio srebro na me\u0111unarodnom takmi\u010denju u Osijeku - TuzlaInfo.ba","robots":{"index":"index","follow":"follow","max-snippet":"max-snippet:-1","max-image-preview":"max-image-preview:large","max-video-preview":"max-video-preview:-1"},"canonical":"https:\/\/tuzlainfo.ba\/index.php\/novosti\/item\/301304-hor-lege-artis-osvojio-srebro-na-medjunarodnom-takmicenju-u-osijeku\/","og_locale":"bs_BA","og_type":"article","og_title":"Hor \"Lege Artis\" osvojio srebro na me\u0111unarodnom takmi\u010denju u Osijeku - TuzlaInfo.ba","og_description":"Hor MOC &#8220;Lege Artis&#8221; iz Tuzle ostvario je zapa\u017een uspjeh na me\u0111unarodnoj sceni, osvojiv\u0161i srebrnu&hellip;","og_url":"https:\/\/tuzlainfo.ba\/index.php\/novosti\/item\/301304-hor-lege-artis-osvojio-srebro-na-medjunarodnom-takmicenju-u-osijeku\/","og_site_name":"TuzlaInfo.ba","article_publisher":"https:\/\/www.facebook.com\/tuzlainfo.ba\/","article_published_time":"2026-04-27T08:04:06+00:00","article_modified_time":"2026-04-27T05:57:13+00:00","og_image":[{"width":800,"height":469,"url":"https:\/\/tuzlainfo.ba\/wp-content\/uploads\/2026\/04\/2704_lege_artis.jpg","type":"image\/jpeg"}],"author":"nedim","twitter_card":"summary_large_image","twitter_misc":{"Written by":"nedim","Est. reading time":"2 minute"},"schema":{"@context":"https:\/\/schema.org","@graph":[{"@type":"Article","@id":"https:\/\/tuzlainfo.ba\/index.php\/novosti\/item\/301304-hor-lege-artis-osvojio-srebro-na-medjunarodnom-takmicenju-u-osijeku\/#article","isPartOf":{"@id":"https:\/\/tuzlainfo.ba\/index.php\/novosti\/item\/301304-hor-lege-artis-osvojio-srebro-na-medjunarodnom-takmicenju-u-osijeku\/"},"author":{"name":"nedim","@id":"https:\/\/tuzlainfo.ba\/#\/schema\/person\/f434e20dc27ea133923aab08451b7f7f"},"headline":"Hor &#8220;Lege Artis&#8221; osvojio srebro na me\u0111unarodnom takmi\u010denju u Osijeku","datePublished":"2026-04-27T08:04:06+00:00","dateModified":"2026-04-27T05:57:13+00:00","mainEntityOfPage":{"@id":"https:\/\/tuzlainfo.ba\/index.php\/novosti\/item\/301304-hor-lege-artis-osvojio-srebro-na-medjunarodnom-takmicenju-u-osijeku\/"},"wordCount":328,"publisher":{"@id":"https:\/\/tuzlainfo.ba\/#organization"},"image":{"@id":"https:\/\/tuzlainfo.ba\/index.php\/novosti\/item\/301304-hor-lege-artis-osvojio-srebro-na-medjunarodnom-takmicenju-u-osijeku\/#primaryimage"},"thumbnailUrl":"https:\/\/tuzlainfo.ba\/wp-content\/uploads\/2026\/04\/2704_lege_artis.jpg","keywords":["hor lege artis"],"articleSection":["Novosti"],"inLanguage":"bs-BA"},{"@type":"WebPage","@id":"https:\/\/tuzlainfo.ba\/index.php\/novosti\/item\/301304-hor-lege-artis-osvojio-srebro-na-medjunarodnom-takmicenju-u-osijeku\/","url":"https:\/\/tuzlainfo.ba\/index.php\/novosti\/item\/301304-hor-lege-artis-osvojio-srebro-na-medjunarodnom-takmicenju-u-osijeku\/","name":"Hor \"Lege Artis\" osvojio srebro na me\u0111unarodnom takmi\u010denju u Osijeku - TuzlaInfo.ba","isPartOf":{"@id":"https:\/\/tuzlainfo.ba\/#website"},"primaryImageOfPage":{"@id":"https:\/\/tuzlainfo.ba\/index.php\/novosti\/item\/301304-hor-lege-artis-osvojio-srebro-na-medjunarodnom-takmicenju-u-osijeku\/#primaryimage"},"image":{"@id":"https:\/\/tuzlainfo.ba\/index.php\/novosti\/item\/301304-hor-lege-artis-osvojio-srebro-na-medjunarodnom-takmicenju-u-osijeku\/#primaryimage"},"thumbnailUrl":"https:\/\/tuzlainfo.ba\/wp-content\/uploads\/2026\/04\/2704_lege_artis.jpg","datePublished":"2026-04-27T08:04:06+00:00","dateModified":"2026-04-27T05:57:13+00:00","breadcrumb":{"@id":"https:\/\/tuzlainfo.ba\/index.php\/novosti\/item\/301304-hor-lege-artis-osvojio-srebro-na-medjunarodnom-takmicenju-u-osijeku\/#breadcrumb"},"inLanguage":"bs-BA","potentialAction":[{"@type":"ReadAction","target":["https:\/\/tuzlainfo.ba\/index.php\/novosti\/item\/301304-hor-lege-artis-osvojio-srebro-na-medjunarodnom-takmicenju-u-osijeku\/"]}]},{"@type":"ImageObject","inLanguage":"bs-BA","@id":"https:\/\/tuzlainfo.ba\/index.php\/novosti\/item\/301304-hor-lege-artis-osvojio-srebro-na-medjunarodnom-takmicenju-u-osijeku\/#primaryimage","url":"https:\/\/tuzlainfo.ba\/wp-content\/uploads\/2026\/04\/2704_lege_artis.jpg","contentUrl":"https:\/\/tuzlainfo.ba\/wp-content\/uploads\/2026\/04\/2704_lege_artis.jpg","width":800,"height":469},{"@type":"BreadcrumbList","@id":"https:\/\/tuzlainfo.ba\/index.php\/novosti\/item\/301304-hor-lege-artis-osvojio-srebro-na-medjunarodnom-takmicenju-u-osijeku\/#breadcrumb","itemListElement":[{"@type":"ListItem","position":1,"name":"Home","item":"https:\/\/tuzlainfo.ba\/"},{"@type":"ListItem","position":2,"name":"Hor &#8220;Lege Artis&#8221; osvojio srebro na me\u0111unarodnom takmi\u010denju u Osijeku"}]},{"@type":"WebSite","@id":"https:\/\/tuzlainfo.ba\/#website","url":"https:\/\/tuzlainfo.ba\/","name":"TuzlaInfo.ba","description":"Tuzla info, gradski informator - Tuzla na dlanu","publisher":{"@id":"https:\/\/tuzlainfo.ba\/#organization"},"potentialAction":[{"@type":"SearchAction","target":{"@type":"EntryPoint","urlTemplate":"https:\/\/tuzlainfo.ba\/?s={search_term_string}"},"query-input":{"@type":"PropertyValueSpecification","valueRequired":true,"valueName":"search_term_string"}}],"inLanguage":"bs-BA"},{"@type":"Organization","@id":"https:\/\/tuzlainfo.ba\/#organization","name":"TuzlaInfo.ba","url":"https:\/\/tuzlainfo.ba\/","logo":{"@type":"ImageObject","inLanguage":"bs-BA","@id":"https:\/\/tuzlainfo.ba\/#\/schema\/logo\/image\/","url":"https:\/\/tuzlainfo.ba\/wp-content\/uploads\/2021\/03\/logo-ver-3-1.png","contentUrl":"https:\/\/tuzlainfo.ba\/wp-content\/uploads\/2021\/03\/logo-ver-3-1.png","width":350,"height":95,"caption":"TuzlaInfo.ba"},"image":{"@id":"https:\/\/tuzlainfo.ba\/#\/schema\/logo\/image\/"},"sameAs":["https:\/\/www.facebook.com\/tuzlainfo.ba\/"]},{"@type":"Person","@id":"https:\/\/tuzlainfo.ba\/#\/schema\/person\/f434e20dc27ea133923aab08451b7f7f","name":"nedim","image":{"@type":"ImageObject","inLanguage":"bs-BA","@id":"https:\/\/tuzlainfo.ba\/#\/schema\/person\/image\/","url":"https:\/\/tuzlainfo.ba\/wp-content\/litespeed\/avatar\/aabad687af24844af817603ac1cbdc4f.jpg?ver=1776702173","contentUrl":"https:\/\/tuzlainfo.ba\/wp-content\/litespeed\/avatar\/aabad687af24844af817603ac1cbdc4f.jpg?ver=1776702173","caption":"nedim"},"description":"Tuzlainfo.ba pratite na dru\u0161tvenim mre\u017eama: Facebook, Instagram i Youtube. Svoje pri\u010de, upite i fotografije \u0161aljite na na\u0161u e-mail adresu."}]}},"_links":{"self":[{"href":"https:\/\/tuzlainfo.ba\/index.php\/wp-json\/wp\/v2\/posts\/301304"}],"collection":[{"href":"https:\/\/tuzlainfo.ba\/index.php\/wp-json\/wp\/v2\/posts"}],"about":[{"href":"https:\/\/tuzlainfo.ba\/index.php\/wp-json\/wp\/v2\/types\/post"}],"author":[{"embeddable":true,"href":"https:\/\/tuzlainfo.ba\/index.php\/wp-json\/wp\/v2\/users\/2"}],"replies":[{"embeddable":true,"href":"https:\/\/tuzlainfo.ba\/index.php\/wp-json\/wp\/v2\/comments?post=301304"}],"version-history":[{"count":1,"href":"https:\/\/tuzlainfo.ba\/index.php\/wp-json\/wp\/v2\/posts\/301304\/revisions"}],"predecessor-version":[{"id":301310,"href":"https:\/\/tuzlainfo.ba\/index.php\/wp-json\/wp\/v2\/posts\/301304\/revisions\/301310"}],"wp:featuredmedia":[{"embeddable":true,"href":"https:\/\/tuzlainfo.ba\/index.php\/wp-json\/wp\/v2\/media\/301309"}],"wp:attachment":[{"href":"https:\/\/tuzlainfo.ba\/index.php\/wp-json\/wp\/v2\/media?parent=301304"}],"wp:term":[{"taxonomy":"category","embeddable":true,"href":"https:\/\/tuzlainfo.ba\/index.php\/wp-json\/wp\/v2\/categories?post=301304"},{"taxonomy":"post_tag","embeddable":true,"href":"https:\/\/tuzlainfo.ba\/index.php\/wp-json\/wp\/v2\/tags?post=301304"}],"curies":[{"name":"wp","href":"https:\/\/api.w.org\/{rel}","templated":true}]}}