{"id":301298,"date":"2026-04-27T08:03:03","date_gmt":"2026-04-27T06:03:03","guid":{"rendered":"https:\/\/tuzlainfo.ba\/?p=301298"},"modified":"2026-04-27T07:40:11","modified_gmt":"2026-04-27T05:40:11","slug":"kakvo-nas-vrijeme-ocekuje-prvog-radnog-dana-u-sedmici-15","status":"publish","type":"post","link":"https:\/\/tuzlainfo.ba\/index.php\/bosna-i-hercegovina\/item\/301298-kakvo-nas-vrijeme-ocekuje-prvog-radnog-dana-u-sedmici-15\/","title":{"rendered":"Kakvo nas vrijeme o\u010dekuje prvog radnog dana u sedmici?"},"content":{"rendered":"<p data-start=\"0\" data-end=\"131\">Danas \u0107e u <span class=\"hover:entity-accent entity-underline inline cursor-pointer align-baseline\"><span class=\"whitespace-normal\">BiH <\/span><\/span>\u00a0preovladavati sun\u010dano vrijeme uz malu do umjerenu obla\u010dnost, navodi se u prognozi FHMZ-a.<\/p>\n<p data-start=\"133\" data-end=\"369\">U poslijepodnevnim satima mogu\u0107i su rijetki i slabi lokalni pljuskovi, uglavnom u planinskim podru\u010djima. Vjetar \u0107e biti slab do umjerene ja\u010dine \u2013 u Bosni isto\u010dnog i sjeveroisto\u010dnog smjera, dok \u0107e u Hercegovini puhati jugozapadni vjetar.<\/p>\n<p data-start=\"371\" data-end=\"599\">Najni\u017ea jutarnja temperatura zraka kretat \u0107e se ve\u0107inom izme\u0111u 3 i 8 stepeni, dok \u0107e na jugu zemlje dosezati do 13 stepeni. Najvi\u0161a dnevna temperatura uglavnom \u0107e biti izme\u0111u 18 i 24 stepena, a na jugu i do 28 stepeni Celzijusa.<\/p>\n<p data-start=\"601\" data-end=\"829\">Prema biometeorolo\u0161koj prognozi, nastavit \u0107e se period povoljnijih prilika, \u0161to \u0107e pozitivno utjecati na raspolo\u017eenje ve\u0107ine stanovni\u0161tva i radnu motivaciju. Tegobe kod hroni\u010dnih bolesnika i meteoropata trebale bi biti umanjene.<\/p>\n<p data-start=\"831\" data-end=\"1030\" data-is-last-node=\"\" data-is-only-node=\"\">U poslijepodnevnim satima o\u010dekuje se ne\u0161to izra\u017eeniji osje\u0107aj sparine, zbog \u010dega se preporu\u010duje umjerena fizi\u010dka aktivnost. Mogu\u0107e je i da kratkotrajni pljuskovi povremeno naru\u0161e ugo\u0111aj na otvorenom.<\/p>\n","protected":false},"excerpt":{"rendered":"<p>Danas \u0107e u BiH \u00a0preovladavati sun\u010dano vrijeme uz malu do umjerenu obla\u010dnost, navodi se u&hellip;<\/p>\n","protected":false},"author":4,"featured_media":299378,"comment_status":"closed","ping_status":"closed","sticky":false,"template":"","format":"standard","meta":{"_acf_changed":false,"footnotes":""},"categories":[291,304],"tags":[328],"acf":[],"yoast_head":"<!-- This site is optimized with the Yoast SEO plugin v23.5 - https:\/\/yoast.com\/wordpress\/plugins\/seo\/ -->\n<title>Kakvo nas vrijeme o\u010dekuje prvog radnog dana u sedmici? - TuzlaInfo.ba<\/title>\n<meta name=\"robots\" content=\"index, follow, max-snippet:-1, max-image-preview:large, max-video-preview:-1\" \/>\n<link rel=\"canonical\" href=\"https:\/\/tuzlainfo.ba\/index.php\/bosna-i-hercegovina\/item\/301298-kakvo-nas-vrijeme-ocekuje-prvog-radnog-dana-u-sedmici-15\/\" \/>\n<meta property=\"og:locale\" content=\"bs_BA\" \/>\n<meta property=\"og:type\" content=\"article\" \/>\n<meta property=\"og:title\" content=\"Kakvo nas vrijeme o\u010dekuje prvog radnog dana u sedmici? - TuzlaInfo.ba\" \/>\n<meta property=\"og:description\" content=\"Danas \u0107e u BiH \u00a0preovladavati sun\u010dano vrijeme uz malu do umjerenu obla\u010dnost, navodi se u&hellip;\" \/>\n<meta property=\"og:url\" content=\"https:\/\/tuzlainfo.ba\/index.php\/bosna-i-hercegovina\/item\/301298-kakvo-nas-vrijeme-ocekuje-prvog-radnog-dana-u-sedmici-15\/\" \/>\n<meta property=\"og:site_name\" content=\"TuzlaInfo.ba\" \/>\n<meta property=\"article:publisher\" content=\"https:\/\/www.facebook.com\/tuzlainfo.ba\/\" \/>\n<meta property=\"article:published_time\" content=\"2026-04-27T06:03:03+00:00\" \/>\n<meta property=\"article:modified_time\" content=\"2026-04-27T05:40:11+00:00\" \/>\n<meta property=\"og:image\" content=\"https:\/\/tuzlainfo.ba\/wp-content\/uploads\/2026\/04\/0604_vremenska_proljece.jpg\" \/>\n\t<meta property=\"og:image:width\" content=\"1000\" \/>\n\t<meta property=\"og:image:height\" content=\"669\" \/>\n\t<meta property=\"og:image:type\" content=\"image\/jpeg\" \/>\n<meta name=\"author\" content=\"Tuzla Info\" \/>\n<meta name=\"twitter:card\" content=\"summary_large_image\" \/>\n<meta name=\"twitter:label1\" content=\"Written by\" \/>\n\t<meta name=\"twitter:data1\" content=\"Tuzla Info\" \/>\n\t<meta name=\"twitter:label2\" content=\"Est. reading time\" \/>\n\t<meta name=\"twitter:data2\" content=\"2 minute\" \/>\n<script type=\"application\/ld+json\" class=\"yoast-schema-graph\">{\"@context\":\"https:\/\/schema.org\",\"@graph\":[{\"@type\":\"Article\",\"@id\":\"https:\/\/tuzlainfo.ba\/index.php\/bosna-i-hercegovina\/item\/301298-kakvo-nas-vrijeme-ocekuje-prvog-radnog-dana-u-sedmici-15\/#article\",\"isPartOf\":{\"@id\":\"https:\/\/tuzlainfo.ba\/index.php\/bosna-i-hercegovina\/item\/301298-kakvo-nas-vrijeme-ocekuje-prvog-radnog-dana-u-sedmici-15\/\"},\"author\":{\"name\":\"Tuzla Info\",\"@id\":\"https:\/\/tuzlainfo.ba\/#\/schema\/person\/46cad4c57790cbc50781edd14870825a\"},\"headline\":\"Kakvo nas vrijeme o\u010dekuje prvog radnog dana u sedmici?\",\"datePublished\":\"2026-04-27T06:03:03+00:00\",\"dateModified\":\"2026-04-27T05:40:11+00:00\",\"mainEntityOfPage\":{\"@id\":\"https:\/\/tuzlainfo.ba\/index.php\/bosna-i-hercegovina\/item\/301298-kakvo-nas-vrijeme-ocekuje-prvog-radnog-dana-u-sedmici-15\/\"},\"wordCount\":179,\"publisher\":{\"@id\":\"https:\/\/tuzlainfo.ba\/#organization\"},\"image\":{\"@id\":\"https:\/\/tuzlainfo.ba\/index.php\/bosna-i-hercegovina\/item\/301298-kakvo-nas-vrijeme-ocekuje-prvog-radnog-dana-u-sedmici-15\/#primaryimage\"},\"thumbnailUrl\":\"https:\/\/tuzlainfo.ba\/wp-content\/uploads\/2026\/04\/0604_vremenska_proljece.jpg\",\"keywords\":[\"vremenska prognoza\"],\"articleSection\":[\"Bosna i Hercegovina\",\"Istaknuto\"],\"inLanguage\":\"bs-BA\"},{\"@type\":\"WebPage\",\"@id\":\"https:\/\/tuzlainfo.ba\/index.php\/bosna-i-hercegovina\/item\/301298-kakvo-nas-vrijeme-ocekuje-prvog-radnog-dana-u-sedmici-15\/\",\"url\":\"https:\/\/tuzlainfo.ba\/index.php\/bosna-i-hercegovina\/item\/301298-kakvo-nas-vrijeme-ocekuje-prvog-radnog-dana-u-sedmici-15\/\",\"name\":\"Kakvo nas vrijeme o\u010dekuje prvog radnog dana u sedmici? - TuzlaInfo.ba\",\"isPartOf\":{\"@id\":\"https:\/\/tuzlainfo.ba\/#website\"},\"primaryImageOfPage\":{\"@id\":\"https:\/\/tuzlainfo.ba\/index.php\/bosna-i-hercegovina\/item\/301298-kakvo-nas-vrijeme-ocekuje-prvog-radnog-dana-u-sedmici-15\/#primaryimage\"},\"image\":{\"@id\":\"https:\/\/tuzlainfo.ba\/index.php\/bosna-i-hercegovina\/item\/301298-kakvo-nas-vrijeme-ocekuje-prvog-radnog-dana-u-sedmici-15\/#primaryimage\"},\"thumbnailUrl\":\"https:\/\/tuzlainfo.ba\/wp-content\/uploads\/2026\/04\/0604_vremenska_proljece.jpg\",\"datePublished\":\"2026-04-27T06:03:03+00:00\",\"dateModified\":\"2026-04-27T05:40:11+00:00\",\"breadcrumb\":{\"@id\":\"https:\/\/tuzlainfo.ba\/index.php\/bosna-i-hercegovina\/item\/301298-kakvo-nas-vrijeme-ocekuje-prvog-radnog-dana-u-sedmici-15\/#breadcrumb\"},\"inLanguage\":\"bs-BA\",\"potentialAction\":[{\"@type\":\"ReadAction\",\"target\":[\"https:\/\/tuzlainfo.ba\/index.php\/bosna-i-hercegovina\/item\/301298-kakvo-nas-vrijeme-ocekuje-prvog-radnog-dana-u-sedmici-15\/\"]}]},{\"@type\":\"ImageObject\",\"inLanguage\":\"bs-BA\",\"@id\":\"https:\/\/tuzlainfo.ba\/index.php\/bosna-i-hercegovina\/item\/301298-kakvo-nas-vrijeme-ocekuje-prvog-radnog-dana-u-sedmici-15\/#primaryimage\",\"url\":\"https:\/\/tuzlainfo.ba\/wp-content\/uploads\/2026\/04\/0604_vremenska_proljece.jpg\",\"contentUrl\":\"https:\/\/tuzlainfo.ba\/wp-content\/uploads\/2026\/04\/0604_vremenska_proljece.jpg\",\"width\":1000,\"height\":669},{\"@type\":\"BreadcrumbList\",\"@id\":\"https:\/\/tuzlainfo.ba\/index.php\/bosna-i-hercegovina\/item\/301298-kakvo-nas-vrijeme-ocekuje-prvog-radnog-dana-u-sedmici-15\/#breadcrumb\",\"itemListElement\":[{\"@type\":\"ListItem\",\"position\":1,\"name\":\"Home\",\"item\":\"https:\/\/tuzlainfo.ba\/\"},{\"@type\":\"ListItem\",\"position\":2,\"name\":\"Kakvo nas vrijeme o\u010dekuje prvog radnog dana u sedmici?\"}]},{\"@type\":\"WebSite\",\"@id\":\"https:\/\/tuzlainfo.ba\/#website\",\"url\":\"https:\/\/tuzlainfo.ba\/\",\"name\":\"TuzlaInfo.ba\",\"description\":\"Tuzla info, gradski informator - Tuzla na dlanu\",\"publisher\":{\"@id\":\"https:\/\/tuzlainfo.ba\/#organization\"},\"potentialAction\":[{\"@type\":\"SearchAction\",\"target\":{\"@type\":\"EntryPoint\",\"urlTemplate\":\"https:\/\/tuzlainfo.ba\/?s={search_term_string}\"},\"query-input\":{\"@type\":\"PropertyValueSpecification\",\"valueRequired\":true,\"valueName\":\"search_term_string\"}}],\"inLanguage\":\"bs-BA\"},{\"@type\":\"Organization\",\"@id\":\"https:\/\/tuzlainfo.ba\/#organization\",\"name\":\"TuzlaInfo.ba\",\"url\":\"https:\/\/tuzlainfo.ba\/\",\"logo\":{\"@type\":\"ImageObject\",\"inLanguage\":\"bs-BA\",\"@id\":\"https:\/\/tuzlainfo.ba\/#\/schema\/logo\/image\/\",\"url\":\"https:\/\/tuzlainfo.ba\/wp-content\/uploads\/2021\/03\/logo-ver-3-1.png\",\"contentUrl\":\"https:\/\/tuzlainfo.ba\/wp-content\/uploads\/2021\/03\/logo-ver-3-1.png\",\"width\":350,\"height\":95,\"caption\":\"TuzlaInfo.ba\"},\"image\":{\"@id\":\"https:\/\/tuzlainfo.ba\/#\/schema\/logo\/image\/\"},\"sameAs\":[\"https:\/\/www.facebook.com\/tuzlainfo.ba\/\"]},{\"@type\":\"Person\",\"@id\":\"https:\/\/tuzlainfo.ba\/#\/schema\/person\/46cad4c57790cbc50781edd14870825a\",\"name\":\"Tuzla Info\",\"image\":{\"@type\":\"ImageObject\",\"inLanguage\":\"bs-BA\",\"@id\":\"https:\/\/tuzlainfo.ba\/#\/schema\/person\/image\/\",\"url\":\"https:\/\/tuzlainfo.ba\/wp-content\/litespeed\/avatar\/b6c453a6c38e3654f2e4416c643fc25c.jpg?ver=1777051911\",\"contentUrl\":\"https:\/\/tuzlainfo.ba\/wp-content\/litespeed\/avatar\/b6c453a6c38e3654f2e4416c643fc25c.jpg?ver=1777051911\",\"caption\":\"Tuzla Info\"}}]}<\/script>\n<!-- \/ Yoast SEO plugin. -->","yoast_head_json":{"title":"Kakvo nas vrijeme o\u010dekuje prvog radnog dana u sedmici? - TuzlaInfo.ba","robots":{"index":"index","follow":"follow","max-snippet":"max-snippet:-1","max-image-preview":"max-image-preview:large","max-video-preview":"max-video-preview:-1"},"canonical":"https:\/\/tuzlainfo.ba\/index.php\/bosna-i-hercegovina\/item\/301298-kakvo-nas-vrijeme-ocekuje-prvog-radnog-dana-u-sedmici-15\/","og_locale":"bs_BA","og_type":"article","og_title":"Kakvo nas vrijeme o\u010dekuje prvog radnog dana u sedmici? - TuzlaInfo.ba","og_description":"Danas \u0107e u BiH \u00a0preovladavati sun\u010dano vrijeme uz malu do umjerenu obla\u010dnost, navodi se u&hellip;","og_url":"https:\/\/tuzlainfo.ba\/index.php\/bosna-i-hercegovina\/item\/301298-kakvo-nas-vrijeme-ocekuje-prvog-radnog-dana-u-sedmici-15\/","og_site_name":"TuzlaInfo.ba","article_publisher":"https:\/\/www.facebook.com\/tuzlainfo.ba\/","article_published_time":"2026-04-27T06:03:03+00:00","article_modified_time":"2026-04-27T05:40:11+00:00","og_image":[{"width":1000,"height":669,"url":"https:\/\/tuzlainfo.ba\/wp-content\/uploads\/2026\/04\/0604_vremenska_proljece.jpg","type":"image\/jpeg"}],"author":"Tuzla Info","twitter_card":"summary_large_image","twitter_misc":{"Written by":"Tuzla Info","Est. reading time":"2 minute"},"schema":{"@context":"https:\/\/schema.org","@graph":[{"@type":"Article","@id":"https:\/\/tuzlainfo.ba\/index.php\/bosna-i-hercegovina\/item\/301298-kakvo-nas-vrijeme-ocekuje-prvog-radnog-dana-u-sedmici-15\/#article","isPartOf":{"@id":"https:\/\/tuzlainfo.ba\/index.php\/bosna-i-hercegovina\/item\/301298-kakvo-nas-vrijeme-ocekuje-prvog-radnog-dana-u-sedmici-15\/"},"author":{"name":"Tuzla Info","@id":"https:\/\/tuzlainfo.ba\/#\/schema\/person\/46cad4c57790cbc50781edd14870825a"},"headline":"Kakvo nas vrijeme o\u010dekuje prvog radnog dana u sedmici?","datePublished":"2026-04-27T06:03:03+00:00","dateModified":"2026-04-27T05:40:11+00:00","mainEntityOfPage":{"@id":"https:\/\/tuzlainfo.ba\/index.php\/bosna-i-hercegovina\/item\/301298-kakvo-nas-vrijeme-ocekuje-prvog-radnog-dana-u-sedmici-15\/"},"wordCount":179,"publisher":{"@id":"https:\/\/tuzlainfo.ba\/#organization"},"image":{"@id":"https:\/\/tuzlainfo.ba\/index.php\/bosna-i-hercegovina\/item\/301298-kakvo-nas-vrijeme-ocekuje-prvog-radnog-dana-u-sedmici-15\/#primaryimage"},"thumbnailUrl":"https:\/\/tuzlainfo.ba\/wp-content\/uploads\/2026\/04\/0604_vremenska_proljece.jpg","keywords":["vremenska prognoza"],"articleSection":["Bosna i Hercegovina","Istaknuto"],"inLanguage":"bs-BA"},{"@type":"WebPage","@id":"https:\/\/tuzlainfo.ba\/index.php\/bosna-i-hercegovina\/item\/301298-kakvo-nas-vrijeme-ocekuje-prvog-radnog-dana-u-sedmici-15\/","url":"https:\/\/tuzlainfo.ba\/index.php\/bosna-i-hercegovina\/item\/301298-kakvo-nas-vrijeme-ocekuje-prvog-radnog-dana-u-sedmici-15\/","name":"Kakvo nas vrijeme o\u010dekuje prvog radnog dana u sedmici? - TuzlaInfo.ba","isPartOf":{"@id":"https:\/\/tuzlainfo.ba\/#website"},"primaryImageOfPage":{"@id":"https:\/\/tuzlainfo.ba\/index.php\/bosna-i-hercegovina\/item\/301298-kakvo-nas-vrijeme-ocekuje-prvog-radnog-dana-u-sedmici-15\/#primaryimage"},"image":{"@id":"https:\/\/tuzlainfo.ba\/index.php\/bosna-i-hercegovina\/item\/301298-kakvo-nas-vrijeme-ocekuje-prvog-radnog-dana-u-sedmici-15\/#primaryimage"},"thumbnailUrl":"https:\/\/tuzlainfo.ba\/wp-content\/uploads\/2026\/04\/0604_vremenska_proljece.jpg","datePublished":"2026-04-27T06:03:03+00:00","dateModified":"2026-04-27T05:40:11+00:00","breadcrumb":{"@id":"https:\/\/tuzlainfo.ba\/index.php\/bosna-i-hercegovina\/item\/301298-kakvo-nas-vrijeme-ocekuje-prvog-radnog-dana-u-sedmici-15\/#breadcrumb"},"inLanguage":"bs-BA","potentialAction":[{"@type":"ReadAction","target":["https:\/\/tuzlainfo.ba\/index.php\/bosna-i-hercegovina\/item\/301298-kakvo-nas-vrijeme-ocekuje-prvog-radnog-dana-u-sedmici-15\/"]}]},{"@type":"ImageObject","inLanguage":"bs-BA","@id":"https:\/\/tuzlainfo.ba\/index.php\/bosna-i-hercegovina\/item\/301298-kakvo-nas-vrijeme-ocekuje-prvog-radnog-dana-u-sedmici-15\/#primaryimage","url":"https:\/\/tuzlainfo.ba\/wp-content\/uploads\/2026\/04\/0604_vremenska_proljece.jpg","contentUrl":"https:\/\/tuzlainfo.ba\/wp-content\/uploads\/2026\/04\/0604_vremenska_proljece.jpg","width":1000,"height":669},{"@type":"BreadcrumbList","@id":"https:\/\/tuzlainfo.ba\/index.php\/bosna-i-hercegovina\/item\/301298-kakvo-nas-vrijeme-ocekuje-prvog-radnog-dana-u-sedmici-15\/#breadcrumb","itemListElement":[{"@type":"ListItem","position":1,"name":"Home","item":"https:\/\/tuzlainfo.ba\/"},{"@type":"ListItem","position":2,"name":"Kakvo nas vrijeme o\u010dekuje prvog radnog dana u sedmici?"}]},{"@type":"WebSite","@id":"https:\/\/tuzlainfo.ba\/#website","url":"https:\/\/tuzlainfo.ba\/","name":"TuzlaInfo.ba","description":"Tuzla info, gradski informator - Tuzla na dlanu","publisher":{"@id":"https:\/\/tuzlainfo.ba\/#organization"},"potentialAction":[{"@type":"SearchAction","target":{"@type":"EntryPoint","urlTemplate":"https:\/\/tuzlainfo.ba\/?s={search_term_string}"},"query-input":{"@type":"PropertyValueSpecification","valueRequired":true,"valueName":"search_term_string"}}],"inLanguage":"bs-BA"},{"@type":"Organization","@id":"https:\/\/tuzlainfo.ba\/#organization","name":"TuzlaInfo.ba","url":"https:\/\/tuzlainfo.ba\/","logo":{"@type":"ImageObject","inLanguage":"bs-BA","@id":"https:\/\/tuzlainfo.ba\/#\/schema\/logo\/image\/","url":"https:\/\/tuzlainfo.ba\/wp-content\/uploads\/2021\/03\/logo-ver-3-1.png","contentUrl":"https:\/\/tuzlainfo.ba\/wp-content\/uploads\/2021\/03\/logo-ver-3-1.png","width":350,"height":95,"caption":"TuzlaInfo.ba"},"image":{"@id":"https:\/\/tuzlainfo.ba\/#\/schema\/logo\/image\/"},"sameAs":["https:\/\/www.facebook.com\/tuzlainfo.ba\/"]},{"@type":"Person","@id":"https:\/\/tuzlainfo.ba\/#\/schema\/person\/46cad4c57790cbc50781edd14870825a","name":"Tuzla Info","image":{"@type":"ImageObject","inLanguage":"bs-BA","@id":"https:\/\/tuzlainfo.ba\/#\/schema\/person\/image\/","url":"https:\/\/tuzlainfo.ba\/wp-content\/litespeed\/avatar\/b6c453a6c38e3654f2e4416c643fc25c.jpg?ver=1777051911","contentUrl":"https:\/\/tuzlainfo.ba\/wp-content\/litespeed\/avatar\/b6c453a6c38e3654f2e4416c643fc25c.jpg?ver=1777051911","caption":"Tuzla Info"}}]}},"_links":{"self":[{"href":"https:\/\/tuzlainfo.ba\/index.php\/wp-json\/wp\/v2\/posts\/301298"}],"collection":[{"href":"https:\/\/tuzlainfo.ba\/index.php\/wp-json\/wp\/v2\/posts"}],"about":[{"href":"https:\/\/tuzlainfo.ba\/index.php\/wp-json\/wp\/v2\/types\/post"}],"author":[{"embeddable":true,"href":"https:\/\/tuzlainfo.ba\/index.php\/wp-json\/wp\/v2\/users\/4"}],"replies":[{"embeddable":true,"href":"https:\/\/tuzlainfo.ba\/index.php\/wp-json\/wp\/v2\/comments?post=301298"}],"version-history":[{"count":1,"href":"https:\/\/tuzlainfo.ba\/index.php\/wp-json\/wp\/v2\/posts\/301298\/revisions"}],"predecessor-version":[{"id":301299,"href":"https:\/\/tuzlainfo.ba\/index.php\/wp-json\/wp\/v2\/posts\/301298\/revisions\/301299"}],"wp:featuredmedia":[{"embeddable":true,"href":"https:\/\/tuzlainfo.ba\/index.php\/wp-json\/wp\/v2\/media\/299378"}],"wp:attachment":[{"href":"https:\/\/tuzlainfo.ba\/index.php\/wp-json\/wp\/v2\/media?parent=301298"}],"wp:term":[{"taxonomy":"category","embeddable":true,"href":"https:\/\/tuzlainfo.ba\/index.php\/wp-json\/wp\/v2\/categories?post=301298"},{"taxonomy":"post_tag","embeddable":true,"href":"https:\/\/tuzlainfo.ba\/index.php\/wp-json\/wp\/v2\/tags?post=301298"}],"curies":[{"name":"wp","href":"https:\/\/api.w.org\/{rel}","templated":true}]}}