{"id":301295,"date":"2026-04-26T22:18:54","date_gmt":"2026-04-26T20:18:54","guid":{"rendered":"https:\/\/tuzlainfo.ba\/?p=301295"},"modified":"2026-04-26T22:18:54","modified_gmt":"2026-04-26T20:18:54","slug":"upozorenje-iz-njemacke-hoce-li-bh-radnici-ostajati-bez-posla","status":"publish","type":"post","link":"https:\/\/tuzlainfo.ba\/index.php\/clanci\/sa-svih-strana\/item\/301295-upozorenje-iz-njemacke-hoce-li-bh-radnici-ostajati-bez-posla\/","title":{"rendered":"Upozorenje iz Njema\u010dke: Ho\u0107e li bh. radnici ostajati bez posla?"},"content":{"rendered":"<p data-start=\"0\" data-end=\"225\">Njema\u010dka ekonomija suo\u010dava se s ozbiljnim izazovima, a sve \u010de\u0161\u0107e se postavlja pitanje kakve bi posljedice takva situacija mogla imati na radnike iz Bosne i Hercegovine koji upravo u ovoj zemlji osiguravaju svoju egzistenciju.<\/p>\n<p data-start=\"227\" data-end=\"560\">Na probleme je upozorio predsjednik Konfederacije njema\u010dkih udru\u017eenja poslodavaca Rainer Dulger, poru\u010div\u0161i da je vrijeme za reakciju ve\u0107 isteklo te da Njema\u010dka vi\u0161e ne mo\u017ee sebi priu\u0161titi odga\u0111anje reformi. Prema njegovim rije\u010dima, sve ve\u0107i broj kompanija razmatra premje\u0161tanje poslovanja u druge zemlje zbog nepovoljnih uslova rada.<\/p>\n<p data-start=\"562\" data-end=\"852\">Kao klju\u010dne razloge, \u00a0za njema\u010dki list Augsburger Allgemeine, naveo je visoke doprinose za socijalno osiguranje, slo\u017eenu birokratiju i rast cijena energije, \u0161to, kako isti\u010de, ozbiljno ote\u017eava profitabilno poslovanje. Upozorio je i da je vladaju\u0107a koalicija dugo odga\u0111ala obe\u0107ane reforme, \u010dime se dodatno pogor\u0161ava stanje u privredi.<\/p>\n<p data-start=\"854\" data-end=\"1174\">Posebno zabrinjava \u010dinjenica da veliki broj radnika iz Bosne i Hercegovine radi upravo u sektorima koji su najvi\u0161e pogo\u0111eni ekonomskom stagnacijom, poput gra\u0111evinarstva, industrije, logistike i uslu\u017enih djelatnosti. U slu\u010daju smanjenja obima poslovanja ili zatvaranja firmi, upravo bi oni mogli prvi osjetiti posljedice.<\/p>\n<p data-start=\"1176\" data-end=\"1398\">Iako su reforme bile najavljivane jo\u0161 pro\u0161le godine, njihova realizacija je vi\u0161e puta odga\u0111ana, a neizvjesno je ho\u0107e li biti provedene u narednom periodu. Takav razvoj situacije dodatno poja\u010dava nesigurnost me\u0111u radnicima.<\/p>\n<p data-start=\"1400\" data-end=\"1576\">Slabljenje najve\u0107e evropske ekonomije ne bi ostalo bez posljedica ni za Bosnu i Hercegovinu, s obzirom na to da brojne porodice zavise od prihoda \u010dlanova koji rade u Njema\u010dkoj.<\/p>\n","protected":false},"excerpt":{"rendered":"<p>Njema\u010dka ekonomija suo\u010dava se s ozbiljnim izazovima, a sve \u010de\u0161\u0107e se postavlja pitanje kakve bi&hellip;<\/p>\n","protected":false},"author":2,"featured_media":81517,"comment_status":"closed","ping_status":"closed","sticky":false,"template":"","format":"standard","meta":{"_acf_changed":false,"footnotes":""},"categories":[16],"tags":[423],"acf":[],"yoast_head":"<!-- This site is optimized with the Yoast SEO plugin v23.5 - https:\/\/yoast.com\/wordpress\/plugins\/seo\/ -->\n<title>Upozorenje iz Njema\u010dke: Ho\u0107e li bh. radnici ostajati bez posla? - TuzlaInfo.ba<\/title>\n<meta name=\"robots\" content=\"index, follow, max-snippet:-1, max-image-preview:large, max-video-preview:-1\" \/>\n<link rel=\"canonical\" href=\"https:\/\/tuzlainfo.ba\/index.php\/clanci\/sa-svih-strana\/item\/301295-upozorenje-iz-njemacke-hoce-li-bh-radnici-ostajati-bez-posla\/\" \/>\n<meta property=\"og:locale\" content=\"bs_BA\" \/>\n<meta property=\"og:type\" content=\"article\" \/>\n<meta property=\"og:title\" content=\"Upozorenje iz Njema\u010dke: Ho\u0107e li bh. radnici ostajati bez posla? - TuzlaInfo.ba\" \/>\n<meta property=\"og:description\" content=\"Njema\u010dka ekonomija suo\u010dava se s ozbiljnim izazovima, a sve \u010de\u0161\u0107e se postavlja pitanje kakve bi&hellip;\" \/>\n<meta property=\"og:url\" content=\"https:\/\/tuzlainfo.ba\/index.php\/clanci\/sa-svih-strana\/item\/301295-upozorenje-iz-njemacke-hoce-li-bh-radnici-ostajati-bez-posla\/\" \/>\n<meta property=\"og:site_name\" content=\"TuzlaInfo.ba\" \/>\n<meta property=\"article:publisher\" content=\"https:\/\/www.facebook.com\/tuzlainfo.ba\/\" \/>\n<meta property=\"article:published_time\" content=\"2026-04-26T20:18:54+00:00\" \/>\n<meta property=\"og:image\" content=\"https:\/\/tuzlainfo.ba\/wp-content\/uploads\/2020\/08\/sadrzaj_2020_20200801_0408_baustele.jpg\" \/>\n\t<meta property=\"og:image:width\" content=\"770\" \/>\n\t<meta property=\"og:image:height\" content=\"555\" \/>\n\t<meta property=\"og:image:type\" content=\"image\/jpeg\" \/>\n<meta name=\"author\" content=\"nedim\" \/>\n<meta name=\"twitter:card\" content=\"summary_large_image\" \/>\n<meta name=\"twitter:label1\" content=\"Written by\" \/>\n\t<meta name=\"twitter:data1\" content=\"nedim\" \/>\n\t<meta name=\"twitter:label2\" content=\"Est. reading time\" \/>\n\t<meta name=\"twitter:data2\" content=\"2 minute\" \/>\n<script type=\"application\/ld+json\" class=\"yoast-schema-graph\">{\"@context\":\"https:\/\/schema.org\",\"@graph\":[{\"@type\":\"Article\",\"@id\":\"https:\/\/tuzlainfo.ba\/index.php\/clanci\/sa-svih-strana\/item\/301295-upozorenje-iz-njemacke-hoce-li-bh-radnici-ostajati-bez-posla\/#article\",\"isPartOf\":{\"@id\":\"https:\/\/tuzlainfo.ba\/index.php\/clanci\/sa-svih-strana\/item\/301295-upozorenje-iz-njemacke-hoce-li-bh-radnici-ostajati-bez-posla\/\"},\"author\":{\"name\":\"nedim\",\"@id\":\"https:\/\/tuzlainfo.ba\/#\/schema\/person\/f434e20dc27ea133923aab08451b7f7f\"},\"headline\":\"Upozorenje iz Njema\u010dke: Ho\u0107e li bh. radnici ostajati bez posla?\",\"datePublished\":\"2026-04-26T20:18:54+00:00\",\"dateModified\":\"2026-04-26T20:18:54+00:00\",\"mainEntityOfPage\":{\"@id\":\"https:\/\/tuzlainfo.ba\/index.php\/clanci\/sa-svih-strana\/item\/301295-upozorenje-iz-njemacke-hoce-li-bh-radnici-ostajati-bez-posla\/\"},\"wordCount\":279,\"publisher\":{\"@id\":\"https:\/\/tuzlainfo.ba\/#organization\"},\"image\":{\"@id\":\"https:\/\/tuzlainfo.ba\/index.php\/clanci\/sa-svih-strana\/item\/301295-upozorenje-iz-njemacke-hoce-li-bh-radnici-ostajati-bez-posla\/#primaryimage\"},\"thumbnailUrl\":\"https:\/\/tuzlainfo.ba\/wp-content\/uploads\/2020\/08\/sadrzaj_2020_20200801_0408_baustele.jpg\",\"keywords\":[\"njema\u010dka\"],\"articleSection\":[\"Sa svih strana\"],\"inLanguage\":\"bs-BA\"},{\"@type\":\"WebPage\",\"@id\":\"https:\/\/tuzlainfo.ba\/index.php\/clanci\/sa-svih-strana\/item\/301295-upozorenje-iz-njemacke-hoce-li-bh-radnici-ostajati-bez-posla\/\",\"url\":\"https:\/\/tuzlainfo.ba\/index.php\/clanci\/sa-svih-strana\/item\/301295-upozorenje-iz-njemacke-hoce-li-bh-radnici-ostajati-bez-posla\/\",\"name\":\"Upozorenje iz Njema\u010dke: Ho\u0107e li bh. radnici ostajati bez posla? - TuzlaInfo.ba\",\"isPartOf\":{\"@id\":\"https:\/\/tuzlainfo.ba\/#website\"},\"primaryImageOfPage\":{\"@id\":\"https:\/\/tuzlainfo.ba\/index.php\/clanci\/sa-svih-strana\/item\/301295-upozorenje-iz-njemacke-hoce-li-bh-radnici-ostajati-bez-posla\/#primaryimage\"},\"image\":{\"@id\":\"https:\/\/tuzlainfo.ba\/index.php\/clanci\/sa-svih-strana\/item\/301295-upozorenje-iz-njemacke-hoce-li-bh-radnici-ostajati-bez-posla\/#primaryimage\"},\"thumbnailUrl\":\"https:\/\/tuzlainfo.ba\/wp-content\/uploads\/2020\/08\/sadrzaj_2020_20200801_0408_baustele.jpg\",\"datePublished\":\"2026-04-26T20:18:54+00:00\",\"dateModified\":\"2026-04-26T20:18:54+00:00\",\"breadcrumb\":{\"@id\":\"https:\/\/tuzlainfo.ba\/index.php\/clanci\/sa-svih-strana\/item\/301295-upozorenje-iz-njemacke-hoce-li-bh-radnici-ostajati-bez-posla\/#breadcrumb\"},\"inLanguage\":\"bs-BA\",\"potentialAction\":[{\"@type\":\"ReadAction\",\"target\":[\"https:\/\/tuzlainfo.ba\/index.php\/clanci\/sa-svih-strana\/item\/301295-upozorenje-iz-njemacke-hoce-li-bh-radnici-ostajati-bez-posla\/\"]}]},{\"@type\":\"ImageObject\",\"inLanguage\":\"bs-BA\",\"@id\":\"https:\/\/tuzlainfo.ba\/index.php\/clanci\/sa-svih-strana\/item\/301295-upozorenje-iz-njemacke-hoce-li-bh-radnici-ostajati-bez-posla\/#primaryimage\",\"url\":\"https:\/\/tuzlainfo.ba\/wp-content\/uploads\/2020\/08\/sadrzaj_2020_20200801_0408_baustele.jpg\",\"contentUrl\":\"https:\/\/tuzlainfo.ba\/wp-content\/uploads\/2020\/08\/sadrzaj_2020_20200801_0408_baustele.jpg\",\"width\":770,\"height\":555,\"caption\":\"Foto: Ilustracija\"},{\"@type\":\"BreadcrumbList\",\"@id\":\"https:\/\/tuzlainfo.ba\/index.php\/clanci\/sa-svih-strana\/item\/301295-upozorenje-iz-njemacke-hoce-li-bh-radnici-ostajati-bez-posla\/#breadcrumb\",\"itemListElement\":[{\"@type\":\"ListItem\",\"position\":1,\"name\":\"Home\",\"item\":\"https:\/\/tuzlainfo.ba\/\"},{\"@type\":\"ListItem\",\"position\":2,\"name\":\"Upozorenje iz Njema\u010dke: Ho\u0107e li bh. radnici ostajati bez posla?\"}]},{\"@type\":\"WebSite\",\"@id\":\"https:\/\/tuzlainfo.ba\/#website\",\"url\":\"https:\/\/tuzlainfo.ba\/\",\"name\":\"TuzlaInfo.ba\",\"description\":\"Tuzla info, gradski informator - Tuzla na dlanu\",\"publisher\":{\"@id\":\"https:\/\/tuzlainfo.ba\/#organization\"},\"potentialAction\":[{\"@type\":\"SearchAction\",\"target\":{\"@type\":\"EntryPoint\",\"urlTemplate\":\"https:\/\/tuzlainfo.ba\/?s={search_term_string}\"},\"query-input\":{\"@type\":\"PropertyValueSpecification\",\"valueRequired\":true,\"valueName\":\"search_term_string\"}}],\"inLanguage\":\"bs-BA\"},{\"@type\":\"Organization\",\"@id\":\"https:\/\/tuzlainfo.ba\/#organization\",\"name\":\"TuzlaInfo.ba\",\"url\":\"https:\/\/tuzlainfo.ba\/\",\"logo\":{\"@type\":\"ImageObject\",\"inLanguage\":\"bs-BA\",\"@id\":\"https:\/\/tuzlainfo.ba\/#\/schema\/logo\/image\/\",\"url\":\"https:\/\/tuzlainfo.ba\/wp-content\/uploads\/2021\/03\/logo-ver-3-1.png\",\"contentUrl\":\"https:\/\/tuzlainfo.ba\/wp-content\/uploads\/2021\/03\/logo-ver-3-1.png\",\"width\":350,\"height\":95,\"caption\":\"TuzlaInfo.ba\"},\"image\":{\"@id\":\"https:\/\/tuzlainfo.ba\/#\/schema\/logo\/image\/\"},\"sameAs\":[\"https:\/\/www.facebook.com\/tuzlainfo.ba\/\"]},{\"@type\":\"Person\",\"@id\":\"https:\/\/tuzlainfo.ba\/#\/schema\/person\/f434e20dc27ea133923aab08451b7f7f\",\"name\":\"nedim\",\"image\":{\"@type\":\"ImageObject\",\"inLanguage\":\"bs-BA\",\"@id\":\"https:\/\/tuzlainfo.ba\/#\/schema\/person\/image\/\",\"url\":\"https:\/\/tuzlainfo.ba\/wp-content\/litespeed\/avatar\/aabad687af24844af817603ac1cbdc4f.jpg?ver=1776702173\",\"contentUrl\":\"https:\/\/tuzlainfo.ba\/wp-content\/litespeed\/avatar\/aabad687af24844af817603ac1cbdc4f.jpg?ver=1776702173\",\"caption\":\"nedim\"},\"description\":\"Tuzlainfo.ba pratite na dru\u0161tvenim mre\u017eama: Facebook, Instagram i Youtube. Svoje pri\u010de, upite i fotografije \u0161aljite na na\u0161u e-mail adresu.\"}]}<\/script>\n<!-- \/ Yoast SEO plugin. -->","yoast_head_json":{"title":"Upozorenje iz Njema\u010dke: Ho\u0107e li bh. radnici ostajati bez posla? - TuzlaInfo.ba","robots":{"index":"index","follow":"follow","max-snippet":"max-snippet:-1","max-image-preview":"max-image-preview:large","max-video-preview":"max-video-preview:-1"},"canonical":"https:\/\/tuzlainfo.ba\/index.php\/clanci\/sa-svih-strana\/item\/301295-upozorenje-iz-njemacke-hoce-li-bh-radnici-ostajati-bez-posla\/","og_locale":"bs_BA","og_type":"article","og_title":"Upozorenje iz Njema\u010dke: Ho\u0107e li bh. radnici ostajati bez posla? - TuzlaInfo.ba","og_description":"Njema\u010dka ekonomija suo\u010dava se s ozbiljnim izazovima, a sve \u010de\u0161\u0107e se postavlja pitanje kakve bi&hellip;","og_url":"https:\/\/tuzlainfo.ba\/index.php\/clanci\/sa-svih-strana\/item\/301295-upozorenje-iz-njemacke-hoce-li-bh-radnici-ostajati-bez-posla\/","og_site_name":"TuzlaInfo.ba","article_publisher":"https:\/\/www.facebook.com\/tuzlainfo.ba\/","article_published_time":"2026-04-26T20:18:54+00:00","og_image":[{"width":770,"height":555,"url":"https:\/\/tuzlainfo.ba\/wp-content\/uploads\/2020\/08\/sadrzaj_2020_20200801_0408_baustele.jpg","type":"image\/jpeg"}],"author":"nedim","twitter_card":"summary_large_image","twitter_misc":{"Written by":"nedim","Est. reading time":"2 minute"},"schema":{"@context":"https:\/\/schema.org","@graph":[{"@type":"Article","@id":"https:\/\/tuzlainfo.ba\/index.php\/clanci\/sa-svih-strana\/item\/301295-upozorenje-iz-njemacke-hoce-li-bh-radnici-ostajati-bez-posla\/#article","isPartOf":{"@id":"https:\/\/tuzlainfo.ba\/index.php\/clanci\/sa-svih-strana\/item\/301295-upozorenje-iz-njemacke-hoce-li-bh-radnici-ostajati-bez-posla\/"},"author":{"name":"nedim","@id":"https:\/\/tuzlainfo.ba\/#\/schema\/person\/f434e20dc27ea133923aab08451b7f7f"},"headline":"Upozorenje iz Njema\u010dke: Ho\u0107e li bh. radnici ostajati bez posla?","datePublished":"2026-04-26T20:18:54+00:00","dateModified":"2026-04-26T20:18:54+00:00","mainEntityOfPage":{"@id":"https:\/\/tuzlainfo.ba\/index.php\/clanci\/sa-svih-strana\/item\/301295-upozorenje-iz-njemacke-hoce-li-bh-radnici-ostajati-bez-posla\/"},"wordCount":279,"publisher":{"@id":"https:\/\/tuzlainfo.ba\/#organization"},"image":{"@id":"https:\/\/tuzlainfo.ba\/index.php\/clanci\/sa-svih-strana\/item\/301295-upozorenje-iz-njemacke-hoce-li-bh-radnici-ostajati-bez-posla\/#primaryimage"},"thumbnailUrl":"https:\/\/tuzlainfo.ba\/wp-content\/uploads\/2020\/08\/sadrzaj_2020_20200801_0408_baustele.jpg","keywords":["njema\u010dka"],"articleSection":["Sa svih strana"],"inLanguage":"bs-BA"},{"@type":"WebPage","@id":"https:\/\/tuzlainfo.ba\/index.php\/clanci\/sa-svih-strana\/item\/301295-upozorenje-iz-njemacke-hoce-li-bh-radnici-ostajati-bez-posla\/","url":"https:\/\/tuzlainfo.ba\/index.php\/clanci\/sa-svih-strana\/item\/301295-upozorenje-iz-njemacke-hoce-li-bh-radnici-ostajati-bez-posla\/","name":"Upozorenje iz Njema\u010dke: Ho\u0107e li bh. radnici ostajati bez posla? - TuzlaInfo.ba","isPartOf":{"@id":"https:\/\/tuzlainfo.ba\/#website"},"primaryImageOfPage":{"@id":"https:\/\/tuzlainfo.ba\/index.php\/clanci\/sa-svih-strana\/item\/301295-upozorenje-iz-njemacke-hoce-li-bh-radnici-ostajati-bez-posla\/#primaryimage"},"image":{"@id":"https:\/\/tuzlainfo.ba\/index.php\/clanci\/sa-svih-strana\/item\/301295-upozorenje-iz-njemacke-hoce-li-bh-radnici-ostajati-bez-posla\/#primaryimage"},"thumbnailUrl":"https:\/\/tuzlainfo.ba\/wp-content\/uploads\/2020\/08\/sadrzaj_2020_20200801_0408_baustele.jpg","datePublished":"2026-04-26T20:18:54+00:00","dateModified":"2026-04-26T20:18:54+00:00","breadcrumb":{"@id":"https:\/\/tuzlainfo.ba\/index.php\/clanci\/sa-svih-strana\/item\/301295-upozorenje-iz-njemacke-hoce-li-bh-radnici-ostajati-bez-posla\/#breadcrumb"},"inLanguage":"bs-BA","potentialAction":[{"@type":"ReadAction","target":["https:\/\/tuzlainfo.ba\/index.php\/clanci\/sa-svih-strana\/item\/301295-upozorenje-iz-njemacke-hoce-li-bh-radnici-ostajati-bez-posla\/"]}]},{"@type":"ImageObject","inLanguage":"bs-BA","@id":"https:\/\/tuzlainfo.ba\/index.php\/clanci\/sa-svih-strana\/item\/301295-upozorenje-iz-njemacke-hoce-li-bh-radnici-ostajati-bez-posla\/#primaryimage","url":"https:\/\/tuzlainfo.ba\/wp-content\/uploads\/2020\/08\/sadrzaj_2020_20200801_0408_baustele.jpg","contentUrl":"https:\/\/tuzlainfo.ba\/wp-content\/uploads\/2020\/08\/sadrzaj_2020_20200801_0408_baustele.jpg","width":770,"height":555,"caption":"Foto: Ilustracija"},{"@type":"BreadcrumbList","@id":"https:\/\/tuzlainfo.ba\/index.php\/clanci\/sa-svih-strana\/item\/301295-upozorenje-iz-njemacke-hoce-li-bh-radnici-ostajati-bez-posla\/#breadcrumb","itemListElement":[{"@type":"ListItem","position":1,"name":"Home","item":"https:\/\/tuzlainfo.ba\/"},{"@type":"ListItem","position":2,"name":"Upozorenje iz Njema\u010dke: Ho\u0107e li bh. radnici ostajati bez posla?"}]},{"@type":"WebSite","@id":"https:\/\/tuzlainfo.ba\/#website","url":"https:\/\/tuzlainfo.ba\/","name":"TuzlaInfo.ba","description":"Tuzla info, gradski informator - Tuzla na dlanu","publisher":{"@id":"https:\/\/tuzlainfo.ba\/#organization"},"potentialAction":[{"@type":"SearchAction","target":{"@type":"EntryPoint","urlTemplate":"https:\/\/tuzlainfo.ba\/?s={search_term_string}"},"query-input":{"@type":"PropertyValueSpecification","valueRequired":true,"valueName":"search_term_string"}}],"inLanguage":"bs-BA"},{"@type":"Organization","@id":"https:\/\/tuzlainfo.ba\/#organization","name":"TuzlaInfo.ba","url":"https:\/\/tuzlainfo.ba\/","logo":{"@type":"ImageObject","inLanguage":"bs-BA","@id":"https:\/\/tuzlainfo.ba\/#\/schema\/logo\/image\/","url":"https:\/\/tuzlainfo.ba\/wp-content\/uploads\/2021\/03\/logo-ver-3-1.png","contentUrl":"https:\/\/tuzlainfo.ba\/wp-content\/uploads\/2021\/03\/logo-ver-3-1.png","width":350,"height":95,"caption":"TuzlaInfo.ba"},"image":{"@id":"https:\/\/tuzlainfo.ba\/#\/schema\/logo\/image\/"},"sameAs":["https:\/\/www.facebook.com\/tuzlainfo.ba\/"]},{"@type":"Person","@id":"https:\/\/tuzlainfo.ba\/#\/schema\/person\/f434e20dc27ea133923aab08451b7f7f","name":"nedim","image":{"@type":"ImageObject","inLanguage":"bs-BA","@id":"https:\/\/tuzlainfo.ba\/#\/schema\/person\/image\/","url":"https:\/\/tuzlainfo.ba\/wp-content\/litespeed\/avatar\/aabad687af24844af817603ac1cbdc4f.jpg?ver=1776702173","contentUrl":"https:\/\/tuzlainfo.ba\/wp-content\/litespeed\/avatar\/aabad687af24844af817603ac1cbdc4f.jpg?ver=1776702173","caption":"nedim"},"description":"Tuzlainfo.ba pratite na dru\u0161tvenim mre\u017eama: Facebook, Instagram i Youtube. Svoje pri\u010de, upite i fotografije \u0161aljite na na\u0161u e-mail adresu."}]}},"_links":{"self":[{"href":"https:\/\/tuzlainfo.ba\/index.php\/wp-json\/wp\/v2\/posts\/301295"}],"collection":[{"href":"https:\/\/tuzlainfo.ba\/index.php\/wp-json\/wp\/v2\/posts"}],"about":[{"href":"https:\/\/tuzlainfo.ba\/index.php\/wp-json\/wp\/v2\/types\/post"}],"author":[{"embeddable":true,"href":"https:\/\/tuzlainfo.ba\/index.php\/wp-json\/wp\/v2\/users\/2"}],"replies":[{"embeddable":true,"href":"https:\/\/tuzlainfo.ba\/index.php\/wp-json\/wp\/v2\/comments?post=301295"}],"version-history":[{"count":1,"href":"https:\/\/tuzlainfo.ba\/index.php\/wp-json\/wp\/v2\/posts\/301295\/revisions"}],"predecessor-version":[{"id":301296,"href":"https:\/\/tuzlainfo.ba\/index.php\/wp-json\/wp\/v2\/posts\/301295\/revisions\/301296"}],"wp:featuredmedia":[{"embeddable":true,"href":"https:\/\/tuzlainfo.ba\/index.php\/wp-json\/wp\/v2\/media\/81517"}],"wp:attachment":[{"href":"https:\/\/tuzlainfo.ba\/index.php\/wp-json\/wp\/v2\/media?parent=301295"}],"wp:term":[{"taxonomy":"category","embeddable":true,"href":"https:\/\/tuzlainfo.ba\/index.php\/wp-json\/wp\/v2\/categories?post=301295"},{"taxonomy":"post_tag","embeddable":true,"href":"https:\/\/tuzlainfo.ba\/index.php\/wp-json\/wp\/v2\/tags?post=301295"}],"curies":[{"name":"wp","href":"https:\/\/api.w.org\/{rel}","templated":true}]}}