{"id":301281,"date":"2026-04-26T20:51:18","date_gmt":"2026-04-26T18:51:18","guid":{"rendered":"https:\/\/tuzlainfo.ba\/?p=301281"},"modified":"2026-04-26T20:51:18","modified_gmt":"2026-04-26T18:51:18","slug":"bajkovit-prizor-u-gradskom-parku-u-tuzli-djeca-uzivala-u-jahanju","status":"publish","type":"post","link":"https:\/\/tuzlainfo.ba\/index.php\/novosti\/item\/301281-bajkovit-prizor-u-gradskom-parku-u-tuzli-djeca-uzivala-u-jahanju\/","title":{"rendered":"Bajkovit prizor u Gradskom parku u Tuzli: Djeca u\u017eivala u jahanju"},"content":{"rendered":"<p data-start=\"0\" data-end=\"213\">U okviru manifestacije \u201eProlje\u0107e u Tuzli\u201c, danas je u Gradskom parku organizovan poseban program za najmla\u0111e pod nazivom \u201eMali jaha\u010di prolje\u0107a\u201c, koji je realizovan u saradnji sa \u010dlanovima Konji\u010dkog kluba \u201cVranac\u201d.<\/p>\n<p data-start=\"215\" data-end=\"508\">Mali\u0161ani su imali priliku napraviti svoje prve jaha\u010dke korake, \u0161to je izazvalo veliko odu\u0161evljenje i osmijehe na njihovim licima. Uz podr\u0161ku roditelja i pa\u017enju brojnih prolaznika, Gradski park je na trenutke poprimio bajkovitu atmosferu, ispunjenu igrom, rado\u0161\u0107u i ljubavlju prema \u017eivotinjama.<\/p>\n<p data-start=\"510\" data-end=\"650\">Ovaj doga\u0111aj jo\u0161 jednom je pokazao koliko ovakvi sadr\u017eaji zna\u010de djeci, ali i porodicama koje su u\u017eivale u zajedni\u010dkom dru\u017eenju na otvorenom.<\/p>\n<p data-start=\"510\" data-end=\"650\"><iframe style=\"border: none; overflow: hidden;\" src=\"https:\/\/www.facebook.com\/plugins\/video.php?height=476&amp;href=https%3A%2F%2Fwww.facebook.com%2Freel%2F1625494905422786%2F&amp;show_text=false&amp;width=267&amp;t=0\" width=\"267\" height=\"476\" frameborder=\"0\" scrolling=\"no\" allowfullscreen=\"allowfullscreen\"><\/iframe><\/p>\n<p data-start=\"652\" data-end=\"901\">Iz Grada Tuzle i Turisti\u010dke zajednice grada Tuzle poru\u010duju da \u0107e kroz manifestaciju \u201eProlje\u0107e u Tuzli\u201c i u narednom periodu nastaviti organizovati raznovrsne aktivnosti koje donose radost najmla\u0111ima i doprinose stvaranju lijepih porodi\u010dnih uspomena.<\/p>\n","protected":false},"excerpt":{"rendered":"<p>U okviru manifestacije \u201eProlje\u0107e u Tuzli\u201c, danas je u Gradskom parku organizovan poseban program za&hellip;<\/p>\n","protected":false},"author":2,"featured_media":301282,"comment_status":"closed","ping_status":"closed","sticky":false,"template":"","format":"standard","meta":{"_acf_changed":false,"footnotes":""},"categories":[304,12],"tags":[13825,6751],"acf":[],"yoast_head":"<!-- This site is optimized with the Yoast SEO plugin v23.5 - https:\/\/yoast.com\/wordpress\/plugins\/seo\/ -->\n<title>Bajkovit prizor u Gradskom parku u Tuzli: Djeca u\u017eivala u jahanju - TuzlaInfo.ba<\/title>\n<meta name=\"robots\" content=\"index, follow, max-snippet:-1, max-image-preview:large, max-video-preview:-1\" \/>\n<link rel=\"canonical\" href=\"https:\/\/tuzlainfo.ba\/index.php\/novosti\/item\/301281-bajkovit-prizor-u-gradskom-parku-u-tuzli-djeca-uzivala-u-jahanju\/\" \/>\n<meta property=\"og:locale\" content=\"bs_BA\" \/>\n<meta property=\"og:type\" content=\"article\" \/>\n<meta property=\"og:title\" content=\"Bajkovit prizor u Gradskom parku u Tuzli: Djeca u\u017eivala u jahanju - TuzlaInfo.ba\" \/>\n<meta property=\"og:description\" content=\"U okviru manifestacije \u201eProlje\u0107e u Tuzli\u201c, danas je u Gradskom parku organizovan poseban program za&hellip;\" \/>\n<meta property=\"og:url\" content=\"https:\/\/tuzlainfo.ba\/index.php\/novosti\/item\/301281-bajkovit-prizor-u-gradskom-parku-u-tuzli-djeca-uzivala-u-jahanju\/\" \/>\n<meta property=\"og:site_name\" content=\"TuzlaInfo.ba\" \/>\n<meta property=\"article:publisher\" content=\"https:\/\/www.facebook.com\/tuzlainfo.ba\/\" \/>\n<meta property=\"article:published_time\" content=\"2026-04-26T18:51:18+00:00\" \/>\n<meta property=\"og:image\" content=\"https:\/\/tuzlainfo.ba\/wp-content\/uploads\/2026\/04\/2604_konji.jpg\" \/>\n\t<meta property=\"og:image:width\" content=\"1000\" \/>\n\t<meta property=\"og:image:height\" content=\"640\" \/>\n\t<meta property=\"og:image:type\" content=\"image\/jpeg\" \/>\n<meta name=\"author\" content=\"nedim\" \/>\n<meta name=\"twitter:card\" content=\"summary_large_image\" \/>\n<meta name=\"twitter:label1\" content=\"Written by\" \/>\n\t<meta name=\"twitter:data1\" content=\"nedim\" \/>\n\t<meta name=\"twitter:label2\" content=\"Est. reading time\" \/>\n\t<meta name=\"twitter:data2\" content=\"1 minuta\" \/>\n<script type=\"application\/ld+json\" class=\"yoast-schema-graph\">{\"@context\":\"https:\/\/schema.org\",\"@graph\":[{\"@type\":\"Article\",\"@id\":\"https:\/\/tuzlainfo.ba\/index.php\/novosti\/item\/301281-bajkovit-prizor-u-gradskom-parku-u-tuzli-djeca-uzivala-u-jahanju\/#article\",\"isPartOf\":{\"@id\":\"https:\/\/tuzlainfo.ba\/index.php\/novosti\/item\/301281-bajkovit-prizor-u-gradskom-parku-u-tuzli-djeca-uzivala-u-jahanju\/\"},\"author\":{\"name\":\"nedim\",\"@id\":\"https:\/\/tuzlainfo.ba\/#\/schema\/person\/f434e20dc27ea133923aab08451b7f7f\"},\"headline\":\"Bajkovit prizor u Gradskom parku u Tuzli: Djeca u\u017eivala u jahanju\",\"datePublished\":\"2026-04-26T18:51:18+00:00\",\"dateModified\":\"2026-04-26T18:51:18+00:00\",\"mainEntityOfPage\":{\"@id\":\"https:\/\/tuzlainfo.ba\/index.php\/novosti\/item\/301281-bajkovit-prizor-u-gradskom-parku-u-tuzli-djeca-uzivala-u-jahanju\/\"},\"wordCount\":162,\"publisher\":{\"@id\":\"https:\/\/tuzlainfo.ba\/#organization\"},\"image\":{\"@id\":\"https:\/\/tuzlainfo.ba\/index.php\/novosti\/item\/301281-bajkovit-prizor-u-gradskom-parku-u-tuzli-djeca-uzivala-u-jahanju\/#primaryimage\"},\"thumbnailUrl\":\"https:\/\/tuzlainfo.ba\/wp-content\/uploads\/2026\/04\/2604_konji.jpg\",\"keywords\":[\"konji\u010dki klub vranac\",\"prolje\u0107e u tuzli\"],\"articleSection\":[\"Istaknuto\",\"Novosti\"],\"inLanguage\":\"bs-BA\"},{\"@type\":\"WebPage\",\"@id\":\"https:\/\/tuzlainfo.ba\/index.php\/novosti\/item\/301281-bajkovit-prizor-u-gradskom-parku-u-tuzli-djeca-uzivala-u-jahanju\/\",\"url\":\"https:\/\/tuzlainfo.ba\/index.php\/novosti\/item\/301281-bajkovit-prizor-u-gradskom-parku-u-tuzli-djeca-uzivala-u-jahanju\/\",\"name\":\"Bajkovit prizor u Gradskom parku u Tuzli: Djeca u\u017eivala u jahanju - TuzlaInfo.ba\",\"isPartOf\":{\"@id\":\"https:\/\/tuzlainfo.ba\/#website\"},\"primaryImageOfPage\":{\"@id\":\"https:\/\/tuzlainfo.ba\/index.php\/novosti\/item\/301281-bajkovit-prizor-u-gradskom-parku-u-tuzli-djeca-uzivala-u-jahanju\/#primaryimage\"},\"image\":{\"@id\":\"https:\/\/tuzlainfo.ba\/index.php\/novosti\/item\/301281-bajkovit-prizor-u-gradskom-parku-u-tuzli-djeca-uzivala-u-jahanju\/#primaryimage\"},\"thumbnailUrl\":\"https:\/\/tuzlainfo.ba\/wp-content\/uploads\/2026\/04\/2604_konji.jpg\",\"datePublished\":\"2026-04-26T18:51:18+00:00\",\"dateModified\":\"2026-04-26T18:51:18+00:00\",\"breadcrumb\":{\"@id\":\"https:\/\/tuzlainfo.ba\/index.php\/novosti\/item\/301281-bajkovit-prizor-u-gradskom-parku-u-tuzli-djeca-uzivala-u-jahanju\/#breadcrumb\"},\"inLanguage\":\"bs-BA\",\"potentialAction\":[{\"@type\":\"ReadAction\",\"target\":[\"https:\/\/tuzlainfo.ba\/index.php\/novosti\/item\/301281-bajkovit-prizor-u-gradskom-parku-u-tuzli-djeca-uzivala-u-jahanju\/\"]}]},{\"@type\":\"ImageObject\",\"inLanguage\":\"bs-BA\",\"@id\":\"https:\/\/tuzlainfo.ba\/index.php\/novosti\/item\/301281-bajkovit-prizor-u-gradskom-parku-u-tuzli-djeca-uzivala-u-jahanju\/#primaryimage\",\"url\":\"https:\/\/tuzlainfo.ba\/wp-content\/uploads\/2026\/04\/2604_konji.jpg\",\"contentUrl\":\"https:\/\/tuzlainfo.ba\/wp-content\/uploads\/2026\/04\/2604_konji.jpg\",\"width\":1000,\"height\":640},{\"@type\":\"BreadcrumbList\",\"@id\":\"https:\/\/tuzlainfo.ba\/index.php\/novosti\/item\/301281-bajkovit-prizor-u-gradskom-parku-u-tuzli-djeca-uzivala-u-jahanju\/#breadcrumb\",\"itemListElement\":[{\"@type\":\"ListItem\",\"position\":1,\"name\":\"Home\",\"item\":\"https:\/\/tuzlainfo.ba\/\"},{\"@type\":\"ListItem\",\"position\":2,\"name\":\"Bajkovit prizor u Gradskom parku u Tuzli: Djeca u\u017eivala u jahanju\"}]},{\"@type\":\"WebSite\",\"@id\":\"https:\/\/tuzlainfo.ba\/#website\",\"url\":\"https:\/\/tuzlainfo.ba\/\",\"name\":\"TuzlaInfo.ba\",\"description\":\"Tuzla info, gradski informator - Tuzla na dlanu\",\"publisher\":{\"@id\":\"https:\/\/tuzlainfo.ba\/#organization\"},\"potentialAction\":[{\"@type\":\"SearchAction\",\"target\":{\"@type\":\"EntryPoint\",\"urlTemplate\":\"https:\/\/tuzlainfo.ba\/?s={search_term_string}\"},\"query-input\":{\"@type\":\"PropertyValueSpecification\",\"valueRequired\":true,\"valueName\":\"search_term_string\"}}],\"inLanguage\":\"bs-BA\"},{\"@type\":\"Organization\",\"@id\":\"https:\/\/tuzlainfo.ba\/#organization\",\"name\":\"TuzlaInfo.ba\",\"url\":\"https:\/\/tuzlainfo.ba\/\",\"logo\":{\"@type\":\"ImageObject\",\"inLanguage\":\"bs-BA\",\"@id\":\"https:\/\/tuzlainfo.ba\/#\/schema\/logo\/image\/\",\"url\":\"https:\/\/tuzlainfo.ba\/wp-content\/uploads\/2021\/03\/logo-ver-3-1.png\",\"contentUrl\":\"https:\/\/tuzlainfo.ba\/wp-content\/uploads\/2021\/03\/logo-ver-3-1.png\",\"width\":350,\"height\":95,\"caption\":\"TuzlaInfo.ba\"},\"image\":{\"@id\":\"https:\/\/tuzlainfo.ba\/#\/schema\/logo\/image\/\"},\"sameAs\":[\"https:\/\/www.facebook.com\/tuzlainfo.ba\/\"]},{\"@type\":\"Person\",\"@id\":\"https:\/\/tuzlainfo.ba\/#\/schema\/person\/f434e20dc27ea133923aab08451b7f7f\",\"name\":\"nedim\",\"image\":{\"@type\":\"ImageObject\",\"inLanguage\":\"bs-BA\",\"@id\":\"https:\/\/tuzlainfo.ba\/#\/schema\/person\/image\/\",\"url\":\"https:\/\/tuzlainfo.ba\/wp-content\/litespeed\/avatar\/aabad687af24844af817603ac1cbdc4f.jpg?ver=1776702173\",\"contentUrl\":\"https:\/\/tuzlainfo.ba\/wp-content\/litespeed\/avatar\/aabad687af24844af817603ac1cbdc4f.jpg?ver=1776702173\",\"caption\":\"nedim\"},\"description\":\"Tuzlainfo.ba pratite na dru\u0161tvenim mre\u017eama: Facebook, Instagram i Youtube. Svoje pri\u010de, upite i fotografije \u0161aljite na na\u0161u e-mail adresu.\"}]}<\/script>\n<!-- \/ Yoast SEO plugin. -->","yoast_head_json":{"title":"Bajkovit prizor u Gradskom parku u Tuzli: Djeca u\u017eivala u jahanju - TuzlaInfo.ba","robots":{"index":"index","follow":"follow","max-snippet":"max-snippet:-1","max-image-preview":"max-image-preview:large","max-video-preview":"max-video-preview:-1"},"canonical":"https:\/\/tuzlainfo.ba\/index.php\/novosti\/item\/301281-bajkovit-prizor-u-gradskom-parku-u-tuzli-djeca-uzivala-u-jahanju\/","og_locale":"bs_BA","og_type":"article","og_title":"Bajkovit prizor u Gradskom parku u Tuzli: Djeca u\u017eivala u jahanju - TuzlaInfo.ba","og_description":"U okviru manifestacije \u201eProlje\u0107e u Tuzli\u201c, danas je u Gradskom parku organizovan poseban program za&hellip;","og_url":"https:\/\/tuzlainfo.ba\/index.php\/novosti\/item\/301281-bajkovit-prizor-u-gradskom-parku-u-tuzli-djeca-uzivala-u-jahanju\/","og_site_name":"TuzlaInfo.ba","article_publisher":"https:\/\/www.facebook.com\/tuzlainfo.ba\/","article_published_time":"2026-04-26T18:51:18+00:00","og_image":[{"width":1000,"height":640,"url":"https:\/\/tuzlainfo.ba\/wp-content\/uploads\/2026\/04\/2604_konji.jpg","type":"image\/jpeg"}],"author":"nedim","twitter_card":"summary_large_image","twitter_misc":{"Written by":"nedim","Est. reading time":"1 minuta"},"schema":{"@context":"https:\/\/schema.org","@graph":[{"@type":"Article","@id":"https:\/\/tuzlainfo.ba\/index.php\/novosti\/item\/301281-bajkovit-prizor-u-gradskom-parku-u-tuzli-djeca-uzivala-u-jahanju\/#article","isPartOf":{"@id":"https:\/\/tuzlainfo.ba\/index.php\/novosti\/item\/301281-bajkovit-prizor-u-gradskom-parku-u-tuzli-djeca-uzivala-u-jahanju\/"},"author":{"name":"nedim","@id":"https:\/\/tuzlainfo.ba\/#\/schema\/person\/f434e20dc27ea133923aab08451b7f7f"},"headline":"Bajkovit prizor u Gradskom parku u Tuzli: Djeca u\u017eivala u jahanju","datePublished":"2026-04-26T18:51:18+00:00","dateModified":"2026-04-26T18:51:18+00:00","mainEntityOfPage":{"@id":"https:\/\/tuzlainfo.ba\/index.php\/novosti\/item\/301281-bajkovit-prizor-u-gradskom-parku-u-tuzli-djeca-uzivala-u-jahanju\/"},"wordCount":162,"publisher":{"@id":"https:\/\/tuzlainfo.ba\/#organization"},"image":{"@id":"https:\/\/tuzlainfo.ba\/index.php\/novosti\/item\/301281-bajkovit-prizor-u-gradskom-parku-u-tuzli-djeca-uzivala-u-jahanju\/#primaryimage"},"thumbnailUrl":"https:\/\/tuzlainfo.ba\/wp-content\/uploads\/2026\/04\/2604_konji.jpg","keywords":["konji\u010dki klub vranac","prolje\u0107e u tuzli"],"articleSection":["Istaknuto","Novosti"],"inLanguage":"bs-BA"},{"@type":"WebPage","@id":"https:\/\/tuzlainfo.ba\/index.php\/novosti\/item\/301281-bajkovit-prizor-u-gradskom-parku-u-tuzli-djeca-uzivala-u-jahanju\/","url":"https:\/\/tuzlainfo.ba\/index.php\/novosti\/item\/301281-bajkovit-prizor-u-gradskom-parku-u-tuzli-djeca-uzivala-u-jahanju\/","name":"Bajkovit prizor u Gradskom parku u Tuzli: Djeca u\u017eivala u jahanju - TuzlaInfo.ba","isPartOf":{"@id":"https:\/\/tuzlainfo.ba\/#website"},"primaryImageOfPage":{"@id":"https:\/\/tuzlainfo.ba\/index.php\/novosti\/item\/301281-bajkovit-prizor-u-gradskom-parku-u-tuzli-djeca-uzivala-u-jahanju\/#primaryimage"},"image":{"@id":"https:\/\/tuzlainfo.ba\/index.php\/novosti\/item\/301281-bajkovit-prizor-u-gradskom-parku-u-tuzli-djeca-uzivala-u-jahanju\/#primaryimage"},"thumbnailUrl":"https:\/\/tuzlainfo.ba\/wp-content\/uploads\/2026\/04\/2604_konji.jpg","datePublished":"2026-04-26T18:51:18+00:00","dateModified":"2026-04-26T18:51:18+00:00","breadcrumb":{"@id":"https:\/\/tuzlainfo.ba\/index.php\/novosti\/item\/301281-bajkovit-prizor-u-gradskom-parku-u-tuzli-djeca-uzivala-u-jahanju\/#breadcrumb"},"inLanguage":"bs-BA","potentialAction":[{"@type":"ReadAction","target":["https:\/\/tuzlainfo.ba\/index.php\/novosti\/item\/301281-bajkovit-prizor-u-gradskom-parku-u-tuzli-djeca-uzivala-u-jahanju\/"]}]},{"@type":"ImageObject","inLanguage":"bs-BA","@id":"https:\/\/tuzlainfo.ba\/index.php\/novosti\/item\/301281-bajkovit-prizor-u-gradskom-parku-u-tuzli-djeca-uzivala-u-jahanju\/#primaryimage","url":"https:\/\/tuzlainfo.ba\/wp-content\/uploads\/2026\/04\/2604_konji.jpg","contentUrl":"https:\/\/tuzlainfo.ba\/wp-content\/uploads\/2026\/04\/2604_konji.jpg","width":1000,"height":640},{"@type":"BreadcrumbList","@id":"https:\/\/tuzlainfo.ba\/index.php\/novosti\/item\/301281-bajkovit-prizor-u-gradskom-parku-u-tuzli-djeca-uzivala-u-jahanju\/#breadcrumb","itemListElement":[{"@type":"ListItem","position":1,"name":"Home","item":"https:\/\/tuzlainfo.ba\/"},{"@type":"ListItem","position":2,"name":"Bajkovit prizor u Gradskom parku u Tuzli: Djeca u\u017eivala u jahanju"}]},{"@type":"WebSite","@id":"https:\/\/tuzlainfo.ba\/#website","url":"https:\/\/tuzlainfo.ba\/","name":"TuzlaInfo.ba","description":"Tuzla info, gradski informator - Tuzla na dlanu","publisher":{"@id":"https:\/\/tuzlainfo.ba\/#organization"},"potentialAction":[{"@type":"SearchAction","target":{"@type":"EntryPoint","urlTemplate":"https:\/\/tuzlainfo.ba\/?s={search_term_string}"},"query-input":{"@type":"PropertyValueSpecification","valueRequired":true,"valueName":"search_term_string"}}],"inLanguage":"bs-BA"},{"@type":"Organization","@id":"https:\/\/tuzlainfo.ba\/#organization","name":"TuzlaInfo.ba","url":"https:\/\/tuzlainfo.ba\/","logo":{"@type":"ImageObject","inLanguage":"bs-BA","@id":"https:\/\/tuzlainfo.ba\/#\/schema\/logo\/image\/","url":"https:\/\/tuzlainfo.ba\/wp-content\/uploads\/2021\/03\/logo-ver-3-1.png","contentUrl":"https:\/\/tuzlainfo.ba\/wp-content\/uploads\/2021\/03\/logo-ver-3-1.png","width":350,"height":95,"caption":"TuzlaInfo.ba"},"image":{"@id":"https:\/\/tuzlainfo.ba\/#\/schema\/logo\/image\/"},"sameAs":["https:\/\/www.facebook.com\/tuzlainfo.ba\/"]},{"@type":"Person","@id":"https:\/\/tuzlainfo.ba\/#\/schema\/person\/f434e20dc27ea133923aab08451b7f7f","name":"nedim","image":{"@type":"ImageObject","inLanguage":"bs-BA","@id":"https:\/\/tuzlainfo.ba\/#\/schema\/person\/image\/","url":"https:\/\/tuzlainfo.ba\/wp-content\/litespeed\/avatar\/aabad687af24844af817603ac1cbdc4f.jpg?ver=1776702173","contentUrl":"https:\/\/tuzlainfo.ba\/wp-content\/litespeed\/avatar\/aabad687af24844af817603ac1cbdc4f.jpg?ver=1776702173","caption":"nedim"},"description":"Tuzlainfo.ba pratite na dru\u0161tvenim mre\u017eama: Facebook, Instagram i Youtube. Svoje pri\u010de, upite i fotografije \u0161aljite na na\u0161u e-mail adresu."}]}},"_links":{"self":[{"href":"https:\/\/tuzlainfo.ba\/index.php\/wp-json\/wp\/v2\/posts\/301281"}],"collection":[{"href":"https:\/\/tuzlainfo.ba\/index.php\/wp-json\/wp\/v2\/posts"}],"about":[{"href":"https:\/\/tuzlainfo.ba\/index.php\/wp-json\/wp\/v2\/types\/post"}],"author":[{"embeddable":true,"href":"https:\/\/tuzlainfo.ba\/index.php\/wp-json\/wp\/v2\/users\/2"}],"replies":[{"embeddable":true,"href":"https:\/\/tuzlainfo.ba\/index.php\/wp-json\/wp\/v2\/comments?post=301281"}],"version-history":[{"count":1,"href":"https:\/\/tuzlainfo.ba\/index.php\/wp-json\/wp\/v2\/posts\/301281\/revisions"}],"predecessor-version":[{"id":301283,"href":"https:\/\/tuzlainfo.ba\/index.php\/wp-json\/wp\/v2\/posts\/301281\/revisions\/301283"}],"wp:featuredmedia":[{"embeddable":true,"href":"https:\/\/tuzlainfo.ba\/index.php\/wp-json\/wp\/v2\/media\/301282"}],"wp:attachment":[{"href":"https:\/\/tuzlainfo.ba\/index.php\/wp-json\/wp\/v2\/media?parent=301281"}],"wp:term":[{"taxonomy":"category","embeddable":true,"href":"https:\/\/tuzlainfo.ba\/index.php\/wp-json\/wp\/v2\/categories?post=301281"},{"taxonomy":"post_tag","embeddable":true,"href":"https:\/\/tuzlainfo.ba\/index.php\/wp-json\/wp\/v2\/tags?post=301281"}],"curies":[{"name":"wp","href":"https:\/\/api.w.org\/{rel}","templated":true}]}}