{"id":301278,"date":"2026-04-26T11:11:45","date_gmt":"2026-04-26T09:11:45","guid":{"rendered":"https:\/\/tuzlainfo.ba\/?p=301278"},"modified":"2026-04-26T10:12:25","modified_gmt":"2026-04-26T08:12:25","slug":"ucenici-iz-istanbula-i-gimnazije-ismet-mujezinovic-posjetili-gradsku-upravu-tuzle","status":"publish","type":"post","link":"https:\/\/tuzlainfo.ba\/index.php\/novosti\/item\/301278-ucenici-iz-istanbula-i-gimnazije-ismet-mujezinovic-posjetili-gradsku-upravu-tuzle\/","title":{"rendered":"U\u010denici iz Istanbula i Gimnazije \u201eIsmet Mujezinovi\u0107\u201c posjetili Gradsku upravu Tuzle"},"content":{"rendered":"<p data-start=\"90\" data-end=\"332\" data-cya11y-org-font-size=\"15\">U Gradskoj upravi Tuzle, sekretar organa dr\u017eavne slu\u017ebe, Almir \u0160uta, ugostio je predstavnike i u\u0107enike Gimnazije \u201eIsmet Mujezinovi\u0107\u201c, kao i\u00a0 prijateljske \u0161kole iz Istanbula, koji u Tuzli borave u okviru programa razmjene u\u010denika.<\/p>\n<p data-start=\"334\" data-end=\"646\" data-cya11y-org-font-size=\"15\">Rije\u010d je o u\u010denicima iz Op\u0107ine Tuzla u Istanbulu, s kojom Grad Tuzla dugi niz godina razvija i njeguje saradnju. Ova saradnja formalizirana je 2007. godine potpisivanjem Sporazuma o bratimljenju, \u010dime su otvorene brojne mogu\u0107nosti za razmjenu iskustava, unapre\u0111enje saradnje i ja\u010danje veza u oblasti kulture.<\/p>\n<p data-start=\"648\" data-end=\"1015\" data-cya11y-org-font-size=\"15\">Sekretar \u0160uta istakao je zna\u010daj ovakvih susreta, nagla\u0161avaju\u0107i va\u017enost prijateljstva i kontinuiranog povezivanja mladih ljudi. Podsjetio je i na bogatu zajedni\u010dku historiju i tradiciju Bosne i Hercegovine i Republike Turske, te \u010dinjenicu da veliki broj gra\u0111ana Republike Turske vodi porijeklo iz Bosne i Hercegovine, \u0161to predstavlja sna\u017enu vezu izme\u0111u dvije zemlje.<\/p>\n<p data-start=\"1017\" data-end=\"1280\" data-cya11y-org-font-size=\"15\">Boravak u\u010denika u Tuzli dio je kontinuirane saradnje\u00a0 ustanova obrazovanja i lokalnih zajednica, uz opredjeljenje da se ovakvi susreti nastave i u budu\u0107nosti, jer doprinose me\u0111usobnom razumijevanju, ja\u010danju prijateljstva i stvaranju trajnih uspomena me\u0111u mladima.<\/p>\n","protected":false},"excerpt":{"rendered":"<p>U Gradskoj upravi Tuzle, sekretar organa dr\u017eavne slu\u017ebe, Almir \u0160uta, ugostio je predstavnike i u\u0107enike&hellip;<\/p>\n","protected":false},"author":2,"featured_media":301279,"comment_status":"closed","ping_status":"closed","sticky":false,"template":"","format":"standard","meta":{"_acf_changed":false,"footnotes":""},"categories":[12],"tags":[331,617],"acf":[],"yoast_head":"<!-- This site is optimized with the Yoast SEO plugin v23.5 - https:\/\/yoast.com\/wordpress\/plugins\/seo\/ -->\n<title>U\u010denici iz Istanbula i Gimnazije \u201eIsmet Mujezinovi\u0107\u201c posjetili Gradsku upravu Tuzle - TuzlaInfo.ba<\/title>\n<meta name=\"robots\" content=\"index, follow, max-snippet:-1, max-image-preview:large, max-video-preview:-1\" \/>\n<link rel=\"canonical\" href=\"https:\/\/tuzlainfo.ba\/index.php\/novosti\/item\/301278-ucenici-iz-istanbula-i-gimnazije-ismet-mujezinovic-posjetili-gradsku-upravu-tuzle\/\" \/>\n<meta property=\"og:locale\" content=\"bs_BA\" \/>\n<meta property=\"og:type\" content=\"article\" \/>\n<meta property=\"og:title\" content=\"U\u010denici iz Istanbula i Gimnazije \u201eIsmet Mujezinovi\u0107\u201c posjetili Gradsku upravu Tuzle - TuzlaInfo.ba\" \/>\n<meta property=\"og:description\" content=\"U Gradskoj upravi Tuzle, sekretar organa dr\u017eavne slu\u017ebe, Almir \u0160uta, ugostio je predstavnike i u\u0107enike&hellip;\" \/>\n<meta property=\"og:url\" content=\"https:\/\/tuzlainfo.ba\/index.php\/novosti\/item\/301278-ucenici-iz-istanbula-i-gimnazije-ismet-mujezinovic-posjetili-gradsku-upravu-tuzle\/\" \/>\n<meta property=\"og:site_name\" content=\"TuzlaInfo.ba\" \/>\n<meta property=\"article:publisher\" content=\"https:\/\/www.facebook.com\/tuzlainfo.ba\/\" \/>\n<meta property=\"article:published_time\" content=\"2026-04-26T09:11:45+00:00\" \/>\n<meta property=\"article:modified_time\" content=\"2026-04-26T08:12:25+00:00\" \/>\n<meta property=\"og:image\" content=\"https:\/\/tuzlainfo.ba\/wp-content\/uploads\/2026\/04\/2604_posjeta.jpg\" \/>\n\t<meta property=\"og:image:width\" content=\"1000\" \/>\n\t<meta property=\"og:image:height\" content=\"666\" \/>\n\t<meta property=\"og:image:type\" content=\"image\/jpeg\" \/>\n<meta name=\"author\" content=\"nedim\" \/>\n<meta name=\"twitter:card\" content=\"summary_large_image\" \/>\n<meta name=\"twitter:label1\" content=\"Written by\" \/>\n\t<meta name=\"twitter:data1\" content=\"nedim\" \/>\n\t<meta name=\"twitter:label2\" content=\"Est. reading time\" \/>\n\t<meta name=\"twitter:data2\" content=\"2 minute\" \/>\n<script type=\"application\/ld+json\" class=\"yoast-schema-graph\">{\"@context\":\"https:\/\/schema.org\",\"@graph\":[{\"@type\":\"Article\",\"@id\":\"https:\/\/tuzlainfo.ba\/index.php\/novosti\/item\/301278-ucenici-iz-istanbula-i-gimnazije-ismet-mujezinovic-posjetili-gradsku-upravu-tuzle\/#article\",\"isPartOf\":{\"@id\":\"https:\/\/tuzlainfo.ba\/index.php\/novosti\/item\/301278-ucenici-iz-istanbula-i-gimnazije-ismet-mujezinovic-posjetili-gradsku-upravu-tuzle\/\"},\"author\":{\"name\":\"nedim\",\"@id\":\"https:\/\/tuzlainfo.ba\/#\/schema\/person\/f434e20dc27ea133923aab08451b7f7f\"},\"headline\":\"U\u010denici iz Istanbula i Gimnazije \u201eIsmet Mujezinovi\u0107\u201c posjetili Gradsku upravu Tuzle\",\"datePublished\":\"2026-04-26T09:11:45+00:00\",\"dateModified\":\"2026-04-26T08:12:25+00:00\",\"mainEntityOfPage\":{\"@id\":\"https:\/\/tuzlainfo.ba\/index.php\/novosti\/item\/301278-ucenici-iz-istanbula-i-gimnazije-ismet-mujezinovic-posjetili-gradsku-upravu-tuzle\/\"},\"wordCount\":198,\"publisher\":{\"@id\":\"https:\/\/tuzlainfo.ba\/#organization\"},\"image\":{\"@id\":\"https:\/\/tuzlainfo.ba\/index.php\/novosti\/item\/301278-ucenici-iz-istanbula-i-gimnazije-ismet-mujezinovic-posjetili-gradsku-upravu-tuzle\/#primaryimage\"},\"thumbnailUrl\":\"https:\/\/tuzlainfo.ba\/wp-content\/uploads\/2026\/04\/2604_posjeta.jpg\",\"keywords\":[\"grad tuzla\",\"turska\"],\"articleSection\":[\"Novosti\"],\"inLanguage\":\"bs-BA\"},{\"@type\":\"WebPage\",\"@id\":\"https:\/\/tuzlainfo.ba\/index.php\/novosti\/item\/301278-ucenici-iz-istanbula-i-gimnazije-ismet-mujezinovic-posjetili-gradsku-upravu-tuzle\/\",\"url\":\"https:\/\/tuzlainfo.ba\/index.php\/novosti\/item\/301278-ucenici-iz-istanbula-i-gimnazije-ismet-mujezinovic-posjetili-gradsku-upravu-tuzle\/\",\"name\":\"U\u010denici iz Istanbula i Gimnazije \u201eIsmet Mujezinovi\u0107\u201c posjetili Gradsku upravu Tuzle - TuzlaInfo.ba\",\"isPartOf\":{\"@id\":\"https:\/\/tuzlainfo.ba\/#website\"},\"primaryImageOfPage\":{\"@id\":\"https:\/\/tuzlainfo.ba\/index.php\/novosti\/item\/301278-ucenici-iz-istanbula-i-gimnazije-ismet-mujezinovic-posjetili-gradsku-upravu-tuzle\/#primaryimage\"},\"image\":{\"@id\":\"https:\/\/tuzlainfo.ba\/index.php\/novosti\/item\/301278-ucenici-iz-istanbula-i-gimnazije-ismet-mujezinovic-posjetili-gradsku-upravu-tuzle\/#primaryimage\"},\"thumbnailUrl\":\"https:\/\/tuzlainfo.ba\/wp-content\/uploads\/2026\/04\/2604_posjeta.jpg\",\"datePublished\":\"2026-04-26T09:11:45+00:00\",\"dateModified\":\"2026-04-26T08:12:25+00:00\",\"breadcrumb\":{\"@id\":\"https:\/\/tuzlainfo.ba\/index.php\/novosti\/item\/301278-ucenici-iz-istanbula-i-gimnazije-ismet-mujezinovic-posjetili-gradsku-upravu-tuzle\/#breadcrumb\"},\"inLanguage\":\"bs-BA\",\"potentialAction\":[{\"@type\":\"ReadAction\",\"target\":[\"https:\/\/tuzlainfo.ba\/index.php\/novosti\/item\/301278-ucenici-iz-istanbula-i-gimnazije-ismet-mujezinovic-posjetili-gradsku-upravu-tuzle\/\"]}]},{\"@type\":\"ImageObject\",\"inLanguage\":\"bs-BA\",\"@id\":\"https:\/\/tuzlainfo.ba\/index.php\/novosti\/item\/301278-ucenici-iz-istanbula-i-gimnazije-ismet-mujezinovic-posjetili-gradsku-upravu-tuzle\/#primaryimage\",\"url\":\"https:\/\/tuzlainfo.ba\/wp-content\/uploads\/2026\/04\/2604_posjeta.jpg\",\"contentUrl\":\"https:\/\/tuzlainfo.ba\/wp-content\/uploads\/2026\/04\/2604_posjeta.jpg\",\"width\":1000,\"height\":666},{\"@type\":\"BreadcrumbList\",\"@id\":\"https:\/\/tuzlainfo.ba\/index.php\/novosti\/item\/301278-ucenici-iz-istanbula-i-gimnazije-ismet-mujezinovic-posjetili-gradsku-upravu-tuzle\/#breadcrumb\",\"itemListElement\":[{\"@type\":\"ListItem\",\"position\":1,\"name\":\"Home\",\"item\":\"https:\/\/tuzlainfo.ba\/\"},{\"@type\":\"ListItem\",\"position\":2,\"name\":\"U\u010denici iz Istanbula i Gimnazije \u201eIsmet Mujezinovi\u0107\u201c posjetili Gradsku upravu Tuzle\"}]},{\"@type\":\"WebSite\",\"@id\":\"https:\/\/tuzlainfo.ba\/#website\",\"url\":\"https:\/\/tuzlainfo.ba\/\",\"name\":\"TuzlaInfo.ba\",\"description\":\"Tuzla info, gradski informator - Tuzla na dlanu\",\"publisher\":{\"@id\":\"https:\/\/tuzlainfo.ba\/#organization\"},\"potentialAction\":[{\"@type\":\"SearchAction\",\"target\":{\"@type\":\"EntryPoint\",\"urlTemplate\":\"https:\/\/tuzlainfo.ba\/?s={search_term_string}\"},\"query-input\":{\"@type\":\"PropertyValueSpecification\",\"valueRequired\":true,\"valueName\":\"search_term_string\"}}],\"inLanguage\":\"bs-BA\"},{\"@type\":\"Organization\",\"@id\":\"https:\/\/tuzlainfo.ba\/#organization\",\"name\":\"TuzlaInfo.ba\",\"url\":\"https:\/\/tuzlainfo.ba\/\",\"logo\":{\"@type\":\"ImageObject\",\"inLanguage\":\"bs-BA\",\"@id\":\"https:\/\/tuzlainfo.ba\/#\/schema\/logo\/image\/\",\"url\":\"https:\/\/tuzlainfo.ba\/wp-content\/uploads\/2021\/03\/logo-ver-3-1.png\",\"contentUrl\":\"https:\/\/tuzlainfo.ba\/wp-content\/uploads\/2021\/03\/logo-ver-3-1.png\",\"width\":350,\"height\":95,\"caption\":\"TuzlaInfo.ba\"},\"image\":{\"@id\":\"https:\/\/tuzlainfo.ba\/#\/schema\/logo\/image\/\"},\"sameAs\":[\"https:\/\/www.facebook.com\/tuzlainfo.ba\/\"]},{\"@type\":\"Person\",\"@id\":\"https:\/\/tuzlainfo.ba\/#\/schema\/person\/f434e20dc27ea133923aab08451b7f7f\",\"name\":\"nedim\",\"image\":{\"@type\":\"ImageObject\",\"inLanguage\":\"bs-BA\",\"@id\":\"https:\/\/tuzlainfo.ba\/#\/schema\/person\/image\/\",\"url\":\"https:\/\/tuzlainfo.ba\/wp-content\/litespeed\/avatar\/aabad687af24844af817603ac1cbdc4f.jpg?ver=1776702173\",\"contentUrl\":\"https:\/\/tuzlainfo.ba\/wp-content\/litespeed\/avatar\/aabad687af24844af817603ac1cbdc4f.jpg?ver=1776702173\",\"caption\":\"nedim\"},\"description\":\"Tuzlainfo.ba pratite na dru\u0161tvenim mre\u017eama: Facebook, Instagram i Youtube. Svoje pri\u010de, upite i fotografije \u0161aljite na na\u0161u e-mail adresu.\"}]}<\/script>\n<!-- \/ Yoast SEO plugin. -->","yoast_head_json":{"title":"U\u010denici iz Istanbula i Gimnazije \u201eIsmet Mujezinovi\u0107\u201c posjetili Gradsku upravu Tuzle - TuzlaInfo.ba","robots":{"index":"index","follow":"follow","max-snippet":"max-snippet:-1","max-image-preview":"max-image-preview:large","max-video-preview":"max-video-preview:-1"},"canonical":"https:\/\/tuzlainfo.ba\/index.php\/novosti\/item\/301278-ucenici-iz-istanbula-i-gimnazije-ismet-mujezinovic-posjetili-gradsku-upravu-tuzle\/","og_locale":"bs_BA","og_type":"article","og_title":"U\u010denici iz Istanbula i Gimnazije \u201eIsmet Mujezinovi\u0107\u201c posjetili Gradsku upravu Tuzle - TuzlaInfo.ba","og_description":"U Gradskoj upravi Tuzle, sekretar organa dr\u017eavne slu\u017ebe, Almir \u0160uta, ugostio je predstavnike i u\u0107enike&hellip;","og_url":"https:\/\/tuzlainfo.ba\/index.php\/novosti\/item\/301278-ucenici-iz-istanbula-i-gimnazije-ismet-mujezinovic-posjetili-gradsku-upravu-tuzle\/","og_site_name":"TuzlaInfo.ba","article_publisher":"https:\/\/www.facebook.com\/tuzlainfo.ba\/","article_published_time":"2026-04-26T09:11:45+00:00","article_modified_time":"2026-04-26T08:12:25+00:00","og_image":[{"width":1000,"height":666,"url":"https:\/\/tuzlainfo.ba\/wp-content\/uploads\/2026\/04\/2604_posjeta.jpg","type":"image\/jpeg"}],"author":"nedim","twitter_card":"summary_large_image","twitter_misc":{"Written by":"nedim","Est. reading time":"2 minute"},"schema":{"@context":"https:\/\/schema.org","@graph":[{"@type":"Article","@id":"https:\/\/tuzlainfo.ba\/index.php\/novosti\/item\/301278-ucenici-iz-istanbula-i-gimnazije-ismet-mujezinovic-posjetili-gradsku-upravu-tuzle\/#article","isPartOf":{"@id":"https:\/\/tuzlainfo.ba\/index.php\/novosti\/item\/301278-ucenici-iz-istanbula-i-gimnazije-ismet-mujezinovic-posjetili-gradsku-upravu-tuzle\/"},"author":{"name":"nedim","@id":"https:\/\/tuzlainfo.ba\/#\/schema\/person\/f434e20dc27ea133923aab08451b7f7f"},"headline":"U\u010denici iz Istanbula i Gimnazije \u201eIsmet Mujezinovi\u0107\u201c posjetili Gradsku upravu Tuzle","datePublished":"2026-04-26T09:11:45+00:00","dateModified":"2026-04-26T08:12:25+00:00","mainEntityOfPage":{"@id":"https:\/\/tuzlainfo.ba\/index.php\/novosti\/item\/301278-ucenici-iz-istanbula-i-gimnazije-ismet-mujezinovic-posjetili-gradsku-upravu-tuzle\/"},"wordCount":198,"publisher":{"@id":"https:\/\/tuzlainfo.ba\/#organization"},"image":{"@id":"https:\/\/tuzlainfo.ba\/index.php\/novosti\/item\/301278-ucenici-iz-istanbula-i-gimnazije-ismet-mujezinovic-posjetili-gradsku-upravu-tuzle\/#primaryimage"},"thumbnailUrl":"https:\/\/tuzlainfo.ba\/wp-content\/uploads\/2026\/04\/2604_posjeta.jpg","keywords":["grad tuzla","turska"],"articleSection":["Novosti"],"inLanguage":"bs-BA"},{"@type":"WebPage","@id":"https:\/\/tuzlainfo.ba\/index.php\/novosti\/item\/301278-ucenici-iz-istanbula-i-gimnazije-ismet-mujezinovic-posjetili-gradsku-upravu-tuzle\/","url":"https:\/\/tuzlainfo.ba\/index.php\/novosti\/item\/301278-ucenici-iz-istanbula-i-gimnazije-ismet-mujezinovic-posjetili-gradsku-upravu-tuzle\/","name":"U\u010denici iz Istanbula i Gimnazije \u201eIsmet Mujezinovi\u0107\u201c posjetili Gradsku upravu Tuzle - TuzlaInfo.ba","isPartOf":{"@id":"https:\/\/tuzlainfo.ba\/#website"},"primaryImageOfPage":{"@id":"https:\/\/tuzlainfo.ba\/index.php\/novosti\/item\/301278-ucenici-iz-istanbula-i-gimnazije-ismet-mujezinovic-posjetili-gradsku-upravu-tuzle\/#primaryimage"},"image":{"@id":"https:\/\/tuzlainfo.ba\/index.php\/novosti\/item\/301278-ucenici-iz-istanbula-i-gimnazije-ismet-mujezinovic-posjetili-gradsku-upravu-tuzle\/#primaryimage"},"thumbnailUrl":"https:\/\/tuzlainfo.ba\/wp-content\/uploads\/2026\/04\/2604_posjeta.jpg","datePublished":"2026-04-26T09:11:45+00:00","dateModified":"2026-04-26T08:12:25+00:00","breadcrumb":{"@id":"https:\/\/tuzlainfo.ba\/index.php\/novosti\/item\/301278-ucenici-iz-istanbula-i-gimnazije-ismet-mujezinovic-posjetili-gradsku-upravu-tuzle\/#breadcrumb"},"inLanguage":"bs-BA","potentialAction":[{"@type":"ReadAction","target":["https:\/\/tuzlainfo.ba\/index.php\/novosti\/item\/301278-ucenici-iz-istanbula-i-gimnazije-ismet-mujezinovic-posjetili-gradsku-upravu-tuzle\/"]}]},{"@type":"ImageObject","inLanguage":"bs-BA","@id":"https:\/\/tuzlainfo.ba\/index.php\/novosti\/item\/301278-ucenici-iz-istanbula-i-gimnazije-ismet-mujezinovic-posjetili-gradsku-upravu-tuzle\/#primaryimage","url":"https:\/\/tuzlainfo.ba\/wp-content\/uploads\/2026\/04\/2604_posjeta.jpg","contentUrl":"https:\/\/tuzlainfo.ba\/wp-content\/uploads\/2026\/04\/2604_posjeta.jpg","width":1000,"height":666},{"@type":"BreadcrumbList","@id":"https:\/\/tuzlainfo.ba\/index.php\/novosti\/item\/301278-ucenici-iz-istanbula-i-gimnazije-ismet-mujezinovic-posjetili-gradsku-upravu-tuzle\/#breadcrumb","itemListElement":[{"@type":"ListItem","position":1,"name":"Home","item":"https:\/\/tuzlainfo.ba\/"},{"@type":"ListItem","position":2,"name":"U\u010denici iz Istanbula i Gimnazije \u201eIsmet Mujezinovi\u0107\u201c posjetili Gradsku upravu Tuzle"}]},{"@type":"WebSite","@id":"https:\/\/tuzlainfo.ba\/#website","url":"https:\/\/tuzlainfo.ba\/","name":"TuzlaInfo.ba","description":"Tuzla info, gradski informator - Tuzla na dlanu","publisher":{"@id":"https:\/\/tuzlainfo.ba\/#organization"},"potentialAction":[{"@type":"SearchAction","target":{"@type":"EntryPoint","urlTemplate":"https:\/\/tuzlainfo.ba\/?s={search_term_string}"},"query-input":{"@type":"PropertyValueSpecification","valueRequired":true,"valueName":"search_term_string"}}],"inLanguage":"bs-BA"},{"@type":"Organization","@id":"https:\/\/tuzlainfo.ba\/#organization","name":"TuzlaInfo.ba","url":"https:\/\/tuzlainfo.ba\/","logo":{"@type":"ImageObject","inLanguage":"bs-BA","@id":"https:\/\/tuzlainfo.ba\/#\/schema\/logo\/image\/","url":"https:\/\/tuzlainfo.ba\/wp-content\/uploads\/2021\/03\/logo-ver-3-1.png","contentUrl":"https:\/\/tuzlainfo.ba\/wp-content\/uploads\/2021\/03\/logo-ver-3-1.png","width":350,"height":95,"caption":"TuzlaInfo.ba"},"image":{"@id":"https:\/\/tuzlainfo.ba\/#\/schema\/logo\/image\/"},"sameAs":["https:\/\/www.facebook.com\/tuzlainfo.ba\/"]},{"@type":"Person","@id":"https:\/\/tuzlainfo.ba\/#\/schema\/person\/f434e20dc27ea133923aab08451b7f7f","name":"nedim","image":{"@type":"ImageObject","inLanguage":"bs-BA","@id":"https:\/\/tuzlainfo.ba\/#\/schema\/person\/image\/","url":"https:\/\/tuzlainfo.ba\/wp-content\/litespeed\/avatar\/aabad687af24844af817603ac1cbdc4f.jpg?ver=1776702173","contentUrl":"https:\/\/tuzlainfo.ba\/wp-content\/litespeed\/avatar\/aabad687af24844af817603ac1cbdc4f.jpg?ver=1776702173","caption":"nedim"},"description":"Tuzlainfo.ba pratite na dru\u0161tvenim mre\u017eama: Facebook, Instagram i Youtube. Svoje pri\u010de, upite i fotografije \u0161aljite na na\u0161u e-mail adresu."}]}},"_links":{"self":[{"href":"https:\/\/tuzlainfo.ba\/index.php\/wp-json\/wp\/v2\/posts\/301278"}],"collection":[{"href":"https:\/\/tuzlainfo.ba\/index.php\/wp-json\/wp\/v2\/posts"}],"about":[{"href":"https:\/\/tuzlainfo.ba\/index.php\/wp-json\/wp\/v2\/types\/post"}],"author":[{"embeddable":true,"href":"https:\/\/tuzlainfo.ba\/index.php\/wp-json\/wp\/v2\/users\/2"}],"replies":[{"embeddable":true,"href":"https:\/\/tuzlainfo.ba\/index.php\/wp-json\/wp\/v2\/comments?post=301278"}],"version-history":[{"count":1,"href":"https:\/\/tuzlainfo.ba\/index.php\/wp-json\/wp\/v2\/posts\/301278\/revisions"}],"predecessor-version":[{"id":301280,"href":"https:\/\/tuzlainfo.ba\/index.php\/wp-json\/wp\/v2\/posts\/301278\/revisions\/301280"}],"wp:featuredmedia":[{"embeddable":true,"href":"https:\/\/tuzlainfo.ba\/index.php\/wp-json\/wp\/v2\/media\/301279"}],"wp:attachment":[{"href":"https:\/\/tuzlainfo.ba\/index.php\/wp-json\/wp\/v2\/media?parent=301278"}],"wp:term":[{"taxonomy":"category","embeddable":true,"href":"https:\/\/tuzlainfo.ba\/index.php\/wp-json\/wp\/v2\/categories?post=301278"},{"taxonomy":"post_tag","embeddable":true,"href":"https:\/\/tuzlainfo.ba\/index.php\/wp-json\/wp\/v2\/tags?post=301278"}],"curies":[{"name":"wp","href":"https:\/\/api.w.org\/{rel}","templated":true}]}}