{"id":301274,"date":"2026-04-26T09:41:27","date_gmt":"2026-04-26T07:41:27","guid":{"rendered":"https:\/\/tuzlainfo.ba\/?p=301274"},"modified":"2026-04-26T09:41:27","modified_gmt":"2026-04-26T07:41:27","slug":"oprez-austrija-azurirala-sigurnosne-preporuke-za-bosnu-i-hercegovinu","status":"publish","type":"post","link":"https:\/\/tuzlainfo.ba\/index.php\/clanci\/sa-svih-strana\/item\/301274-oprez-austrija-azurirala-sigurnosne-preporuke-za-bosnu-i-hercegovinu\/","title":{"rendered":"Oprez: Austrija a\u017eurirala sigurnosne preporuke za Bosnu i Hercegovinu"},"content":{"rendered":"<p>Austrijsko ministarstvo spoljnih poslova (BMEIA) je a\u017euriralo svoje preporuke dr\u017eavljanima Austrije za putovanja u Bosnu i Hercegovinu, zadr\u017eavaju\u0107i nivo bezbjednosti 2 (\u201epoja\u010dan oprez\u201c).<\/p>\n<p>Ipak, u novom a\u017euriranju se dodaju daleko konkretnija upozorenja na neeksplodirane mine kao i stro\u017ea pravila registracije za kratkoro\u010dne posjetioce.<\/p>\n<p>U ovom a\u017euriranom obavje\u0161tenju, putnici u BiH se pozivaju na dodatni oprez zbog neeksplodiranih mina, koje su i dalje prisutne \u010dak i du\u017e nekih glavnih tranzitnih koridora.<\/p>\n<h2>Neasfaltirani putevi<\/h2>\n<p>Ministarstvo poziva na \u201cstrogo izbjegavanje neasfaltiranih puteva\u201d, \u0161to podsje\u0107a na nedavne izvje\u0161taje Slu\u017ebe EU za razmjenu mina.<\/p>\n<p>Tako\u0111e se poja\u0161njava da turisti koji borave du\u017ee od tri dana moraju da se registruju kod lokalne policije u roku od 48 sati \u2013 formalnost koju obi\u010dno obavljaju hoteli, ali se \u010desto zanemaruje tokom privatnih boravaka u stilu Airbnb-a. Nepo\u0161tovanje mo\u017ee rezultirati kaznama na licu mjesta.<\/p>\n<p>Za austrijske korporacije koje \u0161alju osoblje u Sarajevo ili industrijske centre poput Banjaluke, a\u017euriranje ima prakti\u010dne implikacije. Menad\u017eeri, koji su prili\u010dno mobilni, trebalo bi da provjere da li pru\u017eaoci sme\u0161taja popunjavaju policijsku registraciju.<\/p>\n<h2>Vize<\/h2>\n<p>\u0160to se ti\u010de viza, nema promjena: austrijski i dr\u017eavljani drugih zemalja EU mogu u\u0107i bez vize do 90 dana u periodu od \u0161est mjeseci, pod uslovom da im paso\u0161 va\u017ei najmanje tri mjeseca nakon polaska. Putnici, me\u0111utim, moraju biti spremni da poka\u017eu dokaz o dovoljnim sredstvima \u2013 oko 75 evra dnevno \u2013 bilo u gotovini ili putem kreditne kartice, zahtev koji su grani\u010dari po\u010deli rigoroznije da sprovode od poja\u0161njenja pravila u aprilu.<\/p>\n","protected":false},"excerpt":{"rendered":"<p>Austrijsko ministarstvo spoljnih poslova (BMEIA) je a\u017euriralo svoje preporuke dr\u017eavljanima Austrije za putovanja u Bosnu&hellip;<\/p>\n","protected":false},"author":2,"featured_media":80948,"comment_status":"closed","ping_status":"closed","sticky":false,"template":"","format":"standard","meta":{"_acf_changed":false,"footnotes":""},"categories":[16],"tags":[959],"acf":[],"yoast_head":"<!-- This site is optimized with the Yoast SEO plugin v23.5 - https:\/\/yoast.com\/wordpress\/plugins\/seo\/ -->\n<title>Oprez: Austrija a\u017eurirala sigurnosne preporuke za Bosnu i Hercegovinu - TuzlaInfo.ba<\/title>\n<meta name=\"robots\" content=\"index, follow, max-snippet:-1, max-image-preview:large, max-video-preview:-1\" \/>\n<link rel=\"canonical\" href=\"https:\/\/tuzlainfo.ba\/index.php\/clanci\/sa-svih-strana\/item\/301274-oprez-austrija-azurirala-sigurnosne-preporuke-za-bosnu-i-hercegovinu\/\" \/>\n<meta property=\"og:locale\" content=\"bs_BA\" \/>\n<meta property=\"og:type\" content=\"article\" \/>\n<meta property=\"og:title\" content=\"Oprez: Austrija a\u017eurirala sigurnosne preporuke za Bosnu i Hercegovinu - TuzlaInfo.ba\" \/>\n<meta property=\"og:description\" content=\"Austrijsko ministarstvo spoljnih poslova (BMEIA) je a\u017euriralo svoje preporuke dr\u017eavljanima Austrije za putovanja u Bosnu&hellip;\" \/>\n<meta property=\"og:url\" content=\"https:\/\/tuzlainfo.ba\/index.php\/clanci\/sa-svih-strana\/item\/301274-oprez-austrija-azurirala-sigurnosne-preporuke-za-bosnu-i-hercegovinu\/\" \/>\n<meta property=\"og:site_name\" content=\"TuzlaInfo.ba\" \/>\n<meta property=\"article:publisher\" content=\"https:\/\/www.facebook.com\/tuzlainfo.ba\/\" \/>\n<meta property=\"article:published_time\" content=\"2026-04-26T07:41:27+00:00\" \/>\n<meta property=\"og:image\" content=\"https:\/\/tuzlainfo.ba\/wp-content\/uploads\/2020\/07\/sadrzaj_2020_20200701_1407_austrija.png\" \/>\n\t<meta property=\"og:image:width\" content=\"770\" \/>\n\t<meta property=\"og:image:height\" content=\"438\" \/>\n\t<meta property=\"og:image:type\" content=\"image\/png\" \/>\n<meta name=\"author\" content=\"nedim\" \/>\n<meta name=\"twitter:card\" content=\"summary_large_image\" \/>\n<meta name=\"twitter:label1\" content=\"Written by\" \/>\n\t<meta name=\"twitter:data1\" content=\"nedim\" \/>\n\t<meta name=\"twitter:label2\" content=\"Est. reading time\" \/>\n\t<meta name=\"twitter:data2\" content=\"2 minute\" \/>\n<script type=\"application\/ld+json\" class=\"yoast-schema-graph\">{\"@context\":\"https:\/\/schema.org\",\"@graph\":[{\"@type\":\"Article\",\"@id\":\"https:\/\/tuzlainfo.ba\/index.php\/clanci\/sa-svih-strana\/item\/301274-oprez-austrija-azurirala-sigurnosne-preporuke-za-bosnu-i-hercegovinu\/#article\",\"isPartOf\":{\"@id\":\"https:\/\/tuzlainfo.ba\/index.php\/clanci\/sa-svih-strana\/item\/301274-oprez-austrija-azurirala-sigurnosne-preporuke-za-bosnu-i-hercegovinu\/\"},\"author\":{\"name\":\"nedim\",\"@id\":\"https:\/\/tuzlainfo.ba\/#\/schema\/person\/f434e20dc27ea133923aab08451b7f7f\"},\"headline\":\"Oprez: Austrija a\u017eurirala sigurnosne preporuke za Bosnu i Hercegovinu\",\"datePublished\":\"2026-04-26T07:41:27+00:00\",\"dateModified\":\"2026-04-26T07:41:27+00:00\",\"mainEntityOfPage\":{\"@id\":\"https:\/\/tuzlainfo.ba\/index.php\/clanci\/sa-svih-strana\/item\/301274-oprez-austrija-azurirala-sigurnosne-preporuke-za-bosnu-i-hercegovinu\/\"},\"wordCount\":278,\"publisher\":{\"@id\":\"https:\/\/tuzlainfo.ba\/#organization\"},\"image\":{\"@id\":\"https:\/\/tuzlainfo.ba\/index.php\/clanci\/sa-svih-strana\/item\/301274-oprez-austrija-azurirala-sigurnosne-preporuke-za-bosnu-i-hercegovinu\/#primaryimage\"},\"thumbnailUrl\":\"https:\/\/tuzlainfo.ba\/wp-content\/uploads\/2020\/07\/sadrzaj_2020_20200701_1407_austrija.png\",\"keywords\":[\"austrija\"],\"articleSection\":[\"Sa svih strana\"],\"inLanguage\":\"bs-BA\"},{\"@type\":\"WebPage\",\"@id\":\"https:\/\/tuzlainfo.ba\/index.php\/clanci\/sa-svih-strana\/item\/301274-oprez-austrija-azurirala-sigurnosne-preporuke-za-bosnu-i-hercegovinu\/\",\"url\":\"https:\/\/tuzlainfo.ba\/index.php\/clanci\/sa-svih-strana\/item\/301274-oprez-austrija-azurirala-sigurnosne-preporuke-za-bosnu-i-hercegovinu\/\",\"name\":\"Oprez: Austrija a\u017eurirala sigurnosne preporuke za Bosnu i Hercegovinu - TuzlaInfo.ba\",\"isPartOf\":{\"@id\":\"https:\/\/tuzlainfo.ba\/#website\"},\"primaryImageOfPage\":{\"@id\":\"https:\/\/tuzlainfo.ba\/index.php\/clanci\/sa-svih-strana\/item\/301274-oprez-austrija-azurirala-sigurnosne-preporuke-za-bosnu-i-hercegovinu\/#primaryimage\"},\"image\":{\"@id\":\"https:\/\/tuzlainfo.ba\/index.php\/clanci\/sa-svih-strana\/item\/301274-oprez-austrija-azurirala-sigurnosne-preporuke-za-bosnu-i-hercegovinu\/#primaryimage\"},\"thumbnailUrl\":\"https:\/\/tuzlainfo.ba\/wp-content\/uploads\/2020\/07\/sadrzaj_2020_20200701_1407_austrija.png\",\"datePublished\":\"2026-04-26T07:41:27+00:00\",\"dateModified\":\"2026-04-26T07:41:27+00:00\",\"breadcrumb\":{\"@id\":\"https:\/\/tuzlainfo.ba\/index.php\/clanci\/sa-svih-strana\/item\/301274-oprez-austrija-azurirala-sigurnosne-preporuke-za-bosnu-i-hercegovinu\/#breadcrumb\"},\"inLanguage\":\"bs-BA\",\"potentialAction\":[{\"@type\":\"ReadAction\",\"target\":[\"https:\/\/tuzlainfo.ba\/index.php\/clanci\/sa-svih-strana\/item\/301274-oprez-austrija-azurirala-sigurnosne-preporuke-za-bosnu-i-hercegovinu\/\"]}]},{\"@type\":\"ImageObject\",\"inLanguage\":\"bs-BA\",\"@id\":\"https:\/\/tuzlainfo.ba\/index.php\/clanci\/sa-svih-strana\/item\/301274-oprez-austrija-azurirala-sigurnosne-preporuke-za-bosnu-i-hercegovinu\/#primaryimage\",\"url\":\"https:\/\/tuzlainfo.ba\/wp-content\/uploads\/2020\/07\/sadrzaj_2020_20200701_1407_austrija.png\",\"contentUrl\":\"https:\/\/tuzlainfo.ba\/wp-content\/uploads\/2020\/07\/sadrzaj_2020_20200701_1407_austrija.png\",\"width\":770,\"height\":438,\"caption\":\"1407 austrija\"},{\"@type\":\"BreadcrumbList\",\"@id\":\"https:\/\/tuzlainfo.ba\/index.php\/clanci\/sa-svih-strana\/item\/301274-oprez-austrija-azurirala-sigurnosne-preporuke-za-bosnu-i-hercegovinu\/#breadcrumb\",\"itemListElement\":[{\"@type\":\"ListItem\",\"position\":1,\"name\":\"Home\",\"item\":\"https:\/\/tuzlainfo.ba\/\"},{\"@type\":\"ListItem\",\"position\":2,\"name\":\"Oprez: Austrija a\u017eurirala sigurnosne preporuke za Bosnu i Hercegovinu\"}]},{\"@type\":\"WebSite\",\"@id\":\"https:\/\/tuzlainfo.ba\/#website\",\"url\":\"https:\/\/tuzlainfo.ba\/\",\"name\":\"TuzlaInfo.ba\",\"description\":\"Tuzla info, gradski informator - Tuzla na dlanu\",\"publisher\":{\"@id\":\"https:\/\/tuzlainfo.ba\/#organization\"},\"potentialAction\":[{\"@type\":\"SearchAction\",\"target\":{\"@type\":\"EntryPoint\",\"urlTemplate\":\"https:\/\/tuzlainfo.ba\/?s={search_term_string}\"},\"query-input\":{\"@type\":\"PropertyValueSpecification\",\"valueRequired\":true,\"valueName\":\"search_term_string\"}}],\"inLanguage\":\"bs-BA\"},{\"@type\":\"Organization\",\"@id\":\"https:\/\/tuzlainfo.ba\/#organization\",\"name\":\"TuzlaInfo.ba\",\"url\":\"https:\/\/tuzlainfo.ba\/\",\"logo\":{\"@type\":\"ImageObject\",\"inLanguage\":\"bs-BA\",\"@id\":\"https:\/\/tuzlainfo.ba\/#\/schema\/logo\/image\/\",\"url\":\"https:\/\/tuzlainfo.ba\/wp-content\/uploads\/2021\/03\/logo-ver-3-1.png\",\"contentUrl\":\"https:\/\/tuzlainfo.ba\/wp-content\/uploads\/2021\/03\/logo-ver-3-1.png\",\"width\":350,\"height\":95,\"caption\":\"TuzlaInfo.ba\"},\"image\":{\"@id\":\"https:\/\/tuzlainfo.ba\/#\/schema\/logo\/image\/\"},\"sameAs\":[\"https:\/\/www.facebook.com\/tuzlainfo.ba\/\"]},{\"@type\":\"Person\",\"@id\":\"https:\/\/tuzlainfo.ba\/#\/schema\/person\/f434e20dc27ea133923aab08451b7f7f\",\"name\":\"nedim\",\"image\":{\"@type\":\"ImageObject\",\"inLanguage\":\"bs-BA\",\"@id\":\"https:\/\/tuzlainfo.ba\/#\/schema\/person\/image\/\",\"url\":\"https:\/\/tuzlainfo.ba\/wp-content\/litespeed\/avatar\/aabad687af24844af817603ac1cbdc4f.jpg?ver=1776702173\",\"contentUrl\":\"https:\/\/tuzlainfo.ba\/wp-content\/litespeed\/avatar\/aabad687af24844af817603ac1cbdc4f.jpg?ver=1776702173\",\"caption\":\"nedim\"},\"description\":\"Tuzlainfo.ba pratite na dru\u0161tvenim mre\u017eama: Facebook, Instagram i Youtube. Svoje pri\u010de, upite i fotografije \u0161aljite na na\u0161u e-mail adresu.\"}]}<\/script>\n<!-- \/ Yoast SEO plugin. -->","yoast_head_json":{"title":"Oprez: Austrija a\u017eurirala sigurnosne preporuke za Bosnu i Hercegovinu - TuzlaInfo.ba","robots":{"index":"index","follow":"follow","max-snippet":"max-snippet:-1","max-image-preview":"max-image-preview:large","max-video-preview":"max-video-preview:-1"},"canonical":"https:\/\/tuzlainfo.ba\/index.php\/clanci\/sa-svih-strana\/item\/301274-oprez-austrija-azurirala-sigurnosne-preporuke-za-bosnu-i-hercegovinu\/","og_locale":"bs_BA","og_type":"article","og_title":"Oprez: Austrija a\u017eurirala sigurnosne preporuke za Bosnu i Hercegovinu - TuzlaInfo.ba","og_description":"Austrijsko ministarstvo spoljnih poslova (BMEIA) je a\u017euriralo svoje preporuke dr\u017eavljanima Austrije za putovanja u Bosnu&hellip;","og_url":"https:\/\/tuzlainfo.ba\/index.php\/clanci\/sa-svih-strana\/item\/301274-oprez-austrija-azurirala-sigurnosne-preporuke-za-bosnu-i-hercegovinu\/","og_site_name":"TuzlaInfo.ba","article_publisher":"https:\/\/www.facebook.com\/tuzlainfo.ba\/","article_published_time":"2026-04-26T07:41:27+00:00","og_image":[{"width":770,"height":438,"url":"https:\/\/tuzlainfo.ba\/wp-content\/uploads\/2020\/07\/sadrzaj_2020_20200701_1407_austrija.png","type":"image\/png"}],"author":"nedim","twitter_card":"summary_large_image","twitter_misc":{"Written by":"nedim","Est. reading time":"2 minute"},"schema":{"@context":"https:\/\/schema.org","@graph":[{"@type":"Article","@id":"https:\/\/tuzlainfo.ba\/index.php\/clanci\/sa-svih-strana\/item\/301274-oprez-austrija-azurirala-sigurnosne-preporuke-za-bosnu-i-hercegovinu\/#article","isPartOf":{"@id":"https:\/\/tuzlainfo.ba\/index.php\/clanci\/sa-svih-strana\/item\/301274-oprez-austrija-azurirala-sigurnosne-preporuke-za-bosnu-i-hercegovinu\/"},"author":{"name":"nedim","@id":"https:\/\/tuzlainfo.ba\/#\/schema\/person\/f434e20dc27ea133923aab08451b7f7f"},"headline":"Oprez: Austrija a\u017eurirala sigurnosne preporuke za Bosnu i Hercegovinu","datePublished":"2026-04-26T07:41:27+00:00","dateModified":"2026-04-26T07:41:27+00:00","mainEntityOfPage":{"@id":"https:\/\/tuzlainfo.ba\/index.php\/clanci\/sa-svih-strana\/item\/301274-oprez-austrija-azurirala-sigurnosne-preporuke-za-bosnu-i-hercegovinu\/"},"wordCount":278,"publisher":{"@id":"https:\/\/tuzlainfo.ba\/#organization"},"image":{"@id":"https:\/\/tuzlainfo.ba\/index.php\/clanci\/sa-svih-strana\/item\/301274-oprez-austrija-azurirala-sigurnosne-preporuke-za-bosnu-i-hercegovinu\/#primaryimage"},"thumbnailUrl":"https:\/\/tuzlainfo.ba\/wp-content\/uploads\/2020\/07\/sadrzaj_2020_20200701_1407_austrija.png","keywords":["austrija"],"articleSection":["Sa svih strana"],"inLanguage":"bs-BA"},{"@type":"WebPage","@id":"https:\/\/tuzlainfo.ba\/index.php\/clanci\/sa-svih-strana\/item\/301274-oprez-austrija-azurirala-sigurnosne-preporuke-za-bosnu-i-hercegovinu\/","url":"https:\/\/tuzlainfo.ba\/index.php\/clanci\/sa-svih-strana\/item\/301274-oprez-austrija-azurirala-sigurnosne-preporuke-za-bosnu-i-hercegovinu\/","name":"Oprez: Austrija a\u017eurirala sigurnosne preporuke za Bosnu i Hercegovinu - TuzlaInfo.ba","isPartOf":{"@id":"https:\/\/tuzlainfo.ba\/#website"},"primaryImageOfPage":{"@id":"https:\/\/tuzlainfo.ba\/index.php\/clanci\/sa-svih-strana\/item\/301274-oprez-austrija-azurirala-sigurnosne-preporuke-za-bosnu-i-hercegovinu\/#primaryimage"},"image":{"@id":"https:\/\/tuzlainfo.ba\/index.php\/clanci\/sa-svih-strana\/item\/301274-oprez-austrija-azurirala-sigurnosne-preporuke-za-bosnu-i-hercegovinu\/#primaryimage"},"thumbnailUrl":"https:\/\/tuzlainfo.ba\/wp-content\/uploads\/2020\/07\/sadrzaj_2020_20200701_1407_austrija.png","datePublished":"2026-04-26T07:41:27+00:00","dateModified":"2026-04-26T07:41:27+00:00","breadcrumb":{"@id":"https:\/\/tuzlainfo.ba\/index.php\/clanci\/sa-svih-strana\/item\/301274-oprez-austrija-azurirala-sigurnosne-preporuke-za-bosnu-i-hercegovinu\/#breadcrumb"},"inLanguage":"bs-BA","potentialAction":[{"@type":"ReadAction","target":["https:\/\/tuzlainfo.ba\/index.php\/clanci\/sa-svih-strana\/item\/301274-oprez-austrija-azurirala-sigurnosne-preporuke-za-bosnu-i-hercegovinu\/"]}]},{"@type":"ImageObject","inLanguage":"bs-BA","@id":"https:\/\/tuzlainfo.ba\/index.php\/clanci\/sa-svih-strana\/item\/301274-oprez-austrija-azurirala-sigurnosne-preporuke-za-bosnu-i-hercegovinu\/#primaryimage","url":"https:\/\/tuzlainfo.ba\/wp-content\/uploads\/2020\/07\/sadrzaj_2020_20200701_1407_austrija.png","contentUrl":"https:\/\/tuzlainfo.ba\/wp-content\/uploads\/2020\/07\/sadrzaj_2020_20200701_1407_austrija.png","width":770,"height":438,"caption":"1407 austrija"},{"@type":"BreadcrumbList","@id":"https:\/\/tuzlainfo.ba\/index.php\/clanci\/sa-svih-strana\/item\/301274-oprez-austrija-azurirala-sigurnosne-preporuke-za-bosnu-i-hercegovinu\/#breadcrumb","itemListElement":[{"@type":"ListItem","position":1,"name":"Home","item":"https:\/\/tuzlainfo.ba\/"},{"@type":"ListItem","position":2,"name":"Oprez: Austrija a\u017eurirala sigurnosne preporuke za Bosnu i Hercegovinu"}]},{"@type":"WebSite","@id":"https:\/\/tuzlainfo.ba\/#website","url":"https:\/\/tuzlainfo.ba\/","name":"TuzlaInfo.ba","description":"Tuzla info, gradski informator - Tuzla na dlanu","publisher":{"@id":"https:\/\/tuzlainfo.ba\/#organization"},"potentialAction":[{"@type":"SearchAction","target":{"@type":"EntryPoint","urlTemplate":"https:\/\/tuzlainfo.ba\/?s={search_term_string}"},"query-input":{"@type":"PropertyValueSpecification","valueRequired":true,"valueName":"search_term_string"}}],"inLanguage":"bs-BA"},{"@type":"Organization","@id":"https:\/\/tuzlainfo.ba\/#organization","name":"TuzlaInfo.ba","url":"https:\/\/tuzlainfo.ba\/","logo":{"@type":"ImageObject","inLanguage":"bs-BA","@id":"https:\/\/tuzlainfo.ba\/#\/schema\/logo\/image\/","url":"https:\/\/tuzlainfo.ba\/wp-content\/uploads\/2021\/03\/logo-ver-3-1.png","contentUrl":"https:\/\/tuzlainfo.ba\/wp-content\/uploads\/2021\/03\/logo-ver-3-1.png","width":350,"height":95,"caption":"TuzlaInfo.ba"},"image":{"@id":"https:\/\/tuzlainfo.ba\/#\/schema\/logo\/image\/"},"sameAs":["https:\/\/www.facebook.com\/tuzlainfo.ba\/"]},{"@type":"Person","@id":"https:\/\/tuzlainfo.ba\/#\/schema\/person\/f434e20dc27ea133923aab08451b7f7f","name":"nedim","image":{"@type":"ImageObject","inLanguage":"bs-BA","@id":"https:\/\/tuzlainfo.ba\/#\/schema\/person\/image\/","url":"https:\/\/tuzlainfo.ba\/wp-content\/litespeed\/avatar\/aabad687af24844af817603ac1cbdc4f.jpg?ver=1776702173","contentUrl":"https:\/\/tuzlainfo.ba\/wp-content\/litespeed\/avatar\/aabad687af24844af817603ac1cbdc4f.jpg?ver=1776702173","caption":"nedim"},"description":"Tuzlainfo.ba pratite na dru\u0161tvenim mre\u017eama: Facebook, Instagram i Youtube. Svoje pri\u010de, upite i fotografije \u0161aljite na na\u0161u e-mail adresu."}]}},"_links":{"self":[{"href":"https:\/\/tuzlainfo.ba\/index.php\/wp-json\/wp\/v2\/posts\/301274"}],"collection":[{"href":"https:\/\/tuzlainfo.ba\/index.php\/wp-json\/wp\/v2\/posts"}],"about":[{"href":"https:\/\/tuzlainfo.ba\/index.php\/wp-json\/wp\/v2\/types\/post"}],"author":[{"embeddable":true,"href":"https:\/\/tuzlainfo.ba\/index.php\/wp-json\/wp\/v2\/users\/2"}],"replies":[{"embeddable":true,"href":"https:\/\/tuzlainfo.ba\/index.php\/wp-json\/wp\/v2\/comments?post=301274"}],"version-history":[{"count":1,"href":"https:\/\/tuzlainfo.ba\/index.php\/wp-json\/wp\/v2\/posts\/301274\/revisions"}],"predecessor-version":[{"id":301275,"href":"https:\/\/tuzlainfo.ba\/index.php\/wp-json\/wp\/v2\/posts\/301274\/revisions\/301275"}],"wp:featuredmedia":[{"embeddable":true,"href":"https:\/\/tuzlainfo.ba\/index.php\/wp-json\/wp\/v2\/media\/80948"}],"wp:attachment":[{"href":"https:\/\/tuzlainfo.ba\/index.php\/wp-json\/wp\/v2\/media?parent=301274"}],"wp:term":[{"taxonomy":"category","embeddable":true,"href":"https:\/\/tuzlainfo.ba\/index.php\/wp-json\/wp\/v2\/categories?post=301274"},{"taxonomy":"post_tag","embeddable":true,"href":"https:\/\/tuzlainfo.ba\/index.php\/wp-json\/wp\/v2\/tags?post=301274"}],"curies":[{"name":"wp","href":"https:\/\/api.w.org\/{rel}","templated":true}]}}