{"id":301271,"date":"2026-04-26T09:23:06","date_gmt":"2026-04-26T07:23:06","guid":{"rendered":"https:\/\/tuzlainfo.ba\/?p=301271"},"modified":"2026-04-26T09:23:06","modified_gmt":"2026-04-26T07:23:06","slug":"pucnjava-na-veceri-u-washingtonu-trump-hitno-evakuisan","status":"publish","type":"post","link":"https:\/\/tuzlainfo.ba\/index.php\/clanci\/sa-svih-strana\/item\/301271-pucnjava-na-veceri-u-washingtonu-trump-hitno-evakuisan\/","title":{"rendered":"Pucnjava na ve\u010deri u Washingtonu: Trump hitno evakuisan"},"content":{"rendered":"<p data-start=\"0\" data-end=\"213\">Tokom tradicionalne ve\u010dere Udru\u017eenja dopisnika Bijele ku\u0107e u hotelu Washington Hilton u Washingtonu do\u0161lo je do ozbiljnog sigurnosnog incidenta, nakon \u0161to je naoru\u017eani mu\u0161karac otvorio vatru na sigurnosnom punktu.<\/p>\n<p data-start=\"215\" data-end=\"449\">Ameri\u010dki predsjednik <span class=\"hover:entity-accent entity-underline inline cursor-pointer align-baseline\"><span class=\"whitespace-normal\">Donald Trump<\/span><\/span> i prva dama <span class=\"hover:entity-accent entity-underline inline cursor-pointer align-baseline\"><span class=\"whitespace-normal\">Melania Trump<\/span><\/span> hitno su evakuisani iz sale zajedno s ostalim visokim zvani\u010dnicima, dok je me\u0111u oko 2.600 prisutnih gostiju zavladala panika.<\/p>\n<p data-start=\"451\" data-end=\"667\">Prema dostupnim informacijama, napada\u010d je pucao iz sa\u010dmarice na agenta Tajne slu\u017ebe, koji je zahvaljuju\u0107i pancirnom prsluku pro\u0161ao bez te\u017eih povreda. Predsjednik Trump kasnije je potvrdio da je agent u dobrom stanju.<\/p>\n<p data-start=\"669\" data-end=\"869\">Sigurnosne snage brzo su reagovale, savladale i uhapsile osumnji\u010denog, za kojeg se vjeruje da je djelovao samostalno. Kod njega je prona\u0111eno vi\u0161e vrsta oru\u017eja, uklju\u010duju\u0107i sa\u010dmaricu, pi\u0161tolj i no\u017eeve.<\/p>\n<p data-start=\"871\" data-end=\"1277\">Snimci nadzornih kamera prikazuju kako osumnji\u010deni velikom brzinom prilazi sigurnosnoj kontroli, nakon \u010dega su agenti reagovali i neutralizirali prijetnju. U trenutku pucnjave gosti su tra\u017eili zaklon ispod stolova, dok su pripadnici osiguranja evakuisali zvani\u010dnike, me\u0111u kojima su bili i <span class=\"hover:entity-accent entity-underline inline cursor-pointer align-baseline\"><span class=\"whitespace-normal\">Marco Rubio<\/span><\/span>, <span class=\"hover:entity-accent entity-underline inline cursor-pointer align-baseline\"><span class=\"whitespace-normal\">Robert F. Kennedy Jr.<\/span><\/span> i <span class=\"hover:entity-accent entity-underline inline cursor-pointer align-baseline\"><span class=\"whitespace-normal\">Doug Burgum<\/span><\/span>.<\/p>\n<p data-start=\"1279\" data-end=\"1445\">Zbog incidenta ve\u010dera je prekinuta i otkazana, a nadle\u017eni organi pokrenuli su opse\u017enu istragu. Federalni agenti izvr\u0161ili su i pretres ku\u0107e osumnji\u010denog u Kaliforniji.<\/p>\n<p data-start=\"1447\" data-end=\"1759\">Prema pisanju ameri\u010dkih medija, osumnji\u010deni je identificiran kao Cole Tomas Allen (31), nastavnik i programer videoigara iz ju\u017ene Kalifornije. Prema dostupnim podacima, diplomirao je na <span class=\"hover:entity-accent entity-underline inline cursor-pointer align-baseline\"><span class=\"whitespace-normal\">California Institute of Technology<\/span><\/span>, a kasnije zavr\u0161io i master studij informatike na <span class=\"hover:entity-accent entity-underline inline cursor-pointer align-baseline\"><span class=\"whitespace-normal\">California State University, Dominguez Hills<\/span><\/span>.<\/p>\n<p data-start=\"1761\" data-end=\"1968\">Ovaj incident dodatno je uznemirio javnost, posebno imaju\u0107i u vidu ranije sigurnosne prijetnje tokom predsjedni\u010dke kampanje, ali i \u010dinjenicu da je isti hotel bio mjesto poku\u0161aja atentata na <span class=\"hover:entity-accent entity-underline inline cursor-pointer align-baseline\"><span class=\"whitespace-normal\">Ronalda Reagana 1981<\/span><\/span>. godine.<\/p>\n<p data-start=\"1970\" data-end=\"2006\">Istraga o motivima napada je u toku.<\/p>\n","protected":false},"excerpt":{"rendered":"<p>Tokom tradicionalne ve\u010dere Udru\u017eenja dopisnika Bijele ku\u0107e u hotelu Washington Hilton u Washingtonu do\u0161lo je&hellip;<\/p>\n","protected":false},"author":2,"featured_media":301272,"comment_status":"closed","ping_status":"closed","sticky":false,"template":"","format":"standard","meta":{"_acf_changed":false,"footnotes":""},"categories":[16],"tags":[6892],"acf":[],"yoast_head":"<!-- This site is optimized with the Yoast SEO plugin v23.5 - https:\/\/yoast.com\/wordpress\/plugins\/seo\/ -->\n<title>Pucnjava na ve\u010deri u Washingtonu: Trump hitno evakuisan - TuzlaInfo.ba<\/title>\n<meta name=\"robots\" content=\"index, follow, max-snippet:-1, max-image-preview:large, max-video-preview:-1\" \/>\n<link rel=\"canonical\" href=\"https:\/\/tuzlainfo.ba\/index.php\/clanci\/sa-svih-strana\/item\/301271-pucnjava-na-veceri-u-washingtonu-trump-hitno-evakuisan\/\" \/>\n<meta property=\"og:locale\" content=\"bs_BA\" \/>\n<meta property=\"og:type\" content=\"article\" \/>\n<meta property=\"og:title\" content=\"Pucnjava na ve\u010deri u Washingtonu: Trump hitno evakuisan - TuzlaInfo.ba\" \/>\n<meta property=\"og:description\" content=\"Tokom tradicionalne ve\u010dere Udru\u017eenja dopisnika Bijele ku\u0107e u hotelu Washington Hilton u Washingtonu do\u0161lo je&hellip;\" \/>\n<meta property=\"og:url\" content=\"https:\/\/tuzlainfo.ba\/index.php\/clanci\/sa-svih-strana\/item\/301271-pucnjava-na-veceri-u-washingtonu-trump-hitno-evakuisan\/\" \/>\n<meta property=\"og:site_name\" content=\"TuzlaInfo.ba\" \/>\n<meta property=\"article:publisher\" content=\"https:\/\/www.facebook.com\/tuzlainfo.ba\/\" \/>\n<meta property=\"article:published_time\" content=\"2026-04-26T07:23:06+00:00\" \/>\n<meta property=\"og:image\" content=\"https:\/\/tuzlainfo.ba\/wp-content\/uploads\/2026\/04\/2604_bijela.jpg\" \/>\n\t<meta property=\"og:image:width\" content=\"800\" \/>\n\t<meta property=\"og:image:height\" content=\"476\" \/>\n\t<meta property=\"og:image:type\" content=\"image\/jpeg\" \/>\n<meta name=\"author\" content=\"nedim\" \/>\n<meta name=\"twitter:card\" content=\"summary_large_image\" \/>\n<meta name=\"twitter:label1\" content=\"Written by\" \/>\n\t<meta name=\"twitter:data1\" content=\"nedim\" \/>\n\t<meta name=\"twitter:label2\" content=\"Est. reading time\" \/>\n\t<meta name=\"twitter:data2\" content=\"2 minute\" \/>\n<script type=\"application\/ld+json\" class=\"yoast-schema-graph\">{\"@context\":\"https:\/\/schema.org\",\"@graph\":[{\"@type\":\"Article\",\"@id\":\"https:\/\/tuzlainfo.ba\/index.php\/clanci\/sa-svih-strana\/item\/301271-pucnjava-na-veceri-u-washingtonu-trump-hitno-evakuisan\/#article\",\"isPartOf\":{\"@id\":\"https:\/\/tuzlainfo.ba\/index.php\/clanci\/sa-svih-strana\/item\/301271-pucnjava-na-veceri-u-washingtonu-trump-hitno-evakuisan\/\"},\"author\":{\"name\":\"nedim\",\"@id\":\"https:\/\/tuzlainfo.ba\/#\/schema\/person\/f434e20dc27ea133923aab08451b7f7f\"},\"headline\":\"Pucnjava na ve\u010deri u Washingtonu: Trump hitno evakuisan\",\"datePublished\":\"2026-04-26T07:23:06+00:00\",\"dateModified\":\"2026-04-26T07:23:06+00:00\",\"mainEntityOfPage\":{\"@id\":\"https:\/\/tuzlainfo.ba\/index.php\/clanci\/sa-svih-strana\/item\/301271-pucnjava-na-veceri-u-washingtonu-trump-hitno-evakuisan\/\"},\"wordCount\":317,\"publisher\":{\"@id\":\"https:\/\/tuzlainfo.ba\/#organization\"},\"image\":{\"@id\":\"https:\/\/tuzlainfo.ba\/index.php\/clanci\/sa-svih-strana\/item\/301271-pucnjava-na-veceri-u-washingtonu-trump-hitno-evakuisan\/#primaryimage\"},\"thumbnailUrl\":\"https:\/\/tuzlainfo.ba\/wp-content\/uploads\/2026\/04\/2604_bijela.jpg\",\"keywords\":[\"Donald Trump\"],\"articleSection\":[\"Sa svih strana\"],\"inLanguage\":\"bs-BA\"},{\"@type\":\"WebPage\",\"@id\":\"https:\/\/tuzlainfo.ba\/index.php\/clanci\/sa-svih-strana\/item\/301271-pucnjava-na-veceri-u-washingtonu-trump-hitno-evakuisan\/\",\"url\":\"https:\/\/tuzlainfo.ba\/index.php\/clanci\/sa-svih-strana\/item\/301271-pucnjava-na-veceri-u-washingtonu-trump-hitno-evakuisan\/\",\"name\":\"Pucnjava na ve\u010deri u Washingtonu: Trump hitno evakuisan - TuzlaInfo.ba\",\"isPartOf\":{\"@id\":\"https:\/\/tuzlainfo.ba\/#website\"},\"primaryImageOfPage\":{\"@id\":\"https:\/\/tuzlainfo.ba\/index.php\/clanci\/sa-svih-strana\/item\/301271-pucnjava-na-veceri-u-washingtonu-trump-hitno-evakuisan\/#primaryimage\"},\"image\":{\"@id\":\"https:\/\/tuzlainfo.ba\/index.php\/clanci\/sa-svih-strana\/item\/301271-pucnjava-na-veceri-u-washingtonu-trump-hitno-evakuisan\/#primaryimage\"},\"thumbnailUrl\":\"https:\/\/tuzlainfo.ba\/wp-content\/uploads\/2026\/04\/2604_bijela.jpg\",\"datePublished\":\"2026-04-26T07:23:06+00:00\",\"dateModified\":\"2026-04-26T07:23:06+00:00\",\"breadcrumb\":{\"@id\":\"https:\/\/tuzlainfo.ba\/index.php\/clanci\/sa-svih-strana\/item\/301271-pucnjava-na-veceri-u-washingtonu-trump-hitno-evakuisan\/#breadcrumb\"},\"inLanguage\":\"bs-BA\",\"potentialAction\":[{\"@type\":\"ReadAction\",\"target\":[\"https:\/\/tuzlainfo.ba\/index.php\/clanci\/sa-svih-strana\/item\/301271-pucnjava-na-veceri-u-washingtonu-trump-hitno-evakuisan\/\"]}]},{\"@type\":\"ImageObject\",\"inLanguage\":\"bs-BA\",\"@id\":\"https:\/\/tuzlainfo.ba\/index.php\/clanci\/sa-svih-strana\/item\/301271-pucnjava-na-veceri-u-washingtonu-trump-hitno-evakuisan\/#primaryimage\",\"url\":\"https:\/\/tuzlainfo.ba\/wp-content\/uploads\/2026\/04\/2604_bijela.jpg\",\"contentUrl\":\"https:\/\/tuzlainfo.ba\/wp-content\/uploads\/2026\/04\/2604_bijela.jpg\",\"width\":800,\"height\":476},{\"@type\":\"BreadcrumbList\",\"@id\":\"https:\/\/tuzlainfo.ba\/index.php\/clanci\/sa-svih-strana\/item\/301271-pucnjava-na-veceri-u-washingtonu-trump-hitno-evakuisan\/#breadcrumb\",\"itemListElement\":[{\"@type\":\"ListItem\",\"position\":1,\"name\":\"Home\",\"item\":\"https:\/\/tuzlainfo.ba\/\"},{\"@type\":\"ListItem\",\"position\":2,\"name\":\"Pucnjava na ve\u010deri u Washingtonu: Trump hitno evakuisan\"}]},{\"@type\":\"WebSite\",\"@id\":\"https:\/\/tuzlainfo.ba\/#website\",\"url\":\"https:\/\/tuzlainfo.ba\/\",\"name\":\"TuzlaInfo.ba\",\"description\":\"Tuzla info, gradski informator - Tuzla na dlanu\",\"publisher\":{\"@id\":\"https:\/\/tuzlainfo.ba\/#organization\"},\"potentialAction\":[{\"@type\":\"SearchAction\",\"target\":{\"@type\":\"EntryPoint\",\"urlTemplate\":\"https:\/\/tuzlainfo.ba\/?s={search_term_string}\"},\"query-input\":{\"@type\":\"PropertyValueSpecification\",\"valueRequired\":true,\"valueName\":\"search_term_string\"}}],\"inLanguage\":\"bs-BA\"},{\"@type\":\"Organization\",\"@id\":\"https:\/\/tuzlainfo.ba\/#organization\",\"name\":\"TuzlaInfo.ba\",\"url\":\"https:\/\/tuzlainfo.ba\/\",\"logo\":{\"@type\":\"ImageObject\",\"inLanguage\":\"bs-BA\",\"@id\":\"https:\/\/tuzlainfo.ba\/#\/schema\/logo\/image\/\",\"url\":\"https:\/\/tuzlainfo.ba\/wp-content\/uploads\/2021\/03\/logo-ver-3-1.png\",\"contentUrl\":\"https:\/\/tuzlainfo.ba\/wp-content\/uploads\/2021\/03\/logo-ver-3-1.png\",\"width\":350,\"height\":95,\"caption\":\"TuzlaInfo.ba\"},\"image\":{\"@id\":\"https:\/\/tuzlainfo.ba\/#\/schema\/logo\/image\/\"},\"sameAs\":[\"https:\/\/www.facebook.com\/tuzlainfo.ba\/\"]},{\"@type\":\"Person\",\"@id\":\"https:\/\/tuzlainfo.ba\/#\/schema\/person\/f434e20dc27ea133923aab08451b7f7f\",\"name\":\"nedim\",\"image\":{\"@type\":\"ImageObject\",\"inLanguage\":\"bs-BA\",\"@id\":\"https:\/\/tuzlainfo.ba\/#\/schema\/person\/image\/\",\"url\":\"https:\/\/tuzlainfo.ba\/wp-content\/litespeed\/avatar\/aabad687af24844af817603ac1cbdc4f.jpg?ver=1776702173\",\"contentUrl\":\"https:\/\/tuzlainfo.ba\/wp-content\/litespeed\/avatar\/aabad687af24844af817603ac1cbdc4f.jpg?ver=1776702173\",\"caption\":\"nedim\"},\"description\":\"Tuzlainfo.ba pratite na dru\u0161tvenim mre\u017eama: Facebook, Instagram i Youtube. Svoje pri\u010de, upite i fotografije \u0161aljite na na\u0161u e-mail adresu.\"}]}<\/script>\n<!-- \/ Yoast SEO plugin. -->","yoast_head_json":{"title":"Pucnjava na ve\u010deri u Washingtonu: Trump hitno evakuisan - TuzlaInfo.ba","robots":{"index":"index","follow":"follow","max-snippet":"max-snippet:-1","max-image-preview":"max-image-preview:large","max-video-preview":"max-video-preview:-1"},"canonical":"https:\/\/tuzlainfo.ba\/index.php\/clanci\/sa-svih-strana\/item\/301271-pucnjava-na-veceri-u-washingtonu-trump-hitno-evakuisan\/","og_locale":"bs_BA","og_type":"article","og_title":"Pucnjava na ve\u010deri u Washingtonu: Trump hitno evakuisan - TuzlaInfo.ba","og_description":"Tokom tradicionalne ve\u010dere Udru\u017eenja dopisnika Bijele ku\u0107e u hotelu Washington Hilton u Washingtonu do\u0161lo je&hellip;","og_url":"https:\/\/tuzlainfo.ba\/index.php\/clanci\/sa-svih-strana\/item\/301271-pucnjava-na-veceri-u-washingtonu-trump-hitno-evakuisan\/","og_site_name":"TuzlaInfo.ba","article_publisher":"https:\/\/www.facebook.com\/tuzlainfo.ba\/","article_published_time":"2026-04-26T07:23:06+00:00","og_image":[{"width":800,"height":476,"url":"https:\/\/tuzlainfo.ba\/wp-content\/uploads\/2026\/04\/2604_bijela.jpg","type":"image\/jpeg"}],"author":"nedim","twitter_card":"summary_large_image","twitter_misc":{"Written by":"nedim","Est. reading time":"2 minute"},"schema":{"@context":"https:\/\/schema.org","@graph":[{"@type":"Article","@id":"https:\/\/tuzlainfo.ba\/index.php\/clanci\/sa-svih-strana\/item\/301271-pucnjava-na-veceri-u-washingtonu-trump-hitno-evakuisan\/#article","isPartOf":{"@id":"https:\/\/tuzlainfo.ba\/index.php\/clanci\/sa-svih-strana\/item\/301271-pucnjava-na-veceri-u-washingtonu-trump-hitno-evakuisan\/"},"author":{"name":"nedim","@id":"https:\/\/tuzlainfo.ba\/#\/schema\/person\/f434e20dc27ea133923aab08451b7f7f"},"headline":"Pucnjava na ve\u010deri u Washingtonu: Trump hitno evakuisan","datePublished":"2026-04-26T07:23:06+00:00","dateModified":"2026-04-26T07:23:06+00:00","mainEntityOfPage":{"@id":"https:\/\/tuzlainfo.ba\/index.php\/clanci\/sa-svih-strana\/item\/301271-pucnjava-na-veceri-u-washingtonu-trump-hitno-evakuisan\/"},"wordCount":317,"publisher":{"@id":"https:\/\/tuzlainfo.ba\/#organization"},"image":{"@id":"https:\/\/tuzlainfo.ba\/index.php\/clanci\/sa-svih-strana\/item\/301271-pucnjava-na-veceri-u-washingtonu-trump-hitno-evakuisan\/#primaryimage"},"thumbnailUrl":"https:\/\/tuzlainfo.ba\/wp-content\/uploads\/2026\/04\/2604_bijela.jpg","keywords":["Donald Trump"],"articleSection":["Sa svih strana"],"inLanguage":"bs-BA"},{"@type":"WebPage","@id":"https:\/\/tuzlainfo.ba\/index.php\/clanci\/sa-svih-strana\/item\/301271-pucnjava-na-veceri-u-washingtonu-trump-hitno-evakuisan\/","url":"https:\/\/tuzlainfo.ba\/index.php\/clanci\/sa-svih-strana\/item\/301271-pucnjava-na-veceri-u-washingtonu-trump-hitno-evakuisan\/","name":"Pucnjava na ve\u010deri u Washingtonu: Trump hitno evakuisan - TuzlaInfo.ba","isPartOf":{"@id":"https:\/\/tuzlainfo.ba\/#website"},"primaryImageOfPage":{"@id":"https:\/\/tuzlainfo.ba\/index.php\/clanci\/sa-svih-strana\/item\/301271-pucnjava-na-veceri-u-washingtonu-trump-hitno-evakuisan\/#primaryimage"},"image":{"@id":"https:\/\/tuzlainfo.ba\/index.php\/clanci\/sa-svih-strana\/item\/301271-pucnjava-na-veceri-u-washingtonu-trump-hitno-evakuisan\/#primaryimage"},"thumbnailUrl":"https:\/\/tuzlainfo.ba\/wp-content\/uploads\/2026\/04\/2604_bijela.jpg","datePublished":"2026-04-26T07:23:06+00:00","dateModified":"2026-04-26T07:23:06+00:00","breadcrumb":{"@id":"https:\/\/tuzlainfo.ba\/index.php\/clanci\/sa-svih-strana\/item\/301271-pucnjava-na-veceri-u-washingtonu-trump-hitno-evakuisan\/#breadcrumb"},"inLanguage":"bs-BA","potentialAction":[{"@type":"ReadAction","target":["https:\/\/tuzlainfo.ba\/index.php\/clanci\/sa-svih-strana\/item\/301271-pucnjava-na-veceri-u-washingtonu-trump-hitno-evakuisan\/"]}]},{"@type":"ImageObject","inLanguage":"bs-BA","@id":"https:\/\/tuzlainfo.ba\/index.php\/clanci\/sa-svih-strana\/item\/301271-pucnjava-na-veceri-u-washingtonu-trump-hitno-evakuisan\/#primaryimage","url":"https:\/\/tuzlainfo.ba\/wp-content\/uploads\/2026\/04\/2604_bijela.jpg","contentUrl":"https:\/\/tuzlainfo.ba\/wp-content\/uploads\/2026\/04\/2604_bijela.jpg","width":800,"height":476},{"@type":"BreadcrumbList","@id":"https:\/\/tuzlainfo.ba\/index.php\/clanci\/sa-svih-strana\/item\/301271-pucnjava-na-veceri-u-washingtonu-trump-hitno-evakuisan\/#breadcrumb","itemListElement":[{"@type":"ListItem","position":1,"name":"Home","item":"https:\/\/tuzlainfo.ba\/"},{"@type":"ListItem","position":2,"name":"Pucnjava na ve\u010deri u Washingtonu: Trump hitno evakuisan"}]},{"@type":"WebSite","@id":"https:\/\/tuzlainfo.ba\/#website","url":"https:\/\/tuzlainfo.ba\/","name":"TuzlaInfo.ba","description":"Tuzla info, gradski informator - Tuzla na dlanu","publisher":{"@id":"https:\/\/tuzlainfo.ba\/#organization"},"potentialAction":[{"@type":"SearchAction","target":{"@type":"EntryPoint","urlTemplate":"https:\/\/tuzlainfo.ba\/?s={search_term_string}"},"query-input":{"@type":"PropertyValueSpecification","valueRequired":true,"valueName":"search_term_string"}}],"inLanguage":"bs-BA"},{"@type":"Organization","@id":"https:\/\/tuzlainfo.ba\/#organization","name":"TuzlaInfo.ba","url":"https:\/\/tuzlainfo.ba\/","logo":{"@type":"ImageObject","inLanguage":"bs-BA","@id":"https:\/\/tuzlainfo.ba\/#\/schema\/logo\/image\/","url":"https:\/\/tuzlainfo.ba\/wp-content\/uploads\/2021\/03\/logo-ver-3-1.png","contentUrl":"https:\/\/tuzlainfo.ba\/wp-content\/uploads\/2021\/03\/logo-ver-3-1.png","width":350,"height":95,"caption":"TuzlaInfo.ba"},"image":{"@id":"https:\/\/tuzlainfo.ba\/#\/schema\/logo\/image\/"},"sameAs":["https:\/\/www.facebook.com\/tuzlainfo.ba\/"]},{"@type":"Person","@id":"https:\/\/tuzlainfo.ba\/#\/schema\/person\/f434e20dc27ea133923aab08451b7f7f","name":"nedim","image":{"@type":"ImageObject","inLanguage":"bs-BA","@id":"https:\/\/tuzlainfo.ba\/#\/schema\/person\/image\/","url":"https:\/\/tuzlainfo.ba\/wp-content\/litespeed\/avatar\/aabad687af24844af817603ac1cbdc4f.jpg?ver=1776702173","contentUrl":"https:\/\/tuzlainfo.ba\/wp-content\/litespeed\/avatar\/aabad687af24844af817603ac1cbdc4f.jpg?ver=1776702173","caption":"nedim"},"description":"Tuzlainfo.ba pratite na dru\u0161tvenim mre\u017eama: Facebook, Instagram i Youtube. Svoje pri\u010de, upite i fotografije \u0161aljite na na\u0161u e-mail adresu."}]}},"_links":{"self":[{"href":"https:\/\/tuzlainfo.ba\/index.php\/wp-json\/wp\/v2\/posts\/301271"}],"collection":[{"href":"https:\/\/tuzlainfo.ba\/index.php\/wp-json\/wp\/v2\/posts"}],"about":[{"href":"https:\/\/tuzlainfo.ba\/index.php\/wp-json\/wp\/v2\/types\/post"}],"author":[{"embeddable":true,"href":"https:\/\/tuzlainfo.ba\/index.php\/wp-json\/wp\/v2\/users\/2"}],"replies":[{"embeddable":true,"href":"https:\/\/tuzlainfo.ba\/index.php\/wp-json\/wp\/v2\/comments?post=301271"}],"version-history":[{"count":1,"href":"https:\/\/tuzlainfo.ba\/index.php\/wp-json\/wp\/v2\/posts\/301271\/revisions"}],"predecessor-version":[{"id":301273,"href":"https:\/\/tuzlainfo.ba\/index.php\/wp-json\/wp\/v2\/posts\/301271\/revisions\/301273"}],"wp:featuredmedia":[{"embeddable":true,"href":"https:\/\/tuzlainfo.ba\/index.php\/wp-json\/wp\/v2\/media\/301272"}],"wp:attachment":[{"href":"https:\/\/tuzlainfo.ba\/index.php\/wp-json\/wp\/v2\/media?parent=301271"}],"wp:term":[{"taxonomy":"category","embeddable":true,"href":"https:\/\/tuzlainfo.ba\/index.php\/wp-json\/wp\/v2\/categories?post=301271"},{"taxonomy":"post_tag","embeddable":true,"href":"https:\/\/tuzlainfo.ba\/index.php\/wp-json\/wp\/v2\/tags?post=301271"}],"curies":[{"name":"wp","href":"https:\/\/api.w.org\/{rel}","templated":true}]}}