{"id":301269,"date":"2026-04-26T09:07:45","date_gmt":"2026-04-26T07:07:45","guid":{"rendered":"https:\/\/tuzlainfo.ba\/?p=301269"},"modified":"2026-04-26T09:07:45","modified_gmt":"2026-04-26T07:07:45","slug":"najsladji-i-najmirisniji-dogadjaj-stize-u-tuzlu-bogat-program-sajma-kafe-i-cokolade","status":"publish","type":"post","link":"https:\/\/tuzlainfo.ba\/index.php\/najava-dogadaja-2\/item\/301269-najsladji-i-najmirisniji-dogadjaj-stize-u-tuzlu-bogat-program-sajma-kafe-i-cokolade\/","title":{"rendered":"Najsla\u0111i i najmirisniji doga\u0111aj sti\u017ee u Tuzlu: Bogat program Sajma kafe i \u010dokolade"},"content":{"rendered":"<p data-start=\"0\" data-end=\"261\">Jo\u0161 20 dana dijeli nas od 3. Me\u0111unarodnog sajma kafe i \u010dokolade Tuzla 2026, jednog od naji\u0161\u010dekivanijih doga\u0111aja u gradu i \u0161ire regije, koji \u0107e i ove godine okupiti brojne izlaga\u010de, proizvo\u0111a\u010de i posjetioce iz Bosne i Hercegovine, ali i zemalja regiona i Evrope.<\/p>\n<p data-start=\"263\" data-end=\"553\">Ova manifestacija ve\u0107 je stekla prepoznatljiv status doga\u0111aja koji nadilazi klasi\u010dni sajamski koncept, spajaju\u0107i gastronomiju, kulturu, edukaciju i zabavu. Tuzla \u0107e tokom trajanja sajma ponovo postati mjesto susreta ljubitelja kafe i \u010dokolade, razmjene ideja i u\u017eivanja u vrhunskim okusima.<\/p>\n<p data-start=\"555\" data-end=\"924\">Organizatori najavljuju bogat program koji uklju\u010duje degustacije, prezentacije, radionice i interaktivne sadr\u017eaje za sve generacije. Poseban akcenat stavljen je na me\u0111unarodni karakter sajma, uz u\u010de\u0161\u0107e izlaga\u010da iz vi\u0161e evropskih zemalja, \u0161to posjetiocima pru\u017ea priliku da na jednom mjestu upoznaju razli\u010dite tradicije i savremene trendove u proizvodnji kafe i \u010dokolade.<\/p>\n<p data-start=\"926\" data-end=\"1170\">Zna\u010daj sajma prepoznat je i u turisti\u010dkom sektoru, pa su brojne agencije iz Hrvatske, Srbije i Crne Gore ve\u0107 najavile organizovane dolaske grupa u Tuzlu, \u010dime ovaj doga\u0111aj dodatno doprinosi promociji grada kao atraktivne turisti\u010dke destinacije.<\/p>\n<p data-start=\"1172\" data-end=\"1471\">Posjetioci \u0107e mo\u0107i obi\u0107i razli\u010dite tematske zone \u2013 od prostora posve\u0107enih \u010dokoladi i kafi, do edukativnih i zabavnih sadr\u017eaja. Za najmla\u0111e je pripremljen poseban program, uklju\u010duju\u0107i radionice i takmi\u010denje \u201eJunior Gastro Star\u201c, gdje \u0107e djeca imati priliku pokazati kreativnost i kulinarske vje\u0161tine.<\/p>\n<p data-start=\"1473\" data-end=\"1649\">Sajam \u0107e pratiti i bogat muzi\u010dki program, uz nastupe lokalnih i gostuju\u0107ih izvo\u0111a\u010da, dok \u0107e sve\u010dano otvaranje dodatno obogatiti gosti iz razli\u010ditih gradova Bosne i Hercegovine.<\/p>\n","protected":false},"excerpt":{"rendered":"<p>Jo\u0161 20 dana dijeli nas od 3. Me\u0111unarodnog sajma kafe i \u010dokolade Tuzla 2026, jednog&hellip;<\/p>\n","protected":false},"author":2,"featured_media":238650,"comment_status":"closed","ping_status":"closed","sticky":false,"template":"","format":"standard","meta":{"_acf_changed":false,"footnotes":""},"categories":[304,11],"tags":[9928],"acf":[],"yoast_head":"<!-- This site is optimized with the Yoast SEO plugin v23.5 - https:\/\/yoast.com\/wordpress\/plugins\/seo\/ -->\n<title>Najsla\u0111i i najmirisniji doga\u0111aj sti\u017ee u Tuzlu: Bogat program Sajma kafe i \u010dokolade - TuzlaInfo.ba<\/title>\n<meta name=\"robots\" content=\"index, follow, max-snippet:-1, max-image-preview:large, max-video-preview:-1\" \/>\n<link rel=\"canonical\" href=\"https:\/\/tuzlainfo.ba\/index.php\/najava-dogadaja-2\/item\/301269-najsladji-i-najmirisniji-dogadjaj-stize-u-tuzlu-bogat-program-sajma-kafe-i-cokolade\/\" \/>\n<meta property=\"og:locale\" content=\"bs_BA\" \/>\n<meta property=\"og:type\" content=\"article\" \/>\n<meta property=\"og:title\" content=\"Najsla\u0111i i najmirisniji doga\u0111aj sti\u017ee u Tuzlu: Bogat program Sajma kafe i \u010dokolade - TuzlaInfo.ba\" \/>\n<meta property=\"og:description\" content=\"Jo\u0161 20 dana dijeli nas od 3. Me\u0111unarodnog sajma kafe i \u010dokolade Tuzla 2026, jednog&hellip;\" \/>\n<meta property=\"og:url\" content=\"https:\/\/tuzlainfo.ba\/index.php\/najava-dogadaja-2\/item\/301269-najsladji-i-najmirisniji-dogadjaj-stize-u-tuzlu-bogat-program-sajma-kafe-i-cokolade\/\" \/>\n<meta property=\"og:site_name\" content=\"TuzlaInfo.ba\" \/>\n<meta property=\"article:publisher\" content=\"https:\/\/www.facebook.com\/tuzlainfo.ba\/\" \/>\n<meta property=\"article:published_time\" content=\"2026-04-26T07:07:45+00:00\" \/>\n<meta property=\"og:image\" content=\"https:\/\/tuzlainfo.ba\/wp-content\/uploads\/2024\/05\/thumbnail_Sajam-Kafe-i-Cokolade-7.jpg\" \/>\n\t<meta property=\"og:image:width\" content=\"1200\" \/>\n\t<meta property=\"og:image:height\" content=\"800\" \/>\n\t<meta property=\"og:image:type\" content=\"image\/jpeg\" \/>\n<meta name=\"author\" content=\"nedim\" \/>\n<meta name=\"twitter:card\" content=\"summary_large_image\" \/>\n<meta name=\"twitter:label1\" content=\"Written by\" \/>\n\t<meta name=\"twitter:data1\" content=\"nedim\" \/>\n\t<meta name=\"twitter:label2\" content=\"Est. reading time\" \/>\n\t<meta name=\"twitter:data2\" content=\"2 minute\" \/>\n<script type=\"application\/ld+json\" class=\"yoast-schema-graph\">{\"@context\":\"https:\/\/schema.org\",\"@graph\":[{\"@type\":\"Article\",\"@id\":\"https:\/\/tuzlainfo.ba\/index.php\/najava-dogadaja-2\/item\/301269-najsladji-i-najmirisniji-dogadjaj-stize-u-tuzlu-bogat-program-sajma-kafe-i-cokolade\/#article\",\"isPartOf\":{\"@id\":\"https:\/\/tuzlainfo.ba\/index.php\/najava-dogadaja-2\/item\/301269-najsladji-i-najmirisniji-dogadjaj-stize-u-tuzlu-bogat-program-sajma-kafe-i-cokolade\/\"},\"author\":{\"name\":\"nedim\",\"@id\":\"https:\/\/tuzlainfo.ba\/#\/schema\/person\/f434e20dc27ea133923aab08451b7f7f\"},\"headline\":\"Najsla\u0111i i najmirisniji doga\u0111aj sti\u017ee u Tuzlu: Bogat program Sajma kafe i \u010dokolade\",\"datePublished\":\"2026-04-26T07:07:45+00:00\",\"dateModified\":\"2026-04-26T07:07:45+00:00\",\"mainEntityOfPage\":{\"@id\":\"https:\/\/tuzlainfo.ba\/index.php\/najava-dogadaja-2\/item\/301269-najsladji-i-najmirisniji-dogadjaj-stize-u-tuzlu-bogat-program-sajma-kafe-i-cokolade\/\"},\"wordCount\":287,\"publisher\":{\"@id\":\"https:\/\/tuzlainfo.ba\/#organization\"},\"image\":{\"@id\":\"https:\/\/tuzlainfo.ba\/index.php\/najava-dogadaja-2\/item\/301269-najsladji-i-najmirisniji-dogadjaj-stize-u-tuzlu-bogat-program-sajma-kafe-i-cokolade\/#primaryimage\"},\"thumbnailUrl\":\"https:\/\/tuzlainfo.ba\/wp-content\/uploads\/2024\/05\/thumbnail_Sajam-Kafe-i-Cokolade-7.jpg\",\"keywords\":[\"sajam kafe i \u010dokolade\"],\"articleSection\":[\"Istaknuto\",\"Najave i doga\u0111aji\"],\"inLanguage\":\"bs-BA\"},{\"@type\":\"WebPage\",\"@id\":\"https:\/\/tuzlainfo.ba\/index.php\/najava-dogadaja-2\/item\/301269-najsladji-i-najmirisniji-dogadjaj-stize-u-tuzlu-bogat-program-sajma-kafe-i-cokolade\/\",\"url\":\"https:\/\/tuzlainfo.ba\/index.php\/najava-dogadaja-2\/item\/301269-najsladji-i-najmirisniji-dogadjaj-stize-u-tuzlu-bogat-program-sajma-kafe-i-cokolade\/\",\"name\":\"Najsla\u0111i i najmirisniji doga\u0111aj sti\u017ee u Tuzlu: Bogat program Sajma kafe i \u010dokolade - TuzlaInfo.ba\",\"isPartOf\":{\"@id\":\"https:\/\/tuzlainfo.ba\/#website\"},\"primaryImageOfPage\":{\"@id\":\"https:\/\/tuzlainfo.ba\/index.php\/najava-dogadaja-2\/item\/301269-najsladji-i-najmirisniji-dogadjaj-stize-u-tuzlu-bogat-program-sajma-kafe-i-cokolade\/#primaryimage\"},\"image\":{\"@id\":\"https:\/\/tuzlainfo.ba\/index.php\/najava-dogadaja-2\/item\/301269-najsladji-i-najmirisniji-dogadjaj-stize-u-tuzlu-bogat-program-sajma-kafe-i-cokolade\/#primaryimage\"},\"thumbnailUrl\":\"https:\/\/tuzlainfo.ba\/wp-content\/uploads\/2024\/05\/thumbnail_Sajam-Kafe-i-Cokolade-7.jpg\",\"datePublished\":\"2026-04-26T07:07:45+00:00\",\"dateModified\":\"2026-04-26T07:07:45+00:00\",\"breadcrumb\":{\"@id\":\"https:\/\/tuzlainfo.ba\/index.php\/najava-dogadaja-2\/item\/301269-najsladji-i-najmirisniji-dogadjaj-stize-u-tuzlu-bogat-program-sajma-kafe-i-cokolade\/#breadcrumb\"},\"inLanguage\":\"bs-BA\",\"potentialAction\":[{\"@type\":\"ReadAction\",\"target\":[\"https:\/\/tuzlainfo.ba\/index.php\/najava-dogadaja-2\/item\/301269-najsladji-i-najmirisniji-dogadjaj-stize-u-tuzlu-bogat-program-sajma-kafe-i-cokolade\/\"]}]},{\"@type\":\"ImageObject\",\"inLanguage\":\"bs-BA\",\"@id\":\"https:\/\/tuzlainfo.ba\/index.php\/najava-dogadaja-2\/item\/301269-najsladji-i-najmirisniji-dogadjaj-stize-u-tuzlu-bogat-program-sajma-kafe-i-cokolade\/#primaryimage\",\"url\":\"https:\/\/tuzlainfo.ba\/wp-content\/uploads\/2024\/05\/thumbnail_Sajam-Kafe-i-Cokolade-7.jpg\",\"contentUrl\":\"https:\/\/tuzlainfo.ba\/wp-content\/uploads\/2024\/05\/thumbnail_Sajam-Kafe-i-Cokolade-7.jpg\",\"width\":1200,\"height\":800},{\"@type\":\"BreadcrumbList\",\"@id\":\"https:\/\/tuzlainfo.ba\/index.php\/najava-dogadaja-2\/item\/301269-najsladji-i-najmirisniji-dogadjaj-stize-u-tuzlu-bogat-program-sajma-kafe-i-cokolade\/#breadcrumb\",\"itemListElement\":[{\"@type\":\"ListItem\",\"position\":1,\"name\":\"Home\",\"item\":\"https:\/\/tuzlainfo.ba\/\"},{\"@type\":\"ListItem\",\"position\":2,\"name\":\"Najsla\u0111i i najmirisniji doga\u0111aj sti\u017ee u Tuzlu: Bogat program Sajma kafe i \u010dokolade\"}]},{\"@type\":\"WebSite\",\"@id\":\"https:\/\/tuzlainfo.ba\/#website\",\"url\":\"https:\/\/tuzlainfo.ba\/\",\"name\":\"TuzlaInfo.ba\",\"description\":\"Tuzla info, gradski informator - Tuzla na dlanu\",\"publisher\":{\"@id\":\"https:\/\/tuzlainfo.ba\/#organization\"},\"potentialAction\":[{\"@type\":\"SearchAction\",\"target\":{\"@type\":\"EntryPoint\",\"urlTemplate\":\"https:\/\/tuzlainfo.ba\/?s={search_term_string}\"},\"query-input\":{\"@type\":\"PropertyValueSpecification\",\"valueRequired\":true,\"valueName\":\"search_term_string\"}}],\"inLanguage\":\"bs-BA\"},{\"@type\":\"Organization\",\"@id\":\"https:\/\/tuzlainfo.ba\/#organization\",\"name\":\"TuzlaInfo.ba\",\"url\":\"https:\/\/tuzlainfo.ba\/\",\"logo\":{\"@type\":\"ImageObject\",\"inLanguage\":\"bs-BA\",\"@id\":\"https:\/\/tuzlainfo.ba\/#\/schema\/logo\/image\/\",\"url\":\"https:\/\/tuzlainfo.ba\/wp-content\/uploads\/2021\/03\/logo-ver-3-1.png\",\"contentUrl\":\"https:\/\/tuzlainfo.ba\/wp-content\/uploads\/2021\/03\/logo-ver-3-1.png\",\"width\":350,\"height\":95,\"caption\":\"TuzlaInfo.ba\"},\"image\":{\"@id\":\"https:\/\/tuzlainfo.ba\/#\/schema\/logo\/image\/\"},\"sameAs\":[\"https:\/\/www.facebook.com\/tuzlainfo.ba\/\"]},{\"@type\":\"Person\",\"@id\":\"https:\/\/tuzlainfo.ba\/#\/schema\/person\/f434e20dc27ea133923aab08451b7f7f\",\"name\":\"nedim\",\"image\":{\"@type\":\"ImageObject\",\"inLanguage\":\"bs-BA\",\"@id\":\"https:\/\/tuzlainfo.ba\/#\/schema\/person\/image\/\",\"url\":\"https:\/\/tuzlainfo.ba\/wp-content\/litespeed\/avatar\/aabad687af24844af817603ac1cbdc4f.jpg?ver=1776702173\",\"contentUrl\":\"https:\/\/tuzlainfo.ba\/wp-content\/litespeed\/avatar\/aabad687af24844af817603ac1cbdc4f.jpg?ver=1776702173\",\"caption\":\"nedim\"},\"description\":\"Tuzlainfo.ba pratite na dru\u0161tvenim mre\u017eama: Facebook, Instagram i Youtube. Svoje pri\u010de, upite i fotografije \u0161aljite na na\u0161u e-mail adresu.\"}]}<\/script>\n<!-- \/ Yoast SEO plugin. -->","yoast_head_json":{"title":"Najsla\u0111i i najmirisniji doga\u0111aj sti\u017ee u Tuzlu: Bogat program Sajma kafe i \u010dokolade - TuzlaInfo.ba","robots":{"index":"index","follow":"follow","max-snippet":"max-snippet:-1","max-image-preview":"max-image-preview:large","max-video-preview":"max-video-preview:-1"},"canonical":"https:\/\/tuzlainfo.ba\/index.php\/najava-dogadaja-2\/item\/301269-najsladji-i-najmirisniji-dogadjaj-stize-u-tuzlu-bogat-program-sajma-kafe-i-cokolade\/","og_locale":"bs_BA","og_type":"article","og_title":"Najsla\u0111i i najmirisniji doga\u0111aj sti\u017ee u Tuzlu: Bogat program Sajma kafe i \u010dokolade - TuzlaInfo.ba","og_description":"Jo\u0161 20 dana dijeli nas od 3. Me\u0111unarodnog sajma kafe i \u010dokolade Tuzla 2026, jednog&hellip;","og_url":"https:\/\/tuzlainfo.ba\/index.php\/najava-dogadaja-2\/item\/301269-najsladji-i-najmirisniji-dogadjaj-stize-u-tuzlu-bogat-program-sajma-kafe-i-cokolade\/","og_site_name":"TuzlaInfo.ba","article_publisher":"https:\/\/www.facebook.com\/tuzlainfo.ba\/","article_published_time":"2026-04-26T07:07:45+00:00","og_image":[{"width":1200,"height":800,"url":"https:\/\/tuzlainfo.ba\/wp-content\/uploads\/2024\/05\/thumbnail_Sajam-Kafe-i-Cokolade-7.jpg","type":"image\/jpeg"}],"author":"nedim","twitter_card":"summary_large_image","twitter_misc":{"Written by":"nedim","Est. reading time":"2 minute"},"schema":{"@context":"https:\/\/schema.org","@graph":[{"@type":"Article","@id":"https:\/\/tuzlainfo.ba\/index.php\/najava-dogadaja-2\/item\/301269-najsladji-i-najmirisniji-dogadjaj-stize-u-tuzlu-bogat-program-sajma-kafe-i-cokolade\/#article","isPartOf":{"@id":"https:\/\/tuzlainfo.ba\/index.php\/najava-dogadaja-2\/item\/301269-najsladji-i-najmirisniji-dogadjaj-stize-u-tuzlu-bogat-program-sajma-kafe-i-cokolade\/"},"author":{"name":"nedim","@id":"https:\/\/tuzlainfo.ba\/#\/schema\/person\/f434e20dc27ea133923aab08451b7f7f"},"headline":"Najsla\u0111i i najmirisniji doga\u0111aj sti\u017ee u Tuzlu: Bogat program Sajma kafe i \u010dokolade","datePublished":"2026-04-26T07:07:45+00:00","dateModified":"2026-04-26T07:07:45+00:00","mainEntityOfPage":{"@id":"https:\/\/tuzlainfo.ba\/index.php\/najava-dogadaja-2\/item\/301269-najsladji-i-najmirisniji-dogadjaj-stize-u-tuzlu-bogat-program-sajma-kafe-i-cokolade\/"},"wordCount":287,"publisher":{"@id":"https:\/\/tuzlainfo.ba\/#organization"},"image":{"@id":"https:\/\/tuzlainfo.ba\/index.php\/najava-dogadaja-2\/item\/301269-najsladji-i-najmirisniji-dogadjaj-stize-u-tuzlu-bogat-program-sajma-kafe-i-cokolade\/#primaryimage"},"thumbnailUrl":"https:\/\/tuzlainfo.ba\/wp-content\/uploads\/2024\/05\/thumbnail_Sajam-Kafe-i-Cokolade-7.jpg","keywords":["sajam kafe i \u010dokolade"],"articleSection":["Istaknuto","Najave i doga\u0111aji"],"inLanguage":"bs-BA"},{"@type":"WebPage","@id":"https:\/\/tuzlainfo.ba\/index.php\/najava-dogadaja-2\/item\/301269-najsladji-i-najmirisniji-dogadjaj-stize-u-tuzlu-bogat-program-sajma-kafe-i-cokolade\/","url":"https:\/\/tuzlainfo.ba\/index.php\/najava-dogadaja-2\/item\/301269-najsladji-i-najmirisniji-dogadjaj-stize-u-tuzlu-bogat-program-sajma-kafe-i-cokolade\/","name":"Najsla\u0111i i najmirisniji doga\u0111aj sti\u017ee u Tuzlu: Bogat program Sajma kafe i \u010dokolade - TuzlaInfo.ba","isPartOf":{"@id":"https:\/\/tuzlainfo.ba\/#website"},"primaryImageOfPage":{"@id":"https:\/\/tuzlainfo.ba\/index.php\/najava-dogadaja-2\/item\/301269-najsladji-i-najmirisniji-dogadjaj-stize-u-tuzlu-bogat-program-sajma-kafe-i-cokolade\/#primaryimage"},"image":{"@id":"https:\/\/tuzlainfo.ba\/index.php\/najava-dogadaja-2\/item\/301269-najsladji-i-najmirisniji-dogadjaj-stize-u-tuzlu-bogat-program-sajma-kafe-i-cokolade\/#primaryimage"},"thumbnailUrl":"https:\/\/tuzlainfo.ba\/wp-content\/uploads\/2024\/05\/thumbnail_Sajam-Kafe-i-Cokolade-7.jpg","datePublished":"2026-04-26T07:07:45+00:00","dateModified":"2026-04-26T07:07:45+00:00","breadcrumb":{"@id":"https:\/\/tuzlainfo.ba\/index.php\/najava-dogadaja-2\/item\/301269-najsladji-i-najmirisniji-dogadjaj-stize-u-tuzlu-bogat-program-sajma-kafe-i-cokolade\/#breadcrumb"},"inLanguage":"bs-BA","potentialAction":[{"@type":"ReadAction","target":["https:\/\/tuzlainfo.ba\/index.php\/najava-dogadaja-2\/item\/301269-najsladji-i-najmirisniji-dogadjaj-stize-u-tuzlu-bogat-program-sajma-kafe-i-cokolade\/"]}]},{"@type":"ImageObject","inLanguage":"bs-BA","@id":"https:\/\/tuzlainfo.ba\/index.php\/najava-dogadaja-2\/item\/301269-najsladji-i-najmirisniji-dogadjaj-stize-u-tuzlu-bogat-program-sajma-kafe-i-cokolade\/#primaryimage","url":"https:\/\/tuzlainfo.ba\/wp-content\/uploads\/2024\/05\/thumbnail_Sajam-Kafe-i-Cokolade-7.jpg","contentUrl":"https:\/\/tuzlainfo.ba\/wp-content\/uploads\/2024\/05\/thumbnail_Sajam-Kafe-i-Cokolade-7.jpg","width":1200,"height":800},{"@type":"BreadcrumbList","@id":"https:\/\/tuzlainfo.ba\/index.php\/najava-dogadaja-2\/item\/301269-najsladji-i-najmirisniji-dogadjaj-stize-u-tuzlu-bogat-program-sajma-kafe-i-cokolade\/#breadcrumb","itemListElement":[{"@type":"ListItem","position":1,"name":"Home","item":"https:\/\/tuzlainfo.ba\/"},{"@type":"ListItem","position":2,"name":"Najsla\u0111i i najmirisniji doga\u0111aj sti\u017ee u Tuzlu: Bogat program Sajma kafe i \u010dokolade"}]},{"@type":"WebSite","@id":"https:\/\/tuzlainfo.ba\/#website","url":"https:\/\/tuzlainfo.ba\/","name":"TuzlaInfo.ba","description":"Tuzla info, gradski informator - Tuzla na dlanu","publisher":{"@id":"https:\/\/tuzlainfo.ba\/#organization"},"potentialAction":[{"@type":"SearchAction","target":{"@type":"EntryPoint","urlTemplate":"https:\/\/tuzlainfo.ba\/?s={search_term_string}"},"query-input":{"@type":"PropertyValueSpecification","valueRequired":true,"valueName":"search_term_string"}}],"inLanguage":"bs-BA"},{"@type":"Organization","@id":"https:\/\/tuzlainfo.ba\/#organization","name":"TuzlaInfo.ba","url":"https:\/\/tuzlainfo.ba\/","logo":{"@type":"ImageObject","inLanguage":"bs-BA","@id":"https:\/\/tuzlainfo.ba\/#\/schema\/logo\/image\/","url":"https:\/\/tuzlainfo.ba\/wp-content\/uploads\/2021\/03\/logo-ver-3-1.png","contentUrl":"https:\/\/tuzlainfo.ba\/wp-content\/uploads\/2021\/03\/logo-ver-3-1.png","width":350,"height":95,"caption":"TuzlaInfo.ba"},"image":{"@id":"https:\/\/tuzlainfo.ba\/#\/schema\/logo\/image\/"},"sameAs":["https:\/\/www.facebook.com\/tuzlainfo.ba\/"]},{"@type":"Person","@id":"https:\/\/tuzlainfo.ba\/#\/schema\/person\/f434e20dc27ea133923aab08451b7f7f","name":"nedim","image":{"@type":"ImageObject","inLanguage":"bs-BA","@id":"https:\/\/tuzlainfo.ba\/#\/schema\/person\/image\/","url":"https:\/\/tuzlainfo.ba\/wp-content\/litespeed\/avatar\/aabad687af24844af817603ac1cbdc4f.jpg?ver=1776702173","contentUrl":"https:\/\/tuzlainfo.ba\/wp-content\/litespeed\/avatar\/aabad687af24844af817603ac1cbdc4f.jpg?ver=1776702173","caption":"nedim"},"description":"Tuzlainfo.ba pratite na dru\u0161tvenim mre\u017eama: Facebook, Instagram i Youtube. Svoje pri\u010de, upite i fotografije \u0161aljite na na\u0161u e-mail adresu."}]}},"_links":{"self":[{"href":"https:\/\/tuzlainfo.ba\/index.php\/wp-json\/wp\/v2\/posts\/301269"}],"collection":[{"href":"https:\/\/tuzlainfo.ba\/index.php\/wp-json\/wp\/v2\/posts"}],"about":[{"href":"https:\/\/tuzlainfo.ba\/index.php\/wp-json\/wp\/v2\/types\/post"}],"author":[{"embeddable":true,"href":"https:\/\/tuzlainfo.ba\/index.php\/wp-json\/wp\/v2\/users\/2"}],"replies":[{"embeddable":true,"href":"https:\/\/tuzlainfo.ba\/index.php\/wp-json\/wp\/v2\/comments?post=301269"}],"version-history":[{"count":1,"href":"https:\/\/tuzlainfo.ba\/index.php\/wp-json\/wp\/v2\/posts\/301269\/revisions"}],"predecessor-version":[{"id":301270,"href":"https:\/\/tuzlainfo.ba\/index.php\/wp-json\/wp\/v2\/posts\/301269\/revisions\/301270"}],"wp:featuredmedia":[{"embeddable":true,"href":"https:\/\/tuzlainfo.ba\/index.php\/wp-json\/wp\/v2\/media\/238650"}],"wp:attachment":[{"href":"https:\/\/tuzlainfo.ba\/index.php\/wp-json\/wp\/v2\/media?parent=301269"}],"wp:term":[{"taxonomy":"category","embeddable":true,"href":"https:\/\/tuzlainfo.ba\/index.php\/wp-json\/wp\/v2\/categories?post=301269"},{"taxonomy":"post_tag","embeddable":true,"href":"https:\/\/tuzlainfo.ba\/index.php\/wp-json\/wp\/v2\/tags?post=301269"}],"curies":[{"name":"wp","href":"https:\/\/api.w.org\/{rel}","templated":true}]}}