{"id":301125,"date":"2026-04-26T18:27:32","date_gmt":"2026-04-26T16:27:32","guid":{"rendered":"https:\/\/tuzlainfo.ba\/?p=301125"},"modified":"2026-04-24T08:23:40","modified_gmt":"2026-04-24T06:23:40","slug":"ima-li-dovoljno-seruma-protiv-zmijskog-otrova-u-federaciji-bih","status":"publish","type":"post","link":"https:\/\/tuzlainfo.ba\/index.php\/bosna-i-hercegovina\/item\/301125-ima-li-dovoljno-seruma-protiv-zmijskog-otrova-u-federaciji-bih\/","title":{"rendered":"Ima li dovoljno seruma protiv zmijskog otrova u Federaciji BiH?"},"content":{"rendered":"<p>Serum protiv zmijskog otrova nije predmet centralizirane nabavke u Federaciji BiH, potvr\u0111eno je iz Zavoda za javno zdravstvo FBiH u odgovoru federalnom zastupniku Sanelu Kajanu, koji je zatra\u017eio informacije o zalihama uo\u010di sezone prolje\u0107e i ljeto.<\/p>\n<p>Toplije vrijeme u mnogim gradovima ve\u0107 je dovelo do pojave zmija, zbog \u010dega se sve \u010de\u0161\u0107e postavlja pitanje da li zdravstvene ustanove imaju dovoljno seruma u slu\u010daju ugriza. Prema odgovoru Zavoda, nabavka i upravljanje zalihama nisu u njihovoj nadle\u017enosti, ve\u0107 su za to zadu\u017eene zdravstvene ustanove.<\/p>\n<p>Iz Zavoda navode da ne raspola\u017eu objedinjenim podacima o ukupnim zalihama na nivou Federacije BiH, niti mogu dati preciznu procjenu da li \u0107e seruma biti dovoljno u svim kantonima tokom sezone prolje\u0107e i ljeto 2026. godine.<\/p>\n<p>Dostupnost seruma protiv zmijskog otrova, kako isti\u010du, u praksi zavisi od pravovremenog planiranja i nabavke zdravstvenih ustanova, ali i od dostupnosti lijeka na tr\u017ei\u0161tu.<\/p>\n<p>Zavod, prema njihovim navodima, redovno informi\u0161e kantonalne zavode za javno zdravstvo i zdravstvene ustanove o mogu\u0107nostima nabavke, uklju\u010duju\u0107i informacije o dobavlja\u010dima, proizvo\u0111a\u010dima i uvjetima nabavke. Zdravstvene ustanove upu\u0107uju se na direktnu komunikaciju s ovla\u0161tenim dobavlja\u010dima kako bi na vrijeme osigurale potrebne koli\u010dine.<\/p>\n<p>Iz ove ustanove upozoravaju i da je dostupnost seruma dodatno ote\u017eana zbog ograni\u010denog broja proizvo\u0111a\u010da i povremenih poreme\u0107aja u snabdijevanju na me\u0111unarodnom tr\u017ei\u0161tu. Zavod u ovom procesu ima koordiniraju\u0107u i savjetodavnu ulogu, dok su nabavka i finansiranje u nadle\u017enosti zdravstvenih ustanova i kantonalnih organa.<\/p>\n<p>Poseban problem predstavlja i to \u0161to ne postoji jedinstvena centralna evidencija pokrivenosti serumom na nivou FBiH, upravo zbog decentraliziranog sistema nabavke i distribucije.<\/p>\n<p>Iz Zavoda isti\u010du da dodatni izazov predstavlja \u010dinjenica da nisu svi dostupni antivenomi primjenjivi za podru\u010dje Balkana, jer njihova efikasnost zavisi od vrsta zmija i specifi\u010dnosti otrova karakteristi\u010dnog za odre\u0111eno geografsko podru\u010dje. Zbog toga je, kako navode, neophodno osigurati serum \u010dija je djelotvornost potvr\u0111ena za otrovnice prisutne na ovom prostoru.<\/p>\n<p>Federalni zastupnik Sanel Kajan ka\u017ee da ovo pitanje postavlja prije svake sezone pojavljivanja zmija, posebno zbog \u010dinjenice da \u017eivi u Mostaru, jednom od najtoplijih gradova u Bosni i Hercegovini.<\/p>\n<p>\u201cVe\u0107 sada, u drugoj polovini aprila, zmije su vidljive danima, \u010dak i u samom centru Mostara. Ljudi ih vi\u0111aju u naseljima, oko ku\u0107a, na izleti\u0161tima i u prirodi. Nisu to samo bezopasne vodene zmije, nego i opasne, otrovne vrste\u201d, kazao je Kajan.<\/p>\n<p>On smatra da sistem ne daje jasne odgovore gra\u0111anima \u0161ta trebaju uraditi u slu\u010daju ugriza zmije i gdje mogu dobiti adekvatnu terapiju.<\/p>\n<p>\u201cVe\u0107 drugi ili tre\u0107i put dobijam sli\u010dan odgovor. Zavod prakti\u010dno prebacuje odgovornost na kantone, kantoni na op\u0107ine i gradove, i sve se vrti u krug. Dolazi toplije vrijeme, ljudi sve vi\u0161e borave u prirodi, planinare i odlaze na izleti\u0161ta, a nemaju jasnu informaciju \u0161ta u slu\u010daju ugriza zmije. Sistem mora raditi svoj posao\u201d, poru\u010dio je Kajan.<\/p>\n","protected":false},"excerpt":{"rendered":"<p>Serum protiv zmijskog otrova nije predmet centralizirane nabavke u Federaciji BiH, potvr\u0111eno je iz Zavoda&hellip;<\/p>\n","protected":false},"author":8,"featured_media":301128,"comment_status":"closed","ping_status":"closed","sticky":false,"template":"","format":"standard","meta":{"_acf_changed":false,"footnotes":""},"categories":[291],"tags":[13820,13821,5109],"acf":[],"yoast_head":"<!-- This site is optimized with the Yoast SEO plugin v23.5 - https:\/\/yoast.com\/wordpress\/plugins\/seo\/ -->\n<title>Ima li dovoljno seruma protiv zmijskog otrova u Federaciji BiH? - TuzlaInfo.ba<\/title>\n<meta name=\"robots\" content=\"index, follow, max-snippet:-1, max-image-preview:large, max-video-preview:-1\" \/>\n<link rel=\"canonical\" href=\"https:\/\/tuzlainfo.ba\/index.php\/bosna-i-hercegovina\/item\/301125-ima-li-dovoljno-seruma-protiv-zmijskog-otrova-u-federaciji-bih\/\" \/>\n<meta property=\"og:locale\" content=\"bs_BA\" \/>\n<meta property=\"og:type\" content=\"article\" \/>\n<meta property=\"og:title\" content=\"Ima li dovoljno seruma protiv zmijskog otrova u Federaciji BiH? - TuzlaInfo.ba\" \/>\n<meta property=\"og:description\" content=\"Serum protiv zmijskog otrova nije predmet centralizirane nabavke u Federaciji BiH, potvr\u0111eno je iz Zavoda&hellip;\" \/>\n<meta property=\"og:url\" content=\"https:\/\/tuzlainfo.ba\/index.php\/bosna-i-hercegovina\/item\/301125-ima-li-dovoljno-seruma-protiv-zmijskog-otrova-u-federaciji-bih\/\" \/>\n<meta property=\"og:site_name\" content=\"TuzlaInfo.ba\" \/>\n<meta property=\"article:publisher\" content=\"https:\/\/www.facebook.com\/tuzlainfo.ba\/\" \/>\n<meta property=\"article:published_time\" content=\"2026-04-26T16:27:32+00:00\" \/>\n<meta property=\"article:modified_time\" content=\"2026-04-24T06:23:40+00:00\" \/>\n<meta property=\"og:image\" content=\"https:\/\/tuzlainfo.ba\/wp-content\/uploads\/2026\/04\/poskok.jpg\" \/>\n\t<meta property=\"og:image:width\" content=\"1920\" \/>\n\t<meta property=\"og:image:height\" content=\"1440\" \/>\n\t<meta property=\"og:image:type\" content=\"image\/jpeg\" \/>\n<meta name=\"author\" content=\"Admin Tri\" \/>\n<meta name=\"twitter:card\" content=\"summary_large_image\" \/>\n<meta name=\"twitter:label1\" content=\"Written by\" \/>\n\t<meta name=\"twitter:data1\" content=\"Admin Tri\" \/>\n\t<meta name=\"twitter:label2\" content=\"Est. reading time\" \/>\n\t<meta name=\"twitter:data2\" content=\"3 minute\" \/>\n<script type=\"application\/ld+json\" class=\"yoast-schema-graph\">{\"@context\":\"https:\/\/schema.org\",\"@graph\":[{\"@type\":\"Article\",\"@id\":\"https:\/\/tuzlainfo.ba\/index.php\/bosna-i-hercegovina\/item\/301125-ima-li-dovoljno-seruma-protiv-zmijskog-otrova-u-federaciji-bih\/#article\",\"isPartOf\":{\"@id\":\"https:\/\/tuzlainfo.ba\/index.php\/bosna-i-hercegovina\/item\/301125-ima-li-dovoljno-seruma-protiv-zmijskog-otrova-u-federaciji-bih\/\"},\"author\":{\"name\":\"Admin Tri\",\"@id\":\"https:\/\/tuzlainfo.ba\/#\/schema\/person\/593e78a2f6378c5ba3e7600ecfa4e63a\"},\"headline\":\"Ima li dovoljno seruma protiv zmijskog otrova u Federaciji BiH?\",\"datePublished\":\"2026-04-26T16:27:32+00:00\",\"dateModified\":\"2026-04-24T06:23:40+00:00\",\"mainEntityOfPage\":{\"@id\":\"https:\/\/tuzlainfo.ba\/index.php\/bosna-i-hercegovina\/item\/301125-ima-li-dovoljno-seruma-protiv-zmijskog-otrova-u-federaciji-bih\/\"},\"wordCount\":514,\"publisher\":{\"@id\":\"https:\/\/tuzlainfo.ba\/#organization\"},\"image\":{\"@id\":\"https:\/\/tuzlainfo.ba\/index.php\/bosna-i-hercegovina\/item\/301125-ima-li-dovoljno-seruma-protiv-zmijskog-otrova-u-federaciji-bih\/#primaryimage\"},\"thumbnailUrl\":\"https:\/\/tuzlainfo.ba\/wp-content\/uploads\/2026\/04\/poskok.jpg\",\"keywords\":[\"protivotrov\",\"serum\",\"zmija\"],\"articleSection\":[\"Bosna i Hercegovina\"],\"inLanguage\":\"bs-BA\"},{\"@type\":\"WebPage\",\"@id\":\"https:\/\/tuzlainfo.ba\/index.php\/bosna-i-hercegovina\/item\/301125-ima-li-dovoljno-seruma-protiv-zmijskog-otrova-u-federaciji-bih\/\",\"url\":\"https:\/\/tuzlainfo.ba\/index.php\/bosna-i-hercegovina\/item\/301125-ima-li-dovoljno-seruma-protiv-zmijskog-otrova-u-federaciji-bih\/\",\"name\":\"Ima li dovoljno seruma protiv zmijskog otrova u Federaciji BiH? - TuzlaInfo.ba\",\"isPartOf\":{\"@id\":\"https:\/\/tuzlainfo.ba\/#website\"},\"primaryImageOfPage\":{\"@id\":\"https:\/\/tuzlainfo.ba\/index.php\/bosna-i-hercegovina\/item\/301125-ima-li-dovoljno-seruma-protiv-zmijskog-otrova-u-federaciji-bih\/#primaryimage\"},\"image\":{\"@id\":\"https:\/\/tuzlainfo.ba\/index.php\/bosna-i-hercegovina\/item\/301125-ima-li-dovoljno-seruma-protiv-zmijskog-otrova-u-federaciji-bih\/#primaryimage\"},\"thumbnailUrl\":\"https:\/\/tuzlainfo.ba\/wp-content\/uploads\/2026\/04\/poskok.jpg\",\"datePublished\":\"2026-04-26T16:27:32+00:00\",\"dateModified\":\"2026-04-24T06:23:40+00:00\",\"breadcrumb\":{\"@id\":\"https:\/\/tuzlainfo.ba\/index.php\/bosna-i-hercegovina\/item\/301125-ima-li-dovoljno-seruma-protiv-zmijskog-otrova-u-federaciji-bih\/#breadcrumb\"},\"inLanguage\":\"bs-BA\",\"potentialAction\":[{\"@type\":\"ReadAction\",\"target\":[\"https:\/\/tuzlainfo.ba\/index.php\/bosna-i-hercegovina\/item\/301125-ima-li-dovoljno-seruma-protiv-zmijskog-otrova-u-federaciji-bih\/\"]}]},{\"@type\":\"ImageObject\",\"inLanguage\":\"bs-BA\",\"@id\":\"https:\/\/tuzlainfo.ba\/index.php\/bosna-i-hercegovina\/item\/301125-ima-li-dovoljno-seruma-protiv-zmijskog-otrova-u-federaciji-bih\/#primaryimage\",\"url\":\"https:\/\/tuzlainfo.ba\/wp-content\/uploads\/2026\/04\/poskok.jpg\",\"contentUrl\":\"https:\/\/tuzlainfo.ba\/wp-content\/uploads\/2026\/04\/poskok.jpg\",\"width\":1920,\"height\":1440},{\"@type\":\"BreadcrumbList\",\"@id\":\"https:\/\/tuzlainfo.ba\/index.php\/bosna-i-hercegovina\/item\/301125-ima-li-dovoljno-seruma-protiv-zmijskog-otrova-u-federaciji-bih\/#breadcrumb\",\"itemListElement\":[{\"@type\":\"ListItem\",\"position\":1,\"name\":\"Home\",\"item\":\"https:\/\/tuzlainfo.ba\/\"},{\"@type\":\"ListItem\",\"position\":2,\"name\":\"Ima li dovoljno seruma protiv zmijskog otrova u Federaciji BiH?\"}]},{\"@type\":\"WebSite\",\"@id\":\"https:\/\/tuzlainfo.ba\/#website\",\"url\":\"https:\/\/tuzlainfo.ba\/\",\"name\":\"TuzlaInfo.ba\",\"description\":\"Tuzla info, gradski informator - Tuzla na dlanu\",\"publisher\":{\"@id\":\"https:\/\/tuzlainfo.ba\/#organization\"},\"potentialAction\":[{\"@type\":\"SearchAction\",\"target\":{\"@type\":\"EntryPoint\",\"urlTemplate\":\"https:\/\/tuzlainfo.ba\/?s={search_term_string}\"},\"query-input\":{\"@type\":\"PropertyValueSpecification\",\"valueRequired\":true,\"valueName\":\"search_term_string\"}}],\"inLanguage\":\"bs-BA\"},{\"@type\":\"Organization\",\"@id\":\"https:\/\/tuzlainfo.ba\/#organization\",\"name\":\"TuzlaInfo.ba\",\"url\":\"https:\/\/tuzlainfo.ba\/\",\"logo\":{\"@type\":\"ImageObject\",\"inLanguage\":\"bs-BA\",\"@id\":\"https:\/\/tuzlainfo.ba\/#\/schema\/logo\/image\/\",\"url\":\"https:\/\/tuzlainfo.ba\/wp-content\/uploads\/2021\/03\/logo-ver-3-1.png\",\"contentUrl\":\"https:\/\/tuzlainfo.ba\/wp-content\/uploads\/2021\/03\/logo-ver-3-1.png\",\"width\":350,\"height\":95,\"caption\":\"TuzlaInfo.ba\"},\"image\":{\"@id\":\"https:\/\/tuzlainfo.ba\/#\/schema\/logo\/image\/\"},\"sameAs\":[\"https:\/\/www.facebook.com\/tuzlainfo.ba\/\"]},{\"@type\":\"Person\",\"@id\":\"https:\/\/tuzlainfo.ba\/#\/schema\/person\/593e78a2f6378c5ba3e7600ecfa4e63a\",\"name\":\"Admin Tri\",\"image\":{\"@type\":\"ImageObject\",\"inLanguage\":\"bs-BA\",\"@id\":\"https:\/\/tuzlainfo.ba\/#\/schema\/person\/image\/\",\"url\":\"https:\/\/tuzlainfo.ba\/wp-content\/litespeed\/avatar\/b7920db4cc34a71ad12497283ad2fe3f.jpg?ver=1777100914\",\"contentUrl\":\"https:\/\/tuzlainfo.ba\/wp-content\/litespeed\/avatar\/b7920db4cc34a71ad12497283ad2fe3f.jpg?ver=1777100914\",\"caption\":\"Admin Tri\"},\"sameAs\":[\"https:\/\/tuzlainfo.ba\"]}]}<\/script>\n<!-- \/ Yoast SEO plugin. -->","yoast_head_json":{"title":"Ima li dovoljno seruma protiv zmijskog otrova u Federaciji BiH? - TuzlaInfo.ba","robots":{"index":"index","follow":"follow","max-snippet":"max-snippet:-1","max-image-preview":"max-image-preview:large","max-video-preview":"max-video-preview:-1"},"canonical":"https:\/\/tuzlainfo.ba\/index.php\/bosna-i-hercegovina\/item\/301125-ima-li-dovoljno-seruma-protiv-zmijskog-otrova-u-federaciji-bih\/","og_locale":"bs_BA","og_type":"article","og_title":"Ima li dovoljno seruma protiv zmijskog otrova u Federaciji BiH? - TuzlaInfo.ba","og_description":"Serum protiv zmijskog otrova nije predmet centralizirane nabavke u Federaciji BiH, potvr\u0111eno je iz Zavoda&hellip;","og_url":"https:\/\/tuzlainfo.ba\/index.php\/bosna-i-hercegovina\/item\/301125-ima-li-dovoljno-seruma-protiv-zmijskog-otrova-u-federaciji-bih\/","og_site_name":"TuzlaInfo.ba","article_publisher":"https:\/\/www.facebook.com\/tuzlainfo.ba\/","article_published_time":"2026-04-26T16:27:32+00:00","article_modified_time":"2026-04-24T06:23:40+00:00","og_image":[{"width":1920,"height":1440,"url":"https:\/\/tuzlainfo.ba\/wp-content\/uploads\/2026\/04\/poskok.jpg","type":"image\/jpeg"}],"author":"Admin Tri","twitter_card":"summary_large_image","twitter_misc":{"Written by":"Admin Tri","Est. reading time":"3 minute"},"schema":{"@context":"https:\/\/schema.org","@graph":[{"@type":"Article","@id":"https:\/\/tuzlainfo.ba\/index.php\/bosna-i-hercegovina\/item\/301125-ima-li-dovoljno-seruma-protiv-zmijskog-otrova-u-federaciji-bih\/#article","isPartOf":{"@id":"https:\/\/tuzlainfo.ba\/index.php\/bosna-i-hercegovina\/item\/301125-ima-li-dovoljno-seruma-protiv-zmijskog-otrova-u-federaciji-bih\/"},"author":{"name":"Admin Tri","@id":"https:\/\/tuzlainfo.ba\/#\/schema\/person\/593e78a2f6378c5ba3e7600ecfa4e63a"},"headline":"Ima li dovoljno seruma protiv zmijskog otrova u Federaciji BiH?","datePublished":"2026-04-26T16:27:32+00:00","dateModified":"2026-04-24T06:23:40+00:00","mainEntityOfPage":{"@id":"https:\/\/tuzlainfo.ba\/index.php\/bosna-i-hercegovina\/item\/301125-ima-li-dovoljno-seruma-protiv-zmijskog-otrova-u-federaciji-bih\/"},"wordCount":514,"publisher":{"@id":"https:\/\/tuzlainfo.ba\/#organization"},"image":{"@id":"https:\/\/tuzlainfo.ba\/index.php\/bosna-i-hercegovina\/item\/301125-ima-li-dovoljno-seruma-protiv-zmijskog-otrova-u-federaciji-bih\/#primaryimage"},"thumbnailUrl":"https:\/\/tuzlainfo.ba\/wp-content\/uploads\/2026\/04\/poskok.jpg","keywords":["protivotrov","serum","zmija"],"articleSection":["Bosna i Hercegovina"],"inLanguage":"bs-BA"},{"@type":"WebPage","@id":"https:\/\/tuzlainfo.ba\/index.php\/bosna-i-hercegovina\/item\/301125-ima-li-dovoljno-seruma-protiv-zmijskog-otrova-u-federaciji-bih\/","url":"https:\/\/tuzlainfo.ba\/index.php\/bosna-i-hercegovina\/item\/301125-ima-li-dovoljno-seruma-protiv-zmijskog-otrova-u-federaciji-bih\/","name":"Ima li dovoljno seruma protiv zmijskog otrova u Federaciji BiH? - TuzlaInfo.ba","isPartOf":{"@id":"https:\/\/tuzlainfo.ba\/#website"},"primaryImageOfPage":{"@id":"https:\/\/tuzlainfo.ba\/index.php\/bosna-i-hercegovina\/item\/301125-ima-li-dovoljno-seruma-protiv-zmijskog-otrova-u-federaciji-bih\/#primaryimage"},"image":{"@id":"https:\/\/tuzlainfo.ba\/index.php\/bosna-i-hercegovina\/item\/301125-ima-li-dovoljno-seruma-protiv-zmijskog-otrova-u-federaciji-bih\/#primaryimage"},"thumbnailUrl":"https:\/\/tuzlainfo.ba\/wp-content\/uploads\/2026\/04\/poskok.jpg","datePublished":"2026-04-26T16:27:32+00:00","dateModified":"2026-04-24T06:23:40+00:00","breadcrumb":{"@id":"https:\/\/tuzlainfo.ba\/index.php\/bosna-i-hercegovina\/item\/301125-ima-li-dovoljno-seruma-protiv-zmijskog-otrova-u-federaciji-bih\/#breadcrumb"},"inLanguage":"bs-BA","potentialAction":[{"@type":"ReadAction","target":["https:\/\/tuzlainfo.ba\/index.php\/bosna-i-hercegovina\/item\/301125-ima-li-dovoljno-seruma-protiv-zmijskog-otrova-u-federaciji-bih\/"]}]},{"@type":"ImageObject","inLanguage":"bs-BA","@id":"https:\/\/tuzlainfo.ba\/index.php\/bosna-i-hercegovina\/item\/301125-ima-li-dovoljno-seruma-protiv-zmijskog-otrova-u-federaciji-bih\/#primaryimage","url":"https:\/\/tuzlainfo.ba\/wp-content\/uploads\/2026\/04\/poskok.jpg","contentUrl":"https:\/\/tuzlainfo.ba\/wp-content\/uploads\/2026\/04\/poskok.jpg","width":1920,"height":1440},{"@type":"BreadcrumbList","@id":"https:\/\/tuzlainfo.ba\/index.php\/bosna-i-hercegovina\/item\/301125-ima-li-dovoljno-seruma-protiv-zmijskog-otrova-u-federaciji-bih\/#breadcrumb","itemListElement":[{"@type":"ListItem","position":1,"name":"Home","item":"https:\/\/tuzlainfo.ba\/"},{"@type":"ListItem","position":2,"name":"Ima li dovoljno seruma protiv zmijskog otrova u Federaciji BiH?"}]},{"@type":"WebSite","@id":"https:\/\/tuzlainfo.ba\/#website","url":"https:\/\/tuzlainfo.ba\/","name":"TuzlaInfo.ba","description":"Tuzla info, gradski informator - Tuzla na dlanu","publisher":{"@id":"https:\/\/tuzlainfo.ba\/#organization"},"potentialAction":[{"@type":"SearchAction","target":{"@type":"EntryPoint","urlTemplate":"https:\/\/tuzlainfo.ba\/?s={search_term_string}"},"query-input":{"@type":"PropertyValueSpecification","valueRequired":true,"valueName":"search_term_string"}}],"inLanguage":"bs-BA"},{"@type":"Organization","@id":"https:\/\/tuzlainfo.ba\/#organization","name":"TuzlaInfo.ba","url":"https:\/\/tuzlainfo.ba\/","logo":{"@type":"ImageObject","inLanguage":"bs-BA","@id":"https:\/\/tuzlainfo.ba\/#\/schema\/logo\/image\/","url":"https:\/\/tuzlainfo.ba\/wp-content\/uploads\/2021\/03\/logo-ver-3-1.png","contentUrl":"https:\/\/tuzlainfo.ba\/wp-content\/uploads\/2021\/03\/logo-ver-3-1.png","width":350,"height":95,"caption":"TuzlaInfo.ba"},"image":{"@id":"https:\/\/tuzlainfo.ba\/#\/schema\/logo\/image\/"},"sameAs":["https:\/\/www.facebook.com\/tuzlainfo.ba\/"]},{"@type":"Person","@id":"https:\/\/tuzlainfo.ba\/#\/schema\/person\/593e78a2f6378c5ba3e7600ecfa4e63a","name":"Admin Tri","image":{"@type":"ImageObject","inLanguage":"bs-BA","@id":"https:\/\/tuzlainfo.ba\/#\/schema\/person\/image\/","url":"https:\/\/tuzlainfo.ba\/wp-content\/litespeed\/avatar\/b7920db4cc34a71ad12497283ad2fe3f.jpg?ver=1777100914","contentUrl":"https:\/\/tuzlainfo.ba\/wp-content\/litespeed\/avatar\/b7920db4cc34a71ad12497283ad2fe3f.jpg?ver=1777100914","caption":"Admin Tri"},"sameAs":["https:\/\/tuzlainfo.ba"]}]}},"_links":{"self":[{"href":"https:\/\/tuzlainfo.ba\/index.php\/wp-json\/wp\/v2\/posts\/301125"}],"collection":[{"href":"https:\/\/tuzlainfo.ba\/index.php\/wp-json\/wp\/v2\/posts"}],"about":[{"href":"https:\/\/tuzlainfo.ba\/index.php\/wp-json\/wp\/v2\/types\/post"}],"author":[{"embeddable":true,"href":"https:\/\/tuzlainfo.ba\/index.php\/wp-json\/wp\/v2\/users\/8"}],"replies":[{"embeddable":true,"href":"https:\/\/tuzlainfo.ba\/index.php\/wp-json\/wp\/v2\/comments?post=301125"}],"version-history":[{"count":1,"href":"https:\/\/tuzlainfo.ba\/index.php\/wp-json\/wp\/v2\/posts\/301125\/revisions"}],"predecessor-version":[{"id":301129,"href":"https:\/\/tuzlainfo.ba\/index.php\/wp-json\/wp\/v2\/posts\/301125\/revisions\/301129"}],"wp:featuredmedia":[{"embeddable":true,"href":"https:\/\/tuzlainfo.ba\/index.php\/wp-json\/wp\/v2\/media\/301128"}],"wp:attachment":[{"href":"https:\/\/tuzlainfo.ba\/index.php\/wp-json\/wp\/v2\/media?parent=301125"}],"wp:term":[{"taxonomy":"category","embeddable":true,"href":"https:\/\/tuzlainfo.ba\/index.php\/wp-json\/wp\/v2\/categories?post=301125"},{"taxonomy":"post_tag","embeddable":true,"href":"https:\/\/tuzlainfo.ba\/index.php\/wp-json\/wp\/v2\/tags?post=301125"}],"curies":[{"name":"wp","href":"https:\/\/api.w.org\/{rel}","templated":true}]}}