{"id":301052,"date":"2026-04-23T12:36:58","date_gmt":"2026-04-23T10:36:58","guid":{"rendered":"https:\/\/tuzlainfo.ba\/?p=301052"},"modified":"2026-04-23T11:08:07","modified_gmt":"2026-04-23T09:08:07","slug":"juzna-plinska-interkonekcija-ulazi-u-zavrsnu-fazu-bih-i-hrvatska-danas-otvaraju-pregovore-o-sporazumu","status":"publish","type":"post","link":"https:\/\/tuzlainfo.ba\/index.php\/bosna-i-hercegovina\/item\/301052-juzna-plinska-interkonekcija-ulazi-u-zavrsnu-fazu-bih-i-hrvatska-danas-otvaraju-pregovore-o-sporazumu\/","title":{"rendered":"Ju\u017ena plinska interkonekcija ulazi u zavr\u0161nu fazu, BiH i Hrvatska danas otvaraju pregovore o sporazumu"},"content":{"rendered":"<p>Ju\u017ena plinska interkonekcija danas bi trebala u\u0107i u novu, zavr\u0161nu fazu, jer bi delegacije Bosne i Hercegovine i Hrvatske u poslijepodnevnim satima trebale zapo\u010deti pregovore o sporazumu koji se odnosi na realizaciju ovog velikog energetskog projekta. Prethodno je Predsjedni\u0161tvo BiH na hitnoj telefonskoj sjednici dalo zeleno svjetlo za pokretanje pregovora, nakon \u0161to je Vije\u0107e ministara BiH ranije utvrdilo prijedlog osnova za vo\u0111enje razgovora s Hrvatskom.<\/p>\n<p>Prema aktuelnom planu, pregovori bi trebali biti zavr\u0161eni najkasnije do petka, kako bi Vije\u0107e ministara BiH moglo dati saglasnost na usagla\u0161eni tekst sporazuma, a zatim bi isti dokument trebalo potvrditi i Predsjedni\u0161tvo BiH. U diplomatskim i institucionalnim krugovima o\u010dekuje se ubrzana procedura, jer postoji namjera da sporazum bude potpisan ve\u0107 u utorak na Summitu Inicijative triju mora u Dubrovniku, u prisustvu predsjedavaju\u0107e Vije\u0107a ministara BiH Borjane Kri\u0161to i hrvatskog premijera Andreja Plenkovi\u0107a.<\/p>\n<p>Ju\u017ena plinska interkonekcija ure\u0111uje saradnju dvije dr\u017eave na izgradnji plinske veze koja bi povezala pravac Zagvozd u Hrvatskoj s Posu\u0161jem, Tomislavgradom, Kupresom, Bugojnom i Novim Travnikom, odnosno Travnikom, uz dodatne krakove prema Grudama, \u0160irokom Brijegu, Mostaru, Livnu, Gornjem Vakufu-Uskoplju, Donjem Vakufu, Jajcu i \u010capljini, kao i pravac Kladanj, Tuzla u Bosni i Hercegovini te plinovod Split, Zagvozd u Hrvatskoj. Rije\u010d je o projektu koji se godinama ozna\u010dava kao jedan od klju\u010dnih energetskih zahvata za Bosnu i Hercegovinu.<\/p>\n<p>Dodatnu politi\u010dku i ekonomsku te\u017einu cijeloj pri\u010di daje \u010dinjenica da je Ju\u017ena plinska interkonekcija u institucijama Federacije BiH ve\u0107 dobila zakonski okvir za uklju\u010divanje ameri\u010dkog investitora. Vlada Federacije BiH je jo\u0161 u januaru informisana o pismu namjere ameri\u010dke kompanije AAFS Infrastructure and Energy LLC, zainteresovane za projekt, dok su u me\u0111uvremenu oba doma Parlamenta FBiH odobrila izmjene zakona koje otvaraju prostor za takvo rje\u0161enje.<\/p>\n<p>Ovaj projekt vlasti u BiH i Hrvatskoj predstavljaju kao klju\u010dni strate\u0161ki iskorak, prije svega zbog diverzifikacije izvora snabdijevanja gasom i ja\u010danja energetske sigurnosti zemlje. Ju\u017ena plinska interkonekcija BiH bi omogu\u0107ila direktnije povezivanje s evropskim i globalnim tr\u017ei\u0161tem prirodnog plina, uklju\u010duju\u0107i i pristup LNG terminalu na Krku, \u010dime bi se smanjila zavisnost od jednog pravca snabdijevanja.<\/p>\n<p>Upravo zbog toga se naredni dani smatraju presudnim za formalizaciju sporazuma izme\u0111u BiH i Hrvatske. Ukoliko sve planirane procedure budu zavr\u0161ene u predvi\u0111enim rokovima, Ju\u017ena plinska interkonekcija mogla bi ve\u0107 naredne sedmice dobiti i svoj me\u0111udr\u017eavni sporazum, \u010dime bi jedan od najve\u0107ih infrastrukturnih projekata u Bosni i Hercegovini kona\u010dno pre\u0161ao iz politi\u010dke i zakonodavne faze u konkretnu realizaciju.<\/p>\n","protected":false},"excerpt":{"rendered":"<p>Ju\u017ena plinska interkonekcija danas bi trebala u\u0107i u novu, zavr\u0161nu fazu, jer bi delegacije Bosne&hellip;<\/p>\n","protected":false},"author":8,"featured_media":291842,"comment_status":"closed","ping_status":"closed","sticky":false,"template":"","format":"standard","meta":{"_acf_changed":false,"footnotes":""},"categories":[291],"tags":[13816,801],"acf":[],"yoast_head":"<!-- This site is optimized with the Yoast SEO plugin v23.5 - https:\/\/yoast.com\/wordpress\/plugins\/seo\/ -->\n<title>Ju\u017ena plinska interkonekcija ulazi u zavr\u0161nu fazu, BiH i Hrvatska danas otvaraju pregovore o sporazumu - TuzlaInfo.ba<\/title>\n<meta name=\"robots\" content=\"index, follow, max-snippet:-1, max-image-preview:large, max-video-preview:-1\" \/>\n<link rel=\"canonical\" href=\"https:\/\/tuzlainfo.ba\/index.php\/bosna-i-hercegovina\/item\/301052-juzna-plinska-interkonekcija-ulazi-u-zavrsnu-fazu-bih-i-hrvatska-danas-otvaraju-pregovore-o-sporazumu\/\" \/>\n<meta property=\"og:locale\" content=\"bs_BA\" \/>\n<meta property=\"og:type\" content=\"article\" \/>\n<meta property=\"og:title\" content=\"Ju\u017ena plinska interkonekcija ulazi u zavr\u0161nu fazu, BiH i Hrvatska danas otvaraju pregovore o sporazumu - TuzlaInfo.ba\" \/>\n<meta property=\"og:description\" content=\"Ju\u017ena plinska interkonekcija danas bi trebala u\u0107i u novu, zavr\u0161nu fazu, jer bi delegacije Bosne&hellip;\" \/>\n<meta property=\"og:url\" content=\"https:\/\/tuzlainfo.ba\/index.php\/bosna-i-hercegovina\/item\/301052-juzna-plinska-interkonekcija-ulazi-u-zavrsnu-fazu-bih-i-hrvatska-danas-otvaraju-pregovore-o-sporazumu\/\" \/>\n<meta property=\"og:site_name\" content=\"TuzlaInfo.ba\" \/>\n<meta property=\"article:publisher\" content=\"https:\/\/www.facebook.com\/tuzlainfo.ba\/\" \/>\n<meta property=\"article:published_time\" content=\"2026-04-23T10:36:58+00:00\" \/>\n<meta property=\"article:modified_time\" content=\"2026-04-23T09:08:07+00:00\" \/>\n<meta property=\"og:image\" content=\"https:\/\/tuzlainfo.ba\/wp-content\/uploads\/2026\/01\/juzna-plinska-interkonekcija-sastanak.jpeg\" \/>\n\t<meta property=\"og:image:width\" content=\"1279\" \/>\n\t<meta property=\"og:image:height\" content=\"853\" \/>\n\t<meta property=\"og:image:type\" content=\"image\/jpeg\" \/>\n<meta name=\"author\" content=\"Admin Tri\" \/>\n<meta name=\"twitter:card\" content=\"summary_large_image\" \/>\n<meta name=\"twitter:label1\" content=\"Written by\" \/>\n\t<meta name=\"twitter:data1\" content=\"Admin Tri\" \/>\n\t<meta name=\"twitter:label2\" content=\"Est. reading time\" \/>\n\t<meta name=\"twitter:data2\" content=\"3 minute\" \/>\n<script type=\"application\/ld+json\" class=\"yoast-schema-graph\">{\"@context\":\"https:\/\/schema.org\",\"@graph\":[{\"@type\":\"Article\",\"@id\":\"https:\/\/tuzlainfo.ba\/index.php\/bosna-i-hercegovina\/item\/301052-juzna-plinska-interkonekcija-ulazi-u-zavrsnu-fazu-bih-i-hrvatska-danas-otvaraju-pregovore-o-sporazumu\/#article\",\"isPartOf\":{\"@id\":\"https:\/\/tuzlainfo.ba\/index.php\/bosna-i-hercegovina\/item\/301052-juzna-plinska-interkonekcija-ulazi-u-zavrsnu-fazu-bih-i-hrvatska-danas-otvaraju-pregovore-o-sporazumu\/\"},\"author\":{\"name\":\"Admin Tri\",\"@id\":\"https:\/\/tuzlainfo.ba\/#\/schema\/person\/593e78a2f6378c5ba3e7600ecfa4e63a\"},\"headline\":\"Ju\u017ena plinska interkonekcija ulazi u zavr\u0161nu fazu, BiH i Hrvatska danas otvaraju pregovore o sporazumu\",\"datePublished\":\"2026-04-23T10:36:58+00:00\",\"dateModified\":\"2026-04-23T09:08:07+00:00\",\"mainEntityOfPage\":{\"@id\":\"https:\/\/tuzlainfo.ba\/index.php\/bosna-i-hercegovina\/item\/301052-juzna-plinska-interkonekcija-ulazi-u-zavrsnu-fazu-bih-i-hrvatska-danas-otvaraju-pregovore-o-sporazumu\/\"},\"wordCount\":458,\"publisher\":{\"@id\":\"https:\/\/tuzlainfo.ba\/#organization\"},\"image\":{\"@id\":\"https:\/\/tuzlainfo.ba\/index.php\/bosna-i-hercegovina\/item\/301052-juzna-plinska-interkonekcija-ulazi-u-zavrsnu-fazu-bih-i-hrvatska-danas-otvaraju-pregovore-o-sporazumu\/#primaryimage\"},\"thumbnailUrl\":\"https:\/\/tuzlainfo.ba\/wp-content\/uploads\/2026\/01\/juzna-plinska-interkonekcija-sastanak.jpeg\",\"keywords\":[\"ju\u017ena plinska interkonekcija\",\"sporazum\"],\"articleSection\":[\"Bosna i Hercegovina\"],\"inLanguage\":\"bs-BA\"},{\"@type\":\"WebPage\",\"@id\":\"https:\/\/tuzlainfo.ba\/index.php\/bosna-i-hercegovina\/item\/301052-juzna-plinska-interkonekcija-ulazi-u-zavrsnu-fazu-bih-i-hrvatska-danas-otvaraju-pregovore-o-sporazumu\/\",\"url\":\"https:\/\/tuzlainfo.ba\/index.php\/bosna-i-hercegovina\/item\/301052-juzna-plinska-interkonekcija-ulazi-u-zavrsnu-fazu-bih-i-hrvatska-danas-otvaraju-pregovore-o-sporazumu\/\",\"name\":\"Ju\u017ena plinska interkonekcija ulazi u zavr\u0161nu fazu, BiH i Hrvatska danas otvaraju pregovore o sporazumu - TuzlaInfo.ba\",\"isPartOf\":{\"@id\":\"https:\/\/tuzlainfo.ba\/#website\"},\"primaryImageOfPage\":{\"@id\":\"https:\/\/tuzlainfo.ba\/index.php\/bosna-i-hercegovina\/item\/301052-juzna-plinska-interkonekcija-ulazi-u-zavrsnu-fazu-bih-i-hrvatska-danas-otvaraju-pregovore-o-sporazumu\/#primaryimage\"},\"image\":{\"@id\":\"https:\/\/tuzlainfo.ba\/index.php\/bosna-i-hercegovina\/item\/301052-juzna-plinska-interkonekcija-ulazi-u-zavrsnu-fazu-bih-i-hrvatska-danas-otvaraju-pregovore-o-sporazumu\/#primaryimage\"},\"thumbnailUrl\":\"https:\/\/tuzlainfo.ba\/wp-content\/uploads\/2026\/01\/juzna-plinska-interkonekcija-sastanak.jpeg\",\"datePublished\":\"2026-04-23T10:36:58+00:00\",\"dateModified\":\"2026-04-23T09:08:07+00:00\",\"breadcrumb\":{\"@id\":\"https:\/\/tuzlainfo.ba\/index.php\/bosna-i-hercegovina\/item\/301052-juzna-plinska-interkonekcija-ulazi-u-zavrsnu-fazu-bih-i-hrvatska-danas-otvaraju-pregovore-o-sporazumu\/#breadcrumb\"},\"inLanguage\":\"bs-BA\",\"potentialAction\":[{\"@type\":\"ReadAction\",\"target\":[\"https:\/\/tuzlainfo.ba\/index.php\/bosna-i-hercegovina\/item\/301052-juzna-plinska-interkonekcija-ulazi-u-zavrsnu-fazu-bih-i-hrvatska-danas-otvaraju-pregovore-o-sporazumu\/\"]}]},{\"@type\":\"ImageObject\",\"inLanguage\":\"bs-BA\",\"@id\":\"https:\/\/tuzlainfo.ba\/index.php\/bosna-i-hercegovina\/item\/301052-juzna-plinska-interkonekcija-ulazi-u-zavrsnu-fazu-bih-i-hrvatska-danas-otvaraju-pregovore-o-sporazumu\/#primaryimage\",\"url\":\"https:\/\/tuzlainfo.ba\/wp-content\/uploads\/2026\/01\/juzna-plinska-interkonekcija-sastanak.jpeg\",\"contentUrl\":\"https:\/\/tuzlainfo.ba\/wp-content\/uploads\/2026\/01\/juzna-plinska-interkonekcija-sastanak.jpeg\",\"width\":1279,\"height\":853},{\"@type\":\"BreadcrumbList\",\"@id\":\"https:\/\/tuzlainfo.ba\/index.php\/bosna-i-hercegovina\/item\/301052-juzna-plinska-interkonekcija-ulazi-u-zavrsnu-fazu-bih-i-hrvatska-danas-otvaraju-pregovore-o-sporazumu\/#breadcrumb\",\"itemListElement\":[{\"@type\":\"ListItem\",\"position\":1,\"name\":\"Home\",\"item\":\"https:\/\/tuzlainfo.ba\/\"},{\"@type\":\"ListItem\",\"position\":2,\"name\":\"Ju\u017ena plinska interkonekcija ulazi u zavr\u0161nu fazu, BiH i Hrvatska danas otvaraju pregovore o sporazumu\"}]},{\"@type\":\"WebSite\",\"@id\":\"https:\/\/tuzlainfo.ba\/#website\",\"url\":\"https:\/\/tuzlainfo.ba\/\",\"name\":\"TuzlaInfo.ba\",\"description\":\"Tuzla info, gradski informator - Tuzla na dlanu\",\"publisher\":{\"@id\":\"https:\/\/tuzlainfo.ba\/#organization\"},\"potentialAction\":[{\"@type\":\"SearchAction\",\"target\":{\"@type\":\"EntryPoint\",\"urlTemplate\":\"https:\/\/tuzlainfo.ba\/?s={search_term_string}\"},\"query-input\":{\"@type\":\"PropertyValueSpecification\",\"valueRequired\":true,\"valueName\":\"search_term_string\"}}],\"inLanguage\":\"bs-BA\"},{\"@type\":\"Organization\",\"@id\":\"https:\/\/tuzlainfo.ba\/#organization\",\"name\":\"TuzlaInfo.ba\",\"url\":\"https:\/\/tuzlainfo.ba\/\",\"logo\":{\"@type\":\"ImageObject\",\"inLanguage\":\"bs-BA\",\"@id\":\"https:\/\/tuzlainfo.ba\/#\/schema\/logo\/image\/\",\"url\":\"https:\/\/tuzlainfo.ba\/wp-content\/uploads\/2021\/03\/logo-ver-3-1.png\",\"contentUrl\":\"https:\/\/tuzlainfo.ba\/wp-content\/uploads\/2021\/03\/logo-ver-3-1.png\",\"width\":350,\"height\":95,\"caption\":\"TuzlaInfo.ba\"},\"image\":{\"@id\":\"https:\/\/tuzlainfo.ba\/#\/schema\/logo\/image\/\"},\"sameAs\":[\"https:\/\/www.facebook.com\/tuzlainfo.ba\/\"]},{\"@type\":\"Person\",\"@id\":\"https:\/\/tuzlainfo.ba\/#\/schema\/person\/593e78a2f6378c5ba3e7600ecfa4e63a\",\"name\":\"Admin Tri\",\"image\":{\"@type\":\"ImageObject\",\"inLanguage\":\"bs-BA\",\"@id\":\"https:\/\/tuzlainfo.ba\/#\/schema\/person\/image\/\",\"url\":\"https:\/\/tuzlainfo.ba\/wp-content\/litespeed\/avatar\/b7920db4cc34a71ad12497283ad2fe3f.jpg?ver=1777100914\",\"contentUrl\":\"https:\/\/tuzlainfo.ba\/wp-content\/litespeed\/avatar\/b7920db4cc34a71ad12497283ad2fe3f.jpg?ver=1777100914\",\"caption\":\"Admin Tri\"},\"sameAs\":[\"https:\/\/tuzlainfo.ba\"]}]}<\/script>\n<!-- \/ Yoast SEO plugin. -->","yoast_head_json":{"title":"Ju\u017ena plinska interkonekcija ulazi u zavr\u0161nu fazu, BiH i Hrvatska danas otvaraju pregovore o sporazumu - TuzlaInfo.ba","robots":{"index":"index","follow":"follow","max-snippet":"max-snippet:-1","max-image-preview":"max-image-preview:large","max-video-preview":"max-video-preview:-1"},"canonical":"https:\/\/tuzlainfo.ba\/index.php\/bosna-i-hercegovina\/item\/301052-juzna-plinska-interkonekcija-ulazi-u-zavrsnu-fazu-bih-i-hrvatska-danas-otvaraju-pregovore-o-sporazumu\/","og_locale":"bs_BA","og_type":"article","og_title":"Ju\u017ena plinska interkonekcija ulazi u zavr\u0161nu fazu, BiH i Hrvatska danas otvaraju pregovore o sporazumu - TuzlaInfo.ba","og_description":"Ju\u017ena plinska interkonekcija danas bi trebala u\u0107i u novu, zavr\u0161nu fazu, jer bi delegacije Bosne&hellip;","og_url":"https:\/\/tuzlainfo.ba\/index.php\/bosna-i-hercegovina\/item\/301052-juzna-plinska-interkonekcija-ulazi-u-zavrsnu-fazu-bih-i-hrvatska-danas-otvaraju-pregovore-o-sporazumu\/","og_site_name":"TuzlaInfo.ba","article_publisher":"https:\/\/www.facebook.com\/tuzlainfo.ba\/","article_published_time":"2026-04-23T10:36:58+00:00","article_modified_time":"2026-04-23T09:08:07+00:00","og_image":[{"width":1279,"height":853,"url":"https:\/\/tuzlainfo.ba\/wp-content\/uploads\/2026\/01\/juzna-plinska-interkonekcija-sastanak.jpeg","type":"image\/jpeg"}],"author":"Admin Tri","twitter_card":"summary_large_image","twitter_misc":{"Written by":"Admin Tri","Est. reading time":"3 minute"},"schema":{"@context":"https:\/\/schema.org","@graph":[{"@type":"Article","@id":"https:\/\/tuzlainfo.ba\/index.php\/bosna-i-hercegovina\/item\/301052-juzna-plinska-interkonekcija-ulazi-u-zavrsnu-fazu-bih-i-hrvatska-danas-otvaraju-pregovore-o-sporazumu\/#article","isPartOf":{"@id":"https:\/\/tuzlainfo.ba\/index.php\/bosna-i-hercegovina\/item\/301052-juzna-plinska-interkonekcija-ulazi-u-zavrsnu-fazu-bih-i-hrvatska-danas-otvaraju-pregovore-o-sporazumu\/"},"author":{"name":"Admin Tri","@id":"https:\/\/tuzlainfo.ba\/#\/schema\/person\/593e78a2f6378c5ba3e7600ecfa4e63a"},"headline":"Ju\u017ena plinska interkonekcija ulazi u zavr\u0161nu fazu, BiH i Hrvatska danas otvaraju pregovore o sporazumu","datePublished":"2026-04-23T10:36:58+00:00","dateModified":"2026-04-23T09:08:07+00:00","mainEntityOfPage":{"@id":"https:\/\/tuzlainfo.ba\/index.php\/bosna-i-hercegovina\/item\/301052-juzna-plinska-interkonekcija-ulazi-u-zavrsnu-fazu-bih-i-hrvatska-danas-otvaraju-pregovore-o-sporazumu\/"},"wordCount":458,"publisher":{"@id":"https:\/\/tuzlainfo.ba\/#organization"},"image":{"@id":"https:\/\/tuzlainfo.ba\/index.php\/bosna-i-hercegovina\/item\/301052-juzna-plinska-interkonekcija-ulazi-u-zavrsnu-fazu-bih-i-hrvatska-danas-otvaraju-pregovore-o-sporazumu\/#primaryimage"},"thumbnailUrl":"https:\/\/tuzlainfo.ba\/wp-content\/uploads\/2026\/01\/juzna-plinska-interkonekcija-sastanak.jpeg","keywords":["ju\u017ena plinska interkonekcija","sporazum"],"articleSection":["Bosna i Hercegovina"],"inLanguage":"bs-BA"},{"@type":"WebPage","@id":"https:\/\/tuzlainfo.ba\/index.php\/bosna-i-hercegovina\/item\/301052-juzna-plinska-interkonekcija-ulazi-u-zavrsnu-fazu-bih-i-hrvatska-danas-otvaraju-pregovore-o-sporazumu\/","url":"https:\/\/tuzlainfo.ba\/index.php\/bosna-i-hercegovina\/item\/301052-juzna-plinska-interkonekcija-ulazi-u-zavrsnu-fazu-bih-i-hrvatska-danas-otvaraju-pregovore-o-sporazumu\/","name":"Ju\u017ena plinska interkonekcija ulazi u zavr\u0161nu fazu, BiH i Hrvatska danas otvaraju pregovore o sporazumu - TuzlaInfo.ba","isPartOf":{"@id":"https:\/\/tuzlainfo.ba\/#website"},"primaryImageOfPage":{"@id":"https:\/\/tuzlainfo.ba\/index.php\/bosna-i-hercegovina\/item\/301052-juzna-plinska-interkonekcija-ulazi-u-zavrsnu-fazu-bih-i-hrvatska-danas-otvaraju-pregovore-o-sporazumu\/#primaryimage"},"image":{"@id":"https:\/\/tuzlainfo.ba\/index.php\/bosna-i-hercegovina\/item\/301052-juzna-plinska-interkonekcija-ulazi-u-zavrsnu-fazu-bih-i-hrvatska-danas-otvaraju-pregovore-o-sporazumu\/#primaryimage"},"thumbnailUrl":"https:\/\/tuzlainfo.ba\/wp-content\/uploads\/2026\/01\/juzna-plinska-interkonekcija-sastanak.jpeg","datePublished":"2026-04-23T10:36:58+00:00","dateModified":"2026-04-23T09:08:07+00:00","breadcrumb":{"@id":"https:\/\/tuzlainfo.ba\/index.php\/bosna-i-hercegovina\/item\/301052-juzna-plinska-interkonekcija-ulazi-u-zavrsnu-fazu-bih-i-hrvatska-danas-otvaraju-pregovore-o-sporazumu\/#breadcrumb"},"inLanguage":"bs-BA","potentialAction":[{"@type":"ReadAction","target":["https:\/\/tuzlainfo.ba\/index.php\/bosna-i-hercegovina\/item\/301052-juzna-plinska-interkonekcija-ulazi-u-zavrsnu-fazu-bih-i-hrvatska-danas-otvaraju-pregovore-o-sporazumu\/"]}]},{"@type":"ImageObject","inLanguage":"bs-BA","@id":"https:\/\/tuzlainfo.ba\/index.php\/bosna-i-hercegovina\/item\/301052-juzna-plinska-interkonekcija-ulazi-u-zavrsnu-fazu-bih-i-hrvatska-danas-otvaraju-pregovore-o-sporazumu\/#primaryimage","url":"https:\/\/tuzlainfo.ba\/wp-content\/uploads\/2026\/01\/juzna-plinska-interkonekcija-sastanak.jpeg","contentUrl":"https:\/\/tuzlainfo.ba\/wp-content\/uploads\/2026\/01\/juzna-plinska-interkonekcija-sastanak.jpeg","width":1279,"height":853},{"@type":"BreadcrumbList","@id":"https:\/\/tuzlainfo.ba\/index.php\/bosna-i-hercegovina\/item\/301052-juzna-plinska-interkonekcija-ulazi-u-zavrsnu-fazu-bih-i-hrvatska-danas-otvaraju-pregovore-o-sporazumu\/#breadcrumb","itemListElement":[{"@type":"ListItem","position":1,"name":"Home","item":"https:\/\/tuzlainfo.ba\/"},{"@type":"ListItem","position":2,"name":"Ju\u017ena plinska interkonekcija ulazi u zavr\u0161nu fazu, BiH i Hrvatska danas otvaraju pregovore o sporazumu"}]},{"@type":"WebSite","@id":"https:\/\/tuzlainfo.ba\/#website","url":"https:\/\/tuzlainfo.ba\/","name":"TuzlaInfo.ba","description":"Tuzla info, gradski informator - Tuzla na dlanu","publisher":{"@id":"https:\/\/tuzlainfo.ba\/#organization"},"potentialAction":[{"@type":"SearchAction","target":{"@type":"EntryPoint","urlTemplate":"https:\/\/tuzlainfo.ba\/?s={search_term_string}"},"query-input":{"@type":"PropertyValueSpecification","valueRequired":true,"valueName":"search_term_string"}}],"inLanguage":"bs-BA"},{"@type":"Organization","@id":"https:\/\/tuzlainfo.ba\/#organization","name":"TuzlaInfo.ba","url":"https:\/\/tuzlainfo.ba\/","logo":{"@type":"ImageObject","inLanguage":"bs-BA","@id":"https:\/\/tuzlainfo.ba\/#\/schema\/logo\/image\/","url":"https:\/\/tuzlainfo.ba\/wp-content\/uploads\/2021\/03\/logo-ver-3-1.png","contentUrl":"https:\/\/tuzlainfo.ba\/wp-content\/uploads\/2021\/03\/logo-ver-3-1.png","width":350,"height":95,"caption":"TuzlaInfo.ba"},"image":{"@id":"https:\/\/tuzlainfo.ba\/#\/schema\/logo\/image\/"},"sameAs":["https:\/\/www.facebook.com\/tuzlainfo.ba\/"]},{"@type":"Person","@id":"https:\/\/tuzlainfo.ba\/#\/schema\/person\/593e78a2f6378c5ba3e7600ecfa4e63a","name":"Admin Tri","image":{"@type":"ImageObject","inLanguage":"bs-BA","@id":"https:\/\/tuzlainfo.ba\/#\/schema\/person\/image\/","url":"https:\/\/tuzlainfo.ba\/wp-content\/litespeed\/avatar\/b7920db4cc34a71ad12497283ad2fe3f.jpg?ver=1777100914","contentUrl":"https:\/\/tuzlainfo.ba\/wp-content\/litespeed\/avatar\/b7920db4cc34a71ad12497283ad2fe3f.jpg?ver=1777100914","caption":"Admin Tri"},"sameAs":["https:\/\/tuzlainfo.ba"]}]}},"_links":{"self":[{"href":"https:\/\/tuzlainfo.ba\/index.php\/wp-json\/wp\/v2\/posts\/301052"}],"collection":[{"href":"https:\/\/tuzlainfo.ba\/index.php\/wp-json\/wp\/v2\/posts"}],"about":[{"href":"https:\/\/tuzlainfo.ba\/index.php\/wp-json\/wp\/v2\/types\/post"}],"author":[{"embeddable":true,"href":"https:\/\/tuzlainfo.ba\/index.php\/wp-json\/wp\/v2\/users\/8"}],"replies":[{"embeddable":true,"href":"https:\/\/tuzlainfo.ba\/index.php\/wp-json\/wp\/v2\/comments?post=301052"}],"version-history":[{"count":1,"href":"https:\/\/tuzlainfo.ba\/index.php\/wp-json\/wp\/v2\/posts\/301052\/revisions"}],"predecessor-version":[{"id":301053,"href":"https:\/\/tuzlainfo.ba\/index.php\/wp-json\/wp\/v2\/posts\/301052\/revisions\/301053"}],"wp:featuredmedia":[{"embeddable":true,"href":"https:\/\/tuzlainfo.ba\/index.php\/wp-json\/wp\/v2\/media\/291842"}],"wp:attachment":[{"href":"https:\/\/tuzlainfo.ba\/index.php\/wp-json\/wp\/v2\/media?parent=301052"}],"wp:term":[{"taxonomy":"category","embeddable":true,"href":"https:\/\/tuzlainfo.ba\/index.php\/wp-json\/wp\/v2\/categories?post=301052"},{"taxonomy":"post_tag","embeddable":true,"href":"https:\/\/tuzlainfo.ba\/index.php\/wp-json\/wp\/v2\/tags?post=301052"}],"curies":[{"name":"wp","href":"https:\/\/api.w.org\/{rel}","templated":true}]}}