{"id":301039,"date":"2026-04-26T07:58:16","date_gmt":"2026-04-26T05:58:16","guid":{"rendered":"https:\/\/tuzlainfo.ba\/?p=301039"},"modified":"2026-04-23T13:39:31","modified_gmt":"2026-04-23T11:39:31","slug":"danas-pretezno-suncano-sutra-promjena-vremena-i-lokalni-pljuskovi-u-bih","status":"publish","type":"post","link":"https:\/\/tuzlainfo.ba\/index.php\/bosna-i-hercegovina\/item\/301039-danas-pretezno-suncano-sutra-promjena-vremena-i-lokalni-pljuskovi-u-bih\/","title":{"rendered":"Danas prete\u017eno sun\u010dano, sutra promjena vremena i lokalni pljuskovi u BiH"},"content":{"rendered":"<p>Danas u Bosni i Hercegovini prete\u017eno sun\u010dano vrijeme. Vjetar je slab do umjerene ja\u010dine sjevernog i sjeveroisto\u010dnog smjera.<\/p>\n<p>Najni\u017ea jutarnja temperatura zraka ve\u0107inom izme\u0111u 4 i 8\u00b0C, na jugu zemlje do 12\u00b0C. Najvi\u0161a dnevna temperatura zraka uglavnom izme\u0111u 19 i 24\u00b0C, na jugu zemlje do 26\u00b0C.<\/p>\n<p>Sutra u Bosni i Hercegovini sun\u010dano uz umjerenu obla\u010dnost. U drugoj polovini dana lokalni pljuskovi su najizgledniji na zapadu, jugozapadu i centralnom dijelu Bosne.<\/p>\n<p>Vjetar je slab do umjerene ja\u010dine isto\u010dnog i sjeveroisto\u010dnog smjera. Najni\u017ea jutarnja temperatura zraka ve\u0107inom izme\u0111u 4 i 8\u00b0C, na jugu zemlje do 13\u00b0C. Najvi\u0161a dnevna temperatura zraka uglavnom izme\u0111u 15 i 20\u00b0C, na jugu zemlje do 25\u00b0C.<\/p>\n","protected":false},"excerpt":{"rendered":"<p>Danas u Bosni i Hercegovini prete\u017eno sun\u010dano vrijeme. Vjetar je slab do umjerene ja\u010dine sjevernog&hellip;<\/p>\n","protected":false},"author":8,"featured_media":57892,"comment_status":"closed","ping_status":"closed","sticky":false,"template":"","format":"standard","meta":{"_acf_changed":false,"footnotes":""},"categories":[291,304],"tags":[328,312],"acf":[],"yoast_head":"<!-- This site is optimized with the Yoast SEO plugin v23.5 - https:\/\/yoast.com\/wordpress\/plugins\/seo\/ -->\n<title>Danas prete\u017eno sun\u010dano, sutra promjena vremena i lokalni pljuskovi u BiH - TuzlaInfo.ba<\/title>\n<meta name=\"robots\" content=\"index, follow, max-snippet:-1, max-image-preview:large, max-video-preview:-1\" \/>\n<link rel=\"canonical\" href=\"https:\/\/tuzlainfo.ba\/index.php\/bosna-i-hercegovina\/item\/301039-danas-pretezno-suncano-sutra-promjena-vremena-i-lokalni-pljuskovi-u-bih\/\" \/>\n<meta property=\"og:locale\" content=\"bs_BA\" \/>\n<meta property=\"og:type\" content=\"article\" \/>\n<meta property=\"og:title\" content=\"Danas prete\u017eno sun\u010dano, sutra promjena vremena i lokalni pljuskovi u BiH - TuzlaInfo.ba\" \/>\n<meta property=\"og:description\" content=\"Danas u Bosni i Hercegovini prete\u017eno sun\u010dano vrijeme. Vjetar je slab do umjerene ja\u010dine sjevernog&hellip;\" \/>\n<meta property=\"og:url\" content=\"https:\/\/tuzlainfo.ba\/index.php\/bosna-i-hercegovina\/item\/301039-danas-pretezno-suncano-sutra-promjena-vremena-i-lokalni-pljuskovi-u-bih\/\" \/>\n<meta property=\"og:site_name\" content=\"TuzlaInfo.ba\" \/>\n<meta property=\"article:publisher\" content=\"https:\/\/www.facebook.com\/tuzlainfo.ba\/\" \/>\n<meta property=\"article:published_time\" content=\"2026-04-26T05:58:16+00:00\" \/>\n<meta property=\"article:modified_time\" content=\"2026-04-23T11:39:31+00:00\" \/>\n<meta property=\"og:image\" content=\"https:\/\/tuzlainfo.ba\/wp-content\/uploads\/2017\/07\/sadrzaj_2017_201701_vrijeme_0101_suncano.jpg\" \/>\n\t<meta property=\"og:image:width\" content=\"770\" \/>\n\t<meta property=\"og:image:height\" content=\"478\" \/>\n\t<meta property=\"og:image:type\" content=\"image\/jpeg\" \/>\n<meta name=\"author\" content=\"Admin Tri\" \/>\n<meta name=\"twitter:card\" content=\"summary_large_image\" \/>\n<meta name=\"twitter:label1\" content=\"Written by\" \/>\n\t<meta name=\"twitter:data1\" content=\"Admin Tri\" \/>\n\t<meta name=\"twitter:label2\" content=\"Est. reading time\" \/>\n\t<meta name=\"twitter:data2\" content=\"1 minuta\" \/>\n<script type=\"application\/ld+json\" class=\"yoast-schema-graph\">{\"@context\":\"https:\/\/schema.org\",\"@graph\":[{\"@type\":\"Article\",\"@id\":\"https:\/\/tuzlainfo.ba\/index.php\/bosna-i-hercegovina\/item\/301039-danas-pretezno-suncano-sutra-promjena-vremena-i-lokalni-pljuskovi-u-bih\/#article\",\"isPartOf\":{\"@id\":\"https:\/\/tuzlainfo.ba\/index.php\/bosna-i-hercegovina\/item\/301039-danas-pretezno-suncano-sutra-promjena-vremena-i-lokalni-pljuskovi-u-bih\/\"},\"author\":{\"name\":\"Admin Tri\",\"@id\":\"https:\/\/tuzlainfo.ba\/#\/schema\/person\/593e78a2f6378c5ba3e7600ecfa4e63a\"},\"headline\":\"Danas prete\u017eno sun\u010dano, sutra promjena vremena i lokalni pljuskovi u BiH\",\"datePublished\":\"2026-04-26T05:58:16+00:00\",\"dateModified\":\"2026-04-23T11:39:31+00:00\",\"mainEntityOfPage\":{\"@id\":\"https:\/\/tuzlainfo.ba\/index.php\/bosna-i-hercegovina\/item\/301039-danas-pretezno-suncano-sutra-promjena-vremena-i-lokalni-pljuskovi-u-bih\/\"},\"wordCount\":136,\"publisher\":{\"@id\":\"https:\/\/tuzlainfo.ba\/#organization\"},\"image\":{\"@id\":\"https:\/\/tuzlainfo.ba\/index.php\/bosna-i-hercegovina\/item\/301039-danas-pretezno-suncano-sutra-promjena-vremena-i-lokalni-pljuskovi-u-bih\/#primaryimage\"},\"thumbnailUrl\":\"https:\/\/tuzlainfo.ba\/wp-content\/uploads\/2017\/07\/sadrzaj_2017_201701_vrijeme_0101_suncano.jpg\",\"keywords\":[\"vremenska prognoza\",\"vrijeme\"],\"articleSection\":[\"Bosna i Hercegovina\",\"Istaknuto\"],\"inLanguage\":\"bs-BA\"},{\"@type\":\"WebPage\",\"@id\":\"https:\/\/tuzlainfo.ba\/index.php\/bosna-i-hercegovina\/item\/301039-danas-pretezno-suncano-sutra-promjena-vremena-i-lokalni-pljuskovi-u-bih\/\",\"url\":\"https:\/\/tuzlainfo.ba\/index.php\/bosna-i-hercegovina\/item\/301039-danas-pretezno-suncano-sutra-promjena-vremena-i-lokalni-pljuskovi-u-bih\/\",\"name\":\"Danas prete\u017eno sun\u010dano, sutra promjena vremena i lokalni pljuskovi u BiH - TuzlaInfo.ba\",\"isPartOf\":{\"@id\":\"https:\/\/tuzlainfo.ba\/#website\"},\"primaryImageOfPage\":{\"@id\":\"https:\/\/tuzlainfo.ba\/index.php\/bosna-i-hercegovina\/item\/301039-danas-pretezno-suncano-sutra-promjena-vremena-i-lokalni-pljuskovi-u-bih\/#primaryimage\"},\"image\":{\"@id\":\"https:\/\/tuzlainfo.ba\/index.php\/bosna-i-hercegovina\/item\/301039-danas-pretezno-suncano-sutra-promjena-vremena-i-lokalni-pljuskovi-u-bih\/#primaryimage\"},\"thumbnailUrl\":\"https:\/\/tuzlainfo.ba\/wp-content\/uploads\/2017\/07\/sadrzaj_2017_201701_vrijeme_0101_suncano.jpg\",\"datePublished\":\"2026-04-26T05:58:16+00:00\",\"dateModified\":\"2026-04-23T11:39:31+00:00\",\"breadcrumb\":{\"@id\":\"https:\/\/tuzlainfo.ba\/index.php\/bosna-i-hercegovina\/item\/301039-danas-pretezno-suncano-sutra-promjena-vremena-i-lokalni-pljuskovi-u-bih\/#breadcrumb\"},\"inLanguage\":\"bs-BA\",\"potentialAction\":[{\"@type\":\"ReadAction\",\"target\":[\"https:\/\/tuzlainfo.ba\/index.php\/bosna-i-hercegovina\/item\/301039-danas-pretezno-suncano-sutra-promjena-vremena-i-lokalni-pljuskovi-u-bih\/\"]}]},{\"@type\":\"ImageObject\",\"inLanguage\":\"bs-BA\",\"@id\":\"https:\/\/tuzlainfo.ba\/index.php\/bosna-i-hercegovina\/item\/301039-danas-pretezno-suncano-sutra-promjena-vremena-i-lokalni-pljuskovi-u-bih\/#primaryimage\",\"url\":\"https:\/\/tuzlainfo.ba\/wp-content\/uploads\/2017\/07\/sadrzaj_2017_201701_vrijeme_0101_suncano.jpg\",\"contentUrl\":\"https:\/\/tuzlainfo.ba\/wp-content\/uploads\/2017\/07\/sadrzaj_2017_201701_vrijeme_0101_suncano.jpg\",\"width\":770,\"height\":478,\"caption\":\"0101 suncano\"},{\"@type\":\"BreadcrumbList\",\"@id\":\"https:\/\/tuzlainfo.ba\/index.php\/bosna-i-hercegovina\/item\/301039-danas-pretezno-suncano-sutra-promjena-vremena-i-lokalni-pljuskovi-u-bih\/#breadcrumb\",\"itemListElement\":[{\"@type\":\"ListItem\",\"position\":1,\"name\":\"Home\",\"item\":\"https:\/\/tuzlainfo.ba\/\"},{\"@type\":\"ListItem\",\"position\":2,\"name\":\"Danas prete\u017eno sun\u010dano, sutra promjena vremena i lokalni pljuskovi u BiH\"}]},{\"@type\":\"WebSite\",\"@id\":\"https:\/\/tuzlainfo.ba\/#website\",\"url\":\"https:\/\/tuzlainfo.ba\/\",\"name\":\"TuzlaInfo.ba\",\"description\":\"Tuzla info, gradski informator - Tuzla na dlanu\",\"publisher\":{\"@id\":\"https:\/\/tuzlainfo.ba\/#organization\"},\"potentialAction\":[{\"@type\":\"SearchAction\",\"target\":{\"@type\":\"EntryPoint\",\"urlTemplate\":\"https:\/\/tuzlainfo.ba\/?s={search_term_string}\"},\"query-input\":{\"@type\":\"PropertyValueSpecification\",\"valueRequired\":true,\"valueName\":\"search_term_string\"}}],\"inLanguage\":\"bs-BA\"},{\"@type\":\"Organization\",\"@id\":\"https:\/\/tuzlainfo.ba\/#organization\",\"name\":\"TuzlaInfo.ba\",\"url\":\"https:\/\/tuzlainfo.ba\/\",\"logo\":{\"@type\":\"ImageObject\",\"inLanguage\":\"bs-BA\",\"@id\":\"https:\/\/tuzlainfo.ba\/#\/schema\/logo\/image\/\",\"url\":\"https:\/\/tuzlainfo.ba\/wp-content\/uploads\/2021\/03\/logo-ver-3-1.png\",\"contentUrl\":\"https:\/\/tuzlainfo.ba\/wp-content\/uploads\/2021\/03\/logo-ver-3-1.png\",\"width\":350,\"height\":95,\"caption\":\"TuzlaInfo.ba\"},\"image\":{\"@id\":\"https:\/\/tuzlainfo.ba\/#\/schema\/logo\/image\/\"},\"sameAs\":[\"https:\/\/www.facebook.com\/tuzlainfo.ba\/\"]},{\"@type\":\"Person\",\"@id\":\"https:\/\/tuzlainfo.ba\/#\/schema\/person\/593e78a2f6378c5ba3e7600ecfa4e63a\",\"name\":\"Admin Tri\",\"image\":{\"@type\":\"ImageObject\",\"inLanguage\":\"bs-BA\",\"@id\":\"https:\/\/tuzlainfo.ba\/#\/schema\/person\/image\/\",\"url\":\"https:\/\/tuzlainfo.ba\/wp-content\/litespeed\/avatar\/b7920db4cc34a71ad12497283ad2fe3f.jpg?ver=1777100914\",\"contentUrl\":\"https:\/\/tuzlainfo.ba\/wp-content\/litespeed\/avatar\/b7920db4cc34a71ad12497283ad2fe3f.jpg?ver=1777100914\",\"caption\":\"Admin Tri\"},\"sameAs\":[\"https:\/\/tuzlainfo.ba\"]}]}<\/script>\n<!-- \/ Yoast SEO plugin. -->","yoast_head_json":{"title":"Danas prete\u017eno sun\u010dano, sutra promjena vremena i lokalni pljuskovi u BiH - TuzlaInfo.ba","robots":{"index":"index","follow":"follow","max-snippet":"max-snippet:-1","max-image-preview":"max-image-preview:large","max-video-preview":"max-video-preview:-1"},"canonical":"https:\/\/tuzlainfo.ba\/index.php\/bosna-i-hercegovina\/item\/301039-danas-pretezno-suncano-sutra-promjena-vremena-i-lokalni-pljuskovi-u-bih\/","og_locale":"bs_BA","og_type":"article","og_title":"Danas prete\u017eno sun\u010dano, sutra promjena vremena i lokalni pljuskovi u BiH - TuzlaInfo.ba","og_description":"Danas u Bosni i Hercegovini prete\u017eno sun\u010dano vrijeme. Vjetar je slab do umjerene ja\u010dine sjevernog&hellip;","og_url":"https:\/\/tuzlainfo.ba\/index.php\/bosna-i-hercegovina\/item\/301039-danas-pretezno-suncano-sutra-promjena-vremena-i-lokalni-pljuskovi-u-bih\/","og_site_name":"TuzlaInfo.ba","article_publisher":"https:\/\/www.facebook.com\/tuzlainfo.ba\/","article_published_time":"2026-04-26T05:58:16+00:00","article_modified_time":"2026-04-23T11:39:31+00:00","og_image":[{"width":770,"height":478,"url":"https:\/\/tuzlainfo.ba\/wp-content\/uploads\/2017\/07\/sadrzaj_2017_201701_vrijeme_0101_suncano.jpg","type":"image\/jpeg"}],"author":"Admin Tri","twitter_card":"summary_large_image","twitter_misc":{"Written by":"Admin Tri","Est. reading time":"1 minuta"},"schema":{"@context":"https:\/\/schema.org","@graph":[{"@type":"Article","@id":"https:\/\/tuzlainfo.ba\/index.php\/bosna-i-hercegovina\/item\/301039-danas-pretezno-suncano-sutra-promjena-vremena-i-lokalni-pljuskovi-u-bih\/#article","isPartOf":{"@id":"https:\/\/tuzlainfo.ba\/index.php\/bosna-i-hercegovina\/item\/301039-danas-pretezno-suncano-sutra-promjena-vremena-i-lokalni-pljuskovi-u-bih\/"},"author":{"name":"Admin Tri","@id":"https:\/\/tuzlainfo.ba\/#\/schema\/person\/593e78a2f6378c5ba3e7600ecfa4e63a"},"headline":"Danas prete\u017eno sun\u010dano, sutra promjena vremena i lokalni pljuskovi u BiH","datePublished":"2026-04-26T05:58:16+00:00","dateModified":"2026-04-23T11:39:31+00:00","mainEntityOfPage":{"@id":"https:\/\/tuzlainfo.ba\/index.php\/bosna-i-hercegovina\/item\/301039-danas-pretezno-suncano-sutra-promjena-vremena-i-lokalni-pljuskovi-u-bih\/"},"wordCount":136,"publisher":{"@id":"https:\/\/tuzlainfo.ba\/#organization"},"image":{"@id":"https:\/\/tuzlainfo.ba\/index.php\/bosna-i-hercegovina\/item\/301039-danas-pretezno-suncano-sutra-promjena-vremena-i-lokalni-pljuskovi-u-bih\/#primaryimage"},"thumbnailUrl":"https:\/\/tuzlainfo.ba\/wp-content\/uploads\/2017\/07\/sadrzaj_2017_201701_vrijeme_0101_suncano.jpg","keywords":["vremenska prognoza","vrijeme"],"articleSection":["Bosna i Hercegovina","Istaknuto"],"inLanguage":"bs-BA"},{"@type":"WebPage","@id":"https:\/\/tuzlainfo.ba\/index.php\/bosna-i-hercegovina\/item\/301039-danas-pretezno-suncano-sutra-promjena-vremena-i-lokalni-pljuskovi-u-bih\/","url":"https:\/\/tuzlainfo.ba\/index.php\/bosna-i-hercegovina\/item\/301039-danas-pretezno-suncano-sutra-promjena-vremena-i-lokalni-pljuskovi-u-bih\/","name":"Danas prete\u017eno sun\u010dano, sutra promjena vremena i lokalni pljuskovi u BiH - TuzlaInfo.ba","isPartOf":{"@id":"https:\/\/tuzlainfo.ba\/#website"},"primaryImageOfPage":{"@id":"https:\/\/tuzlainfo.ba\/index.php\/bosna-i-hercegovina\/item\/301039-danas-pretezno-suncano-sutra-promjena-vremena-i-lokalni-pljuskovi-u-bih\/#primaryimage"},"image":{"@id":"https:\/\/tuzlainfo.ba\/index.php\/bosna-i-hercegovina\/item\/301039-danas-pretezno-suncano-sutra-promjena-vremena-i-lokalni-pljuskovi-u-bih\/#primaryimage"},"thumbnailUrl":"https:\/\/tuzlainfo.ba\/wp-content\/uploads\/2017\/07\/sadrzaj_2017_201701_vrijeme_0101_suncano.jpg","datePublished":"2026-04-26T05:58:16+00:00","dateModified":"2026-04-23T11:39:31+00:00","breadcrumb":{"@id":"https:\/\/tuzlainfo.ba\/index.php\/bosna-i-hercegovina\/item\/301039-danas-pretezno-suncano-sutra-promjena-vremena-i-lokalni-pljuskovi-u-bih\/#breadcrumb"},"inLanguage":"bs-BA","potentialAction":[{"@type":"ReadAction","target":["https:\/\/tuzlainfo.ba\/index.php\/bosna-i-hercegovina\/item\/301039-danas-pretezno-suncano-sutra-promjena-vremena-i-lokalni-pljuskovi-u-bih\/"]}]},{"@type":"ImageObject","inLanguage":"bs-BA","@id":"https:\/\/tuzlainfo.ba\/index.php\/bosna-i-hercegovina\/item\/301039-danas-pretezno-suncano-sutra-promjena-vremena-i-lokalni-pljuskovi-u-bih\/#primaryimage","url":"https:\/\/tuzlainfo.ba\/wp-content\/uploads\/2017\/07\/sadrzaj_2017_201701_vrijeme_0101_suncano.jpg","contentUrl":"https:\/\/tuzlainfo.ba\/wp-content\/uploads\/2017\/07\/sadrzaj_2017_201701_vrijeme_0101_suncano.jpg","width":770,"height":478,"caption":"0101 suncano"},{"@type":"BreadcrumbList","@id":"https:\/\/tuzlainfo.ba\/index.php\/bosna-i-hercegovina\/item\/301039-danas-pretezno-suncano-sutra-promjena-vremena-i-lokalni-pljuskovi-u-bih\/#breadcrumb","itemListElement":[{"@type":"ListItem","position":1,"name":"Home","item":"https:\/\/tuzlainfo.ba\/"},{"@type":"ListItem","position":2,"name":"Danas prete\u017eno sun\u010dano, sutra promjena vremena i lokalni pljuskovi u BiH"}]},{"@type":"WebSite","@id":"https:\/\/tuzlainfo.ba\/#website","url":"https:\/\/tuzlainfo.ba\/","name":"TuzlaInfo.ba","description":"Tuzla info, gradski informator - Tuzla na dlanu","publisher":{"@id":"https:\/\/tuzlainfo.ba\/#organization"},"potentialAction":[{"@type":"SearchAction","target":{"@type":"EntryPoint","urlTemplate":"https:\/\/tuzlainfo.ba\/?s={search_term_string}"},"query-input":{"@type":"PropertyValueSpecification","valueRequired":true,"valueName":"search_term_string"}}],"inLanguage":"bs-BA"},{"@type":"Organization","@id":"https:\/\/tuzlainfo.ba\/#organization","name":"TuzlaInfo.ba","url":"https:\/\/tuzlainfo.ba\/","logo":{"@type":"ImageObject","inLanguage":"bs-BA","@id":"https:\/\/tuzlainfo.ba\/#\/schema\/logo\/image\/","url":"https:\/\/tuzlainfo.ba\/wp-content\/uploads\/2021\/03\/logo-ver-3-1.png","contentUrl":"https:\/\/tuzlainfo.ba\/wp-content\/uploads\/2021\/03\/logo-ver-3-1.png","width":350,"height":95,"caption":"TuzlaInfo.ba"},"image":{"@id":"https:\/\/tuzlainfo.ba\/#\/schema\/logo\/image\/"},"sameAs":["https:\/\/www.facebook.com\/tuzlainfo.ba\/"]},{"@type":"Person","@id":"https:\/\/tuzlainfo.ba\/#\/schema\/person\/593e78a2f6378c5ba3e7600ecfa4e63a","name":"Admin Tri","image":{"@type":"ImageObject","inLanguage":"bs-BA","@id":"https:\/\/tuzlainfo.ba\/#\/schema\/person\/image\/","url":"https:\/\/tuzlainfo.ba\/wp-content\/litespeed\/avatar\/b7920db4cc34a71ad12497283ad2fe3f.jpg?ver=1777100914","contentUrl":"https:\/\/tuzlainfo.ba\/wp-content\/litespeed\/avatar\/b7920db4cc34a71ad12497283ad2fe3f.jpg?ver=1777100914","caption":"Admin Tri"},"sameAs":["https:\/\/tuzlainfo.ba"]}]}},"_links":{"self":[{"href":"https:\/\/tuzlainfo.ba\/index.php\/wp-json\/wp\/v2\/posts\/301039"}],"collection":[{"href":"https:\/\/tuzlainfo.ba\/index.php\/wp-json\/wp\/v2\/posts"}],"about":[{"href":"https:\/\/tuzlainfo.ba\/index.php\/wp-json\/wp\/v2\/types\/post"}],"author":[{"embeddable":true,"href":"https:\/\/tuzlainfo.ba\/index.php\/wp-json\/wp\/v2\/users\/8"}],"replies":[{"embeddable":true,"href":"https:\/\/tuzlainfo.ba\/index.php\/wp-json\/wp\/v2\/comments?post=301039"}],"version-history":[{"count":2,"href":"https:\/\/tuzlainfo.ba\/index.php\/wp-json\/wp\/v2\/posts\/301039\/revisions"}],"predecessor-version":[{"id":301041,"href":"https:\/\/tuzlainfo.ba\/index.php\/wp-json\/wp\/v2\/posts\/301039\/revisions\/301041"}],"wp:featuredmedia":[{"embeddable":true,"href":"https:\/\/tuzlainfo.ba\/index.php\/wp-json\/wp\/v2\/media\/57892"}],"wp:attachment":[{"href":"https:\/\/tuzlainfo.ba\/index.php\/wp-json\/wp\/v2\/media?parent=301039"}],"wp:term":[{"taxonomy":"category","embeddable":true,"href":"https:\/\/tuzlainfo.ba\/index.php\/wp-json\/wp\/v2\/categories?post=301039"},{"taxonomy":"post_tag","embeddable":true,"href":"https:\/\/tuzlainfo.ba\/index.php\/wp-json\/wp\/v2\/tags?post=301039"}],"curies":[{"name":"wp","href":"https:\/\/api.w.org\/{rel}","templated":true}]}}