{"id":301011,"date":"2026-04-23T11:40:57","date_gmt":"2026-04-23T09:40:57","guid":{"rendered":"https:\/\/tuzlainfo.ba\/?p=301011"},"modified":"2026-04-23T11:07:47","modified_gmt":"2026-04-23T09:07:47","slug":"ferk-odredio-cijenu-elektricne-energije-za-maj","status":"publish","type":"post","link":"https:\/\/tuzlainfo.ba\/index.php\/bosna-i-hercegovina\/item\/301011-ferk-odredio-cijenu-elektricne-energije-za-maj\/","title":{"rendered":"FERK odredio cijenu elektri\u010dne energije za maj"},"content":{"rendered":"<p>Regulatorna komisija za energiju u Federaciji Bosne i Hercegovine (FERK) na redovnoj sjednici donijela je odluku o zamjenskoj tr\u017ei\u0161noj cijeni elektri\u010dne energije za maj 2026. godine, koja iznosi 18,1042 feninga po kilovat-satu.<\/p>\n<p>Rije\u010d je o cijeni po kojoj privilegovani proizvo\u0111a\u010di elektri\u010dne energije iz obnovljivih izvora i efikasne kogeneracije, koji su pravo na poticaj ostvarili putem aukcijskog procesa za velika postrojenja, prodaju elektri\u010dnu energiju Operatoru za obnovljive izvore energije i efikasnu kogeneraciju, sve do uspostave organizovanog dnevnog tr\u017ei\u0161ta elektri\u010dne energije, saop\u0107eno je iz FERK-a.<\/p>\n<p>Na istoj sjednici izdata je dozvola za proizvodnju elektri\u010dne energije kompaniji e SOLAR d.o.o. Mostar, i to za \u0161est fotonaponskih elektrana. Tako\u0111er, Operatoru za obnovljive izvore energije i efikasnu kogeneraciju obnovljena je licenca za rad, s rokom va\u017eenja do 3. septembra 2041. godine.<\/p>\n<p>Zbog neizmirenja regulatorne naknade za 2026. godinu, oduzeta je dozvola za rad kompaniji \u201cTOPLOTA\u201d d.o.o. Zenica za proizvodnju elektri\u010dne energije, iako ovo preduze\u0107e zadr\u017eava status kvalifikovanog proizvo\u0111a\u010da u okviru fotonaponske elektrane \u201cWASS 3\u201d.<\/p>\n<p>U sektoru naftne privrede, obnovljene su licence za trgovinu na veliko naftnim derivatima (bez LPG-a) kompanijama \u201cSI\u010cAJA\u201d d.o.o. Gornji Vakuf-Uskoplje, \u201cSLI\u0160KO\u201d d.o.o. \u017dep\u010de i \u201cHIFA\u201d d.o.o. Te\u0161anj. Ovim firmama su istovremeno obnovljene i dozvole za transport naftnih derivata cestovnim putem.<\/p>\n<p>S druge strane, privrednom dru\u0161tvu EUROBENZ d.o.o. Grude trajno je oduzeta licenca za trgovinu na veliko naftnim derivatima (bez LPG-a), dok je kompaniji \u201cPETROL-P\u201d d.o.o. Biha\u0107 privremeno oduzeta dozvola za istu djelatnost, kao i licenca za transport naftnih derivata u cestovnom saobra\u0107aju.<\/p>\n<p>FERK je, tako\u0111er, uputio u postupak op\u0107e rasprave nacrte dozvola za rad za trgovinu na veliko naftnim derivatima (bez LPG-a) za kompanije \u201cHOLDINA\u201d d.o.o. Sarajevo i \u201cHIFA-PETROL\u201d d.o.o. Sarajevo. Za \u201cHIFA-PETROL\u201d dodatno su upu\u0107eni i nacrti dozvola za trgovinu LPG-om, skladi\u0161tenje naftnih derivata (bez LPG-a) te njihov transport cestovnim putem.<\/p>\n<p>Zainteresirana javnost svoje pisane komentare na nacrte mo\u017ee dostaviti do 5. maja 2026. godine do 12 sati, putem po\u0161te na adresu FERK-a u Mostaru ili elektronski na e-mail adresu kontakt@ferk.ba. Nacrti dozvola dostupni su i u sjedi\u0161tu FERK-a radnim danima, kao i na slu\u017ebenoj internet stranici ove institucije.<\/p>\n<p>Nakon razmatranja \u017ealbi na akte koje su donijela dva javna elektroprivredna preduze\u0107a, FERK je donio ukupno \u0161est rje\u0161enja.<\/p>\n","protected":false},"excerpt":{"rendered":"<p>Regulatorna komisija za energiju u Federaciji Bosne i Hercegovine (FERK) na redovnoj sjednici donijela je&hellip;<\/p>\n","protected":false},"author":4,"featured_media":142399,"comment_status":"closed","ping_status":"closed","sticky":false,"template":"","format":"standard","meta":{"_acf_changed":false,"footnotes":""},"categories":[291,304],"tags":[2148,5688],"acf":[],"yoast_head":"<!-- This site is optimized with the Yoast SEO plugin v23.5 - https:\/\/yoast.com\/wordpress\/plugins\/seo\/ -->\n<title>FERK odredio cijenu elektri\u010dne energije za maj - TuzlaInfo.ba<\/title>\n<meta name=\"robots\" content=\"index, follow, max-snippet:-1, max-image-preview:large, max-video-preview:-1\" \/>\n<link rel=\"canonical\" href=\"https:\/\/tuzlainfo.ba\/index.php\/bosna-i-hercegovina\/item\/301011-ferk-odredio-cijenu-elektricne-energije-za-maj\/\" \/>\n<meta property=\"og:locale\" content=\"bs_BA\" \/>\n<meta property=\"og:type\" content=\"article\" \/>\n<meta property=\"og:title\" content=\"FERK odredio cijenu elektri\u010dne energije za maj - TuzlaInfo.ba\" \/>\n<meta property=\"og:description\" content=\"Regulatorna komisija za energiju u Federaciji Bosne i Hercegovine (FERK) na redovnoj sjednici donijela je&hellip;\" \/>\n<meta property=\"og:url\" content=\"https:\/\/tuzlainfo.ba\/index.php\/bosna-i-hercegovina\/item\/301011-ferk-odredio-cijenu-elektricne-energije-za-maj\/\" \/>\n<meta property=\"og:site_name\" content=\"TuzlaInfo.ba\" \/>\n<meta property=\"article:publisher\" content=\"https:\/\/www.facebook.com\/tuzlainfo.ba\/\" \/>\n<meta property=\"article:published_time\" content=\"2026-04-23T09:40:57+00:00\" \/>\n<meta property=\"article:modified_time\" content=\"2026-04-23T09:07:47+00:00\" \/>\n<meta property=\"og:image\" content=\"https:\/\/tuzlainfo.ba\/wp-content\/uploads\/2021\/07\/1907_Struja.jpg\" \/>\n\t<meta property=\"og:image:width\" content=\"999\" \/>\n\t<meta property=\"og:image:height\" content=\"605\" \/>\n\t<meta property=\"og:image:type\" content=\"image\/jpeg\" \/>\n<meta name=\"author\" content=\"Tuzla Info\" \/>\n<meta name=\"twitter:card\" content=\"summary_large_image\" \/>\n<meta name=\"twitter:label1\" content=\"Written by\" \/>\n\t<meta name=\"twitter:data1\" content=\"Tuzla Info\" \/>\n\t<meta name=\"twitter:label2\" content=\"Est. reading time\" \/>\n\t<meta name=\"twitter:data2\" content=\"3 minute\" \/>\n<script type=\"application\/ld+json\" class=\"yoast-schema-graph\">{\"@context\":\"https:\/\/schema.org\",\"@graph\":[{\"@type\":\"Article\",\"@id\":\"https:\/\/tuzlainfo.ba\/index.php\/bosna-i-hercegovina\/item\/301011-ferk-odredio-cijenu-elektricne-energije-za-maj\/#article\",\"isPartOf\":{\"@id\":\"https:\/\/tuzlainfo.ba\/index.php\/bosna-i-hercegovina\/item\/301011-ferk-odredio-cijenu-elektricne-energije-za-maj\/\"},\"author\":{\"name\":\"Tuzla Info\",\"@id\":\"https:\/\/tuzlainfo.ba\/#\/schema\/person\/46cad4c57790cbc50781edd14870825a\"},\"headline\":\"FERK odredio cijenu elektri\u010dne energije za maj\",\"datePublished\":\"2026-04-23T09:40:57+00:00\",\"dateModified\":\"2026-04-23T09:07:47+00:00\",\"mainEntityOfPage\":{\"@id\":\"https:\/\/tuzlainfo.ba\/index.php\/bosna-i-hercegovina\/item\/301011-ferk-odredio-cijenu-elektricne-energije-za-maj\/\"},\"wordCount\":411,\"publisher\":{\"@id\":\"https:\/\/tuzlainfo.ba\/#organization\"},\"image\":{\"@id\":\"https:\/\/tuzlainfo.ba\/index.php\/bosna-i-hercegovina\/item\/301011-ferk-odredio-cijenu-elektricne-energije-za-maj\/#primaryimage\"},\"thumbnailUrl\":\"https:\/\/tuzlainfo.ba\/wp-content\/uploads\/2021\/07\/1907_Struja.jpg\",\"keywords\":[\"elektri\u010dna energija\",\"FERK\"],\"articleSection\":[\"Bosna i Hercegovina\",\"Istaknuto\"],\"inLanguage\":\"bs-BA\"},{\"@type\":\"WebPage\",\"@id\":\"https:\/\/tuzlainfo.ba\/index.php\/bosna-i-hercegovina\/item\/301011-ferk-odredio-cijenu-elektricne-energije-za-maj\/\",\"url\":\"https:\/\/tuzlainfo.ba\/index.php\/bosna-i-hercegovina\/item\/301011-ferk-odredio-cijenu-elektricne-energije-za-maj\/\",\"name\":\"FERK odredio cijenu elektri\u010dne energije za maj - TuzlaInfo.ba\",\"isPartOf\":{\"@id\":\"https:\/\/tuzlainfo.ba\/#website\"},\"primaryImageOfPage\":{\"@id\":\"https:\/\/tuzlainfo.ba\/index.php\/bosna-i-hercegovina\/item\/301011-ferk-odredio-cijenu-elektricne-energije-za-maj\/#primaryimage\"},\"image\":{\"@id\":\"https:\/\/tuzlainfo.ba\/index.php\/bosna-i-hercegovina\/item\/301011-ferk-odredio-cijenu-elektricne-energije-za-maj\/#primaryimage\"},\"thumbnailUrl\":\"https:\/\/tuzlainfo.ba\/wp-content\/uploads\/2021\/07\/1907_Struja.jpg\",\"datePublished\":\"2026-04-23T09:40:57+00:00\",\"dateModified\":\"2026-04-23T09:07:47+00:00\",\"breadcrumb\":{\"@id\":\"https:\/\/tuzlainfo.ba\/index.php\/bosna-i-hercegovina\/item\/301011-ferk-odredio-cijenu-elektricne-energije-za-maj\/#breadcrumb\"},\"inLanguage\":\"bs-BA\",\"potentialAction\":[{\"@type\":\"ReadAction\",\"target\":[\"https:\/\/tuzlainfo.ba\/index.php\/bosna-i-hercegovina\/item\/301011-ferk-odredio-cijenu-elektricne-energije-za-maj\/\"]}]},{\"@type\":\"ImageObject\",\"inLanguage\":\"bs-BA\",\"@id\":\"https:\/\/tuzlainfo.ba\/index.php\/bosna-i-hercegovina\/item\/301011-ferk-odredio-cijenu-elektricne-energije-za-maj\/#primaryimage\",\"url\":\"https:\/\/tuzlainfo.ba\/wp-content\/uploads\/2021\/07\/1907_Struja.jpg\",\"contentUrl\":\"https:\/\/tuzlainfo.ba\/wp-content\/uploads\/2021\/07\/1907_Struja.jpg\",\"width\":999,\"height\":605},{\"@type\":\"BreadcrumbList\",\"@id\":\"https:\/\/tuzlainfo.ba\/index.php\/bosna-i-hercegovina\/item\/301011-ferk-odredio-cijenu-elektricne-energije-za-maj\/#breadcrumb\",\"itemListElement\":[{\"@type\":\"ListItem\",\"position\":1,\"name\":\"Home\",\"item\":\"https:\/\/tuzlainfo.ba\/\"},{\"@type\":\"ListItem\",\"position\":2,\"name\":\"FERK odredio cijenu elektri\u010dne energije za maj\"}]},{\"@type\":\"WebSite\",\"@id\":\"https:\/\/tuzlainfo.ba\/#website\",\"url\":\"https:\/\/tuzlainfo.ba\/\",\"name\":\"TuzlaInfo.ba\",\"description\":\"Tuzla info, gradski informator - Tuzla na dlanu\",\"publisher\":{\"@id\":\"https:\/\/tuzlainfo.ba\/#organization\"},\"potentialAction\":[{\"@type\":\"SearchAction\",\"target\":{\"@type\":\"EntryPoint\",\"urlTemplate\":\"https:\/\/tuzlainfo.ba\/?s={search_term_string}\"},\"query-input\":{\"@type\":\"PropertyValueSpecification\",\"valueRequired\":true,\"valueName\":\"search_term_string\"}}],\"inLanguage\":\"bs-BA\"},{\"@type\":\"Organization\",\"@id\":\"https:\/\/tuzlainfo.ba\/#organization\",\"name\":\"TuzlaInfo.ba\",\"url\":\"https:\/\/tuzlainfo.ba\/\",\"logo\":{\"@type\":\"ImageObject\",\"inLanguage\":\"bs-BA\",\"@id\":\"https:\/\/tuzlainfo.ba\/#\/schema\/logo\/image\/\",\"url\":\"https:\/\/tuzlainfo.ba\/wp-content\/uploads\/2021\/03\/logo-ver-3-1.png\",\"contentUrl\":\"https:\/\/tuzlainfo.ba\/wp-content\/uploads\/2021\/03\/logo-ver-3-1.png\",\"width\":350,\"height\":95,\"caption\":\"TuzlaInfo.ba\"},\"image\":{\"@id\":\"https:\/\/tuzlainfo.ba\/#\/schema\/logo\/image\/\"},\"sameAs\":[\"https:\/\/www.facebook.com\/tuzlainfo.ba\/\"]},{\"@type\":\"Person\",\"@id\":\"https:\/\/tuzlainfo.ba\/#\/schema\/person\/46cad4c57790cbc50781edd14870825a\",\"name\":\"Tuzla Info\",\"image\":{\"@type\":\"ImageObject\",\"inLanguage\":\"bs-BA\",\"@id\":\"https:\/\/tuzlainfo.ba\/#\/schema\/person\/image\/\",\"url\":\"https:\/\/tuzlainfo.ba\/wp-content\/litespeed\/avatar\/b6c453a6c38e3654f2e4416c643fc25c.jpg?ver=1777051911\",\"contentUrl\":\"https:\/\/tuzlainfo.ba\/wp-content\/litespeed\/avatar\/b6c453a6c38e3654f2e4416c643fc25c.jpg?ver=1777051911\",\"caption\":\"Tuzla Info\"}}]}<\/script>\n<!-- \/ Yoast SEO plugin. -->","yoast_head_json":{"title":"FERK odredio cijenu elektri\u010dne energije za maj - TuzlaInfo.ba","robots":{"index":"index","follow":"follow","max-snippet":"max-snippet:-1","max-image-preview":"max-image-preview:large","max-video-preview":"max-video-preview:-1"},"canonical":"https:\/\/tuzlainfo.ba\/index.php\/bosna-i-hercegovina\/item\/301011-ferk-odredio-cijenu-elektricne-energije-za-maj\/","og_locale":"bs_BA","og_type":"article","og_title":"FERK odredio cijenu elektri\u010dne energije za maj - TuzlaInfo.ba","og_description":"Regulatorna komisija za energiju u Federaciji Bosne i Hercegovine (FERK) na redovnoj sjednici donijela je&hellip;","og_url":"https:\/\/tuzlainfo.ba\/index.php\/bosna-i-hercegovina\/item\/301011-ferk-odredio-cijenu-elektricne-energije-za-maj\/","og_site_name":"TuzlaInfo.ba","article_publisher":"https:\/\/www.facebook.com\/tuzlainfo.ba\/","article_published_time":"2026-04-23T09:40:57+00:00","article_modified_time":"2026-04-23T09:07:47+00:00","og_image":[{"width":999,"height":605,"url":"https:\/\/tuzlainfo.ba\/wp-content\/uploads\/2021\/07\/1907_Struja.jpg","type":"image\/jpeg"}],"author":"Tuzla Info","twitter_card":"summary_large_image","twitter_misc":{"Written by":"Tuzla Info","Est. reading time":"3 minute"},"schema":{"@context":"https:\/\/schema.org","@graph":[{"@type":"Article","@id":"https:\/\/tuzlainfo.ba\/index.php\/bosna-i-hercegovina\/item\/301011-ferk-odredio-cijenu-elektricne-energije-za-maj\/#article","isPartOf":{"@id":"https:\/\/tuzlainfo.ba\/index.php\/bosna-i-hercegovina\/item\/301011-ferk-odredio-cijenu-elektricne-energije-za-maj\/"},"author":{"name":"Tuzla Info","@id":"https:\/\/tuzlainfo.ba\/#\/schema\/person\/46cad4c57790cbc50781edd14870825a"},"headline":"FERK odredio cijenu elektri\u010dne energije za maj","datePublished":"2026-04-23T09:40:57+00:00","dateModified":"2026-04-23T09:07:47+00:00","mainEntityOfPage":{"@id":"https:\/\/tuzlainfo.ba\/index.php\/bosna-i-hercegovina\/item\/301011-ferk-odredio-cijenu-elektricne-energije-za-maj\/"},"wordCount":411,"publisher":{"@id":"https:\/\/tuzlainfo.ba\/#organization"},"image":{"@id":"https:\/\/tuzlainfo.ba\/index.php\/bosna-i-hercegovina\/item\/301011-ferk-odredio-cijenu-elektricne-energije-za-maj\/#primaryimage"},"thumbnailUrl":"https:\/\/tuzlainfo.ba\/wp-content\/uploads\/2021\/07\/1907_Struja.jpg","keywords":["elektri\u010dna energija","FERK"],"articleSection":["Bosna i Hercegovina","Istaknuto"],"inLanguage":"bs-BA"},{"@type":"WebPage","@id":"https:\/\/tuzlainfo.ba\/index.php\/bosna-i-hercegovina\/item\/301011-ferk-odredio-cijenu-elektricne-energije-za-maj\/","url":"https:\/\/tuzlainfo.ba\/index.php\/bosna-i-hercegovina\/item\/301011-ferk-odredio-cijenu-elektricne-energije-za-maj\/","name":"FERK odredio cijenu elektri\u010dne energije za maj - TuzlaInfo.ba","isPartOf":{"@id":"https:\/\/tuzlainfo.ba\/#website"},"primaryImageOfPage":{"@id":"https:\/\/tuzlainfo.ba\/index.php\/bosna-i-hercegovina\/item\/301011-ferk-odredio-cijenu-elektricne-energije-za-maj\/#primaryimage"},"image":{"@id":"https:\/\/tuzlainfo.ba\/index.php\/bosna-i-hercegovina\/item\/301011-ferk-odredio-cijenu-elektricne-energije-za-maj\/#primaryimage"},"thumbnailUrl":"https:\/\/tuzlainfo.ba\/wp-content\/uploads\/2021\/07\/1907_Struja.jpg","datePublished":"2026-04-23T09:40:57+00:00","dateModified":"2026-04-23T09:07:47+00:00","breadcrumb":{"@id":"https:\/\/tuzlainfo.ba\/index.php\/bosna-i-hercegovina\/item\/301011-ferk-odredio-cijenu-elektricne-energije-za-maj\/#breadcrumb"},"inLanguage":"bs-BA","potentialAction":[{"@type":"ReadAction","target":["https:\/\/tuzlainfo.ba\/index.php\/bosna-i-hercegovina\/item\/301011-ferk-odredio-cijenu-elektricne-energije-za-maj\/"]}]},{"@type":"ImageObject","inLanguage":"bs-BA","@id":"https:\/\/tuzlainfo.ba\/index.php\/bosna-i-hercegovina\/item\/301011-ferk-odredio-cijenu-elektricne-energije-za-maj\/#primaryimage","url":"https:\/\/tuzlainfo.ba\/wp-content\/uploads\/2021\/07\/1907_Struja.jpg","contentUrl":"https:\/\/tuzlainfo.ba\/wp-content\/uploads\/2021\/07\/1907_Struja.jpg","width":999,"height":605},{"@type":"BreadcrumbList","@id":"https:\/\/tuzlainfo.ba\/index.php\/bosna-i-hercegovina\/item\/301011-ferk-odredio-cijenu-elektricne-energije-za-maj\/#breadcrumb","itemListElement":[{"@type":"ListItem","position":1,"name":"Home","item":"https:\/\/tuzlainfo.ba\/"},{"@type":"ListItem","position":2,"name":"FERK odredio cijenu elektri\u010dne energije za maj"}]},{"@type":"WebSite","@id":"https:\/\/tuzlainfo.ba\/#website","url":"https:\/\/tuzlainfo.ba\/","name":"TuzlaInfo.ba","description":"Tuzla info, gradski informator - Tuzla na dlanu","publisher":{"@id":"https:\/\/tuzlainfo.ba\/#organization"},"potentialAction":[{"@type":"SearchAction","target":{"@type":"EntryPoint","urlTemplate":"https:\/\/tuzlainfo.ba\/?s={search_term_string}"},"query-input":{"@type":"PropertyValueSpecification","valueRequired":true,"valueName":"search_term_string"}}],"inLanguage":"bs-BA"},{"@type":"Organization","@id":"https:\/\/tuzlainfo.ba\/#organization","name":"TuzlaInfo.ba","url":"https:\/\/tuzlainfo.ba\/","logo":{"@type":"ImageObject","inLanguage":"bs-BA","@id":"https:\/\/tuzlainfo.ba\/#\/schema\/logo\/image\/","url":"https:\/\/tuzlainfo.ba\/wp-content\/uploads\/2021\/03\/logo-ver-3-1.png","contentUrl":"https:\/\/tuzlainfo.ba\/wp-content\/uploads\/2021\/03\/logo-ver-3-1.png","width":350,"height":95,"caption":"TuzlaInfo.ba"},"image":{"@id":"https:\/\/tuzlainfo.ba\/#\/schema\/logo\/image\/"},"sameAs":["https:\/\/www.facebook.com\/tuzlainfo.ba\/"]},{"@type":"Person","@id":"https:\/\/tuzlainfo.ba\/#\/schema\/person\/46cad4c57790cbc50781edd14870825a","name":"Tuzla Info","image":{"@type":"ImageObject","inLanguage":"bs-BA","@id":"https:\/\/tuzlainfo.ba\/#\/schema\/person\/image\/","url":"https:\/\/tuzlainfo.ba\/wp-content\/litespeed\/avatar\/b6c453a6c38e3654f2e4416c643fc25c.jpg?ver=1777051911","contentUrl":"https:\/\/tuzlainfo.ba\/wp-content\/litespeed\/avatar\/b6c453a6c38e3654f2e4416c643fc25c.jpg?ver=1777051911","caption":"Tuzla Info"}}]}},"_links":{"self":[{"href":"https:\/\/tuzlainfo.ba\/index.php\/wp-json\/wp\/v2\/posts\/301011"}],"collection":[{"href":"https:\/\/tuzlainfo.ba\/index.php\/wp-json\/wp\/v2\/posts"}],"about":[{"href":"https:\/\/tuzlainfo.ba\/index.php\/wp-json\/wp\/v2\/types\/post"}],"author":[{"embeddable":true,"href":"https:\/\/tuzlainfo.ba\/index.php\/wp-json\/wp\/v2\/users\/4"}],"replies":[{"embeddable":true,"href":"https:\/\/tuzlainfo.ba\/index.php\/wp-json\/wp\/v2\/comments?post=301011"}],"version-history":[{"count":1,"href":"https:\/\/tuzlainfo.ba\/index.php\/wp-json\/wp\/v2\/posts\/301011\/revisions"}],"predecessor-version":[{"id":301012,"href":"https:\/\/tuzlainfo.ba\/index.php\/wp-json\/wp\/v2\/posts\/301011\/revisions\/301012"}],"wp:featuredmedia":[{"embeddable":true,"href":"https:\/\/tuzlainfo.ba\/index.php\/wp-json\/wp\/v2\/media\/142399"}],"wp:attachment":[{"href":"https:\/\/tuzlainfo.ba\/index.php\/wp-json\/wp\/v2\/media?parent=301011"}],"wp:term":[{"taxonomy":"category","embeddable":true,"href":"https:\/\/tuzlainfo.ba\/index.php\/wp-json\/wp\/v2\/categories?post=301011"},{"taxonomy":"post_tag","embeddable":true,"href":"https:\/\/tuzlainfo.ba\/index.php\/wp-json\/wp\/v2\/tags?post=301011"}],"curies":[{"name":"wp","href":"https:\/\/api.w.org\/{rel}","templated":true}]}}