{"id":300909,"date":"2026-04-22T13:28:01","date_gmt":"2026-04-22T11:28:01","guid":{"rendered":"https:\/\/tuzlainfo.ba\/?p=300909"},"modified":"2026-04-22T13:28:01","modified_gmt":"2026-04-22T11:28:01","slug":"brutalan-napad-u-doboj-istoku-muskarac-motkom-pretukao-komsiju","status":"publish","type":"post","link":"https:\/\/tuzlainfo.ba\/index.php\/novosti\/item\/300909-brutalan-napad-u-doboj-istoku-muskarac-motkom-pretukao-komsiju\/","title":{"rendered":"Brutalan napad u Doboj Istoku: Mu\u0161karac motkom pretukao kom\u0161iju"},"content":{"rendered":"<p><span lang=\"BS-LATN-BA\">Kantonalno tu\u017eila\u0161tvo Tuzlanskog kantona je sudiji za prethodni postupak Kantonalnog suda Tuzla stavilo prijedlog za odre\u0111ivanje mjere pritvora za Jusmira Male\u0161ki\u0107a (55), s podru\u010dja Doboj Istoka,\u00a0\u00a0zbog postojanja osnovane sumnje da je po\u010dinio krivi\u010dno djelo poku\u0161aj ubistva u sticaju sa krivi\u010dnim djelom ugro\u017eavanje sigurnosti.<\/span><\/p>\n<p><span lang=\"BS-LATN-BA\">Male\u0161ki\u0107 je osumnji\u010den da je 19. aprila 2026. godine u kasnim popodnevnim satima u mjestu\u00a0\u00a0Brijesnica Mala, op\u0107ina Doboj Istok, nakon kra\u0107e prepirke sa kom\u0161ijom M.O, uzeo drvenu motku i vi\u0161e puta o\u0161te\u0107enog udario u glavu i po tijelu, a potom ga nastavio fizi\u010dki napadati dok je le\u017eao na zemlji, udaraju\u0107i ga rukama i nogama, te ga je po\u010deo stezati za vrat i sna\u017eno gu\u0161iti. Njegov napad su prekinuli kom\u0161ije i \u010dlanovi porodice.<\/span><\/p>\n<p><span lang=\"BS-LATN-BA\">Nakon toga je osumnji\u010deni uputio ozbiljne prijetnje jednom od kom\u0161ija, poku\u0161ao ga fizi\u010dki napasti, \u010dime je kod njega izazvao strah i uznemirenje i uznemirio i druge okupljene osobe.<\/span><\/p>\n<p><span lang=\"BS-LATN-BA\">Odmah nakon doga\u0111aja slu\u017ebenici Policijske stanice Doboj Istok i Policijske uprave Gra\u010danica su osumnji\u010denog li\u0161ili slobode. Obavljen je uvi\u0111aj i kriminalisti\u010dka obrada i uz izvje\u0161taj o po\u010dinjenom krivi\u010dnom djelu je predat u nadle\u017enost Tu\u017eila\u0161tva.<\/span><\/p>\n<p><span lang=\"BS-LATN-BA\">Postupaju\u0107i tu\u017eilac je donio naredbu o provo\u0111enju istrage i ispitao Male\u0161ki\u0107a.<\/span><\/p>\n<p><span lang=\"BS-LATN-BA\"><br \/>\n<\/span><span lang=\"BS-LATN-BA\">Istra\u017ene radnje su u toku.<\/span><\/p>\n","protected":false},"excerpt":{"rendered":"<p>Kantonalno tu\u017eila\u0161tvo Tuzlanskog kantona je sudiji za prethodni postupak Kantonalnog suda Tuzla stavilo prijedlog za&hellip;<\/p>\n","protected":false},"author":4,"featured_media":265617,"comment_status":"closed","ping_status":"closed","sticky":false,"template":"","format":"standard","meta":{"_acf_changed":false,"footnotes":""},"categories":[304,12],"tags":[481,5672],"acf":[],"yoast_head":"<!-- This site is optimized with the Yoast SEO plugin v23.5 - https:\/\/yoast.com\/wordpress\/plugins\/seo\/ -->\n<title>Brutalan napad u Doboj Istoku: Mu\u0161karac motkom pretukao kom\u0161iju - TuzlaInfo.ba<\/title>\n<meta name=\"robots\" content=\"index, follow, max-snippet:-1, max-image-preview:large, max-video-preview:-1\" \/>\n<link rel=\"canonical\" href=\"https:\/\/tuzlainfo.ba\/index.php\/novosti\/item\/300909-brutalan-napad-u-doboj-istoku-muskarac-motkom-pretukao-komsiju\/\" \/>\n<meta property=\"og:locale\" content=\"bs_BA\" \/>\n<meta property=\"og:type\" content=\"article\" \/>\n<meta property=\"og:title\" content=\"Brutalan napad u Doboj Istoku: Mu\u0161karac motkom pretukao kom\u0161iju - TuzlaInfo.ba\" \/>\n<meta property=\"og:description\" content=\"Kantonalno tu\u017eila\u0161tvo Tuzlanskog kantona je sudiji za prethodni postupak Kantonalnog suda Tuzla stavilo prijedlog za&hellip;\" \/>\n<meta property=\"og:url\" content=\"https:\/\/tuzlainfo.ba\/index.php\/novosti\/item\/300909-brutalan-napad-u-doboj-istoku-muskarac-motkom-pretukao-komsiju\/\" \/>\n<meta property=\"og:site_name\" content=\"TuzlaInfo.ba\" \/>\n<meta property=\"article:publisher\" content=\"https:\/\/www.facebook.com\/tuzlainfo.ba\/\" \/>\n<meta property=\"article:published_time\" content=\"2026-04-22T11:28:01+00:00\" \/>\n<meta property=\"og:image\" content=\"https:\/\/tuzlainfo.ba\/wp-content\/uploads\/2025\/03\/2103_policija-2.jpg\" \/>\n\t<meta property=\"og:image:width\" content=\"1200\" \/>\n\t<meta property=\"og:image:height\" content=\"858\" \/>\n\t<meta property=\"og:image:type\" content=\"image\/jpeg\" \/>\n<meta name=\"author\" content=\"Tuzla Info\" \/>\n<meta name=\"twitter:card\" content=\"summary_large_image\" \/>\n<meta name=\"twitter:label1\" content=\"Written by\" \/>\n\t<meta name=\"twitter:data1\" content=\"Tuzla Info\" \/>\n\t<meta name=\"twitter:label2\" content=\"Est. reading time\" \/>\n\t<meta name=\"twitter:data2\" content=\"2 minute\" \/>\n<script type=\"application\/ld+json\" class=\"yoast-schema-graph\">{\"@context\":\"https:\/\/schema.org\",\"@graph\":[{\"@type\":\"Article\",\"@id\":\"https:\/\/tuzlainfo.ba\/index.php\/novosti\/item\/300909-brutalan-napad-u-doboj-istoku-muskarac-motkom-pretukao-komsiju\/#article\",\"isPartOf\":{\"@id\":\"https:\/\/tuzlainfo.ba\/index.php\/novosti\/item\/300909-brutalan-napad-u-doboj-istoku-muskarac-motkom-pretukao-komsiju\/\"},\"author\":{\"name\":\"Tuzla Info\",\"@id\":\"https:\/\/tuzlainfo.ba\/#\/schema\/person\/46cad4c57790cbc50781edd14870825a\"},\"headline\":\"Brutalan napad u Doboj Istoku: Mu\u0161karac motkom pretukao kom\u0161iju\",\"datePublished\":\"2026-04-22T11:28:01+00:00\",\"dateModified\":\"2026-04-22T11:28:01+00:00\",\"mainEntityOfPage\":{\"@id\":\"https:\/\/tuzlainfo.ba\/index.php\/novosti\/item\/300909-brutalan-napad-u-doboj-istoku-muskarac-motkom-pretukao-komsiju\/\"},\"wordCount\":253,\"publisher\":{\"@id\":\"https:\/\/tuzlainfo.ba\/#organization\"},\"image\":{\"@id\":\"https:\/\/tuzlainfo.ba\/index.php\/novosti\/item\/300909-brutalan-napad-u-doboj-istoku-muskarac-motkom-pretukao-komsiju\/#primaryimage\"},\"thumbnailUrl\":\"https:\/\/tuzlainfo.ba\/wp-content\/uploads\/2025\/03\/2103_policija-2.jpg\",\"keywords\":[\"tu\u017eila\u0161tvo tk\",\"uprava policije MUP-a TK\"],\"articleSection\":[\"Istaknuto\",\"Novosti\"],\"inLanguage\":\"bs-BA\"},{\"@type\":\"WebPage\",\"@id\":\"https:\/\/tuzlainfo.ba\/index.php\/novosti\/item\/300909-brutalan-napad-u-doboj-istoku-muskarac-motkom-pretukao-komsiju\/\",\"url\":\"https:\/\/tuzlainfo.ba\/index.php\/novosti\/item\/300909-brutalan-napad-u-doboj-istoku-muskarac-motkom-pretukao-komsiju\/\",\"name\":\"Brutalan napad u Doboj Istoku: Mu\u0161karac motkom pretukao kom\u0161iju - TuzlaInfo.ba\",\"isPartOf\":{\"@id\":\"https:\/\/tuzlainfo.ba\/#website\"},\"primaryImageOfPage\":{\"@id\":\"https:\/\/tuzlainfo.ba\/index.php\/novosti\/item\/300909-brutalan-napad-u-doboj-istoku-muskarac-motkom-pretukao-komsiju\/#primaryimage\"},\"image\":{\"@id\":\"https:\/\/tuzlainfo.ba\/index.php\/novosti\/item\/300909-brutalan-napad-u-doboj-istoku-muskarac-motkom-pretukao-komsiju\/#primaryimage\"},\"thumbnailUrl\":\"https:\/\/tuzlainfo.ba\/wp-content\/uploads\/2025\/03\/2103_policija-2.jpg\",\"datePublished\":\"2026-04-22T11:28:01+00:00\",\"dateModified\":\"2026-04-22T11:28:01+00:00\",\"breadcrumb\":{\"@id\":\"https:\/\/tuzlainfo.ba\/index.php\/novosti\/item\/300909-brutalan-napad-u-doboj-istoku-muskarac-motkom-pretukao-komsiju\/#breadcrumb\"},\"inLanguage\":\"bs-BA\",\"potentialAction\":[{\"@type\":\"ReadAction\",\"target\":[\"https:\/\/tuzlainfo.ba\/index.php\/novosti\/item\/300909-brutalan-napad-u-doboj-istoku-muskarac-motkom-pretukao-komsiju\/\"]}]},{\"@type\":\"ImageObject\",\"inLanguage\":\"bs-BA\",\"@id\":\"https:\/\/tuzlainfo.ba\/index.php\/novosti\/item\/300909-brutalan-napad-u-doboj-istoku-muskarac-motkom-pretukao-komsiju\/#primaryimage\",\"url\":\"https:\/\/tuzlainfo.ba\/wp-content\/uploads\/2025\/03\/2103_policija-2.jpg\",\"contentUrl\":\"https:\/\/tuzlainfo.ba\/wp-content\/uploads\/2025\/03\/2103_policija-2.jpg\",\"width\":1200,\"height\":858},{\"@type\":\"BreadcrumbList\",\"@id\":\"https:\/\/tuzlainfo.ba\/index.php\/novosti\/item\/300909-brutalan-napad-u-doboj-istoku-muskarac-motkom-pretukao-komsiju\/#breadcrumb\",\"itemListElement\":[{\"@type\":\"ListItem\",\"position\":1,\"name\":\"Home\",\"item\":\"https:\/\/tuzlainfo.ba\/\"},{\"@type\":\"ListItem\",\"position\":2,\"name\":\"Brutalan napad u Doboj Istoku: Mu\u0161karac motkom pretukao kom\u0161iju\"}]},{\"@type\":\"WebSite\",\"@id\":\"https:\/\/tuzlainfo.ba\/#website\",\"url\":\"https:\/\/tuzlainfo.ba\/\",\"name\":\"TuzlaInfo.ba\",\"description\":\"Tuzla info, gradski informator - Tuzla na dlanu\",\"publisher\":{\"@id\":\"https:\/\/tuzlainfo.ba\/#organization\"},\"potentialAction\":[{\"@type\":\"SearchAction\",\"target\":{\"@type\":\"EntryPoint\",\"urlTemplate\":\"https:\/\/tuzlainfo.ba\/?s={search_term_string}\"},\"query-input\":{\"@type\":\"PropertyValueSpecification\",\"valueRequired\":true,\"valueName\":\"search_term_string\"}}],\"inLanguage\":\"bs-BA\"},{\"@type\":\"Organization\",\"@id\":\"https:\/\/tuzlainfo.ba\/#organization\",\"name\":\"TuzlaInfo.ba\",\"url\":\"https:\/\/tuzlainfo.ba\/\",\"logo\":{\"@type\":\"ImageObject\",\"inLanguage\":\"bs-BA\",\"@id\":\"https:\/\/tuzlainfo.ba\/#\/schema\/logo\/image\/\",\"url\":\"https:\/\/tuzlainfo.ba\/wp-content\/uploads\/2021\/03\/logo-ver-3-1.png\",\"contentUrl\":\"https:\/\/tuzlainfo.ba\/wp-content\/uploads\/2021\/03\/logo-ver-3-1.png\",\"width\":350,\"height\":95,\"caption\":\"TuzlaInfo.ba\"},\"image\":{\"@id\":\"https:\/\/tuzlainfo.ba\/#\/schema\/logo\/image\/\"},\"sameAs\":[\"https:\/\/www.facebook.com\/tuzlainfo.ba\/\"]},{\"@type\":\"Person\",\"@id\":\"https:\/\/tuzlainfo.ba\/#\/schema\/person\/46cad4c57790cbc50781edd14870825a\",\"name\":\"Tuzla Info\",\"image\":{\"@type\":\"ImageObject\",\"inLanguage\":\"bs-BA\",\"@id\":\"https:\/\/tuzlainfo.ba\/#\/schema\/person\/image\/\",\"url\":\"https:\/\/tuzlainfo.ba\/wp-content\/litespeed\/avatar\/b6c453a6c38e3654f2e4416c643fc25c.jpg?ver=1777051911\",\"contentUrl\":\"https:\/\/tuzlainfo.ba\/wp-content\/litespeed\/avatar\/b6c453a6c38e3654f2e4416c643fc25c.jpg?ver=1777051911\",\"caption\":\"Tuzla Info\"}}]}<\/script>\n<!-- \/ Yoast SEO plugin. -->","yoast_head_json":{"title":"Brutalan napad u Doboj Istoku: Mu\u0161karac motkom pretukao kom\u0161iju - TuzlaInfo.ba","robots":{"index":"index","follow":"follow","max-snippet":"max-snippet:-1","max-image-preview":"max-image-preview:large","max-video-preview":"max-video-preview:-1"},"canonical":"https:\/\/tuzlainfo.ba\/index.php\/novosti\/item\/300909-brutalan-napad-u-doboj-istoku-muskarac-motkom-pretukao-komsiju\/","og_locale":"bs_BA","og_type":"article","og_title":"Brutalan napad u Doboj Istoku: Mu\u0161karac motkom pretukao kom\u0161iju - TuzlaInfo.ba","og_description":"Kantonalno tu\u017eila\u0161tvo Tuzlanskog kantona je sudiji za prethodni postupak Kantonalnog suda Tuzla stavilo prijedlog za&hellip;","og_url":"https:\/\/tuzlainfo.ba\/index.php\/novosti\/item\/300909-brutalan-napad-u-doboj-istoku-muskarac-motkom-pretukao-komsiju\/","og_site_name":"TuzlaInfo.ba","article_publisher":"https:\/\/www.facebook.com\/tuzlainfo.ba\/","article_published_time":"2026-04-22T11:28:01+00:00","og_image":[{"width":1200,"height":858,"url":"https:\/\/tuzlainfo.ba\/wp-content\/uploads\/2025\/03\/2103_policija-2.jpg","type":"image\/jpeg"}],"author":"Tuzla Info","twitter_card":"summary_large_image","twitter_misc":{"Written by":"Tuzla Info","Est. reading time":"2 minute"},"schema":{"@context":"https:\/\/schema.org","@graph":[{"@type":"Article","@id":"https:\/\/tuzlainfo.ba\/index.php\/novosti\/item\/300909-brutalan-napad-u-doboj-istoku-muskarac-motkom-pretukao-komsiju\/#article","isPartOf":{"@id":"https:\/\/tuzlainfo.ba\/index.php\/novosti\/item\/300909-brutalan-napad-u-doboj-istoku-muskarac-motkom-pretukao-komsiju\/"},"author":{"name":"Tuzla Info","@id":"https:\/\/tuzlainfo.ba\/#\/schema\/person\/46cad4c57790cbc50781edd14870825a"},"headline":"Brutalan napad u Doboj Istoku: Mu\u0161karac motkom pretukao kom\u0161iju","datePublished":"2026-04-22T11:28:01+00:00","dateModified":"2026-04-22T11:28:01+00:00","mainEntityOfPage":{"@id":"https:\/\/tuzlainfo.ba\/index.php\/novosti\/item\/300909-brutalan-napad-u-doboj-istoku-muskarac-motkom-pretukao-komsiju\/"},"wordCount":253,"publisher":{"@id":"https:\/\/tuzlainfo.ba\/#organization"},"image":{"@id":"https:\/\/tuzlainfo.ba\/index.php\/novosti\/item\/300909-brutalan-napad-u-doboj-istoku-muskarac-motkom-pretukao-komsiju\/#primaryimage"},"thumbnailUrl":"https:\/\/tuzlainfo.ba\/wp-content\/uploads\/2025\/03\/2103_policija-2.jpg","keywords":["tu\u017eila\u0161tvo tk","uprava policije MUP-a TK"],"articleSection":["Istaknuto","Novosti"],"inLanguage":"bs-BA"},{"@type":"WebPage","@id":"https:\/\/tuzlainfo.ba\/index.php\/novosti\/item\/300909-brutalan-napad-u-doboj-istoku-muskarac-motkom-pretukao-komsiju\/","url":"https:\/\/tuzlainfo.ba\/index.php\/novosti\/item\/300909-brutalan-napad-u-doboj-istoku-muskarac-motkom-pretukao-komsiju\/","name":"Brutalan napad u Doboj Istoku: Mu\u0161karac motkom pretukao kom\u0161iju - TuzlaInfo.ba","isPartOf":{"@id":"https:\/\/tuzlainfo.ba\/#website"},"primaryImageOfPage":{"@id":"https:\/\/tuzlainfo.ba\/index.php\/novosti\/item\/300909-brutalan-napad-u-doboj-istoku-muskarac-motkom-pretukao-komsiju\/#primaryimage"},"image":{"@id":"https:\/\/tuzlainfo.ba\/index.php\/novosti\/item\/300909-brutalan-napad-u-doboj-istoku-muskarac-motkom-pretukao-komsiju\/#primaryimage"},"thumbnailUrl":"https:\/\/tuzlainfo.ba\/wp-content\/uploads\/2025\/03\/2103_policija-2.jpg","datePublished":"2026-04-22T11:28:01+00:00","dateModified":"2026-04-22T11:28:01+00:00","breadcrumb":{"@id":"https:\/\/tuzlainfo.ba\/index.php\/novosti\/item\/300909-brutalan-napad-u-doboj-istoku-muskarac-motkom-pretukao-komsiju\/#breadcrumb"},"inLanguage":"bs-BA","potentialAction":[{"@type":"ReadAction","target":["https:\/\/tuzlainfo.ba\/index.php\/novosti\/item\/300909-brutalan-napad-u-doboj-istoku-muskarac-motkom-pretukao-komsiju\/"]}]},{"@type":"ImageObject","inLanguage":"bs-BA","@id":"https:\/\/tuzlainfo.ba\/index.php\/novosti\/item\/300909-brutalan-napad-u-doboj-istoku-muskarac-motkom-pretukao-komsiju\/#primaryimage","url":"https:\/\/tuzlainfo.ba\/wp-content\/uploads\/2025\/03\/2103_policija-2.jpg","contentUrl":"https:\/\/tuzlainfo.ba\/wp-content\/uploads\/2025\/03\/2103_policija-2.jpg","width":1200,"height":858},{"@type":"BreadcrumbList","@id":"https:\/\/tuzlainfo.ba\/index.php\/novosti\/item\/300909-brutalan-napad-u-doboj-istoku-muskarac-motkom-pretukao-komsiju\/#breadcrumb","itemListElement":[{"@type":"ListItem","position":1,"name":"Home","item":"https:\/\/tuzlainfo.ba\/"},{"@type":"ListItem","position":2,"name":"Brutalan napad u Doboj Istoku: Mu\u0161karac motkom pretukao kom\u0161iju"}]},{"@type":"WebSite","@id":"https:\/\/tuzlainfo.ba\/#website","url":"https:\/\/tuzlainfo.ba\/","name":"TuzlaInfo.ba","description":"Tuzla info, gradski informator - Tuzla na dlanu","publisher":{"@id":"https:\/\/tuzlainfo.ba\/#organization"},"potentialAction":[{"@type":"SearchAction","target":{"@type":"EntryPoint","urlTemplate":"https:\/\/tuzlainfo.ba\/?s={search_term_string}"},"query-input":{"@type":"PropertyValueSpecification","valueRequired":true,"valueName":"search_term_string"}}],"inLanguage":"bs-BA"},{"@type":"Organization","@id":"https:\/\/tuzlainfo.ba\/#organization","name":"TuzlaInfo.ba","url":"https:\/\/tuzlainfo.ba\/","logo":{"@type":"ImageObject","inLanguage":"bs-BA","@id":"https:\/\/tuzlainfo.ba\/#\/schema\/logo\/image\/","url":"https:\/\/tuzlainfo.ba\/wp-content\/uploads\/2021\/03\/logo-ver-3-1.png","contentUrl":"https:\/\/tuzlainfo.ba\/wp-content\/uploads\/2021\/03\/logo-ver-3-1.png","width":350,"height":95,"caption":"TuzlaInfo.ba"},"image":{"@id":"https:\/\/tuzlainfo.ba\/#\/schema\/logo\/image\/"},"sameAs":["https:\/\/www.facebook.com\/tuzlainfo.ba\/"]},{"@type":"Person","@id":"https:\/\/tuzlainfo.ba\/#\/schema\/person\/46cad4c57790cbc50781edd14870825a","name":"Tuzla Info","image":{"@type":"ImageObject","inLanguage":"bs-BA","@id":"https:\/\/tuzlainfo.ba\/#\/schema\/person\/image\/","url":"https:\/\/tuzlainfo.ba\/wp-content\/litespeed\/avatar\/b6c453a6c38e3654f2e4416c643fc25c.jpg?ver=1777051911","contentUrl":"https:\/\/tuzlainfo.ba\/wp-content\/litespeed\/avatar\/b6c453a6c38e3654f2e4416c643fc25c.jpg?ver=1777051911","caption":"Tuzla Info"}}]}},"_links":{"self":[{"href":"https:\/\/tuzlainfo.ba\/index.php\/wp-json\/wp\/v2\/posts\/300909"}],"collection":[{"href":"https:\/\/tuzlainfo.ba\/index.php\/wp-json\/wp\/v2\/posts"}],"about":[{"href":"https:\/\/tuzlainfo.ba\/index.php\/wp-json\/wp\/v2\/types\/post"}],"author":[{"embeddable":true,"href":"https:\/\/tuzlainfo.ba\/index.php\/wp-json\/wp\/v2\/users\/4"}],"replies":[{"embeddable":true,"href":"https:\/\/tuzlainfo.ba\/index.php\/wp-json\/wp\/v2\/comments?post=300909"}],"version-history":[{"count":1,"href":"https:\/\/tuzlainfo.ba\/index.php\/wp-json\/wp\/v2\/posts\/300909\/revisions"}],"predecessor-version":[{"id":300910,"href":"https:\/\/tuzlainfo.ba\/index.php\/wp-json\/wp\/v2\/posts\/300909\/revisions\/300910"}],"wp:featuredmedia":[{"embeddable":true,"href":"https:\/\/tuzlainfo.ba\/index.php\/wp-json\/wp\/v2\/media\/265617"}],"wp:attachment":[{"href":"https:\/\/tuzlainfo.ba\/index.php\/wp-json\/wp\/v2\/media?parent=300909"}],"wp:term":[{"taxonomy":"category","embeddable":true,"href":"https:\/\/tuzlainfo.ba\/index.php\/wp-json\/wp\/v2\/categories?post=300909"},{"taxonomy":"post_tag","embeddable":true,"href":"https:\/\/tuzlainfo.ba\/index.php\/wp-json\/wp\/v2\/tags?post=300909"}],"curies":[{"name":"wp","href":"https:\/\/api.w.org\/{rel}","templated":true}]}}