{"id":300869,"date":"2026-04-22T12:06:28","date_gmt":"2026-04-22T10:06:28","guid":{"rendered":"https:\/\/tuzlainfo.ba\/?p=300869"},"modified":"2026-04-22T10:04:57","modified_gmt":"2026-04-22T08:04:57","slug":"u-brckom-promovirano-drugo-izdanje-bosanskog-pravopisa-refika-bulica","status":"publish","type":"post","link":"https:\/\/tuzlainfo.ba\/index.php\/novosti\/item\/300869-u-brckom-promovirano-drugo-izdanje-bosanskog-pravopisa-refika-bulica\/","title":{"rendered":"U Br\u010dkom promovirano drugo izdanje \u201eBosanskog pravopisa\u201c Refika Buli\u0107a"},"content":{"rendered":"<p data-start=\"0\" data-end=\"434\">U Br\u010dkom je promovirano drugo izdanje \u201eBosanskog pravopisa\u201c autora Refika Buli\u0107a, doktora lingvisti\u010dkih nauka i redovnog profesora na Filozofskom fakultetu Univerziteta u Tuzli.<\/p>\n<p data-start=\"0\" data-end=\"434\">Promociju je u Islahijjetu organizovala Bo\u0161nja\u010dka zajednica kulture \u201ePreporod\u201c Br\u010dko distrikt Bosne i Hercegovine, a rije\u010d je o jednom od zna\u010dajnih savremenih normativnih djela bosanskog jezika, u izdanju Instituta za bosanski jezik i knji\u017eevnost iz Tuzle.<\/p>\n<p data-start=\"436\" data-end=\"610\">Govore\u0107i o nastanku knjige, autor je istakao da je iza ovog pravopisa oko pet godina intenzivnog rada, ali i dugogodi\u0161nje iskustvo u prou\u010davanju jezika i njegovom normiranju.<\/p>\n<p data-start=\"612\" data-end=\"1178\">\u201eJa sam, zapravo, cijeli \u017eivot u tome sazrijevao, bilje\u017eio sebi primjere i imao sam prvobitno \u017eelju napraviti pravopis koji ne\u0107e biti veliki. Postavio sam sebi cilj da napravim najmanji mogu\u0107i pravopis. Mislim da sam to zacrtao na 50-ak stranica, a onda sam vidio da to ne\u0107e funkcionirati, jer su me \u010desto pitali poznanici i studenti ne\u0161to iz pravopisa profesora Halilovi\u0107a dok nisam napravio svoj pravopis. Iako tamo ima rje\u0161enje, opet pitaju ljudi, a zamislite \u0161ta bi pitali da je to na 50 strana. Dakle, to je prili\u010dno obimna knjiga, neubi\u010dajena\u201c, kazao je Buli\u0107.<\/p>\n<p data-start=\"1180\" data-end=\"1390\">Kako je pojasnio, osnovna ideja bila je izraditi pravopis koji \u0107e biti pristupa\u010dan govornicima i uskla\u0111en sa stvarnom jezi\u010dkom praksom, zasnovan na pravopisnim preporukama, a ne isklju\u010divo na strogim pravilima.<\/p>\n<p data-start=\"1392\" data-end=\"1878\">\u201e'Bosanski pravopis&#8217; ne razlikuje se samo od onih u BiH ve\u0107 i pravopisa hrvatskog, srpskog i crnogorskog jezika. Pravopis sli\u010dan ovome bio je samo &#8216;Pravopis srpskohrvatskog&#8217; ili &#8216;Pravopis hrvatskosrpskog jezika&#8217; iz 1960. godine. Dakle, on je imao akcentiran rje\u010dnik i moj pravopis ima takav rje\u010dnik, dok drugi to nemaju. Kada su u pitanju varijante koje mo\u017eemo birati, to nije nedostatak, nego prednost jezika. Standard treba pomagati govorniku, a ne ograni\u010davati ga\u201c, istakao je autor.<\/p>\n<p data-start=\"1880\" data-end=\"2123\">Posebnost ovog izdanja je i obim \u2013 knjiga sadr\u017ei 1.144 stranice, dok pravopisni rje\u010dnik obuhvata oko 50.000 natuknica. Autor nagla\u0161ava da takav pristup proizlazi iz potrebe da se odgovori na stvarne jezi\u010dke dileme, a ne iz \u017eelje za opse\u017eno\u0161\u0107u.<\/p>\n<p data-start=\"2125\" data-end=\"2868\">\u201eIma mnogo rije\u010di koje su na\u0161le svoje mjesto u pravopisnom rje\u010dniku. Ja sam ih ozna\u010dio kao stileme. Dakle, od njih ne treba bje\u017eati. Ima tu nekih drugih pojava koje ljudi ne razumiju ba\u0161 najbolje. Naprimjer, ako vam neko ka\u017ee \u201etko\u201c, svi \u0107e kazati da je to ne\u0161to \u0161to je hrvatsko. Dakle, kazat \u0107e vam da je to hrvatski jezik, a to nije ta\u010dno. To uop\u0107e nije ta\u010dno. U mojoj ku\u0107i se, naprimjer, doskora tako govorilo. Dok su moja mati, njena, moje tetka bile \u017eive govorilo se \u201etko\u201c, \u201enetko\u201c, \u201esvatko\u201c. Samo ja govorio \u201eko\u201c zato \u0161to me je \u0161kola tako nau\u010dila, a to je jedna stara osobina i bosanskih govora. Ono \u0161to se danas mo\u017ee smatrati stilemom, ali ono na\u0161e, bosansko, dakle, nema nikakvog razloga da ga ne smatramo svojim\u201c, pojasnio je profesor.<\/p>\n<p data-start=\"2870\" data-end=\"2945\">Urednik knjige dr. Halid Buli\u0107 naglasio je prakti\u010dnu vrijednost ovog djela.<\/p>\n<p data-start=\"2947\" data-end=\"3157\">\u201ePravopis je vodi\u010d i pouzdan savjetnik. Svako ko pi\u0161e bosanskim jezikom svakodnevno ima dileme: kako ne\u0161to napisati i kako \u0107e ga \u010ditalac razumjeti. Ova knjiga daje odgovore na ta pitanja\u201c, kazao je Halid Buli\u0107.<\/p>\n<p data-start=\"3159\" data-end=\"3390\">Promotor knjige dr. Sead Nazibegovi\u0107 podsjetio je da je od prvog izdanja pravopisa Senahida Halilovi\u0107a pro\u0161lo gotovo tri decenije, te da je novo izdanje prirodan nastavak razvoja jezi\u010dke norme, a ne konkurencija postoje\u0107im djelima.<\/p>\n<p data-start=\"3392\" data-end=\"3576\">Zaklju\u010deno je da \u0107e \u201eBosanski pravopis\u201c, zahvaljuju\u0107i svojoj obimnosti i prakti\u010dnoj primjeni, biti zna\u010dajan alat za nastavnike, novinare, studente i sve profesionalne korisnike jezika.<\/p>\n<p data-start=\"3578\" data-end=\"3664\">Moderatorica promocije bila je profesorica bosanskog jezika i knji\u017eevnosti Emina Pita.<\/p>\n","protected":false},"excerpt":{"rendered":"<p>U Br\u010dkom je promovirano drugo izdanje \u201eBosanskog pravopisa\u201c autora Refika Buli\u0107a, doktora lingvisti\u010dkih nauka i&hellip;<\/p>\n","protected":false},"author":2,"featured_media":300870,"comment_status":"closed","ping_status":"closed","sticky":false,"template":"","format":"standard","meta":{"_acf_changed":false,"footnotes":""},"categories":[304,12],"tags":[7550],"acf":[],"yoast_head":"<!-- This site is optimized with the Yoast SEO plugin v23.5 - https:\/\/yoast.com\/wordpress\/plugins\/seo\/ -->\n<title>U Br\u010dkom promovirano drugo izdanje \u201eBosanskog pravopisa\u201c Refika Buli\u0107a - TuzlaInfo.ba<\/title>\n<meta name=\"robots\" content=\"index, follow, max-snippet:-1, max-image-preview:large, max-video-preview:-1\" \/>\n<link rel=\"canonical\" href=\"https:\/\/tuzlainfo.ba\/index.php\/novosti\/item\/300869-u-brckom-promovirano-drugo-izdanje-bosanskog-pravopisa-refika-bulica\/\" \/>\n<meta property=\"og:locale\" content=\"bs_BA\" \/>\n<meta property=\"og:type\" content=\"article\" \/>\n<meta property=\"og:title\" content=\"U Br\u010dkom promovirano drugo izdanje \u201eBosanskog pravopisa\u201c Refika Buli\u0107a - TuzlaInfo.ba\" \/>\n<meta property=\"og:description\" content=\"U Br\u010dkom je promovirano drugo izdanje \u201eBosanskog pravopisa\u201c autora Refika Buli\u0107a, doktora lingvisti\u010dkih nauka i&hellip;\" \/>\n<meta property=\"og:url\" content=\"https:\/\/tuzlainfo.ba\/index.php\/novosti\/item\/300869-u-brckom-promovirano-drugo-izdanje-bosanskog-pravopisa-refika-bulica\/\" \/>\n<meta property=\"og:site_name\" content=\"TuzlaInfo.ba\" \/>\n<meta property=\"article:publisher\" content=\"https:\/\/www.facebook.com\/tuzlainfo.ba\/\" \/>\n<meta property=\"article:published_time\" content=\"2026-04-22T10:06:28+00:00\" \/>\n<meta property=\"article:modified_time\" content=\"2026-04-22T08:04:57+00:00\" \/>\n<meta property=\"og:image\" content=\"https:\/\/tuzlainfo.ba\/wp-content\/uploads\/2026\/04\/2104_bulic.jpg\" \/>\n\t<meta property=\"og:image:width\" content=\"770\" \/>\n\t<meta property=\"og:image:height\" content=\"495\" \/>\n\t<meta property=\"og:image:type\" content=\"image\/jpeg\" \/>\n<meta name=\"author\" content=\"nedim\" \/>\n<meta name=\"twitter:card\" content=\"summary_large_image\" \/>\n<meta name=\"twitter:label1\" content=\"Written by\" \/>\n\t<meta name=\"twitter:data1\" content=\"nedim\" \/>\n\t<meta name=\"twitter:label2\" content=\"Est. reading time\" \/>\n\t<meta name=\"twitter:data2\" content=\"4 minute\" \/>\n<script type=\"application\/ld+json\" class=\"yoast-schema-graph\">{\"@context\":\"https:\/\/schema.org\",\"@graph\":[{\"@type\":\"Article\",\"@id\":\"https:\/\/tuzlainfo.ba\/index.php\/novosti\/item\/300869-u-brckom-promovirano-drugo-izdanje-bosanskog-pravopisa-refika-bulica\/#article\",\"isPartOf\":{\"@id\":\"https:\/\/tuzlainfo.ba\/index.php\/novosti\/item\/300869-u-brckom-promovirano-drugo-izdanje-bosanskog-pravopisa-refika-bulica\/\"},\"author\":{\"name\":\"nedim\",\"@id\":\"https:\/\/tuzlainfo.ba\/#\/schema\/person\/f434e20dc27ea133923aab08451b7f7f\"},\"headline\":\"U Br\u010dkom promovirano drugo izdanje \u201eBosanskog pravopisa\u201c Refika Buli\u0107a\",\"datePublished\":\"2026-04-22T10:06:28+00:00\",\"dateModified\":\"2026-04-22T08:04:57+00:00\",\"mainEntityOfPage\":{\"@id\":\"https:\/\/tuzlainfo.ba\/index.php\/novosti\/item\/300869-u-brckom-promovirano-drugo-izdanje-bosanskog-pravopisa-refika-bulica\/\"},\"wordCount\":635,\"publisher\":{\"@id\":\"https:\/\/tuzlainfo.ba\/#organization\"},\"image\":{\"@id\":\"https:\/\/tuzlainfo.ba\/index.php\/novosti\/item\/300869-u-brckom-promovirano-drugo-izdanje-bosanskog-pravopisa-refika-bulica\/#primaryimage\"},\"thumbnailUrl\":\"https:\/\/tuzlainfo.ba\/wp-content\/uploads\/2026\/04\/2104_bulic.jpg\",\"keywords\":[\"refik bulic\"],\"articleSection\":[\"Istaknuto\",\"Novosti\"],\"inLanguage\":\"bs-BA\"},{\"@type\":\"WebPage\",\"@id\":\"https:\/\/tuzlainfo.ba\/index.php\/novosti\/item\/300869-u-brckom-promovirano-drugo-izdanje-bosanskog-pravopisa-refika-bulica\/\",\"url\":\"https:\/\/tuzlainfo.ba\/index.php\/novosti\/item\/300869-u-brckom-promovirano-drugo-izdanje-bosanskog-pravopisa-refika-bulica\/\",\"name\":\"U Br\u010dkom promovirano drugo izdanje \u201eBosanskog pravopisa\u201c Refika Buli\u0107a - TuzlaInfo.ba\",\"isPartOf\":{\"@id\":\"https:\/\/tuzlainfo.ba\/#website\"},\"primaryImageOfPage\":{\"@id\":\"https:\/\/tuzlainfo.ba\/index.php\/novosti\/item\/300869-u-brckom-promovirano-drugo-izdanje-bosanskog-pravopisa-refika-bulica\/#primaryimage\"},\"image\":{\"@id\":\"https:\/\/tuzlainfo.ba\/index.php\/novosti\/item\/300869-u-brckom-promovirano-drugo-izdanje-bosanskog-pravopisa-refika-bulica\/#primaryimage\"},\"thumbnailUrl\":\"https:\/\/tuzlainfo.ba\/wp-content\/uploads\/2026\/04\/2104_bulic.jpg\",\"datePublished\":\"2026-04-22T10:06:28+00:00\",\"dateModified\":\"2026-04-22T08:04:57+00:00\",\"breadcrumb\":{\"@id\":\"https:\/\/tuzlainfo.ba\/index.php\/novosti\/item\/300869-u-brckom-promovirano-drugo-izdanje-bosanskog-pravopisa-refika-bulica\/#breadcrumb\"},\"inLanguage\":\"bs-BA\",\"potentialAction\":[{\"@type\":\"ReadAction\",\"target\":[\"https:\/\/tuzlainfo.ba\/index.php\/novosti\/item\/300869-u-brckom-promovirano-drugo-izdanje-bosanskog-pravopisa-refika-bulica\/\"]}]},{\"@type\":\"ImageObject\",\"inLanguage\":\"bs-BA\",\"@id\":\"https:\/\/tuzlainfo.ba\/index.php\/novosti\/item\/300869-u-brckom-promovirano-drugo-izdanje-bosanskog-pravopisa-refika-bulica\/#primaryimage\",\"url\":\"https:\/\/tuzlainfo.ba\/wp-content\/uploads\/2026\/04\/2104_bulic.jpg\",\"contentUrl\":\"https:\/\/tuzlainfo.ba\/wp-content\/uploads\/2026\/04\/2104_bulic.jpg\",\"width\":770,\"height\":495},{\"@type\":\"BreadcrumbList\",\"@id\":\"https:\/\/tuzlainfo.ba\/index.php\/novosti\/item\/300869-u-brckom-promovirano-drugo-izdanje-bosanskog-pravopisa-refika-bulica\/#breadcrumb\",\"itemListElement\":[{\"@type\":\"ListItem\",\"position\":1,\"name\":\"Home\",\"item\":\"https:\/\/tuzlainfo.ba\/\"},{\"@type\":\"ListItem\",\"position\":2,\"name\":\"U Br\u010dkom promovirano drugo izdanje \u201eBosanskog pravopisa\u201c Refika Buli\u0107a\"}]},{\"@type\":\"WebSite\",\"@id\":\"https:\/\/tuzlainfo.ba\/#website\",\"url\":\"https:\/\/tuzlainfo.ba\/\",\"name\":\"TuzlaInfo.ba\",\"description\":\"Tuzla info, gradski informator - Tuzla na dlanu\",\"publisher\":{\"@id\":\"https:\/\/tuzlainfo.ba\/#organization\"},\"potentialAction\":[{\"@type\":\"SearchAction\",\"target\":{\"@type\":\"EntryPoint\",\"urlTemplate\":\"https:\/\/tuzlainfo.ba\/?s={search_term_string}\"},\"query-input\":{\"@type\":\"PropertyValueSpecification\",\"valueRequired\":true,\"valueName\":\"search_term_string\"}}],\"inLanguage\":\"bs-BA\"},{\"@type\":\"Organization\",\"@id\":\"https:\/\/tuzlainfo.ba\/#organization\",\"name\":\"TuzlaInfo.ba\",\"url\":\"https:\/\/tuzlainfo.ba\/\",\"logo\":{\"@type\":\"ImageObject\",\"inLanguage\":\"bs-BA\",\"@id\":\"https:\/\/tuzlainfo.ba\/#\/schema\/logo\/image\/\",\"url\":\"https:\/\/tuzlainfo.ba\/wp-content\/uploads\/2021\/03\/logo-ver-3-1.png\",\"contentUrl\":\"https:\/\/tuzlainfo.ba\/wp-content\/uploads\/2021\/03\/logo-ver-3-1.png\",\"width\":350,\"height\":95,\"caption\":\"TuzlaInfo.ba\"},\"image\":{\"@id\":\"https:\/\/tuzlainfo.ba\/#\/schema\/logo\/image\/\"},\"sameAs\":[\"https:\/\/www.facebook.com\/tuzlainfo.ba\/\"]},{\"@type\":\"Person\",\"@id\":\"https:\/\/tuzlainfo.ba\/#\/schema\/person\/f434e20dc27ea133923aab08451b7f7f\",\"name\":\"nedim\",\"image\":{\"@type\":\"ImageObject\",\"inLanguage\":\"bs-BA\",\"@id\":\"https:\/\/tuzlainfo.ba\/#\/schema\/person\/image\/\",\"url\":\"https:\/\/tuzlainfo.ba\/wp-content\/litespeed\/avatar\/aabad687af24844af817603ac1cbdc4f.jpg?ver=1777306975\",\"contentUrl\":\"https:\/\/tuzlainfo.ba\/wp-content\/litespeed\/avatar\/aabad687af24844af817603ac1cbdc4f.jpg?ver=1777306975\",\"caption\":\"nedim\"},\"description\":\"Tuzlainfo.ba pratite na dru\u0161tvenim mre\u017eama: Facebook, Instagram i Youtube. Svoje pri\u010de, upite i fotografije \u0161aljite na na\u0161u e-mail adresu.\"}]}<\/script>\n<!-- \/ Yoast SEO plugin. -->","yoast_head_json":{"title":"U Br\u010dkom promovirano drugo izdanje \u201eBosanskog pravopisa\u201c Refika Buli\u0107a - TuzlaInfo.ba","robots":{"index":"index","follow":"follow","max-snippet":"max-snippet:-1","max-image-preview":"max-image-preview:large","max-video-preview":"max-video-preview:-1"},"canonical":"https:\/\/tuzlainfo.ba\/index.php\/novosti\/item\/300869-u-brckom-promovirano-drugo-izdanje-bosanskog-pravopisa-refika-bulica\/","og_locale":"bs_BA","og_type":"article","og_title":"U Br\u010dkom promovirano drugo izdanje \u201eBosanskog pravopisa\u201c Refika Buli\u0107a - TuzlaInfo.ba","og_description":"U Br\u010dkom je promovirano drugo izdanje \u201eBosanskog pravopisa\u201c autora Refika Buli\u0107a, doktora lingvisti\u010dkih nauka i&hellip;","og_url":"https:\/\/tuzlainfo.ba\/index.php\/novosti\/item\/300869-u-brckom-promovirano-drugo-izdanje-bosanskog-pravopisa-refika-bulica\/","og_site_name":"TuzlaInfo.ba","article_publisher":"https:\/\/www.facebook.com\/tuzlainfo.ba\/","article_published_time":"2026-04-22T10:06:28+00:00","article_modified_time":"2026-04-22T08:04:57+00:00","og_image":[{"width":770,"height":495,"url":"https:\/\/tuzlainfo.ba\/wp-content\/uploads\/2026\/04\/2104_bulic.jpg","type":"image\/jpeg"}],"author":"nedim","twitter_card":"summary_large_image","twitter_misc":{"Written by":"nedim","Est. reading time":"4 minute"},"schema":{"@context":"https:\/\/schema.org","@graph":[{"@type":"Article","@id":"https:\/\/tuzlainfo.ba\/index.php\/novosti\/item\/300869-u-brckom-promovirano-drugo-izdanje-bosanskog-pravopisa-refika-bulica\/#article","isPartOf":{"@id":"https:\/\/tuzlainfo.ba\/index.php\/novosti\/item\/300869-u-brckom-promovirano-drugo-izdanje-bosanskog-pravopisa-refika-bulica\/"},"author":{"name":"nedim","@id":"https:\/\/tuzlainfo.ba\/#\/schema\/person\/f434e20dc27ea133923aab08451b7f7f"},"headline":"U Br\u010dkom promovirano drugo izdanje \u201eBosanskog pravopisa\u201c Refika Buli\u0107a","datePublished":"2026-04-22T10:06:28+00:00","dateModified":"2026-04-22T08:04:57+00:00","mainEntityOfPage":{"@id":"https:\/\/tuzlainfo.ba\/index.php\/novosti\/item\/300869-u-brckom-promovirano-drugo-izdanje-bosanskog-pravopisa-refika-bulica\/"},"wordCount":635,"publisher":{"@id":"https:\/\/tuzlainfo.ba\/#organization"},"image":{"@id":"https:\/\/tuzlainfo.ba\/index.php\/novosti\/item\/300869-u-brckom-promovirano-drugo-izdanje-bosanskog-pravopisa-refika-bulica\/#primaryimage"},"thumbnailUrl":"https:\/\/tuzlainfo.ba\/wp-content\/uploads\/2026\/04\/2104_bulic.jpg","keywords":["refik bulic"],"articleSection":["Istaknuto","Novosti"],"inLanguage":"bs-BA"},{"@type":"WebPage","@id":"https:\/\/tuzlainfo.ba\/index.php\/novosti\/item\/300869-u-brckom-promovirano-drugo-izdanje-bosanskog-pravopisa-refika-bulica\/","url":"https:\/\/tuzlainfo.ba\/index.php\/novosti\/item\/300869-u-brckom-promovirano-drugo-izdanje-bosanskog-pravopisa-refika-bulica\/","name":"U Br\u010dkom promovirano drugo izdanje \u201eBosanskog pravopisa\u201c Refika Buli\u0107a - TuzlaInfo.ba","isPartOf":{"@id":"https:\/\/tuzlainfo.ba\/#website"},"primaryImageOfPage":{"@id":"https:\/\/tuzlainfo.ba\/index.php\/novosti\/item\/300869-u-brckom-promovirano-drugo-izdanje-bosanskog-pravopisa-refika-bulica\/#primaryimage"},"image":{"@id":"https:\/\/tuzlainfo.ba\/index.php\/novosti\/item\/300869-u-brckom-promovirano-drugo-izdanje-bosanskog-pravopisa-refika-bulica\/#primaryimage"},"thumbnailUrl":"https:\/\/tuzlainfo.ba\/wp-content\/uploads\/2026\/04\/2104_bulic.jpg","datePublished":"2026-04-22T10:06:28+00:00","dateModified":"2026-04-22T08:04:57+00:00","breadcrumb":{"@id":"https:\/\/tuzlainfo.ba\/index.php\/novosti\/item\/300869-u-brckom-promovirano-drugo-izdanje-bosanskog-pravopisa-refika-bulica\/#breadcrumb"},"inLanguage":"bs-BA","potentialAction":[{"@type":"ReadAction","target":["https:\/\/tuzlainfo.ba\/index.php\/novosti\/item\/300869-u-brckom-promovirano-drugo-izdanje-bosanskog-pravopisa-refika-bulica\/"]}]},{"@type":"ImageObject","inLanguage":"bs-BA","@id":"https:\/\/tuzlainfo.ba\/index.php\/novosti\/item\/300869-u-brckom-promovirano-drugo-izdanje-bosanskog-pravopisa-refika-bulica\/#primaryimage","url":"https:\/\/tuzlainfo.ba\/wp-content\/uploads\/2026\/04\/2104_bulic.jpg","contentUrl":"https:\/\/tuzlainfo.ba\/wp-content\/uploads\/2026\/04\/2104_bulic.jpg","width":770,"height":495},{"@type":"BreadcrumbList","@id":"https:\/\/tuzlainfo.ba\/index.php\/novosti\/item\/300869-u-brckom-promovirano-drugo-izdanje-bosanskog-pravopisa-refika-bulica\/#breadcrumb","itemListElement":[{"@type":"ListItem","position":1,"name":"Home","item":"https:\/\/tuzlainfo.ba\/"},{"@type":"ListItem","position":2,"name":"U Br\u010dkom promovirano drugo izdanje \u201eBosanskog pravopisa\u201c Refika Buli\u0107a"}]},{"@type":"WebSite","@id":"https:\/\/tuzlainfo.ba\/#website","url":"https:\/\/tuzlainfo.ba\/","name":"TuzlaInfo.ba","description":"Tuzla info, gradski informator - Tuzla na dlanu","publisher":{"@id":"https:\/\/tuzlainfo.ba\/#organization"},"potentialAction":[{"@type":"SearchAction","target":{"@type":"EntryPoint","urlTemplate":"https:\/\/tuzlainfo.ba\/?s={search_term_string}"},"query-input":{"@type":"PropertyValueSpecification","valueRequired":true,"valueName":"search_term_string"}}],"inLanguage":"bs-BA"},{"@type":"Organization","@id":"https:\/\/tuzlainfo.ba\/#organization","name":"TuzlaInfo.ba","url":"https:\/\/tuzlainfo.ba\/","logo":{"@type":"ImageObject","inLanguage":"bs-BA","@id":"https:\/\/tuzlainfo.ba\/#\/schema\/logo\/image\/","url":"https:\/\/tuzlainfo.ba\/wp-content\/uploads\/2021\/03\/logo-ver-3-1.png","contentUrl":"https:\/\/tuzlainfo.ba\/wp-content\/uploads\/2021\/03\/logo-ver-3-1.png","width":350,"height":95,"caption":"TuzlaInfo.ba"},"image":{"@id":"https:\/\/tuzlainfo.ba\/#\/schema\/logo\/image\/"},"sameAs":["https:\/\/www.facebook.com\/tuzlainfo.ba\/"]},{"@type":"Person","@id":"https:\/\/tuzlainfo.ba\/#\/schema\/person\/f434e20dc27ea133923aab08451b7f7f","name":"nedim","image":{"@type":"ImageObject","inLanguage":"bs-BA","@id":"https:\/\/tuzlainfo.ba\/#\/schema\/person\/image\/","url":"https:\/\/tuzlainfo.ba\/wp-content\/litespeed\/avatar\/aabad687af24844af817603ac1cbdc4f.jpg?ver=1777306975","contentUrl":"https:\/\/tuzlainfo.ba\/wp-content\/litespeed\/avatar\/aabad687af24844af817603ac1cbdc4f.jpg?ver=1777306975","caption":"nedim"},"description":"Tuzlainfo.ba pratite na dru\u0161tvenim mre\u017eama: Facebook, Instagram i Youtube. Svoje pri\u010de, upite i fotografije \u0161aljite na na\u0161u e-mail adresu."}]}},"_links":{"self":[{"href":"https:\/\/tuzlainfo.ba\/index.php\/wp-json\/wp\/v2\/posts\/300869"}],"collection":[{"href":"https:\/\/tuzlainfo.ba\/index.php\/wp-json\/wp\/v2\/posts"}],"about":[{"href":"https:\/\/tuzlainfo.ba\/index.php\/wp-json\/wp\/v2\/types\/post"}],"author":[{"embeddable":true,"href":"https:\/\/tuzlainfo.ba\/index.php\/wp-json\/wp\/v2\/users\/2"}],"replies":[{"embeddable":true,"href":"https:\/\/tuzlainfo.ba\/index.php\/wp-json\/wp\/v2\/comments?post=300869"}],"version-history":[{"count":1,"href":"https:\/\/tuzlainfo.ba\/index.php\/wp-json\/wp\/v2\/posts\/300869\/revisions"}],"predecessor-version":[{"id":300871,"href":"https:\/\/tuzlainfo.ba\/index.php\/wp-json\/wp\/v2\/posts\/300869\/revisions\/300871"}],"wp:featuredmedia":[{"embeddable":true,"href":"https:\/\/tuzlainfo.ba\/index.php\/wp-json\/wp\/v2\/media\/300870"}],"wp:attachment":[{"href":"https:\/\/tuzlainfo.ba\/index.php\/wp-json\/wp\/v2\/media?parent=300869"}],"wp:term":[{"taxonomy":"category","embeddable":true,"href":"https:\/\/tuzlainfo.ba\/index.php\/wp-json\/wp\/v2\/categories?post=300869"},{"taxonomy":"post_tag","embeddable":true,"href":"https:\/\/tuzlainfo.ba\/index.php\/wp-json\/wp\/v2\/tags?post=300869"}],"curies":[{"name":"wp","href":"https:\/\/api.w.org\/{rel}","templated":true}]}}