{"id":300866,"date":"2026-04-22T13:05:50","date_gmt":"2026-04-22T11:05:50","guid":{"rendered":"https:\/\/tuzlainfo.ba\/?p=300866"},"modified":"2026-04-22T10:30:33","modified_gmt":"2026-04-22T08:30:33","slug":"odrzan-kamisibaj-festival-u-tuzli-60-ucenika-predstavilo-19-inspirativnih-prica","status":"publish","type":"post","link":"https:\/\/tuzlainfo.ba\/index.php\/novosti\/item\/300866-odrzan-kamisibaj-festival-u-tuzli-60-ucenika-predstavilo-19-inspirativnih-prica\/","title":{"rendered":"Odr\u017ean Kami\u0161ibaj festival u Tuzli: 60 u\u010denika predstavilo 19 inspirativnih pri\u010da"},"content":{"rendered":"<p data-start=\"0\" data-end=\"246\">U Tuzli je ju\u010der uspje\u0161no odr\u017ean 2. Kami\u0161ibaj festival u Bosni i Hercegovini pod nazivom \u201ePri\u010de mladih koje putuju\u201c, koji je okupio nastavnike i u\u010denike iz \u010detiri kantona \u2013 Hercegova\u010dko-neretvanskog, Tuzlanskog, Unsko-sanskog i Zeni\u010dko-dobojskog.<\/p>\n<p data-start=\"248\" data-end=\"637\">Tokom festivala predstavljeno je ukupno 19 pa\u017eljivo pripremljenih pri\u010da, kroz koje je 60 u\u010denika, koriste\u0107i kami\u0161ibaj tehniku pripovijedanja, pokazalo kreativnost, ma\u0161tu i vlastiti pogled na svijet. Ovaj na\u010din izra\u017eavanja jo\u0161 jednom je potvrdio da kami\u0161ibaj nije samo metoda pri\u010danja pri\u010da, ve\u0107 i alat za razvoj samopouzdanja, komunikacijskih vje\u0161tina, empatije i kreativnosti kod u\u010denika.<\/p>\n<p data-start=\"639\" data-end=\"799\">Kroz razli\u010dite teme, poput lokalne zajednice, budu\u0107nosti i okru\u017eenja u kojem \u017eive, u\u010denici su pokazali zrelost i duboko promi\u0161ljanje o dru\u0161tvu koje ih okru\u017euje.<\/p>\n<p data-start=\"801\" data-end=\"1020\">Poseban trenutak festivala bila je simboli\u010dna sadnja stabla japanske tre\u0161nje u Gradskom parku Tuzla, u znak sje\u0107anja na doktoricu Azru Spahi\u0107 iz Biha\u0107a. Ovaj \u010din realizovan je uz podr\u0161ku Grada Tuzla i komunalnih slu\u017ebi.<\/p>\n<p data-start=\"1022\" data-end=\"1255\">Zavr\u0161nica festivala obilje\u017eena je radionicom \u201eKami\u0161ibaj Showcase\u201c, tokom koje su u\u010denici analizirali svoja pripovijedanja, razmjenjivali iskustva i u\u010dili jedni od drugih, \u010dime je dodatno nagla\u0161ena edukativna vrijednost ovog doga\u0111aja.<\/p>\n<p data-start=\"1257\" data-end=\"1485\">Organizatori su zahvalili i predstavnicima Ambasade Japana u Bosni i Hercegovini, kao i pedago\u0161kim zavodima Tuzlanskog kantona i Zenice na podr\u0161ci, dok je festival realizovan u saradnji sa Osnovnom \u0161kolom \u201eHarmani II\u201c iz Biha\u0107a.<\/p>\n<p data-start=\"1487\" data-end=\"1670\">Najavljeno je i da \u0107e festival naredne godine biti odr\u017ean u drugom gradu, s ciljem \u0161irenja mre\u017ee u\u010desnika i ja\u010danja zajednice koja kroz pri\u010du povezuje mlade \u0161irom Bosne i Hercegovine.<\/p>\n","protected":false},"excerpt":{"rendered":"<p>U Tuzli je ju\u010der uspje\u0161no odr\u017ean 2. Kami\u0161ibaj festival u Bosni i Hercegovini pod nazivom&hellip;<\/p>\n","protected":false},"author":2,"featured_media":300867,"comment_status":"closed","ping_status":"closed","sticky":false,"template":"","format":"standard","meta":{"_acf_changed":false,"footnotes":""},"categories":[304,12],"tags":[10188],"acf":[],"yoast_head":"<!-- This site is optimized with the Yoast SEO plugin v23.5 - https:\/\/yoast.com\/wordpress\/plugins\/seo\/ -->\n<title>Odr\u017ean Kami\u0161ibaj festival u Tuzli: 60 u\u010denika predstavilo 19 inspirativnih pri\u010da - TuzlaInfo.ba<\/title>\n<meta name=\"robots\" content=\"index, follow, max-snippet:-1, max-image-preview:large, max-video-preview:-1\" \/>\n<link rel=\"canonical\" href=\"https:\/\/tuzlainfo.ba\/index.php\/novosti\/item\/300866-odrzan-kamisibaj-festival-u-tuzli-60-ucenika-predstavilo-19-inspirativnih-prica\/\" \/>\n<meta property=\"og:locale\" content=\"bs_BA\" \/>\n<meta property=\"og:type\" content=\"article\" \/>\n<meta property=\"og:title\" content=\"Odr\u017ean Kami\u0161ibaj festival u Tuzli: 60 u\u010denika predstavilo 19 inspirativnih pri\u010da - TuzlaInfo.ba\" \/>\n<meta property=\"og:description\" content=\"U Tuzli je ju\u010der uspje\u0161no odr\u017ean 2. Kami\u0161ibaj festival u Bosni i Hercegovini pod nazivom&hellip;\" \/>\n<meta property=\"og:url\" content=\"https:\/\/tuzlainfo.ba\/index.php\/novosti\/item\/300866-odrzan-kamisibaj-festival-u-tuzli-60-ucenika-predstavilo-19-inspirativnih-prica\/\" \/>\n<meta property=\"og:site_name\" content=\"TuzlaInfo.ba\" \/>\n<meta property=\"article:publisher\" content=\"https:\/\/www.facebook.com\/tuzlainfo.ba\/\" \/>\n<meta property=\"article:published_time\" content=\"2026-04-22T11:05:50+00:00\" \/>\n<meta property=\"article:modified_time\" content=\"2026-04-22T08:30:33+00:00\" \/>\n<meta property=\"og:image\" content=\"https:\/\/tuzlainfo.ba\/wp-content\/uploads\/2026\/04\/2104_kamisibaj.jpg\" \/>\n\t<meta property=\"og:image:width\" content=\"800\" \/>\n\t<meta property=\"og:image:height\" content=\"518\" \/>\n\t<meta property=\"og:image:type\" content=\"image\/jpeg\" \/>\n<meta name=\"author\" content=\"nedim\" \/>\n<meta name=\"twitter:card\" content=\"summary_large_image\" \/>\n<meta name=\"twitter:label1\" content=\"Written by\" \/>\n\t<meta name=\"twitter:data1\" content=\"nedim\" \/>\n\t<meta name=\"twitter:label2\" content=\"Est. reading time\" \/>\n\t<meta name=\"twitter:data2\" content=\"2 minute\" \/>\n<script type=\"application\/ld+json\" class=\"yoast-schema-graph\">{\"@context\":\"https:\/\/schema.org\",\"@graph\":[{\"@type\":\"Article\",\"@id\":\"https:\/\/tuzlainfo.ba\/index.php\/novosti\/item\/300866-odrzan-kamisibaj-festival-u-tuzli-60-ucenika-predstavilo-19-inspirativnih-prica\/#article\",\"isPartOf\":{\"@id\":\"https:\/\/tuzlainfo.ba\/index.php\/novosti\/item\/300866-odrzan-kamisibaj-festival-u-tuzli-60-ucenika-predstavilo-19-inspirativnih-prica\/\"},\"author\":{\"name\":\"nedim\",\"@id\":\"https:\/\/tuzlainfo.ba\/#\/schema\/person\/f434e20dc27ea133923aab08451b7f7f\"},\"headline\":\"Odr\u017ean Kami\u0161ibaj festival u Tuzli: 60 u\u010denika predstavilo 19 inspirativnih pri\u010da\",\"datePublished\":\"2026-04-22T11:05:50+00:00\",\"dateModified\":\"2026-04-22T08:30:33+00:00\",\"mainEntityOfPage\":{\"@id\":\"https:\/\/tuzlainfo.ba\/index.php\/novosti\/item\/300866-odrzan-kamisibaj-festival-u-tuzli-60-ucenika-predstavilo-19-inspirativnih-prica\/\"},\"wordCount\":296,\"publisher\":{\"@id\":\"https:\/\/tuzlainfo.ba\/#organization\"},\"image\":{\"@id\":\"https:\/\/tuzlainfo.ba\/index.php\/novosti\/item\/300866-odrzan-kamisibaj-festival-u-tuzli-60-ucenika-predstavilo-19-inspirativnih-prica\/#primaryimage\"},\"thumbnailUrl\":\"https:\/\/tuzlainfo.ba\/wp-content\/uploads\/2026\/04\/2104_kamisibaj.jpg\",\"keywords\":[\"MIOS\"],\"articleSection\":[\"Istaknuto\",\"Novosti\"],\"inLanguage\":\"bs-BA\"},{\"@type\":\"WebPage\",\"@id\":\"https:\/\/tuzlainfo.ba\/index.php\/novosti\/item\/300866-odrzan-kamisibaj-festival-u-tuzli-60-ucenika-predstavilo-19-inspirativnih-prica\/\",\"url\":\"https:\/\/tuzlainfo.ba\/index.php\/novosti\/item\/300866-odrzan-kamisibaj-festival-u-tuzli-60-ucenika-predstavilo-19-inspirativnih-prica\/\",\"name\":\"Odr\u017ean Kami\u0161ibaj festival u Tuzli: 60 u\u010denika predstavilo 19 inspirativnih pri\u010da - TuzlaInfo.ba\",\"isPartOf\":{\"@id\":\"https:\/\/tuzlainfo.ba\/#website\"},\"primaryImageOfPage\":{\"@id\":\"https:\/\/tuzlainfo.ba\/index.php\/novosti\/item\/300866-odrzan-kamisibaj-festival-u-tuzli-60-ucenika-predstavilo-19-inspirativnih-prica\/#primaryimage\"},\"image\":{\"@id\":\"https:\/\/tuzlainfo.ba\/index.php\/novosti\/item\/300866-odrzan-kamisibaj-festival-u-tuzli-60-ucenika-predstavilo-19-inspirativnih-prica\/#primaryimage\"},\"thumbnailUrl\":\"https:\/\/tuzlainfo.ba\/wp-content\/uploads\/2026\/04\/2104_kamisibaj.jpg\",\"datePublished\":\"2026-04-22T11:05:50+00:00\",\"dateModified\":\"2026-04-22T08:30:33+00:00\",\"breadcrumb\":{\"@id\":\"https:\/\/tuzlainfo.ba\/index.php\/novosti\/item\/300866-odrzan-kamisibaj-festival-u-tuzli-60-ucenika-predstavilo-19-inspirativnih-prica\/#breadcrumb\"},\"inLanguage\":\"bs-BA\",\"potentialAction\":[{\"@type\":\"ReadAction\",\"target\":[\"https:\/\/tuzlainfo.ba\/index.php\/novosti\/item\/300866-odrzan-kamisibaj-festival-u-tuzli-60-ucenika-predstavilo-19-inspirativnih-prica\/\"]}]},{\"@type\":\"ImageObject\",\"inLanguage\":\"bs-BA\",\"@id\":\"https:\/\/tuzlainfo.ba\/index.php\/novosti\/item\/300866-odrzan-kamisibaj-festival-u-tuzli-60-ucenika-predstavilo-19-inspirativnih-prica\/#primaryimage\",\"url\":\"https:\/\/tuzlainfo.ba\/wp-content\/uploads\/2026\/04\/2104_kamisibaj.jpg\",\"contentUrl\":\"https:\/\/tuzlainfo.ba\/wp-content\/uploads\/2026\/04\/2104_kamisibaj.jpg\",\"width\":800,\"height\":518},{\"@type\":\"BreadcrumbList\",\"@id\":\"https:\/\/tuzlainfo.ba\/index.php\/novosti\/item\/300866-odrzan-kamisibaj-festival-u-tuzli-60-ucenika-predstavilo-19-inspirativnih-prica\/#breadcrumb\",\"itemListElement\":[{\"@type\":\"ListItem\",\"position\":1,\"name\":\"Home\",\"item\":\"https:\/\/tuzlainfo.ba\/\"},{\"@type\":\"ListItem\",\"position\":2,\"name\":\"Odr\u017ean Kami\u0161ibaj festival u Tuzli: 60 u\u010denika predstavilo 19 inspirativnih pri\u010da\"}]},{\"@type\":\"WebSite\",\"@id\":\"https:\/\/tuzlainfo.ba\/#website\",\"url\":\"https:\/\/tuzlainfo.ba\/\",\"name\":\"TuzlaInfo.ba\",\"description\":\"Tuzla info, gradski informator - Tuzla na dlanu\",\"publisher\":{\"@id\":\"https:\/\/tuzlainfo.ba\/#organization\"},\"potentialAction\":[{\"@type\":\"SearchAction\",\"target\":{\"@type\":\"EntryPoint\",\"urlTemplate\":\"https:\/\/tuzlainfo.ba\/?s={search_term_string}\"},\"query-input\":{\"@type\":\"PropertyValueSpecification\",\"valueRequired\":true,\"valueName\":\"search_term_string\"}}],\"inLanguage\":\"bs-BA\"},{\"@type\":\"Organization\",\"@id\":\"https:\/\/tuzlainfo.ba\/#organization\",\"name\":\"TuzlaInfo.ba\",\"url\":\"https:\/\/tuzlainfo.ba\/\",\"logo\":{\"@type\":\"ImageObject\",\"inLanguage\":\"bs-BA\",\"@id\":\"https:\/\/tuzlainfo.ba\/#\/schema\/logo\/image\/\",\"url\":\"https:\/\/tuzlainfo.ba\/wp-content\/uploads\/2021\/03\/logo-ver-3-1.png\",\"contentUrl\":\"https:\/\/tuzlainfo.ba\/wp-content\/uploads\/2021\/03\/logo-ver-3-1.png\",\"width\":350,\"height\":95,\"caption\":\"TuzlaInfo.ba\"},\"image\":{\"@id\":\"https:\/\/tuzlainfo.ba\/#\/schema\/logo\/image\/\"},\"sameAs\":[\"https:\/\/www.facebook.com\/tuzlainfo.ba\/\"]},{\"@type\":\"Person\",\"@id\":\"https:\/\/tuzlainfo.ba\/#\/schema\/person\/f434e20dc27ea133923aab08451b7f7f\",\"name\":\"nedim\",\"image\":{\"@type\":\"ImageObject\",\"inLanguage\":\"bs-BA\",\"@id\":\"https:\/\/tuzlainfo.ba\/#\/schema\/person\/image\/\",\"url\":\"https:\/\/tuzlainfo.ba\/wp-content\/litespeed\/avatar\/aabad687af24844af817603ac1cbdc4f.jpg?ver=1777306975\",\"contentUrl\":\"https:\/\/tuzlainfo.ba\/wp-content\/litespeed\/avatar\/aabad687af24844af817603ac1cbdc4f.jpg?ver=1777306975\",\"caption\":\"nedim\"},\"description\":\"Tuzlainfo.ba pratite na dru\u0161tvenim mre\u017eama: Facebook, Instagram i Youtube. Svoje pri\u010de, upite i fotografije \u0161aljite na na\u0161u e-mail adresu.\"}]}<\/script>\n<!-- \/ Yoast SEO plugin. -->","yoast_head_json":{"title":"Odr\u017ean Kami\u0161ibaj festival u Tuzli: 60 u\u010denika predstavilo 19 inspirativnih pri\u010da - TuzlaInfo.ba","robots":{"index":"index","follow":"follow","max-snippet":"max-snippet:-1","max-image-preview":"max-image-preview:large","max-video-preview":"max-video-preview:-1"},"canonical":"https:\/\/tuzlainfo.ba\/index.php\/novosti\/item\/300866-odrzan-kamisibaj-festival-u-tuzli-60-ucenika-predstavilo-19-inspirativnih-prica\/","og_locale":"bs_BA","og_type":"article","og_title":"Odr\u017ean Kami\u0161ibaj festival u Tuzli: 60 u\u010denika predstavilo 19 inspirativnih pri\u010da - TuzlaInfo.ba","og_description":"U Tuzli je ju\u010der uspje\u0161no odr\u017ean 2. Kami\u0161ibaj festival u Bosni i Hercegovini pod nazivom&hellip;","og_url":"https:\/\/tuzlainfo.ba\/index.php\/novosti\/item\/300866-odrzan-kamisibaj-festival-u-tuzli-60-ucenika-predstavilo-19-inspirativnih-prica\/","og_site_name":"TuzlaInfo.ba","article_publisher":"https:\/\/www.facebook.com\/tuzlainfo.ba\/","article_published_time":"2026-04-22T11:05:50+00:00","article_modified_time":"2026-04-22T08:30:33+00:00","og_image":[{"width":800,"height":518,"url":"https:\/\/tuzlainfo.ba\/wp-content\/uploads\/2026\/04\/2104_kamisibaj.jpg","type":"image\/jpeg"}],"author":"nedim","twitter_card":"summary_large_image","twitter_misc":{"Written by":"nedim","Est. reading time":"2 minute"},"schema":{"@context":"https:\/\/schema.org","@graph":[{"@type":"Article","@id":"https:\/\/tuzlainfo.ba\/index.php\/novosti\/item\/300866-odrzan-kamisibaj-festival-u-tuzli-60-ucenika-predstavilo-19-inspirativnih-prica\/#article","isPartOf":{"@id":"https:\/\/tuzlainfo.ba\/index.php\/novosti\/item\/300866-odrzan-kamisibaj-festival-u-tuzli-60-ucenika-predstavilo-19-inspirativnih-prica\/"},"author":{"name":"nedim","@id":"https:\/\/tuzlainfo.ba\/#\/schema\/person\/f434e20dc27ea133923aab08451b7f7f"},"headline":"Odr\u017ean Kami\u0161ibaj festival u Tuzli: 60 u\u010denika predstavilo 19 inspirativnih pri\u010da","datePublished":"2026-04-22T11:05:50+00:00","dateModified":"2026-04-22T08:30:33+00:00","mainEntityOfPage":{"@id":"https:\/\/tuzlainfo.ba\/index.php\/novosti\/item\/300866-odrzan-kamisibaj-festival-u-tuzli-60-ucenika-predstavilo-19-inspirativnih-prica\/"},"wordCount":296,"publisher":{"@id":"https:\/\/tuzlainfo.ba\/#organization"},"image":{"@id":"https:\/\/tuzlainfo.ba\/index.php\/novosti\/item\/300866-odrzan-kamisibaj-festival-u-tuzli-60-ucenika-predstavilo-19-inspirativnih-prica\/#primaryimage"},"thumbnailUrl":"https:\/\/tuzlainfo.ba\/wp-content\/uploads\/2026\/04\/2104_kamisibaj.jpg","keywords":["MIOS"],"articleSection":["Istaknuto","Novosti"],"inLanguage":"bs-BA"},{"@type":"WebPage","@id":"https:\/\/tuzlainfo.ba\/index.php\/novosti\/item\/300866-odrzan-kamisibaj-festival-u-tuzli-60-ucenika-predstavilo-19-inspirativnih-prica\/","url":"https:\/\/tuzlainfo.ba\/index.php\/novosti\/item\/300866-odrzan-kamisibaj-festival-u-tuzli-60-ucenika-predstavilo-19-inspirativnih-prica\/","name":"Odr\u017ean Kami\u0161ibaj festival u Tuzli: 60 u\u010denika predstavilo 19 inspirativnih pri\u010da - TuzlaInfo.ba","isPartOf":{"@id":"https:\/\/tuzlainfo.ba\/#website"},"primaryImageOfPage":{"@id":"https:\/\/tuzlainfo.ba\/index.php\/novosti\/item\/300866-odrzan-kamisibaj-festival-u-tuzli-60-ucenika-predstavilo-19-inspirativnih-prica\/#primaryimage"},"image":{"@id":"https:\/\/tuzlainfo.ba\/index.php\/novosti\/item\/300866-odrzan-kamisibaj-festival-u-tuzli-60-ucenika-predstavilo-19-inspirativnih-prica\/#primaryimage"},"thumbnailUrl":"https:\/\/tuzlainfo.ba\/wp-content\/uploads\/2026\/04\/2104_kamisibaj.jpg","datePublished":"2026-04-22T11:05:50+00:00","dateModified":"2026-04-22T08:30:33+00:00","breadcrumb":{"@id":"https:\/\/tuzlainfo.ba\/index.php\/novosti\/item\/300866-odrzan-kamisibaj-festival-u-tuzli-60-ucenika-predstavilo-19-inspirativnih-prica\/#breadcrumb"},"inLanguage":"bs-BA","potentialAction":[{"@type":"ReadAction","target":["https:\/\/tuzlainfo.ba\/index.php\/novosti\/item\/300866-odrzan-kamisibaj-festival-u-tuzli-60-ucenika-predstavilo-19-inspirativnih-prica\/"]}]},{"@type":"ImageObject","inLanguage":"bs-BA","@id":"https:\/\/tuzlainfo.ba\/index.php\/novosti\/item\/300866-odrzan-kamisibaj-festival-u-tuzli-60-ucenika-predstavilo-19-inspirativnih-prica\/#primaryimage","url":"https:\/\/tuzlainfo.ba\/wp-content\/uploads\/2026\/04\/2104_kamisibaj.jpg","contentUrl":"https:\/\/tuzlainfo.ba\/wp-content\/uploads\/2026\/04\/2104_kamisibaj.jpg","width":800,"height":518},{"@type":"BreadcrumbList","@id":"https:\/\/tuzlainfo.ba\/index.php\/novosti\/item\/300866-odrzan-kamisibaj-festival-u-tuzli-60-ucenika-predstavilo-19-inspirativnih-prica\/#breadcrumb","itemListElement":[{"@type":"ListItem","position":1,"name":"Home","item":"https:\/\/tuzlainfo.ba\/"},{"@type":"ListItem","position":2,"name":"Odr\u017ean Kami\u0161ibaj festival u Tuzli: 60 u\u010denika predstavilo 19 inspirativnih pri\u010da"}]},{"@type":"WebSite","@id":"https:\/\/tuzlainfo.ba\/#website","url":"https:\/\/tuzlainfo.ba\/","name":"TuzlaInfo.ba","description":"Tuzla info, gradski informator - Tuzla na dlanu","publisher":{"@id":"https:\/\/tuzlainfo.ba\/#organization"},"potentialAction":[{"@type":"SearchAction","target":{"@type":"EntryPoint","urlTemplate":"https:\/\/tuzlainfo.ba\/?s={search_term_string}"},"query-input":{"@type":"PropertyValueSpecification","valueRequired":true,"valueName":"search_term_string"}}],"inLanguage":"bs-BA"},{"@type":"Organization","@id":"https:\/\/tuzlainfo.ba\/#organization","name":"TuzlaInfo.ba","url":"https:\/\/tuzlainfo.ba\/","logo":{"@type":"ImageObject","inLanguage":"bs-BA","@id":"https:\/\/tuzlainfo.ba\/#\/schema\/logo\/image\/","url":"https:\/\/tuzlainfo.ba\/wp-content\/uploads\/2021\/03\/logo-ver-3-1.png","contentUrl":"https:\/\/tuzlainfo.ba\/wp-content\/uploads\/2021\/03\/logo-ver-3-1.png","width":350,"height":95,"caption":"TuzlaInfo.ba"},"image":{"@id":"https:\/\/tuzlainfo.ba\/#\/schema\/logo\/image\/"},"sameAs":["https:\/\/www.facebook.com\/tuzlainfo.ba\/"]},{"@type":"Person","@id":"https:\/\/tuzlainfo.ba\/#\/schema\/person\/f434e20dc27ea133923aab08451b7f7f","name":"nedim","image":{"@type":"ImageObject","inLanguage":"bs-BA","@id":"https:\/\/tuzlainfo.ba\/#\/schema\/person\/image\/","url":"https:\/\/tuzlainfo.ba\/wp-content\/litespeed\/avatar\/aabad687af24844af817603ac1cbdc4f.jpg?ver=1777306975","contentUrl":"https:\/\/tuzlainfo.ba\/wp-content\/litespeed\/avatar\/aabad687af24844af817603ac1cbdc4f.jpg?ver=1777306975","caption":"nedim"},"description":"Tuzlainfo.ba pratite na dru\u0161tvenim mre\u017eama: Facebook, Instagram i Youtube. Svoje pri\u010de, upite i fotografije \u0161aljite na na\u0161u e-mail adresu."}]}},"_links":{"self":[{"href":"https:\/\/tuzlainfo.ba\/index.php\/wp-json\/wp\/v2\/posts\/300866"}],"collection":[{"href":"https:\/\/tuzlainfo.ba\/index.php\/wp-json\/wp\/v2\/posts"}],"about":[{"href":"https:\/\/tuzlainfo.ba\/index.php\/wp-json\/wp\/v2\/types\/post"}],"author":[{"embeddable":true,"href":"https:\/\/tuzlainfo.ba\/index.php\/wp-json\/wp\/v2\/users\/2"}],"replies":[{"embeddable":true,"href":"https:\/\/tuzlainfo.ba\/index.php\/wp-json\/wp\/v2\/comments?post=300866"}],"version-history":[{"count":1,"href":"https:\/\/tuzlainfo.ba\/index.php\/wp-json\/wp\/v2\/posts\/300866\/revisions"}],"predecessor-version":[{"id":300868,"href":"https:\/\/tuzlainfo.ba\/index.php\/wp-json\/wp\/v2\/posts\/300866\/revisions\/300868"}],"wp:featuredmedia":[{"embeddable":true,"href":"https:\/\/tuzlainfo.ba\/index.php\/wp-json\/wp\/v2\/media\/300867"}],"wp:attachment":[{"href":"https:\/\/tuzlainfo.ba\/index.php\/wp-json\/wp\/v2\/media?parent=300866"}],"wp:term":[{"taxonomy":"category","embeddable":true,"href":"https:\/\/tuzlainfo.ba\/index.php\/wp-json\/wp\/v2\/categories?post=300866"},{"taxonomy":"post_tag","embeddable":true,"href":"https:\/\/tuzlainfo.ba\/index.php\/wp-json\/wp\/v2\/tags?post=300866"}],"curies":[{"name":"wp","href":"https:\/\/api.w.org\/{rel}","templated":true}]}}