{"id":300780,"date":"2026-04-26T20:04:40","date_gmt":"2026-04-26T18:04:40","guid":{"rendered":"https:\/\/tuzlainfo.ba\/?p=300780"},"modified":"2026-04-26T20:54:12","modified_gmt":"2026-04-26T18:54:12","slug":"sutra-18-redovna-sjednica-gv-tuzla-na-dnevnom-redu-budzet-energetska-efikasnost-i-imenovanja","status":"publish","type":"post","link":"https:\/\/tuzlainfo.ba\/index.php\/novosti\/item\/300780-sutra-18-redovna-sjednica-gv-tuzla-na-dnevnom-redu-budzet-energetska-efikasnost-i-imenovanja\/","title":{"rendered":"Sutra 18. redovna sjednica GV Tuzla: Na dnevnom redu bud\u017eet, energetska efikasnost i imenovanja"},"content":{"rendered":"<p>Za sutra, ponedjeljak, 27. aprila 2026. godine, zakazana je osamnaesta redovna sjednica Gradskog vije\u0107a Grada Tuzle. Sjednica \u0107e se odr\u017eati u sali za sjednice Gradskog vije\u0107a sa po\u010detkom u 12:00 sati.<\/p>\n<p>Pred vije\u0107nicima \u0107e se na\u0107i obiman dnevni red sa 17 ta\u010daka, koji obuhvata klju\u010dna pitanja za funkcionisanje grada, od finansijskih izvje\u0161taja do infrastrukturnih i kadrovskih rje\u0161enja.<\/p>\n<h3>Klju\u010dne teme sjednice<\/h3>\n<p>Jedna od centralnih ta\u010daka dnevnog reda bi\u0107e razmatranje i usvajanje Izvje\u0161taja o izvr\u0161enju Bud\u017eeta Grada Tuzle za 2025. godinu, kao i odluke o izmjenama i dopunama Bud\u017eeta za teku\u0107u 2026. godinu. Pored finansija, vije\u0107nici \u0107e raspravljati o:<\/p>\n<ol>\n<li>Energetskoj efikasnosti: Odluka o uslovima i kriterijima za dodjelu sredstava za sufinansiranje mjera pobolj\u0161anja energetske efikasnosti radi smanjenja aerozaga\u0111enja na podru\u010dju grada.<\/li>\n<li>Uklanjanju arhitektonskih barijera: Subvencioniranje tro\u0161kova uklanjanja barijera na zajedni\u010dkim dijelovima stambenih zgrada.<\/li>\n<li>Javnim ustanovama i preduze\u0107ima: Daje se prethodna saglasnost na Statut Doma zdravlja \u201eDr. Mustafa \u0160ehovi\u0107\u201c, te se pokre\u0107u procedure za imenovanja u nadzornim odborima javnih preduze\u0107a i JU \u201eGradski stadion Tu\u0161anj\u201c.<\/li>\n<li>Zakupu poslovnih prostora: Razmatranje saglasnosti za zakup prostora za vi\u0161e udru\u017eenja i zanatskih radnji u gradu.<\/li>\n<\/ol>\n<h3>Izvje\u0161taji o radu i prostorno ure\u0111enje<\/h3>\n<p>Dnevni red uklju\u010duje i izvje\u0161taje o radu Gradskog pravobranila\u0161tva, kao i javnih ustanova poput \u201eNa\u0161e dijete\u201c, Tuzlanske razvojne agencije \u201eTRAG\u201c, Centra za socijalni rad i JU \u201eGradski stadion Tu\u0161anj\u201c. Na samom kraju sjednice, vije\u0107nici \u0107e biti informisani o razlozima prolongiranja izrade izvje\u0161taja o radu JU Centar za kulturu Tuzla, kao i o aktivnostima na izradi regulacionog plana za prostornu cjelinu \u201eKreka sjever\u201c.<\/p>\n<p>Sjednica predstavlja va\u017ean korak u rje\u0161avanju teku\u0107ih pitanja i planiranju budu\u0107ih projekata koji direktno uti\u010du na kvalitet \u017eivota gra\u0111ana Tuzle.<\/p>\n","protected":false},"excerpt":{"rendered":"<p>Za sutra, ponedjeljak, 27. aprila 2026. godine, zakazana je osamnaesta redovna sjednica Gradskog vije\u0107a Grada&hellip;<\/p>\n","protected":false},"author":8,"featured_media":298798,"comment_status":"closed","ping_status":"closed","sticky":false,"template":"","format":"standard","meta":{"_acf_changed":false,"footnotes":""},"categories":[304,12],"tags":[472,2684],"acf":[],"yoast_head":"<!-- This site is optimized with the Yoast SEO plugin v23.5 - https:\/\/yoast.com\/wordpress\/plugins\/seo\/ -->\n<title>Sutra 18. redovna sjednica GV Tuzla: Na dnevnom redu bud\u017eet, energetska efikasnost i imenovanja - TuzlaInfo.ba<\/title>\n<meta name=\"robots\" content=\"index, follow, max-snippet:-1, max-image-preview:large, max-video-preview:-1\" \/>\n<link rel=\"canonical\" href=\"https:\/\/tuzlainfo.ba\/index.php\/novosti\/item\/300780-sutra-18-redovna-sjednica-gv-tuzla-na-dnevnom-redu-budzet-energetska-efikasnost-i-imenovanja\/\" \/>\n<meta property=\"og:locale\" content=\"bs_BA\" \/>\n<meta property=\"og:type\" content=\"article\" \/>\n<meta property=\"og:title\" content=\"Sutra 18. redovna sjednica GV Tuzla: Na dnevnom redu bud\u017eet, energetska efikasnost i imenovanja - TuzlaInfo.ba\" \/>\n<meta property=\"og:description\" content=\"Za sutra, ponedjeljak, 27. aprila 2026. godine, zakazana je osamnaesta redovna sjednica Gradskog vije\u0107a Grada&hellip;\" \/>\n<meta property=\"og:url\" content=\"https:\/\/tuzlainfo.ba\/index.php\/novosti\/item\/300780-sutra-18-redovna-sjednica-gv-tuzla-na-dnevnom-redu-budzet-energetska-efikasnost-i-imenovanja\/\" \/>\n<meta property=\"og:site_name\" content=\"TuzlaInfo.ba\" \/>\n<meta property=\"article:publisher\" content=\"https:\/\/www.facebook.com\/tuzlainfo.ba\/\" \/>\n<meta property=\"article:published_time\" content=\"2026-04-26T18:04:40+00:00\" \/>\n<meta property=\"article:modified_time\" content=\"2026-04-26T18:54:12+00:00\" \/>\n<meta property=\"og:image\" content=\"https:\/\/tuzlainfo.ba\/wp-content\/uploads\/2026\/03\/2103_gradsko_vijece-tuzla-2026.jpg\" \/>\n\t<meta property=\"og:image:width\" content=\"800\" \/>\n\t<meta property=\"og:image:height\" content=\"441\" \/>\n\t<meta property=\"og:image:type\" content=\"image\/jpeg\" \/>\n<meta name=\"author\" content=\"Admin Tri\" \/>\n<meta name=\"twitter:card\" content=\"summary_large_image\" \/>\n<meta name=\"twitter:label1\" content=\"Written by\" \/>\n\t<meta name=\"twitter:data1\" content=\"Admin Tri\" \/>\n\t<meta name=\"twitter:label2\" content=\"Est. reading time\" \/>\n\t<meta name=\"twitter:data2\" content=\"2 minute\" \/>\n<script type=\"application\/ld+json\" class=\"yoast-schema-graph\">{\"@context\":\"https:\/\/schema.org\",\"@graph\":[{\"@type\":\"Article\",\"@id\":\"https:\/\/tuzlainfo.ba\/index.php\/novosti\/item\/300780-sutra-18-redovna-sjednica-gv-tuzla-na-dnevnom-redu-budzet-energetska-efikasnost-i-imenovanja\/#article\",\"isPartOf\":{\"@id\":\"https:\/\/tuzlainfo.ba\/index.php\/novosti\/item\/300780-sutra-18-redovna-sjednica-gv-tuzla-na-dnevnom-redu-budzet-energetska-efikasnost-i-imenovanja\/\"},\"author\":{\"name\":\"Admin Tri\",\"@id\":\"https:\/\/tuzlainfo.ba\/#\/schema\/person\/593e78a2f6378c5ba3e7600ecfa4e63a\"},\"headline\":\"Sutra 18. redovna sjednica GV Tuzla: Na dnevnom redu bud\u017eet, energetska efikasnost i imenovanja\",\"datePublished\":\"2026-04-26T18:04:40+00:00\",\"dateModified\":\"2026-04-26T18:54:12+00:00\",\"mainEntityOfPage\":{\"@id\":\"https:\/\/tuzlainfo.ba\/index.php\/novosti\/item\/300780-sutra-18-redovna-sjednica-gv-tuzla-na-dnevnom-redu-budzet-energetska-efikasnost-i-imenovanja\/\"},\"wordCount\":319,\"publisher\":{\"@id\":\"https:\/\/tuzlainfo.ba\/#organization\"},\"image\":{\"@id\":\"https:\/\/tuzlainfo.ba\/index.php\/novosti\/item\/300780-sutra-18-redovna-sjednica-gv-tuzla-na-dnevnom-redu-budzet-energetska-efikasnost-i-imenovanja\/#primaryimage\"},\"thumbnailUrl\":\"https:\/\/tuzlainfo.ba\/wp-content\/uploads\/2026\/03\/2103_gradsko_vijece-tuzla-2026.jpg\",\"keywords\":[\"gradsko vije\u0107e\",\"sjednica\"],\"articleSection\":[\"Istaknuto\",\"Novosti\"],\"inLanguage\":\"bs-BA\"},{\"@type\":\"WebPage\",\"@id\":\"https:\/\/tuzlainfo.ba\/index.php\/novosti\/item\/300780-sutra-18-redovna-sjednica-gv-tuzla-na-dnevnom-redu-budzet-energetska-efikasnost-i-imenovanja\/\",\"url\":\"https:\/\/tuzlainfo.ba\/index.php\/novosti\/item\/300780-sutra-18-redovna-sjednica-gv-tuzla-na-dnevnom-redu-budzet-energetska-efikasnost-i-imenovanja\/\",\"name\":\"Sutra 18. redovna sjednica GV Tuzla: Na dnevnom redu bud\u017eet, energetska efikasnost i imenovanja - TuzlaInfo.ba\",\"isPartOf\":{\"@id\":\"https:\/\/tuzlainfo.ba\/#website\"},\"primaryImageOfPage\":{\"@id\":\"https:\/\/tuzlainfo.ba\/index.php\/novosti\/item\/300780-sutra-18-redovna-sjednica-gv-tuzla-na-dnevnom-redu-budzet-energetska-efikasnost-i-imenovanja\/#primaryimage\"},\"image\":{\"@id\":\"https:\/\/tuzlainfo.ba\/index.php\/novosti\/item\/300780-sutra-18-redovna-sjednica-gv-tuzla-na-dnevnom-redu-budzet-energetska-efikasnost-i-imenovanja\/#primaryimage\"},\"thumbnailUrl\":\"https:\/\/tuzlainfo.ba\/wp-content\/uploads\/2026\/03\/2103_gradsko_vijece-tuzla-2026.jpg\",\"datePublished\":\"2026-04-26T18:04:40+00:00\",\"dateModified\":\"2026-04-26T18:54:12+00:00\",\"breadcrumb\":{\"@id\":\"https:\/\/tuzlainfo.ba\/index.php\/novosti\/item\/300780-sutra-18-redovna-sjednica-gv-tuzla-na-dnevnom-redu-budzet-energetska-efikasnost-i-imenovanja\/#breadcrumb\"},\"inLanguage\":\"bs-BA\",\"potentialAction\":[{\"@type\":\"ReadAction\",\"target\":[\"https:\/\/tuzlainfo.ba\/index.php\/novosti\/item\/300780-sutra-18-redovna-sjednica-gv-tuzla-na-dnevnom-redu-budzet-energetska-efikasnost-i-imenovanja\/\"]}]},{\"@type\":\"ImageObject\",\"inLanguage\":\"bs-BA\",\"@id\":\"https:\/\/tuzlainfo.ba\/index.php\/novosti\/item\/300780-sutra-18-redovna-sjednica-gv-tuzla-na-dnevnom-redu-budzet-energetska-efikasnost-i-imenovanja\/#primaryimage\",\"url\":\"https:\/\/tuzlainfo.ba\/wp-content\/uploads\/2026\/03\/2103_gradsko_vijece-tuzla-2026.jpg\",\"contentUrl\":\"https:\/\/tuzlainfo.ba\/wp-content\/uploads\/2026\/03\/2103_gradsko_vijece-tuzla-2026.jpg\",\"width\":800,\"height\":441},{\"@type\":\"BreadcrumbList\",\"@id\":\"https:\/\/tuzlainfo.ba\/index.php\/novosti\/item\/300780-sutra-18-redovna-sjednica-gv-tuzla-na-dnevnom-redu-budzet-energetska-efikasnost-i-imenovanja\/#breadcrumb\",\"itemListElement\":[{\"@type\":\"ListItem\",\"position\":1,\"name\":\"Home\",\"item\":\"https:\/\/tuzlainfo.ba\/\"},{\"@type\":\"ListItem\",\"position\":2,\"name\":\"Sutra 18. redovna sjednica GV Tuzla: Na dnevnom redu bud\u017eet, energetska efikasnost i imenovanja\"}]},{\"@type\":\"WebSite\",\"@id\":\"https:\/\/tuzlainfo.ba\/#website\",\"url\":\"https:\/\/tuzlainfo.ba\/\",\"name\":\"TuzlaInfo.ba\",\"description\":\"Tuzla info, gradski informator - Tuzla na dlanu\",\"publisher\":{\"@id\":\"https:\/\/tuzlainfo.ba\/#organization\"},\"potentialAction\":[{\"@type\":\"SearchAction\",\"target\":{\"@type\":\"EntryPoint\",\"urlTemplate\":\"https:\/\/tuzlainfo.ba\/?s={search_term_string}\"},\"query-input\":{\"@type\":\"PropertyValueSpecification\",\"valueRequired\":true,\"valueName\":\"search_term_string\"}}],\"inLanguage\":\"bs-BA\"},{\"@type\":\"Organization\",\"@id\":\"https:\/\/tuzlainfo.ba\/#organization\",\"name\":\"TuzlaInfo.ba\",\"url\":\"https:\/\/tuzlainfo.ba\/\",\"logo\":{\"@type\":\"ImageObject\",\"inLanguage\":\"bs-BA\",\"@id\":\"https:\/\/tuzlainfo.ba\/#\/schema\/logo\/image\/\",\"url\":\"https:\/\/tuzlainfo.ba\/wp-content\/uploads\/2021\/03\/logo-ver-3-1.png\",\"contentUrl\":\"https:\/\/tuzlainfo.ba\/wp-content\/uploads\/2021\/03\/logo-ver-3-1.png\",\"width\":350,\"height\":95,\"caption\":\"TuzlaInfo.ba\"},\"image\":{\"@id\":\"https:\/\/tuzlainfo.ba\/#\/schema\/logo\/image\/\"},\"sameAs\":[\"https:\/\/www.facebook.com\/tuzlainfo.ba\/\"]},{\"@type\":\"Person\",\"@id\":\"https:\/\/tuzlainfo.ba\/#\/schema\/person\/593e78a2f6378c5ba3e7600ecfa4e63a\",\"name\":\"Admin Tri\",\"image\":{\"@type\":\"ImageObject\",\"inLanguage\":\"bs-BA\",\"@id\":\"https:\/\/tuzlainfo.ba\/#\/schema\/person\/image\/\",\"url\":\"https:\/\/tuzlainfo.ba\/wp-content\/litespeed\/avatar\/b7920db4cc34a71ad12497283ad2fe3f.jpg?ver=1777100914\",\"contentUrl\":\"https:\/\/tuzlainfo.ba\/wp-content\/litespeed\/avatar\/b7920db4cc34a71ad12497283ad2fe3f.jpg?ver=1777100914\",\"caption\":\"Admin Tri\"},\"sameAs\":[\"https:\/\/tuzlainfo.ba\"]}]}<\/script>\n<!-- \/ Yoast SEO plugin. -->","yoast_head_json":{"title":"Sutra 18. redovna sjednica GV Tuzla: Na dnevnom redu bud\u017eet, energetska efikasnost i imenovanja - TuzlaInfo.ba","robots":{"index":"index","follow":"follow","max-snippet":"max-snippet:-1","max-image-preview":"max-image-preview:large","max-video-preview":"max-video-preview:-1"},"canonical":"https:\/\/tuzlainfo.ba\/index.php\/novosti\/item\/300780-sutra-18-redovna-sjednica-gv-tuzla-na-dnevnom-redu-budzet-energetska-efikasnost-i-imenovanja\/","og_locale":"bs_BA","og_type":"article","og_title":"Sutra 18. redovna sjednica GV Tuzla: Na dnevnom redu bud\u017eet, energetska efikasnost i imenovanja - TuzlaInfo.ba","og_description":"Za sutra, ponedjeljak, 27. aprila 2026. godine, zakazana je osamnaesta redovna sjednica Gradskog vije\u0107a Grada&hellip;","og_url":"https:\/\/tuzlainfo.ba\/index.php\/novosti\/item\/300780-sutra-18-redovna-sjednica-gv-tuzla-na-dnevnom-redu-budzet-energetska-efikasnost-i-imenovanja\/","og_site_name":"TuzlaInfo.ba","article_publisher":"https:\/\/www.facebook.com\/tuzlainfo.ba\/","article_published_time":"2026-04-26T18:04:40+00:00","article_modified_time":"2026-04-26T18:54:12+00:00","og_image":[{"width":800,"height":441,"url":"https:\/\/tuzlainfo.ba\/wp-content\/uploads\/2026\/03\/2103_gradsko_vijece-tuzla-2026.jpg","type":"image\/jpeg"}],"author":"Admin Tri","twitter_card":"summary_large_image","twitter_misc":{"Written by":"Admin Tri","Est. reading time":"2 minute"},"schema":{"@context":"https:\/\/schema.org","@graph":[{"@type":"Article","@id":"https:\/\/tuzlainfo.ba\/index.php\/novosti\/item\/300780-sutra-18-redovna-sjednica-gv-tuzla-na-dnevnom-redu-budzet-energetska-efikasnost-i-imenovanja\/#article","isPartOf":{"@id":"https:\/\/tuzlainfo.ba\/index.php\/novosti\/item\/300780-sutra-18-redovna-sjednica-gv-tuzla-na-dnevnom-redu-budzet-energetska-efikasnost-i-imenovanja\/"},"author":{"name":"Admin Tri","@id":"https:\/\/tuzlainfo.ba\/#\/schema\/person\/593e78a2f6378c5ba3e7600ecfa4e63a"},"headline":"Sutra 18. redovna sjednica GV Tuzla: Na dnevnom redu bud\u017eet, energetska efikasnost i imenovanja","datePublished":"2026-04-26T18:04:40+00:00","dateModified":"2026-04-26T18:54:12+00:00","mainEntityOfPage":{"@id":"https:\/\/tuzlainfo.ba\/index.php\/novosti\/item\/300780-sutra-18-redovna-sjednica-gv-tuzla-na-dnevnom-redu-budzet-energetska-efikasnost-i-imenovanja\/"},"wordCount":319,"publisher":{"@id":"https:\/\/tuzlainfo.ba\/#organization"},"image":{"@id":"https:\/\/tuzlainfo.ba\/index.php\/novosti\/item\/300780-sutra-18-redovna-sjednica-gv-tuzla-na-dnevnom-redu-budzet-energetska-efikasnost-i-imenovanja\/#primaryimage"},"thumbnailUrl":"https:\/\/tuzlainfo.ba\/wp-content\/uploads\/2026\/03\/2103_gradsko_vijece-tuzla-2026.jpg","keywords":["gradsko vije\u0107e","sjednica"],"articleSection":["Istaknuto","Novosti"],"inLanguage":"bs-BA"},{"@type":"WebPage","@id":"https:\/\/tuzlainfo.ba\/index.php\/novosti\/item\/300780-sutra-18-redovna-sjednica-gv-tuzla-na-dnevnom-redu-budzet-energetska-efikasnost-i-imenovanja\/","url":"https:\/\/tuzlainfo.ba\/index.php\/novosti\/item\/300780-sutra-18-redovna-sjednica-gv-tuzla-na-dnevnom-redu-budzet-energetska-efikasnost-i-imenovanja\/","name":"Sutra 18. redovna sjednica GV Tuzla: Na dnevnom redu bud\u017eet, energetska efikasnost i imenovanja - TuzlaInfo.ba","isPartOf":{"@id":"https:\/\/tuzlainfo.ba\/#website"},"primaryImageOfPage":{"@id":"https:\/\/tuzlainfo.ba\/index.php\/novosti\/item\/300780-sutra-18-redovna-sjednica-gv-tuzla-na-dnevnom-redu-budzet-energetska-efikasnost-i-imenovanja\/#primaryimage"},"image":{"@id":"https:\/\/tuzlainfo.ba\/index.php\/novosti\/item\/300780-sutra-18-redovna-sjednica-gv-tuzla-na-dnevnom-redu-budzet-energetska-efikasnost-i-imenovanja\/#primaryimage"},"thumbnailUrl":"https:\/\/tuzlainfo.ba\/wp-content\/uploads\/2026\/03\/2103_gradsko_vijece-tuzla-2026.jpg","datePublished":"2026-04-26T18:04:40+00:00","dateModified":"2026-04-26T18:54:12+00:00","breadcrumb":{"@id":"https:\/\/tuzlainfo.ba\/index.php\/novosti\/item\/300780-sutra-18-redovna-sjednica-gv-tuzla-na-dnevnom-redu-budzet-energetska-efikasnost-i-imenovanja\/#breadcrumb"},"inLanguage":"bs-BA","potentialAction":[{"@type":"ReadAction","target":["https:\/\/tuzlainfo.ba\/index.php\/novosti\/item\/300780-sutra-18-redovna-sjednica-gv-tuzla-na-dnevnom-redu-budzet-energetska-efikasnost-i-imenovanja\/"]}]},{"@type":"ImageObject","inLanguage":"bs-BA","@id":"https:\/\/tuzlainfo.ba\/index.php\/novosti\/item\/300780-sutra-18-redovna-sjednica-gv-tuzla-na-dnevnom-redu-budzet-energetska-efikasnost-i-imenovanja\/#primaryimage","url":"https:\/\/tuzlainfo.ba\/wp-content\/uploads\/2026\/03\/2103_gradsko_vijece-tuzla-2026.jpg","contentUrl":"https:\/\/tuzlainfo.ba\/wp-content\/uploads\/2026\/03\/2103_gradsko_vijece-tuzla-2026.jpg","width":800,"height":441},{"@type":"BreadcrumbList","@id":"https:\/\/tuzlainfo.ba\/index.php\/novosti\/item\/300780-sutra-18-redovna-sjednica-gv-tuzla-na-dnevnom-redu-budzet-energetska-efikasnost-i-imenovanja\/#breadcrumb","itemListElement":[{"@type":"ListItem","position":1,"name":"Home","item":"https:\/\/tuzlainfo.ba\/"},{"@type":"ListItem","position":2,"name":"Sutra 18. redovna sjednica GV Tuzla: Na dnevnom redu bud\u017eet, energetska efikasnost i imenovanja"}]},{"@type":"WebSite","@id":"https:\/\/tuzlainfo.ba\/#website","url":"https:\/\/tuzlainfo.ba\/","name":"TuzlaInfo.ba","description":"Tuzla info, gradski informator - Tuzla na dlanu","publisher":{"@id":"https:\/\/tuzlainfo.ba\/#organization"},"potentialAction":[{"@type":"SearchAction","target":{"@type":"EntryPoint","urlTemplate":"https:\/\/tuzlainfo.ba\/?s={search_term_string}"},"query-input":{"@type":"PropertyValueSpecification","valueRequired":true,"valueName":"search_term_string"}}],"inLanguage":"bs-BA"},{"@type":"Organization","@id":"https:\/\/tuzlainfo.ba\/#organization","name":"TuzlaInfo.ba","url":"https:\/\/tuzlainfo.ba\/","logo":{"@type":"ImageObject","inLanguage":"bs-BA","@id":"https:\/\/tuzlainfo.ba\/#\/schema\/logo\/image\/","url":"https:\/\/tuzlainfo.ba\/wp-content\/uploads\/2021\/03\/logo-ver-3-1.png","contentUrl":"https:\/\/tuzlainfo.ba\/wp-content\/uploads\/2021\/03\/logo-ver-3-1.png","width":350,"height":95,"caption":"TuzlaInfo.ba"},"image":{"@id":"https:\/\/tuzlainfo.ba\/#\/schema\/logo\/image\/"},"sameAs":["https:\/\/www.facebook.com\/tuzlainfo.ba\/"]},{"@type":"Person","@id":"https:\/\/tuzlainfo.ba\/#\/schema\/person\/593e78a2f6378c5ba3e7600ecfa4e63a","name":"Admin Tri","image":{"@type":"ImageObject","inLanguage":"bs-BA","@id":"https:\/\/tuzlainfo.ba\/#\/schema\/person\/image\/","url":"https:\/\/tuzlainfo.ba\/wp-content\/litespeed\/avatar\/b7920db4cc34a71ad12497283ad2fe3f.jpg?ver=1777100914","contentUrl":"https:\/\/tuzlainfo.ba\/wp-content\/litespeed\/avatar\/b7920db4cc34a71ad12497283ad2fe3f.jpg?ver=1777100914","caption":"Admin Tri"},"sameAs":["https:\/\/tuzlainfo.ba"]}]}},"_links":{"self":[{"href":"https:\/\/tuzlainfo.ba\/index.php\/wp-json\/wp\/v2\/posts\/300780"}],"collection":[{"href":"https:\/\/tuzlainfo.ba\/index.php\/wp-json\/wp\/v2\/posts"}],"about":[{"href":"https:\/\/tuzlainfo.ba\/index.php\/wp-json\/wp\/v2\/types\/post"}],"author":[{"embeddable":true,"href":"https:\/\/tuzlainfo.ba\/index.php\/wp-json\/wp\/v2\/users\/8"}],"replies":[{"embeddable":true,"href":"https:\/\/tuzlainfo.ba\/index.php\/wp-json\/wp\/v2\/comments?post=300780"}],"version-history":[{"count":2,"href":"https:\/\/tuzlainfo.ba\/index.php\/wp-json\/wp\/v2\/posts\/300780\/revisions"}],"predecessor-version":[{"id":300896,"href":"https:\/\/tuzlainfo.ba\/index.php\/wp-json\/wp\/v2\/posts\/300780\/revisions\/300896"}],"wp:featuredmedia":[{"embeddable":true,"href":"https:\/\/tuzlainfo.ba\/index.php\/wp-json\/wp\/v2\/media\/298798"}],"wp:attachment":[{"href":"https:\/\/tuzlainfo.ba\/index.php\/wp-json\/wp\/v2\/media?parent=300780"}],"wp:term":[{"taxonomy":"category","embeddable":true,"href":"https:\/\/tuzlainfo.ba\/index.php\/wp-json\/wp\/v2\/categories?post=300780"},{"taxonomy":"post_tag","embeddable":true,"href":"https:\/\/tuzlainfo.ba\/index.php\/wp-json\/wp\/v2\/tags?post=300780"}],"curies":[{"name":"wp","href":"https:\/\/api.w.org\/{rel}","templated":true}]}}