{"id":300736,"date":"2026-04-25T10:01:10","date_gmt":"2026-04-25T08:01:10","guid":{"rendered":"https:\/\/tuzlainfo.ba\/?p=300736"},"modified":"2026-04-23T13:35:13","modified_gmt":"2026-04-23T11:35:13","slug":"od-danas-pocinje-prodaja-ulaznica-za-mec-bih-i-farskih-otoka-u-tuzli","status":"publish","type":"post","link":"https:\/\/tuzlainfo.ba\/index.php\/najava-dogadaja-2\/item\/300736-od-danas-pocinje-prodaja-ulaznica-za-mec-bih-i-farskih-otoka-u-tuzli\/","title":{"rendered":"Od danas po\u010dinje prodaja ulaznica za me\u010d BiH i Farskih Otoka u Tuzli"},"content":{"rendered":"<p>Ulaznice za za prvi susret finalnog bara\u017ea za plasman na Svjetsko prvenstvo izme\u0111u BiH i Farskih Otoka od danas su u prodaji, a utakmica se igra 14. maja u tuzlanskom Mejdanu.<\/p>\n<p>Nakon \u0161to je u dvije utakmice bila bolja od Kosova, rukometna reprezentacija Bosne i Hercegovine izborila je plasman u zavr\u0161ni bara\u017e, gdje je o\u010dekuje duel sa selekcijom Farskih Otoka. Kako je potvr\u0111eno, prvi me\u010d igrat \u0107e se u Tuzli, a odluka je donesena na sastanku u Rukometnom savezu Bosne i Hercegovine, \u010dime su otklonjene dileme da li \u0107e doma\u0107in biti Tuzla ili Gra\u010danica.<\/p>\n<p>Mejdan \u0107e tako ponovo ugostiti bh. rukometa\u0161e, koji su u ovom gradu ve\u0107 igrali i utakmicu prve runde bara\u017ea. Okupljanje reprezentacije planirano je za 10. maj, kada \u0107e izabranici stru\u010dnog \u0161taba po\u010deti pripreme za jedan od najva\u017enijih susreta u aktuelnom kvalifikacionom ciklusu.<\/p>\n<p>Veliko interesovanje me\u0111u navija\u010dima vlada ve\u0107 danima, a dodatnu pa\u017enju izazvala je informacija da ulaznice za BiH i Farske Otoke od danas mogu biti kupljene. Jasno je da se u Mejdanu o\u010dekuje sna\u017ena podr\u0161ka s tribina, posebno jer \u0107e dobar rezultat iz Tuzle biti od klju\u010dnog zna\u010daja pred revan\u0161.<\/p>\n<p>Uzvratna utakmica igra se tri dana kasnije na Farskim Otocima, a reprezentaciji Bosne i Hercegovine bit \u0107e potreban \u0161to bolji rezultat iz prvog me\u010da kako bi zadr\u017eala realne \u0161anse za plasman na Svjetsko prvenstvo. Zbog toga \u0107e podr\u0161ka publike u Tuzli imati poseban zna\u010daj, a ulaznice za BiH i Farske Otoke mogle bi brzo planuti.<\/p>\n","protected":false},"excerpt":{"rendered":"<p>Ulaznice za za prvi susret finalnog bara\u017ea za plasman na Svjetsko prvenstvo izme\u0111u BiH i Farskih Otoka od danas su u prodaji, a utakmica se igra 14. maja u tuzlanskom Mejdanu. Nakon \u0161to je u dvije utakmice bila bolja od Kosova, rukometna reprezentacija Bosne i Hercegovine izborila je plasman u zavr\u0161ni bara\u017e, gdje je o\u010dekuje [&hellip;]<\/p>\n","protected":false},"author":8,"featured_media":297946,"comment_status":"closed","ping_status":"closed","sticky":false,"template":"","format":"standard","meta":{"footnotes":""},"categories":[304,11],"tags":[4946,918,915,6306,1882],"class_list":["post-300736","post","type-post","status-publish","format-standard","has-post-thumbnail","hentry","category-istaknuto","category-najava-dogadaja-2","tag-prodaja","tag-rukomet","tag-sport","tag-ulaznice","tag-utakmica"],"yoast_head":"<!-- This site is optimized with the Yoast SEO plugin v28.3 - https:\/\/yoast.com\/product\/yoast-seo-wordpress\/ -->\n<title>Od danas po\u010dinje prodaja ulaznica za me\u010d BiH i Farskih Otoka u Tuzli<\/title>\n<meta name=\"robots\" content=\"index, follow, max-snippet:-1, max-image-preview:large, max-video-preview:-1\" \/>\n<link rel=\"canonical\" href=\"https:\/\/tuzlainfo.ba\/index.php\/najava-dogadaja-2\/item\/300736-od-danas-pocinje-prodaja-ulaznica-za-mec-bih-i-farskih-otoka-u-tuzli\/\" \/>\n<meta property=\"og:locale\" content=\"bs_BA\" \/>\n<meta property=\"og:type\" content=\"article\" \/>\n<meta property=\"og:title\" content=\"Od danas po\u010dinje prodaja ulaznica za me\u010d BiH i Farskih Otoka u Tuzli\" \/>\n<meta property=\"og:description\" content=\"Ulaznice za za prvi susret finalnog bara\u017ea za plasman na Svjetsko prvenstvo izme\u0111u BiH i Farskih Otoka od danas su u prodaji, a utakmica se igra 14. maja u tuzlanskom Mejdanu. Nakon \u0161to je u dvije utakmice bila bolja od Kosova, rukometna reprezentacija Bosne i Hercegovine izborila je plasman u zavr\u0161ni bara\u017e, gdje je o\u010dekuje [&hellip;]\" \/>\n<meta property=\"og:url\" content=\"https:\/\/tuzlainfo.ba\/index.php\/najava-dogadaja-2\/item\/300736-od-danas-pocinje-prodaja-ulaznica-za-mec-bih-i-farskih-otoka-u-tuzli\/\" \/>\n<meta property=\"og:site_name\" content=\"TuzlaInfo.ba\" \/>\n<meta property=\"article:publisher\" content=\"https:\/\/www.facebook.com\/tuzlainfo.ba\/\" \/>\n<meta property=\"article:published_time\" content=\"2026-04-25T08:01:10+00:00\" \/>\n<meta property=\"og:image\" content=\"https:\/\/tuzlainfo.ba\/wp-content\/uploads\/2026\/03\/rukomet_mejdan_navijaci.jpg\" \/>\n\t<meta property=\"og:image:width\" content=\"2048\" \/>\n\t<meta property=\"og:image:height\" content=\"1366\" \/>\n\t<meta property=\"og:image:type\" content=\"image\/jpeg\" \/>\n<meta name=\"author\" content=\"Admin Tri\" \/>\n<meta name=\"twitter:card\" content=\"summary_large_image\" \/>\n<meta name=\"twitter:label1\" content=\"Written by\" \/>\n\t<meta name=\"twitter:data1\" content=\"Admin Tri\" \/>\n\t<meta name=\"twitter:label2\" content=\"Est. reading time\" \/>\n\t<meta name=\"twitter:data2\" content=\"2 minute\" \/>\n<script type=\"application\/ld+json\" class=\"yoast-schema-graph\">{\"@context\":\"https:\\\/\\\/schema.org\",\"@graph\":[{\"@type\":\"Article\",\"@id\":\"https:\\\/\\\/tuzlainfo.ba\\\/index.php\\\/najava-dogadaja-2\\\/item\\\/300736-od-danas-pocinje-prodaja-ulaznica-za-mec-bih-i-farskih-otoka-u-tuzli\\\/#article\",\"isPartOf\":{\"@id\":\"https:\\\/\\\/tuzlainfo.ba\\\/index.php\\\/najava-dogadaja-2\\\/item\\\/300736-od-danas-pocinje-prodaja-ulaznica-za-mec-bih-i-farskih-otoka-u-tuzli\\\/\"},\"author\":{\"name\":\"Admin Tri\",\"@id\":\"https:\\\/\\\/tuzlainfo.ba\\\/#\\\/schema\\\/person\\\/593e78a2f6378c5ba3e7600ecfa4e63a\"},\"headline\":\"Od danas po\u010dinje prodaja ulaznica za me\u010d BiH i Farskih Otoka u Tuzli\",\"datePublished\":\"2026-04-25T08:01:10+00:00\",\"mainEntityOfPage\":{\"@id\":\"https:\\\/\\\/tuzlainfo.ba\\\/index.php\\\/najava-dogadaja-2\\\/item\\\/300736-od-danas-pocinje-prodaja-ulaznica-za-mec-bih-i-farskih-otoka-u-tuzli\\\/\"},\"wordCount\":276,\"publisher\":{\"@id\":\"https:\\\/\\\/tuzlainfo.ba\\\/#organization\"},\"image\":{\"@id\":\"https:\\\/\\\/tuzlainfo.ba\\\/index.php\\\/najava-dogadaja-2\\\/item\\\/300736-od-danas-pocinje-prodaja-ulaznica-za-mec-bih-i-farskih-otoka-u-tuzli\\\/#primaryimage\"},\"thumbnailUrl\":\"https:\\\/\\\/tuzlainfo.ba\\\/wp-content\\\/uploads\\\/2026\\\/03\\\/rukomet_mejdan_navijaci.jpg\",\"keywords\":[\"prodaja\",\"rukomet\",\"sport\",\"Ulaznice\",\"utakmica\"],\"articleSection\":[\"Istaknuto\",\"Najave i doga\u0111aji\"],\"inLanguage\":\"bs-BA\",\"copyrightYear\":\"2026\",\"copyrightHolder\":{\"@id\":\"https:\\\/\\\/tuzlainfo.ba\\\/#organization\"}},{\"@type\":\"WebPage\",\"@id\":\"https:\\\/\\\/tuzlainfo.ba\\\/index.php\\\/najava-dogadaja-2\\\/item\\\/300736-od-danas-pocinje-prodaja-ulaznica-za-mec-bih-i-farskih-otoka-u-tuzli\\\/\",\"url\":\"https:\\\/\\\/tuzlainfo.ba\\\/index.php\\\/najava-dogadaja-2\\\/item\\\/300736-od-danas-pocinje-prodaja-ulaznica-za-mec-bih-i-farskih-otoka-u-tuzli\\\/\",\"name\":\"Od danas po\u010dinje prodaja ulaznica za me\u010d BiH i Farskih Otoka u Tuzli\",\"isPartOf\":{\"@id\":\"https:\\\/\\\/tuzlainfo.ba\\\/#website\"},\"primaryImageOfPage\":{\"@id\":\"https:\\\/\\\/tuzlainfo.ba\\\/index.php\\\/najava-dogadaja-2\\\/item\\\/300736-od-danas-pocinje-prodaja-ulaznica-za-mec-bih-i-farskih-otoka-u-tuzli\\\/#primaryimage\"},\"image\":{\"@id\":\"https:\\\/\\\/tuzlainfo.ba\\\/index.php\\\/najava-dogadaja-2\\\/item\\\/300736-od-danas-pocinje-prodaja-ulaznica-za-mec-bih-i-farskih-otoka-u-tuzli\\\/#primaryimage\"},\"thumbnailUrl\":\"https:\\\/\\\/tuzlainfo.ba\\\/wp-content\\\/uploads\\\/2026\\\/03\\\/rukomet_mejdan_navijaci.jpg\",\"datePublished\":\"2026-04-25T08:01:10+00:00\",\"breadcrumb\":{\"@id\":\"https:\\\/\\\/tuzlainfo.ba\\\/index.php\\\/najava-dogadaja-2\\\/item\\\/300736-od-danas-pocinje-prodaja-ulaznica-za-mec-bih-i-farskih-otoka-u-tuzli\\\/#breadcrumb\"},\"inLanguage\":\"bs-BA\",\"potentialAction\":[{\"@type\":\"ReadAction\",\"target\":[\"https:\\\/\\\/tuzlainfo.ba\\\/index.php\\\/najava-dogadaja-2\\\/item\\\/300736-od-danas-pocinje-prodaja-ulaznica-za-mec-bih-i-farskih-otoka-u-tuzli\\\/\"]}]},{\"@type\":\"ImageObject\",\"inLanguage\":\"bs-BA\",\"@id\":\"https:\\\/\\\/tuzlainfo.ba\\\/index.php\\\/najava-dogadaja-2\\\/item\\\/300736-od-danas-pocinje-prodaja-ulaznica-za-mec-bih-i-farskih-otoka-u-tuzli\\\/#primaryimage\",\"url\":\"https:\\\/\\\/tuzlainfo.ba\\\/wp-content\\\/uploads\\\/2026\\\/03\\\/rukomet_mejdan_navijaci.jpg\",\"contentUrl\":\"https:\\\/\\\/tuzlainfo.ba\\\/wp-content\\\/uploads\\\/2026\\\/03\\\/rukomet_mejdan_navijaci.jpg\",\"width\":2048,\"height\":1366},{\"@type\":\"BreadcrumbList\",\"@id\":\"https:\\\/\\\/tuzlainfo.ba\\\/index.php\\\/najava-dogadaja-2\\\/item\\\/300736-od-danas-pocinje-prodaja-ulaznica-za-mec-bih-i-farskih-otoka-u-tuzli\\\/#breadcrumb\",\"itemListElement\":[{\"@type\":\"ListItem\",\"position\":1,\"name\":\"Home\",\"item\":\"https:\\\/\\\/tuzlainfo.ba\\\/\"},{\"@type\":\"ListItem\",\"position\":2,\"name\":\"Od danas po\u010dinje prodaja ulaznica za me\u010d BiH i Farskih Otoka u Tuzli\"}]},{\"@type\":\"WebSite\",\"@id\":\"https:\\\/\\\/tuzlainfo.ba\\\/#website\",\"url\":\"https:\\\/\\\/tuzlainfo.ba\\\/\",\"name\":\"TuzlaInfo.ba\",\"description\":\"Tuzla info, gradski informator - Tuzla na dlanu\",\"publisher\":{\"@id\":\"https:\\\/\\\/tuzlainfo.ba\\\/#organization\"},\"potentialAction\":[{\"@type\":\"SearchAction\",\"target\":{\"@type\":\"EntryPoint\",\"urlTemplate\":\"https:\\\/\\\/tuzlainfo.ba\\\/?s={search_term_string}\"},\"query-input\":{\"@type\":\"PropertyValueSpecification\",\"valueRequired\":true,\"valueName\":\"search_term_string\"}}],\"inLanguage\":\"bs-BA\"},{\"@type\":\"Organization\",\"@id\":\"https:\\\/\\\/tuzlainfo.ba\\\/#organization\",\"name\":\"TuzlaInfo.ba\",\"url\":\"https:\\\/\\\/tuzlainfo.ba\\\/\",\"logo\":{\"@type\":\"ImageObject\",\"inLanguage\":\"bs-BA\",\"@id\":\"https:\\\/\\\/tuzlainfo.ba\\\/#\\\/schema\\\/logo\\\/image\\\/\",\"url\":\"https:\\\/\\\/tuzlainfo.ba\\\/wp-content\\\/uploads\\\/2021\\\/03\\\/logo-ver-3-1.png\",\"contentUrl\":\"https:\\\/\\\/tuzlainfo.ba\\\/wp-content\\\/uploads\\\/2021\\\/03\\\/logo-ver-3-1.png\",\"width\":350,\"height\":95,\"caption\":\"TuzlaInfo.ba\"},\"image\":{\"@id\":\"https:\\\/\\\/tuzlainfo.ba\\\/#\\\/schema\\\/logo\\\/image\\\/\"},\"sameAs\":[\"https:\\\/\\\/www.facebook.com\\\/tuzlainfo.ba\\\/\"]},{\"@type\":\"Person\",\"@id\":\"https:\\\/\\\/tuzlainfo.ba\\\/#\\\/schema\\\/person\\\/593e78a2f6378c5ba3e7600ecfa4e63a\",\"name\":\"Admin Tri\",\"image\":{\"@type\":\"ImageObject\",\"inLanguage\":\"bs-BA\",\"@id\":\"https:\\\/\\\/secure.gravatar.com\\\/avatar\\\/b53a7f47acc7a09467757d8b2234cc38fa334b13599376e53104c0036b528ca1?s=96&d=mm&r=g\",\"url\":\"https:\\\/\\\/secure.gravatar.com\\\/avatar\\\/b53a7f47acc7a09467757d8b2234cc38fa334b13599376e53104c0036b528ca1?s=96&d=mm&r=g\",\"contentUrl\":\"https:\\\/\\\/secure.gravatar.com\\\/avatar\\\/b53a7f47acc7a09467757d8b2234cc38fa334b13599376e53104c0036b528ca1?s=96&d=mm&r=g\",\"caption\":\"Admin Tri\"},\"sameAs\":[\"https:\\\/\\\/tuzlainfo.ba\"]}]}<\/script>\n<!-- \/ Yoast SEO plugin. -->","yoast_head_json":{"title":"Od danas po\u010dinje prodaja ulaznica za me\u010d BiH i Farskih Otoka u Tuzli","robots":{"index":"index","follow":"follow","max-snippet":"max-snippet:-1","max-image-preview":"max-image-preview:large","max-video-preview":"max-video-preview:-1"},"canonical":"https:\/\/tuzlainfo.ba\/index.php\/najava-dogadaja-2\/item\/300736-od-danas-pocinje-prodaja-ulaznica-za-mec-bih-i-farskih-otoka-u-tuzli\/","og_locale":"bs_BA","og_type":"article","og_title":"Od danas po\u010dinje prodaja ulaznica za me\u010d BiH i Farskih Otoka u Tuzli","og_description":"Ulaznice za za prvi susret finalnog bara\u017ea za plasman na Svjetsko prvenstvo izme\u0111u BiH i Farskih Otoka od danas su u prodaji, a utakmica se igra 14. maja u tuzlanskom Mejdanu. Nakon \u0161to je u dvije utakmice bila bolja od Kosova, rukometna reprezentacija Bosne i Hercegovine izborila je plasman u zavr\u0161ni bara\u017e, gdje je o\u010dekuje [&hellip;]","og_url":"https:\/\/tuzlainfo.ba\/index.php\/najava-dogadaja-2\/item\/300736-od-danas-pocinje-prodaja-ulaznica-za-mec-bih-i-farskih-otoka-u-tuzli\/","og_site_name":"TuzlaInfo.ba","article_publisher":"https:\/\/www.facebook.com\/tuzlainfo.ba\/","article_published_time":"2026-04-25T08:01:10+00:00","og_image":[{"width":2048,"height":1366,"url":"https:\/\/tuzlainfo.ba\/wp-content\/uploads\/2026\/03\/rukomet_mejdan_navijaci.jpg","type":"image\/jpeg"}],"author":"Admin Tri","twitter_card":"summary_large_image","twitter_misc":{"Written by":"Admin Tri","Est. reading time":"2 minute"},"schema":{"@context":"https:\/\/schema.org","@graph":[{"@type":"Article","@id":"https:\/\/tuzlainfo.ba\/index.php\/najava-dogadaja-2\/item\/300736-od-danas-pocinje-prodaja-ulaznica-za-mec-bih-i-farskih-otoka-u-tuzli\/#article","isPartOf":{"@id":"https:\/\/tuzlainfo.ba\/index.php\/najava-dogadaja-2\/item\/300736-od-danas-pocinje-prodaja-ulaznica-za-mec-bih-i-farskih-otoka-u-tuzli\/"},"author":{"name":"Admin Tri","@id":"https:\/\/tuzlainfo.ba\/#\/schema\/person\/593e78a2f6378c5ba3e7600ecfa4e63a"},"headline":"Od danas po\u010dinje prodaja ulaznica za me\u010d BiH i Farskih Otoka u Tuzli","datePublished":"2026-04-25T08:01:10+00:00","mainEntityOfPage":{"@id":"https:\/\/tuzlainfo.ba\/index.php\/najava-dogadaja-2\/item\/300736-od-danas-pocinje-prodaja-ulaznica-za-mec-bih-i-farskih-otoka-u-tuzli\/"},"wordCount":276,"publisher":{"@id":"https:\/\/tuzlainfo.ba\/#organization"},"image":{"@id":"https:\/\/tuzlainfo.ba\/index.php\/najava-dogadaja-2\/item\/300736-od-danas-pocinje-prodaja-ulaznica-za-mec-bih-i-farskih-otoka-u-tuzli\/#primaryimage"},"thumbnailUrl":"https:\/\/tuzlainfo.ba\/wp-content\/uploads\/2026\/03\/rukomet_mejdan_navijaci.jpg","keywords":["prodaja","rukomet","sport","Ulaznice","utakmica"],"articleSection":["Istaknuto","Najave i doga\u0111aji"],"inLanguage":"bs-BA","copyrightYear":"2026","copyrightHolder":{"@id":"https:\/\/tuzlainfo.ba\/#organization"}},{"@type":"WebPage","@id":"https:\/\/tuzlainfo.ba\/index.php\/najava-dogadaja-2\/item\/300736-od-danas-pocinje-prodaja-ulaznica-za-mec-bih-i-farskih-otoka-u-tuzli\/","url":"https:\/\/tuzlainfo.ba\/index.php\/najava-dogadaja-2\/item\/300736-od-danas-pocinje-prodaja-ulaznica-za-mec-bih-i-farskih-otoka-u-tuzli\/","name":"Od danas po\u010dinje prodaja ulaznica za me\u010d BiH i Farskih Otoka u Tuzli","isPartOf":{"@id":"https:\/\/tuzlainfo.ba\/#website"},"primaryImageOfPage":{"@id":"https:\/\/tuzlainfo.ba\/index.php\/najava-dogadaja-2\/item\/300736-od-danas-pocinje-prodaja-ulaznica-za-mec-bih-i-farskih-otoka-u-tuzli\/#primaryimage"},"image":{"@id":"https:\/\/tuzlainfo.ba\/index.php\/najava-dogadaja-2\/item\/300736-od-danas-pocinje-prodaja-ulaznica-za-mec-bih-i-farskih-otoka-u-tuzli\/#primaryimage"},"thumbnailUrl":"https:\/\/tuzlainfo.ba\/wp-content\/uploads\/2026\/03\/rukomet_mejdan_navijaci.jpg","datePublished":"2026-04-25T08:01:10+00:00","breadcrumb":{"@id":"https:\/\/tuzlainfo.ba\/index.php\/najava-dogadaja-2\/item\/300736-od-danas-pocinje-prodaja-ulaznica-za-mec-bih-i-farskih-otoka-u-tuzli\/#breadcrumb"},"inLanguage":"bs-BA","potentialAction":[{"@type":"ReadAction","target":["https:\/\/tuzlainfo.ba\/index.php\/najava-dogadaja-2\/item\/300736-od-danas-pocinje-prodaja-ulaznica-za-mec-bih-i-farskih-otoka-u-tuzli\/"]}]},{"@type":"ImageObject","inLanguage":"bs-BA","@id":"https:\/\/tuzlainfo.ba\/index.php\/najava-dogadaja-2\/item\/300736-od-danas-pocinje-prodaja-ulaznica-za-mec-bih-i-farskih-otoka-u-tuzli\/#primaryimage","url":"https:\/\/tuzlainfo.ba\/wp-content\/uploads\/2026\/03\/rukomet_mejdan_navijaci.jpg","contentUrl":"https:\/\/tuzlainfo.ba\/wp-content\/uploads\/2026\/03\/rukomet_mejdan_navijaci.jpg","width":2048,"height":1366},{"@type":"BreadcrumbList","@id":"https:\/\/tuzlainfo.ba\/index.php\/najava-dogadaja-2\/item\/300736-od-danas-pocinje-prodaja-ulaznica-za-mec-bih-i-farskih-otoka-u-tuzli\/#breadcrumb","itemListElement":[{"@type":"ListItem","position":1,"name":"Home","item":"https:\/\/tuzlainfo.ba\/"},{"@type":"ListItem","position":2,"name":"Od danas po\u010dinje prodaja ulaznica za me\u010d BiH i Farskih Otoka u Tuzli"}]},{"@type":"WebSite","@id":"https:\/\/tuzlainfo.ba\/#website","url":"https:\/\/tuzlainfo.ba\/","name":"TuzlaInfo.ba","description":"Tuzla info, gradski informator - Tuzla na dlanu","publisher":{"@id":"https:\/\/tuzlainfo.ba\/#organization"},"potentialAction":[{"@type":"SearchAction","target":{"@type":"EntryPoint","urlTemplate":"https:\/\/tuzlainfo.ba\/?s={search_term_string}"},"query-input":{"@type":"PropertyValueSpecification","valueRequired":true,"valueName":"search_term_string"}}],"inLanguage":"bs-BA"},{"@type":"Organization","@id":"https:\/\/tuzlainfo.ba\/#organization","name":"TuzlaInfo.ba","url":"https:\/\/tuzlainfo.ba\/","logo":{"@type":"ImageObject","inLanguage":"bs-BA","@id":"https:\/\/tuzlainfo.ba\/#\/schema\/logo\/image\/","url":"https:\/\/tuzlainfo.ba\/wp-content\/uploads\/2021\/03\/logo-ver-3-1.png","contentUrl":"https:\/\/tuzlainfo.ba\/wp-content\/uploads\/2021\/03\/logo-ver-3-1.png","width":350,"height":95,"caption":"TuzlaInfo.ba"},"image":{"@id":"https:\/\/tuzlainfo.ba\/#\/schema\/logo\/image\/"},"sameAs":["https:\/\/www.facebook.com\/tuzlainfo.ba\/"]},{"@type":"Person","@id":"https:\/\/tuzlainfo.ba\/#\/schema\/person\/593e78a2f6378c5ba3e7600ecfa4e63a","name":"Admin Tri","image":{"@type":"ImageObject","inLanguage":"bs-BA","@id":"https:\/\/secure.gravatar.com\/avatar\/b53a7f47acc7a09467757d8b2234cc38fa334b13599376e53104c0036b528ca1?s=96&d=mm&r=g","url":"https:\/\/secure.gravatar.com\/avatar\/b53a7f47acc7a09467757d8b2234cc38fa334b13599376e53104c0036b528ca1?s=96&d=mm&r=g","contentUrl":"https:\/\/secure.gravatar.com\/avatar\/b53a7f47acc7a09467757d8b2234cc38fa334b13599376e53104c0036b528ca1?s=96&d=mm&r=g","caption":"Admin Tri"},"sameAs":["https:\/\/tuzlainfo.ba"]}]}},"_links":{"self":[{"href":"https:\/\/tuzlainfo.ba\/index.php\/wp-json\/wp\/v2\/posts\/300736","targetHints":{"allow":["GET"]}}],"collection":[{"href":"https:\/\/tuzlainfo.ba\/index.php\/wp-json\/wp\/v2\/posts"}],"about":[{"href":"https:\/\/tuzlainfo.ba\/index.php\/wp-json\/wp\/v2\/types\/post"}],"author":[{"embeddable":true,"href":"https:\/\/tuzlainfo.ba\/index.php\/wp-json\/wp\/v2\/users\/8"}],"replies":[{"embeddable":true,"href":"https:\/\/tuzlainfo.ba\/index.php\/wp-json\/wp\/v2\/comments?post=300736"}],"version-history":[{"count":1,"href":"https:\/\/tuzlainfo.ba\/index.php\/wp-json\/wp\/v2\/posts\/300736\/revisions"}],"predecessor-version":[{"id":300737,"href":"https:\/\/tuzlainfo.ba\/index.php\/wp-json\/wp\/v2\/posts\/300736\/revisions\/300737"}],"wp:featuredmedia":[{"embeddable":true,"href":"https:\/\/tuzlainfo.ba\/index.php\/wp-json\/wp\/v2\/media\/297946"}],"wp:attachment":[{"href":"https:\/\/tuzlainfo.ba\/index.php\/wp-json\/wp\/v2\/media?parent=300736"}],"wp:term":[{"taxonomy":"category","embeddable":true,"href":"https:\/\/tuzlainfo.ba\/index.php\/wp-json\/wp\/v2\/categories?post=300736"},{"taxonomy":"post_tag","embeddable":true,"href":"https:\/\/tuzlainfo.ba\/index.php\/wp-json\/wp\/v2\/tags?post=300736"}],"curies":[{"name":"wp","href":"https:\/\/api.w.org\/{rel}","templated":true}]}}