{"id":300733,"date":"2026-04-26T10:30:57","date_gmt":"2026-04-26T08:30:57","guid":{"rendered":"https:\/\/tuzlainfo.ba\/?p=300733"},"modified":"2026-04-26T10:09:14","modified_gmt":"2026-04-26T08:09:14","slug":"konjicki-klub-vranac-i-sajam-rukotvorina-na-trgu-slobode","status":"publish","type":"post","link":"https:\/\/tuzlainfo.ba\/index.php\/najava-dogadaja-2\/item\/300733-konjicki-klub-vranac-i-sajam-rukotvorina-na-trgu-slobode\/","title":{"rendered":"Konji\u010dki klub &#8216;Vranac&#8217; i sajam rukotvorina na Trgu slobode"},"content":{"rendered":"<p>U okviru manifestacije \u201eProlje\u0107e u Tuzli 2026\u201c, nedjelja donosi bogat i raznovrstan program za gra\u0111ane i posjetioce grada.<\/p>\n<p>Danas slijedi nastavak sajamskih aktivnosti i poseban program posve\u0107en ljubiteljima \u017eivotinja i prirode:<\/p>\n<p>Trg slobode (10:00 \u2013 18:00h): I drugog dana vikenda nastavlja se Sajam doma\u0107ih proizvoda i rukotvorina. Ukoliko niste stigli u subotu, nedjelja je savr\u0161ena prilika da istra\u017eite ponudu izlaga\u010da i u\u017eivate u proljetnoj atmosferi na najve\u0107em trgu u Bosni i Hercegovini.<\/p>\n<p>Gradski park: Nedjeljno popodne u parku rezervisano je za program &#8220;Mali jaha\u010di prolje\u0107a&#8221;. Konji\u010dki klub &#8220;Vranac&#8221; predstavi\u0107e se djeci, pru\u017eaju\u0107i im priliku za susret sa ovim plemenitim \u017eivotinjama. Ova prezentacija je uvijek jedan od najomiljenijih doga\u0111aja za porodice, promovi\u0161u\u0107i ljubav prema \u017eivotinjama i boravak u prirodi.<\/p>\n<p>Manifestacija &#8220;Prolje\u0107e u Tuzli&#8221; jo\u0161 jednom potvr\u0111uje da je Tuzla grad koji \u017eivi punim plu\u0107ima, nude\u0107i sadr\u017eaje koji spajaju sve generacije i promovi\u0161u najbolje od lokalne zajednice.<\/p>\n","protected":false},"excerpt":{"rendered":"<p>U okviru manifestacije \u201eProlje\u0107e u Tuzli 2026\u201c, nedjelja donosi bogat i raznovrstan program za gra\u0111ane&hellip;<\/p>\n","protected":false},"author":8,"featured_media":300734,"comment_status":"closed","ping_status":"closed","sticky":false,"template":"","format":"standard","meta":{"_acf_changed":false,"footnotes":""},"categories":[304,11],"tags":[2567,6751,1554],"acf":[],"yoast_head":"<!-- This site is optimized with the Yoast SEO plugin v23.5 - https:\/\/yoast.com\/wordpress\/plugins\/seo\/ -->\n<title>Konji\u010dki klub &#039;Vranac&#039; i sajam rukotvorina na Trgu slobode - TuzlaInfo.ba<\/title>\n<meta name=\"robots\" content=\"index, follow, max-snippet:-1, max-image-preview:large, max-video-preview:-1\" \/>\n<link rel=\"canonical\" href=\"https:\/\/tuzlainfo.ba\/index.php\/najava-dogadaja-2\/item\/300733-konjicki-klub-vranac-i-sajam-rukotvorina-na-trgu-slobode\/\" \/>\n<meta property=\"og:locale\" content=\"bs_BA\" \/>\n<meta property=\"og:type\" content=\"article\" \/>\n<meta property=\"og:title\" content=\"Konji\u010dki klub &#039;Vranac&#039; i sajam rukotvorina na Trgu slobode - TuzlaInfo.ba\" \/>\n<meta property=\"og:description\" content=\"U okviru manifestacije \u201eProlje\u0107e u Tuzli 2026\u201c, nedjelja donosi bogat i raznovrstan program za gra\u0111ane&hellip;\" \/>\n<meta property=\"og:url\" content=\"https:\/\/tuzlainfo.ba\/index.php\/najava-dogadaja-2\/item\/300733-konjicki-klub-vranac-i-sajam-rukotvorina-na-trgu-slobode\/\" \/>\n<meta property=\"og:site_name\" content=\"TuzlaInfo.ba\" \/>\n<meta property=\"article:publisher\" content=\"https:\/\/www.facebook.com\/tuzlainfo.ba\/\" \/>\n<meta property=\"article:published_time\" content=\"2026-04-26T08:30:57+00:00\" \/>\n<meta property=\"article:modified_time\" content=\"2026-04-26T08:09:14+00:00\" \/>\n<meta property=\"og:image\" content=\"https:\/\/tuzlainfo.ba\/wp-content\/uploads\/2026\/04\/vranac-park-scaled-e1776699358915.jpg\" \/>\n\t<meta property=\"og:image:width\" content=\"2056\" \/>\n\t<meta property=\"og:image:height\" content=\"1194\" \/>\n\t<meta property=\"og:image:type\" content=\"image\/jpeg\" \/>\n<meta name=\"author\" content=\"Admin Tri\" \/>\n<meta name=\"twitter:card\" content=\"summary_large_image\" \/>\n<meta name=\"twitter:label1\" content=\"Written by\" \/>\n\t<meta name=\"twitter:data1\" content=\"Admin Tri\" \/>\n\t<meta name=\"twitter:label2\" content=\"Est. reading time\" \/>\n\t<meta name=\"twitter:data2\" content=\"1 minuta\" \/>\n<script type=\"application\/ld+json\" class=\"yoast-schema-graph\">{\"@context\":\"https:\/\/schema.org\",\"@graph\":[{\"@type\":\"Article\",\"@id\":\"https:\/\/tuzlainfo.ba\/index.php\/najava-dogadaja-2\/item\/300733-konjicki-klub-vranac-i-sajam-rukotvorina-na-trgu-slobode\/#article\",\"isPartOf\":{\"@id\":\"https:\/\/tuzlainfo.ba\/index.php\/najava-dogadaja-2\/item\/300733-konjicki-klub-vranac-i-sajam-rukotvorina-na-trgu-slobode\/\"},\"author\":{\"name\":\"Admin Tri\",\"@id\":\"https:\/\/tuzlainfo.ba\/#\/schema\/person\/593e78a2f6378c5ba3e7600ecfa4e63a\"},\"headline\":\"Konji\u010dki klub &#8216;Vranac&#8217; i sajam rukotvorina na Trgu slobode\",\"datePublished\":\"2026-04-26T08:30:57+00:00\",\"dateModified\":\"2026-04-26T08:09:14+00:00\",\"mainEntityOfPage\":{\"@id\":\"https:\/\/tuzlainfo.ba\/index.php\/najava-dogadaja-2\/item\/300733-konjicki-klub-vranac-i-sajam-rukotvorina-na-trgu-slobode\/\"},\"wordCount\":176,\"publisher\":{\"@id\":\"https:\/\/tuzlainfo.ba\/#organization\"},\"image\":{\"@id\":\"https:\/\/tuzlainfo.ba\/index.php\/najava-dogadaja-2\/item\/300733-konjicki-klub-vranac-i-sajam-rukotvorina-na-trgu-slobode\/#primaryimage\"},\"thumbnailUrl\":\"https:\/\/tuzlainfo.ba\/wp-content\/uploads\/2026\/04\/vranac-park-scaled-e1776699358915.jpg\",\"keywords\":[\"jahanje\",\"prolje\u0107e u tuzli\",\"sajam\"],\"articleSection\":[\"Istaknuto\",\"Najave i doga\u0111aji\"],\"inLanguage\":\"bs-BA\"},{\"@type\":\"WebPage\",\"@id\":\"https:\/\/tuzlainfo.ba\/index.php\/najava-dogadaja-2\/item\/300733-konjicki-klub-vranac-i-sajam-rukotvorina-na-trgu-slobode\/\",\"url\":\"https:\/\/tuzlainfo.ba\/index.php\/najava-dogadaja-2\/item\/300733-konjicki-klub-vranac-i-sajam-rukotvorina-na-trgu-slobode\/\",\"name\":\"Konji\u010dki klub 'Vranac' i sajam rukotvorina na Trgu slobode - TuzlaInfo.ba\",\"isPartOf\":{\"@id\":\"https:\/\/tuzlainfo.ba\/#website\"},\"primaryImageOfPage\":{\"@id\":\"https:\/\/tuzlainfo.ba\/index.php\/najava-dogadaja-2\/item\/300733-konjicki-klub-vranac-i-sajam-rukotvorina-na-trgu-slobode\/#primaryimage\"},\"image\":{\"@id\":\"https:\/\/tuzlainfo.ba\/index.php\/najava-dogadaja-2\/item\/300733-konjicki-klub-vranac-i-sajam-rukotvorina-na-trgu-slobode\/#primaryimage\"},\"thumbnailUrl\":\"https:\/\/tuzlainfo.ba\/wp-content\/uploads\/2026\/04\/vranac-park-scaled-e1776699358915.jpg\",\"datePublished\":\"2026-04-26T08:30:57+00:00\",\"dateModified\":\"2026-04-26T08:09:14+00:00\",\"breadcrumb\":{\"@id\":\"https:\/\/tuzlainfo.ba\/index.php\/najava-dogadaja-2\/item\/300733-konjicki-klub-vranac-i-sajam-rukotvorina-na-trgu-slobode\/#breadcrumb\"},\"inLanguage\":\"bs-BA\",\"potentialAction\":[{\"@type\":\"ReadAction\",\"target\":[\"https:\/\/tuzlainfo.ba\/index.php\/najava-dogadaja-2\/item\/300733-konjicki-klub-vranac-i-sajam-rukotvorina-na-trgu-slobode\/\"]}]},{\"@type\":\"ImageObject\",\"inLanguage\":\"bs-BA\",\"@id\":\"https:\/\/tuzlainfo.ba\/index.php\/najava-dogadaja-2\/item\/300733-konjicki-klub-vranac-i-sajam-rukotvorina-na-trgu-slobode\/#primaryimage\",\"url\":\"https:\/\/tuzlainfo.ba\/wp-content\/uploads\/2026\/04\/vranac-park-scaled-e1776699358915.jpg\",\"contentUrl\":\"https:\/\/tuzlainfo.ba\/wp-content\/uploads\/2026\/04\/vranac-park-scaled-e1776699358915.jpg\",\"width\":2056,\"height\":1194,\"caption\":\"Foto: Arhiva\"},{\"@type\":\"BreadcrumbList\",\"@id\":\"https:\/\/tuzlainfo.ba\/index.php\/najava-dogadaja-2\/item\/300733-konjicki-klub-vranac-i-sajam-rukotvorina-na-trgu-slobode\/#breadcrumb\",\"itemListElement\":[{\"@type\":\"ListItem\",\"position\":1,\"name\":\"Home\",\"item\":\"https:\/\/tuzlainfo.ba\/\"},{\"@type\":\"ListItem\",\"position\":2,\"name\":\"Konji\u010dki klub &#8216;Vranac&#8217; i sajam rukotvorina na Trgu slobode\"}]},{\"@type\":\"WebSite\",\"@id\":\"https:\/\/tuzlainfo.ba\/#website\",\"url\":\"https:\/\/tuzlainfo.ba\/\",\"name\":\"TuzlaInfo.ba\",\"description\":\"Tuzla info, gradski informator - Tuzla na dlanu\",\"publisher\":{\"@id\":\"https:\/\/tuzlainfo.ba\/#organization\"},\"potentialAction\":[{\"@type\":\"SearchAction\",\"target\":{\"@type\":\"EntryPoint\",\"urlTemplate\":\"https:\/\/tuzlainfo.ba\/?s={search_term_string}\"},\"query-input\":{\"@type\":\"PropertyValueSpecification\",\"valueRequired\":true,\"valueName\":\"search_term_string\"}}],\"inLanguage\":\"bs-BA\"},{\"@type\":\"Organization\",\"@id\":\"https:\/\/tuzlainfo.ba\/#organization\",\"name\":\"TuzlaInfo.ba\",\"url\":\"https:\/\/tuzlainfo.ba\/\",\"logo\":{\"@type\":\"ImageObject\",\"inLanguage\":\"bs-BA\",\"@id\":\"https:\/\/tuzlainfo.ba\/#\/schema\/logo\/image\/\",\"url\":\"https:\/\/tuzlainfo.ba\/wp-content\/uploads\/2021\/03\/logo-ver-3-1.png\",\"contentUrl\":\"https:\/\/tuzlainfo.ba\/wp-content\/uploads\/2021\/03\/logo-ver-3-1.png\",\"width\":350,\"height\":95,\"caption\":\"TuzlaInfo.ba\"},\"image\":{\"@id\":\"https:\/\/tuzlainfo.ba\/#\/schema\/logo\/image\/\"},\"sameAs\":[\"https:\/\/www.facebook.com\/tuzlainfo.ba\/\"]},{\"@type\":\"Person\",\"@id\":\"https:\/\/tuzlainfo.ba\/#\/schema\/person\/593e78a2f6378c5ba3e7600ecfa4e63a\",\"name\":\"Admin Tri\",\"image\":{\"@type\":\"ImageObject\",\"inLanguage\":\"bs-BA\",\"@id\":\"https:\/\/tuzlainfo.ba\/#\/schema\/person\/image\/\",\"url\":\"https:\/\/tuzlainfo.ba\/wp-content\/litespeed\/avatar\/b7920db4cc34a71ad12497283ad2fe3f.jpg?ver=1777100914\",\"contentUrl\":\"https:\/\/tuzlainfo.ba\/wp-content\/litespeed\/avatar\/b7920db4cc34a71ad12497283ad2fe3f.jpg?ver=1777100914\",\"caption\":\"Admin Tri\"},\"sameAs\":[\"https:\/\/tuzlainfo.ba\"]}]}<\/script>\n<!-- \/ Yoast SEO plugin. -->","yoast_head_json":{"title":"Konji\u010dki klub 'Vranac' i sajam rukotvorina na Trgu slobode - TuzlaInfo.ba","robots":{"index":"index","follow":"follow","max-snippet":"max-snippet:-1","max-image-preview":"max-image-preview:large","max-video-preview":"max-video-preview:-1"},"canonical":"https:\/\/tuzlainfo.ba\/index.php\/najava-dogadaja-2\/item\/300733-konjicki-klub-vranac-i-sajam-rukotvorina-na-trgu-slobode\/","og_locale":"bs_BA","og_type":"article","og_title":"Konji\u010dki klub 'Vranac' i sajam rukotvorina na Trgu slobode - TuzlaInfo.ba","og_description":"U okviru manifestacije \u201eProlje\u0107e u Tuzli 2026\u201c, nedjelja donosi bogat i raznovrstan program za gra\u0111ane&hellip;","og_url":"https:\/\/tuzlainfo.ba\/index.php\/najava-dogadaja-2\/item\/300733-konjicki-klub-vranac-i-sajam-rukotvorina-na-trgu-slobode\/","og_site_name":"TuzlaInfo.ba","article_publisher":"https:\/\/www.facebook.com\/tuzlainfo.ba\/","article_published_time":"2026-04-26T08:30:57+00:00","article_modified_time":"2026-04-26T08:09:14+00:00","og_image":[{"width":2056,"height":1194,"url":"https:\/\/tuzlainfo.ba\/wp-content\/uploads\/2026\/04\/vranac-park-scaled-e1776699358915.jpg","type":"image\/jpeg"}],"author":"Admin Tri","twitter_card":"summary_large_image","twitter_misc":{"Written by":"Admin Tri","Est. reading time":"1 minuta"},"schema":{"@context":"https:\/\/schema.org","@graph":[{"@type":"Article","@id":"https:\/\/tuzlainfo.ba\/index.php\/najava-dogadaja-2\/item\/300733-konjicki-klub-vranac-i-sajam-rukotvorina-na-trgu-slobode\/#article","isPartOf":{"@id":"https:\/\/tuzlainfo.ba\/index.php\/najava-dogadaja-2\/item\/300733-konjicki-klub-vranac-i-sajam-rukotvorina-na-trgu-slobode\/"},"author":{"name":"Admin Tri","@id":"https:\/\/tuzlainfo.ba\/#\/schema\/person\/593e78a2f6378c5ba3e7600ecfa4e63a"},"headline":"Konji\u010dki klub &#8216;Vranac&#8217; i sajam rukotvorina na Trgu slobode","datePublished":"2026-04-26T08:30:57+00:00","dateModified":"2026-04-26T08:09:14+00:00","mainEntityOfPage":{"@id":"https:\/\/tuzlainfo.ba\/index.php\/najava-dogadaja-2\/item\/300733-konjicki-klub-vranac-i-sajam-rukotvorina-na-trgu-slobode\/"},"wordCount":176,"publisher":{"@id":"https:\/\/tuzlainfo.ba\/#organization"},"image":{"@id":"https:\/\/tuzlainfo.ba\/index.php\/najava-dogadaja-2\/item\/300733-konjicki-klub-vranac-i-sajam-rukotvorina-na-trgu-slobode\/#primaryimage"},"thumbnailUrl":"https:\/\/tuzlainfo.ba\/wp-content\/uploads\/2026\/04\/vranac-park-scaled-e1776699358915.jpg","keywords":["jahanje","prolje\u0107e u tuzli","sajam"],"articleSection":["Istaknuto","Najave i doga\u0111aji"],"inLanguage":"bs-BA"},{"@type":"WebPage","@id":"https:\/\/tuzlainfo.ba\/index.php\/najava-dogadaja-2\/item\/300733-konjicki-klub-vranac-i-sajam-rukotvorina-na-trgu-slobode\/","url":"https:\/\/tuzlainfo.ba\/index.php\/najava-dogadaja-2\/item\/300733-konjicki-klub-vranac-i-sajam-rukotvorina-na-trgu-slobode\/","name":"Konji\u010dki klub 'Vranac' i sajam rukotvorina na Trgu slobode - TuzlaInfo.ba","isPartOf":{"@id":"https:\/\/tuzlainfo.ba\/#website"},"primaryImageOfPage":{"@id":"https:\/\/tuzlainfo.ba\/index.php\/najava-dogadaja-2\/item\/300733-konjicki-klub-vranac-i-sajam-rukotvorina-na-trgu-slobode\/#primaryimage"},"image":{"@id":"https:\/\/tuzlainfo.ba\/index.php\/najava-dogadaja-2\/item\/300733-konjicki-klub-vranac-i-sajam-rukotvorina-na-trgu-slobode\/#primaryimage"},"thumbnailUrl":"https:\/\/tuzlainfo.ba\/wp-content\/uploads\/2026\/04\/vranac-park-scaled-e1776699358915.jpg","datePublished":"2026-04-26T08:30:57+00:00","dateModified":"2026-04-26T08:09:14+00:00","breadcrumb":{"@id":"https:\/\/tuzlainfo.ba\/index.php\/najava-dogadaja-2\/item\/300733-konjicki-klub-vranac-i-sajam-rukotvorina-na-trgu-slobode\/#breadcrumb"},"inLanguage":"bs-BA","potentialAction":[{"@type":"ReadAction","target":["https:\/\/tuzlainfo.ba\/index.php\/najava-dogadaja-2\/item\/300733-konjicki-klub-vranac-i-sajam-rukotvorina-na-trgu-slobode\/"]}]},{"@type":"ImageObject","inLanguage":"bs-BA","@id":"https:\/\/tuzlainfo.ba\/index.php\/najava-dogadaja-2\/item\/300733-konjicki-klub-vranac-i-sajam-rukotvorina-na-trgu-slobode\/#primaryimage","url":"https:\/\/tuzlainfo.ba\/wp-content\/uploads\/2026\/04\/vranac-park-scaled-e1776699358915.jpg","contentUrl":"https:\/\/tuzlainfo.ba\/wp-content\/uploads\/2026\/04\/vranac-park-scaled-e1776699358915.jpg","width":2056,"height":1194,"caption":"Foto: Arhiva"},{"@type":"BreadcrumbList","@id":"https:\/\/tuzlainfo.ba\/index.php\/najava-dogadaja-2\/item\/300733-konjicki-klub-vranac-i-sajam-rukotvorina-na-trgu-slobode\/#breadcrumb","itemListElement":[{"@type":"ListItem","position":1,"name":"Home","item":"https:\/\/tuzlainfo.ba\/"},{"@type":"ListItem","position":2,"name":"Konji\u010dki klub &#8216;Vranac&#8217; i sajam rukotvorina na Trgu slobode"}]},{"@type":"WebSite","@id":"https:\/\/tuzlainfo.ba\/#website","url":"https:\/\/tuzlainfo.ba\/","name":"TuzlaInfo.ba","description":"Tuzla info, gradski informator - Tuzla na dlanu","publisher":{"@id":"https:\/\/tuzlainfo.ba\/#organization"},"potentialAction":[{"@type":"SearchAction","target":{"@type":"EntryPoint","urlTemplate":"https:\/\/tuzlainfo.ba\/?s={search_term_string}"},"query-input":{"@type":"PropertyValueSpecification","valueRequired":true,"valueName":"search_term_string"}}],"inLanguage":"bs-BA"},{"@type":"Organization","@id":"https:\/\/tuzlainfo.ba\/#organization","name":"TuzlaInfo.ba","url":"https:\/\/tuzlainfo.ba\/","logo":{"@type":"ImageObject","inLanguage":"bs-BA","@id":"https:\/\/tuzlainfo.ba\/#\/schema\/logo\/image\/","url":"https:\/\/tuzlainfo.ba\/wp-content\/uploads\/2021\/03\/logo-ver-3-1.png","contentUrl":"https:\/\/tuzlainfo.ba\/wp-content\/uploads\/2021\/03\/logo-ver-3-1.png","width":350,"height":95,"caption":"TuzlaInfo.ba"},"image":{"@id":"https:\/\/tuzlainfo.ba\/#\/schema\/logo\/image\/"},"sameAs":["https:\/\/www.facebook.com\/tuzlainfo.ba\/"]},{"@type":"Person","@id":"https:\/\/tuzlainfo.ba\/#\/schema\/person\/593e78a2f6378c5ba3e7600ecfa4e63a","name":"Admin Tri","image":{"@type":"ImageObject","inLanguage":"bs-BA","@id":"https:\/\/tuzlainfo.ba\/#\/schema\/person\/image\/","url":"https:\/\/tuzlainfo.ba\/wp-content\/litespeed\/avatar\/b7920db4cc34a71ad12497283ad2fe3f.jpg?ver=1777100914","contentUrl":"https:\/\/tuzlainfo.ba\/wp-content\/litespeed\/avatar\/b7920db4cc34a71ad12497283ad2fe3f.jpg?ver=1777100914","caption":"Admin Tri"},"sameAs":["https:\/\/tuzlainfo.ba"]}]}},"_links":{"self":[{"href":"https:\/\/tuzlainfo.ba\/index.php\/wp-json\/wp\/v2\/posts\/300733"}],"collection":[{"href":"https:\/\/tuzlainfo.ba\/index.php\/wp-json\/wp\/v2\/posts"}],"about":[{"href":"https:\/\/tuzlainfo.ba\/index.php\/wp-json\/wp\/v2\/types\/post"}],"author":[{"embeddable":true,"href":"https:\/\/tuzlainfo.ba\/index.php\/wp-json\/wp\/v2\/users\/8"}],"replies":[{"embeddable":true,"href":"https:\/\/tuzlainfo.ba\/index.php\/wp-json\/wp\/v2\/comments?post=300733"}],"version-history":[{"count":1,"href":"https:\/\/tuzlainfo.ba\/index.php\/wp-json\/wp\/v2\/posts\/300733\/revisions"}],"predecessor-version":[{"id":300735,"href":"https:\/\/tuzlainfo.ba\/index.php\/wp-json\/wp\/v2\/posts\/300733\/revisions\/300735"}],"wp:featuredmedia":[{"embeddable":true,"href":"https:\/\/tuzlainfo.ba\/index.php\/wp-json\/wp\/v2\/media\/300734"}],"wp:attachment":[{"href":"https:\/\/tuzlainfo.ba\/index.php\/wp-json\/wp\/v2\/media?parent=300733"}],"wp:term":[{"taxonomy":"category","embeddable":true,"href":"https:\/\/tuzlainfo.ba\/index.php\/wp-json\/wp\/v2\/categories?post=300733"},{"taxonomy":"post_tag","embeddable":true,"href":"https:\/\/tuzlainfo.ba\/index.php\/wp-json\/wp\/v2\/tags?post=300733"}],"curies":[{"name":"wp","href":"https:\/\/api.w.org\/{rel}","templated":true}]}}