{"id":300729,"date":"2026-04-26T14:02:24","date_gmt":"2026-04-26T12:02:24","guid":{"rendered":"https:\/\/tuzlainfo.ba\/?p=300729"},"modified":"2026-04-23T13:42:00","modified_gmt":"2026-04-23T11:42:00","slug":"uskoro-istice-rok-za-prijavu-komunalnih-taksi-u-tuzli","status":"publish","type":"post","link":"https:\/\/tuzlainfo.ba\/index.php\/novosti\/item\/300729-uskoro-istice-rok-za-prijavu-komunalnih-taksi-u-tuzli\/","title":{"rendered":"Uskoro isti\u010de rok za prijavu komunalnih taksi u Tuzli"},"content":{"rendered":"<p>JKP Komunalac Tuzla podsje\u0107a pravna i fizi\u010dka lica, obveznike pla\u0107anja komunalne takse na podru\u010dju grada Tuzle, da sutra, 27. aprila 2026. godine, isti\u010de rok za podno\u0161enje prijave komunalne takse za 2026. godinu.<\/p>\n<p>Prema novoj Odluci o komunalnim taksama, obveznici su du\u017eni podnijeti prijavu za takse koje se odnose na kori\u0161tenje aparata za posebne igre na sre\u0107u, poslovni prostor za klasi\u010dne i posebne igre na sre\u0107u, prire\u0111ivanje komercijalnih koncerata, te postavljanje i dr\u017eanje bankomata.<\/p>\n<p>Gra\u0111ani koji su obveznici pla\u0107anja takse pozivaju se da prijave podnesu na propisanim obrascima u Kantonalnom poreznom uredu Tuzla \u2013 Porezna ispostava Tuzla, Slu\u017ebi za ekonomski razvoj, poduzetni\u0161tvo i poljoprivredu Grada Tuzle, ili Slu\u017ebi za komunalne poslove, izgradnju i poslove mjesnih zajednica Grada Tuzle, ovisno o vrsti takse.<\/p>\n<p>Detaljne informacije i obrasci dostupni su na slu\u017ebenoj internet stranici Grada Tuzle: <a href=\"https:\/\/grad.tuzla.ba\/\" target=\"_blank\" rel=\"noopener\">www.grad.tuzla.ba.<\/a><\/p>\n","protected":false},"excerpt":{"rendered":"<p>JKP Komunalac Tuzla podsje\u0107a pravna i fizi\u010dka lica, obveznike pla\u0107anja komunalne takse na podru\u010dju grada&hellip;<\/p>\n","protected":false},"author":8,"featured_media":299319,"comment_status":"closed","ping_status":"closed","sticky":false,"template":"","format":"standard","meta":{"_acf_changed":false,"footnotes":""},"categories":[12],"tags":[12840,9745,9163],"acf":[],"yoast_head":"<!-- This site is optimized with the Yoast SEO plugin v23.5 - https:\/\/yoast.com\/wordpress\/plugins\/seo\/ -->\n<title>Uskoro isti\u010de rok za prijavu komunalnih taksi u Tuzli - TuzlaInfo.ba<\/title>\n<meta name=\"robots\" content=\"index, follow, max-snippet:-1, max-image-preview:large, max-video-preview:-1\" \/>\n<link rel=\"canonical\" href=\"https:\/\/tuzlainfo.ba\/index.php\/novosti\/item\/300729-uskoro-istice-rok-za-prijavu-komunalnih-taksi-u-tuzli\/\" \/>\n<meta property=\"og:locale\" content=\"bs_BA\" \/>\n<meta property=\"og:type\" content=\"article\" \/>\n<meta property=\"og:title\" content=\"Uskoro isti\u010de rok za prijavu komunalnih taksi u Tuzli - TuzlaInfo.ba\" \/>\n<meta property=\"og:description\" content=\"JKP Komunalac Tuzla podsje\u0107a pravna i fizi\u010dka lica, obveznike pla\u0107anja komunalne takse na podru\u010dju grada&hellip;\" \/>\n<meta property=\"og:url\" content=\"https:\/\/tuzlainfo.ba\/index.php\/novosti\/item\/300729-uskoro-istice-rok-za-prijavu-komunalnih-taksi-u-tuzli\/\" \/>\n<meta property=\"og:site_name\" content=\"TuzlaInfo.ba\" \/>\n<meta property=\"article:publisher\" content=\"https:\/\/www.facebook.com\/tuzlainfo.ba\/\" \/>\n<meta property=\"article:published_time\" content=\"2026-04-26T12:02:24+00:00\" \/>\n<meta property=\"article:modified_time\" content=\"2026-04-23T11:42:00+00:00\" \/>\n<meta property=\"og:image\" content=\"https:\/\/tuzlainfo.ba\/wp-content\/uploads\/2026\/04\/slatina_dron_tuzla.jpg\" \/>\n\t<meta property=\"og:image:width\" content=\"832\" \/>\n\t<meta property=\"og:image:height\" content=\"448\" \/>\n\t<meta property=\"og:image:type\" content=\"image\/jpeg\" \/>\n<meta name=\"author\" content=\"Admin Tri\" \/>\n<meta name=\"twitter:card\" content=\"summary_large_image\" \/>\n<meta name=\"twitter:label1\" content=\"Written by\" \/>\n\t<meta name=\"twitter:data1\" content=\"Admin Tri\" \/>\n\t<meta name=\"twitter:label2\" content=\"Est. reading time\" \/>\n\t<meta name=\"twitter:data2\" content=\"1 minuta\" \/>\n<script type=\"application\/ld+json\" class=\"yoast-schema-graph\">{\"@context\":\"https:\/\/schema.org\",\"@graph\":[{\"@type\":\"Article\",\"@id\":\"https:\/\/tuzlainfo.ba\/index.php\/novosti\/item\/300729-uskoro-istice-rok-za-prijavu-komunalnih-taksi-u-tuzli\/#article\",\"isPartOf\":{\"@id\":\"https:\/\/tuzlainfo.ba\/index.php\/novosti\/item\/300729-uskoro-istice-rok-za-prijavu-komunalnih-taksi-u-tuzli\/\"},\"author\":{\"name\":\"Admin Tri\",\"@id\":\"https:\/\/tuzlainfo.ba\/#\/schema\/person\/593e78a2f6378c5ba3e7600ecfa4e63a\"},\"headline\":\"Uskoro isti\u010de rok za prijavu komunalnih taksi u Tuzli\",\"datePublished\":\"2026-04-26T12:02:24+00:00\",\"dateModified\":\"2026-04-23T11:42:00+00:00\",\"mainEntityOfPage\":{\"@id\":\"https:\/\/tuzlainfo.ba\/index.php\/novosti\/item\/300729-uskoro-istice-rok-za-prijavu-komunalnih-taksi-u-tuzli\/\"},\"wordCount\":162,\"publisher\":{\"@id\":\"https:\/\/tuzlainfo.ba\/#organization\"},\"image\":{\"@id\":\"https:\/\/tuzlainfo.ba\/index.php\/novosti\/item\/300729-uskoro-istice-rok-za-prijavu-komunalnih-taksi-u-tuzli\/#primaryimage\"},\"thumbnailUrl\":\"https:\/\/tuzlainfo.ba\/wp-content\/uploads\/2026\/04\/slatina_dron_tuzla.jpg\",\"keywords\":[\"komunalne takse\",\"prijava\",\"rok\"],\"articleSection\":[\"Novosti\"],\"inLanguage\":\"bs-BA\"},{\"@type\":\"WebPage\",\"@id\":\"https:\/\/tuzlainfo.ba\/index.php\/novosti\/item\/300729-uskoro-istice-rok-za-prijavu-komunalnih-taksi-u-tuzli\/\",\"url\":\"https:\/\/tuzlainfo.ba\/index.php\/novosti\/item\/300729-uskoro-istice-rok-za-prijavu-komunalnih-taksi-u-tuzli\/\",\"name\":\"Uskoro isti\u010de rok za prijavu komunalnih taksi u Tuzli - TuzlaInfo.ba\",\"isPartOf\":{\"@id\":\"https:\/\/tuzlainfo.ba\/#website\"},\"primaryImageOfPage\":{\"@id\":\"https:\/\/tuzlainfo.ba\/index.php\/novosti\/item\/300729-uskoro-istice-rok-za-prijavu-komunalnih-taksi-u-tuzli\/#primaryimage\"},\"image\":{\"@id\":\"https:\/\/tuzlainfo.ba\/index.php\/novosti\/item\/300729-uskoro-istice-rok-za-prijavu-komunalnih-taksi-u-tuzli\/#primaryimage\"},\"thumbnailUrl\":\"https:\/\/tuzlainfo.ba\/wp-content\/uploads\/2026\/04\/slatina_dron_tuzla.jpg\",\"datePublished\":\"2026-04-26T12:02:24+00:00\",\"dateModified\":\"2026-04-23T11:42:00+00:00\",\"breadcrumb\":{\"@id\":\"https:\/\/tuzlainfo.ba\/index.php\/novosti\/item\/300729-uskoro-istice-rok-za-prijavu-komunalnih-taksi-u-tuzli\/#breadcrumb\"},\"inLanguage\":\"bs-BA\",\"potentialAction\":[{\"@type\":\"ReadAction\",\"target\":[\"https:\/\/tuzlainfo.ba\/index.php\/novosti\/item\/300729-uskoro-istice-rok-za-prijavu-komunalnih-taksi-u-tuzli\/\"]}]},{\"@type\":\"ImageObject\",\"inLanguage\":\"bs-BA\",\"@id\":\"https:\/\/tuzlainfo.ba\/index.php\/novosti\/item\/300729-uskoro-istice-rok-za-prijavu-komunalnih-taksi-u-tuzli\/#primaryimage\",\"url\":\"https:\/\/tuzlainfo.ba\/wp-content\/uploads\/2026\/04\/slatina_dron_tuzla.jpg\",\"contentUrl\":\"https:\/\/tuzlainfo.ba\/wp-content\/uploads\/2026\/04\/slatina_dron_tuzla.jpg\",\"width\":832,\"height\":448,\"caption\":\"default\"},{\"@type\":\"BreadcrumbList\",\"@id\":\"https:\/\/tuzlainfo.ba\/index.php\/novosti\/item\/300729-uskoro-istice-rok-za-prijavu-komunalnih-taksi-u-tuzli\/#breadcrumb\",\"itemListElement\":[{\"@type\":\"ListItem\",\"position\":1,\"name\":\"Home\",\"item\":\"https:\/\/tuzlainfo.ba\/\"},{\"@type\":\"ListItem\",\"position\":2,\"name\":\"Uskoro isti\u010de rok za prijavu komunalnih taksi u Tuzli\"}]},{\"@type\":\"WebSite\",\"@id\":\"https:\/\/tuzlainfo.ba\/#website\",\"url\":\"https:\/\/tuzlainfo.ba\/\",\"name\":\"TuzlaInfo.ba\",\"description\":\"Tuzla info, gradski informator - Tuzla na dlanu\",\"publisher\":{\"@id\":\"https:\/\/tuzlainfo.ba\/#organization\"},\"potentialAction\":[{\"@type\":\"SearchAction\",\"target\":{\"@type\":\"EntryPoint\",\"urlTemplate\":\"https:\/\/tuzlainfo.ba\/?s={search_term_string}\"},\"query-input\":{\"@type\":\"PropertyValueSpecification\",\"valueRequired\":true,\"valueName\":\"search_term_string\"}}],\"inLanguage\":\"bs-BA\"},{\"@type\":\"Organization\",\"@id\":\"https:\/\/tuzlainfo.ba\/#organization\",\"name\":\"TuzlaInfo.ba\",\"url\":\"https:\/\/tuzlainfo.ba\/\",\"logo\":{\"@type\":\"ImageObject\",\"inLanguage\":\"bs-BA\",\"@id\":\"https:\/\/tuzlainfo.ba\/#\/schema\/logo\/image\/\",\"url\":\"https:\/\/tuzlainfo.ba\/wp-content\/uploads\/2021\/03\/logo-ver-3-1.png\",\"contentUrl\":\"https:\/\/tuzlainfo.ba\/wp-content\/uploads\/2021\/03\/logo-ver-3-1.png\",\"width\":350,\"height\":95,\"caption\":\"TuzlaInfo.ba\"},\"image\":{\"@id\":\"https:\/\/tuzlainfo.ba\/#\/schema\/logo\/image\/\"},\"sameAs\":[\"https:\/\/www.facebook.com\/tuzlainfo.ba\/\"]},{\"@type\":\"Person\",\"@id\":\"https:\/\/tuzlainfo.ba\/#\/schema\/person\/593e78a2f6378c5ba3e7600ecfa4e63a\",\"name\":\"Admin Tri\",\"image\":{\"@type\":\"ImageObject\",\"inLanguage\":\"bs-BA\",\"@id\":\"https:\/\/tuzlainfo.ba\/#\/schema\/person\/image\/\",\"url\":\"https:\/\/tuzlainfo.ba\/wp-content\/litespeed\/avatar\/b7920db4cc34a71ad12497283ad2fe3f.jpg?ver=1777100914\",\"contentUrl\":\"https:\/\/tuzlainfo.ba\/wp-content\/litespeed\/avatar\/b7920db4cc34a71ad12497283ad2fe3f.jpg?ver=1777100914\",\"caption\":\"Admin Tri\"},\"sameAs\":[\"https:\/\/tuzlainfo.ba\"]}]}<\/script>\n<!-- \/ Yoast SEO plugin. -->","yoast_head_json":{"title":"Uskoro isti\u010de rok za prijavu komunalnih taksi u Tuzli - TuzlaInfo.ba","robots":{"index":"index","follow":"follow","max-snippet":"max-snippet:-1","max-image-preview":"max-image-preview:large","max-video-preview":"max-video-preview:-1"},"canonical":"https:\/\/tuzlainfo.ba\/index.php\/novosti\/item\/300729-uskoro-istice-rok-za-prijavu-komunalnih-taksi-u-tuzli\/","og_locale":"bs_BA","og_type":"article","og_title":"Uskoro isti\u010de rok za prijavu komunalnih taksi u Tuzli - TuzlaInfo.ba","og_description":"JKP Komunalac Tuzla podsje\u0107a pravna i fizi\u010dka lica, obveznike pla\u0107anja komunalne takse na podru\u010dju grada&hellip;","og_url":"https:\/\/tuzlainfo.ba\/index.php\/novosti\/item\/300729-uskoro-istice-rok-za-prijavu-komunalnih-taksi-u-tuzli\/","og_site_name":"TuzlaInfo.ba","article_publisher":"https:\/\/www.facebook.com\/tuzlainfo.ba\/","article_published_time":"2026-04-26T12:02:24+00:00","article_modified_time":"2026-04-23T11:42:00+00:00","og_image":[{"width":832,"height":448,"url":"https:\/\/tuzlainfo.ba\/wp-content\/uploads\/2026\/04\/slatina_dron_tuzla.jpg","type":"image\/jpeg"}],"author":"Admin Tri","twitter_card":"summary_large_image","twitter_misc":{"Written by":"Admin Tri","Est. reading time":"1 minuta"},"schema":{"@context":"https:\/\/schema.org","@graph":[{"@type":"Article","@id":"https:\/\/tuzlainfo.ba\/index.php\/novosti\/item\/300729-uskoro-istice-rok-za-prijavu-komunalnih-taksi-u-tuzli\/#article","isPartOf":{"@id":"https:\/\/tuzlainfo.ba\/index.php\/novosti\/item\/300729-uskoro-istice-rok-za-prijavu-komunalnih-taksi-u-tuzli\/"},"author":{"name":"Admin Tri","@id":"https:\/\/tuzlainfo.ba\/#\/schema\/person\/593e78a2f6378c5ba3e7600ecfa4e63a"},"headline":"Uskoro isti\u010de rok za prijavu komunalnih taksi u Tuzli","datePublished":"2026-04-26T12:02:24+00:00","dateModified":"2026-04-23T11:42:00+00:00","mainEntityOfPage":{"@id":"https:\/\/tuzlainfo.ba\/index.php\/novosti\/item\/300729-uskoro-istice-rok-za-prijavu-komunalnih-taksi-u-tuzli\/"},"wordCount":162,"publisher":{"@id":"https:\/\/tuzlainfo.ba\/#organization"},"image":{"@id":"https:\/\/tuzlainfo.ba\/index.php\/novosti\/item\/300729-uskoro-istice-rok-za-prijavu-komunalnih-taksi-u-tuzli\/#primaryimage"},"thumbnailUrl":"https:\/\/tuzlainfo.ba\/wp-content\/uploads\/2026\/04\/slatina_dron_tuzla.jpg","keywords":["komunalne takse","prijava","rok"],"articleSection":["Novosti"],"inLanguage":"bs-BA"},{"@type":"WebPage","@id":"https:\/\/tuzlainfo.ba\/index.php\/novosti\/item\/300729-uskoro-istice-rok-za-prijavu-komunalnih-taksi-u-tuzli\/","url":"https:\/\/tuzlainfo.ba\/index.php\/novosti\/item\/300729-uskoro-istice-rok-za-prijavu-komunalnih-taksi-u-tuzli\/","name":"Uskoro isti\u010de rok za prijavu komunalnih taksi u Tuzli - TuzlaInfo.ba","isPartOf":{"@id":"https:\/\/tuzlainfo.ba\/#website"},"primaryImageOfPage":{"@id":"https:\/\/tuzlainfo.ba\/index.php\/novosti\/item\/300729-uskoro-istice-rok-za-prijavu-komunalnih-taksi-u-tuzli\/#primaryimage"},"image":{"@id":"https:\/\/tuzlainfo.ba\/index.php\/novosti\/item\/300729-uskoro-istice-rok-za-prijavu-komunalnih-taksi-u-tuzli\/#primaryimage"},"thumbnailUrl":"https:\/\/tuzlainfo.ba\/wp-content\/uploads\/2026\/04\/slatina_dron_tuzla.jpg","datePublished":"2026-04-26T12:02:24+00:00","dateModified":"2026-04-23T11:42:00+00:00","breadcrumb":{"@id":"https:\/\/tuzlainfo.ba\/index.php\/novosti\/item\/300729-uskoro-istice-rok-za-prijavu-komunalnih-taksi-u-tuzli\/#breadcrumb"},"inLanguage":"bs-BA","potentialAction":[{"@type":"ReadAction","target":["https:\/\/tuzlainfo.ba\/index.php\/novosti\/item\/300729-uskoro-istice-rok-za-prijavu-komunalnih-taksi-u-tuzli\/"]}]},{"@type":"ImageObject","inLanguage":"bs-BA","@id":"https:\/\/tuzlainfo.ba\/index.php\/novosti\/item\/300729-uskoro-istice-rok-za-prijavu-komunalnih-taksi-u-tuzli\/#primaryimage","url":"https:\/\/tuzlainfo.ba\/wp-content\/uploads\/2026\/04\/slatina_dron_tuzla.jpg","contentUrl":"https:\/\/tuzlainfo.ba\/wp-content\/uploads\/2026\/04\/slatina_dron_tuzla.jpg","width":832,"height":448,"caption":"default"},{"@type":"BreadcrumbList","@id":"https:\/\/tuzlainfo.ba\/index.php\/novosti\/item\/300729-uskoro-istice-rok-za-prijavu-komunalnih-taksi-u-tuzli\/#breadcrumb","itemListElement":[{"@type":"ListItem","position":1,"name":"Home","item":"https:\/\/tuzlainfo.ba\/"},{"@type":"ListItem","position":2,"name":"Uskoro isti\u010de rok za prijavu komunalnih taksi u Tuzli"}]},{"@type":"WebSite","@id":"https:\/\/tuzlainfo.ba\/#website","url":"https:\/\/tuzlainfo.ba\/","name":"TuzlaInfo.ba","description":"Tuzla info, gradski informator - Tuzla na dlanu","publisher":{"@id":"https:\/\/tuzlainfo.ba\/#organization"},"potentialAction":[{"@type":"SearchAction","target":{"@type":"EntryPoint","urlTemplate":"https:\/\/tuzlainfo.ba\/?s={search_term_string}"},"query-input":{"@type":"PropertyValueSpecification","valueRequired":true,"valueName":"search_term_string"}}],"inLanguage":"bs-BA"},{"@type":"Organization","@id":"https:\/\/tuzlainfo.ba\/#organization","name":"TuzlaInfo.ba","url":"https:\/\/tuzlainfo.ba\/","logo":{"@type":"ImageObject","inLanguage":"bs-BA","@id":"https:\/\/tuzlainfo.ba\/#\/schema\/logo\/image\/","url":"https:\/\/tuzlainfo.ba\/wp-content\/uploads\/2021\/03\/logo-ver-3-1.png","contentUrl":"https:\/\/tuzlainfo.ba\/wp-content\/uploads\/2021\/03\/logo-ver-3-1.png","width":350,"height":95,"caption":"TuzlaInfo.ba"},"image":{"@id":"https:\/\/tuzlainfo.ba\/#\/schema\/logo\/image\/"},"sameAs":["https:\/\/www.facebook.com\/tuzlainfo.ba\/"]},{"@type":"Person","@id":"https:\/\/tuzlainfo.ba\/#\/schema\/person\/593e78a2f6378c5ba3e7600ecfa4e63a","name":"Admin Tri","image":{"@type":"ImageObject","inLanguage":"bs-BA","@id":"https:\/\/tuzlainfo.ba\/#\/schema\/person\/image\/","url":"https:\/\/tuzlainfo.ba\/wp-content\/litespeed\/avatar\/b7920db4cc34a71ad12497283ad2fe3f.jpg?ver=1777100914","contentUrl":"https:\/\/tuzlainfo.ba\/wp-content\/litespeed\/avatar\/b7920db4cc34a71ad12497283ad2fe3f.jpg?ver=1777100914","caption":"Admin Tri"},"sameAs":["https:\/\/tuzlainfo.ba"]}]}},"_links":{"self":[{"href":"https:\/\/tuzlainfo.ba\/index.php\/wp-json\/wp\/v2\/posts\/300729"}],"collection":[{"href":"https:\/\/tuzlainfo.ba\/index.php\/wp-json\/wp\/v2\/posts"}],"about":[{"href":"https:\/\/tuzlainfo.ba\/index.php\/wp-json\/wp\/v2\/types\/post"}],"author":[{"embeddable":true,"href":"https:\/\/tuzlainfo.ba\/index.php\/wp-json\/wp\/v2\/users\/8"}],"replies":[{"embeddable":true,"href":"https:\/\/tuzlainfo.ba\/index.php\/wp-json\/wp\/v2\/comments?post=300729"}],"version-history":[{"count":1,"href":"https:\/\/tuzlainfo.ba\/index.php\/wp-json\/wp\/v2\/posts\/300729\/revisions"}],"predecessor-version":[{"id":300730,"href":"https:\/\/tuzlainfo.ba\/index.php\/wp-json\/wp\/v2\/posts\/300729\/revisions\/300730"}],"wp:featuredmedia":[{"embeddable":true,"href":"https:\/\/tuzlainfo.ba\/index.php\/wp-json\/wp\/v2\/media\/299319"}],"wp:attachment":[{"href":"https:\/\/tuzlainfo.ba\/index.php\/wp-json\/wp\/v2\/media?parent=300729"}],"wp:term":[{"taxonomy":"category","embeddable":true,"href":"https:\/\/tuzlainfo.ba\/index.php\/wp-json\/wp\/v2\/categories?post=300729"},{"taxonomy":"post_tag","embeddable":true,"href":"https:\/\/tuzlainfo.ba\/index.php\/wp-json\/wp\/v2\/tags?post=300729"}],"curies":[{"name":"wp","href":"https:\/\/api.w.org\/{rel}","templated":true}]}}