{"id":300727,"date":"2026-04-26T17:01:06","date_gmt":"2026-04-26T15:01:06","guid":{"rendered":"https:\/\/tuzlainfo.ba\/?p=300727"},"modified":"2026-04-23T13:41:42","modified_gmt":"2026-04-23T11:41:42","slug":"sutra-istice-rok-za-odvoz-kabastog-otpada-u-gradskoj-zoni-tuzle","status":"publish","type":"post","link":"https:\/\/tuzlainfo.ba\/index.php\/novosti\/item\/300727-sutra-istice-rok-za-odvoz-kabastog-otpada-u-gradskoj-zoni-tuzle\/","title":{"rendered":"Sutra isti\u010de rok za odvoz kabastog otpada u gradskoj zoni Tuzle"},"content":{"rendered":"<p>JKP Komunalac Tuzla podsje\u0107a gra\u0111ane gradske zone, odnosno korisnike kolektivnog na\u010dina stanovanja, da je sutra, 27. aprila, posljednji dan za odlaganje krupnog i kabastog otpada u za to predvi\u0111ene kontejnere. Kontejneri su postavljeni na uobi\u010dajenim lokacijama u gradskim naseljima od 23. aprila, a ova akcija ima za cilj efikasno uklanjanje otpada koji ne spada u redovni komunalni otpad.<\/p>\n<p>Iz Komunalca napominju da su, ukoliko je neka od planiranih lokacija bila nepristupa\u010dna zbog radova ili drugih razloga, kontejneri postavljeni na najbli\u017eoj alternativnoj lokaciji. Gra\u0111ani se pozivaju da iskoriste preostalo vrijeme i rije\u0161e se dotrajalih predmeta iz doma\u0107instva, starog namje\u0161taja i dijelova sanitarne opreme.<\/p>\n<p>Pod krupnim i kabastim otpadom podrazumijevaju se predmeti koji zbog svoje veli\u010dine, koli\u010dine ili sastava ne spadaju u redovni ku\u0107ni komunalni otpad. To uklju\u010duje, ali nije ograni\u010deno na, dotrajale predmete iz doma\u0107instva, stari namje\u0161taj i dijelove sanitarne opreme.<\/p>\n<p>Va\u017eno upozorenje: Iz Komunalca su jasno pojasnili da se kabastim otpadom ne smatraju iskopi materijala, gra\u0111evinski otpad, \u0161ut, \u0161ljaka, pepeo, ostaci vozila, kao ni zeleni otpad. Molimo gra\u0111ane da se pridr\u017eavaju ovih smjernica kako bi akcija bila uspje\u0161no realizovana.<\/p>\n<p>Za gra\u0111ane u prigradskim zonama i individualnom na\u010dinu stanovanja, akcija odvoza kabastog otpada planirana je od 4. do 8. maja. U tom periodu, gra\u0111ani \u0107e kabasti otpad mo\u0107i odlo\u017eiti pored svojih kanti za mije\u0161ani otpad, nakon \u010dega \u0107e ga preuzimati kamioni sa posadom.<\/p>\n<p>Za sve dodatne informacije, gra\u0111ani mogu kontaktirati JKP Komunalac Tuzla putem broja telefona 035\/302-577.<\/p>\n","protected":false},"excerpt":{"rendered":"<p>JKP Komunalac Tuzla podsje\u0107a gra\u0111ane gradske zone, odnosno korisnike kolektivnog na\u010dina stanovanja, da je sutra,&hellip;<\/p>\n","protected":false},"author":8,"featured_media":170851,"comment_status":"closed","ping_status":"closed","sticky":false,"template":"","format":"standard","meta":{"_acf_changed":false,"footnotes":""},"categories":[304,12],"tags":[4013,1181],"acf":[],"yoast_head":"<!-- This site is optimized with the Yoast SEO plugin v23.5 - https:\/\/yoast.com\/wordpress\/plugins\/seo\/ -->\n<title>Sutra isti\u010de rok za odvoz kabastog otpada u gradskoj zoni Tuzle - TuzlaInfo.ba<\/title>\n<meta name=\"robots\" content=\"index, follow, max-snippet:-1, max-image-preview:large, max-video-preview:-1\" \/>\n<link rel=\"canonical\" href=\"https:\/\/tuzlainfo.ba\/index.php\/novosti\/item\/300727-sutra-istice-rok-za-odvoz-kabastog-otpada-u-gradskoj-zoni-tuzle\/\" \/>\n<meta property=\"og:locale\" content=\"bs_BA\" \/>\n<meta property=\"og:type\" content=\"article\" \/>\n<meta property=\"og:title\" content=\"Sutra isti\u010de rok za odvoz kabastog otpada u gradskoj zoni Tuzle - TuzlaInfo.ba\" \/>\n<meta property=\"og:description\" content=\"JKP Komunalac Tuzla podsje\u0107a gra\u0111ane gradske zone, odnosno korisnike kolektivnog na\u010dina stanovanja, da je sutra,&hellip;\" \/>\n<meta property=\"og:url\" content=\"https:\/\/tuzlainfo.ba\/index.php\/novosti\/item\/300727-sutra-istice-rok-za-odvoz-kabastog-otpada-u-gradskoj-zoni-tuzle\/\" \/>\n<meta property=\"og:site_name\" content=\"TuzlaInfo.ba\" \/>\n<meta property=\"article:publisher\" content=\"https:\/\/www.facebook.com\/tuzlainfo.ba\/\" \/>\n<meta property=\"article:published_time\" content=\"2026-04-26T15:01:06+00:00\" \/>\n<meta property=\"article:modified_time\" content=\"2026-04-23T11:41:42+00:00\" \/>\n<meta property=\"og:image\" content=\"https:\/\/tuzlainfo.ba\/wp-content\/uploads\/2022\/04\/3004_kabasti_otpad.jpg\" \/>\n\t<meta property=\"og:image:width\" content=\"1000\" \/>\n\t<meta property=\"og:image:height\" content=\"680\" \/>\n\t<meta property=\"og:image:type\" content=\"image\/jpeg\" \/>\n<meta name=\"author\" content=\"Admin Tri\" \/>\n<meta name=\"twitter:card\" content=\"summary_large_image\" \/>\n<meta name=\"twitter:label1\" content=\"Written by\" \/>\n\t<meta name=\"twitter:data1\" content=\"Admin Tri\" \/>\n\t<meta name=\"twitter:label2\" content=\"Est. reading time\" \/>\n\t<meta name=\"twitter:data2\" content=\"2 minute\" \/>\n<script type=\"application\/ld+json\" class=\"yoast-schema-graph\">{\"@context\":\"https:\/\/schema.org\",\"@graph\":[{\"@type\":\"Article\",\"@id\":\"https:\/\/tuzlainfo.ba\/index.php\/novosti\/item\/300727-sutra-istice-rok-za-odvoz-kabastog-otpada-u-gradskoj-zoni-tuzle\/#article\",\"isPartOf\":{\"@id\":\"https:\/\/tuzlainfo.ba\/index.php\/novosti\/item\/300727-sutra-istice-rok-za-odvoz-kabastog-otpada-u-gradskoj-zoni-tuzle\/\"},\"author\":{\"name\":\"Admin Tri\",\"@id\":\"https:\/\/tuzlainfo.ba\/#\/schema\/person\/593e78a2f6378c5ba3e7600ecfa4e63a\"},\"headline\":\"Sutra isti\u010de rok za odvoz kabastog otpada u gradskoj zoni Tuzle\",\"datePublished\":\"2026-04-26T15:01:06+00:00\",\"dateModified\":\"2026-04-23T11:41:42+00:00\",\"mainEntityOfPage\":{\"@id\":\"https:\/\/tuzlainfo.ba\/index.php\/novosti\/item\/300727-sutra-istice-rok-za-odvoz-kabastog-otpada-u-gradskoj-zoni-tuzle\/\"},\"wordCount\":274,\"publisher\":{\"@id\":\"https:\/\/tuzlainfo.ba\/#organization\"},\"image\":{\"@id\":\"https:\/\/tuzlainfo.ba\/index.php\/novosti\/item\/300727-sutra-istice-rok-za-odvoz-kabastog-otpada-u-gradskoj-zoni-tuzle\/#primaryimage\"},\"thumbnailUrl\":\"https:\/\/tuzlainfo.ba\/wp-content\/uploads\/2022\/04\/3004_kabasti_otpad.jpg\",\"keywords\":[\"kabasti otpad\",\"komunalac\"],\"articleSection\":[\"Istaknuto\",\"Novosti\"],\"inLanguage\":\"bs-BA\"},{\"@type\":\"WebPage\",\"@id\":\"https:\/\/tuzlainfo.ba\/index.php\/novosti\/item\/300727-sutra-istice-rok-za-odvoz-kabastog-otpada-u-gradskoj-zoni-tuzle\/\",\"url\":\"https:\/\/tuzlainfo.ba\/index.php\/novosti\/item\/300727-sutra-istice-rok-za-odvoz-kabastog-otpada-u-gradskoj-zoni-tuzle\/\",\"name\":\"Sutra isti\u010de rok za odvoz kabastog otpada u gradskoj zoni Tuzle - TuzlaInfo.ba\",\"isPartOf\":{\"@id\":\"https:\/\/tuzlainfo.ba\/#website\"},\"primaryImageOfPage\":{\"@id\":\"https:\/\/tuzlainfo.ba\/index.php\/novosti\/item\/300727-sutra-istice-rok-za-odvoz-kabastog-otpada-u-gradskoj-zoni-tuzle\/#primaryimage\"},\"image\":{\"@id\":\"https:\/\/tuzlainfo.ba\/index.php\/novosti\/item\/300727-sutra-istice-rok-za-odvoz-kabastog-otpada-u-gradskoj-zoni-tuzle\/#primaryimage\"},\"thumbnailUrl\":\"https:\/\/tuzlainfo.ba\/wp-content\/uploads\/2022\/04\/3004_kabasti_otpad.jpg\",\"datePublished\":\"2026-04-26T15:01:06+00:00\",\"dateModified\":\"2026-04-23T11:41:42+00:00\",\"breadcrumb\":{\"@id\":\"https:\/\/tuzlainfo.ba\/index.php\/novosti\/item\/300727-sutra-istice-rok-za-odvoz-kabastog-otpada-u-gradskoj-zoni-tuzle\/#breadcrumb\"},\"inLanguage\":\"bs-BA\",\"potentialAction\":[{\"@type\":\"ReadAction\",\"target\":[\"https:\/\/tuzlainfo.ba\/index.php\/novosti\/item\/300727-sutra-istice-rok-za-odvoz-kabastog-otpada-u-gradskoj-zoni-tuzle\/\"]}]},{\"@type\":\"ImageObject\",\"inLanguage\":\"bs-BA\",\"@id\":\"https:\/\/tuzlainfo.ba\/index.php\/novosti\/item\/300727-sutra-istice-rok-za-odvoz-kabastog-otpada-u-gradskoj-zoni-tuzle\/#primaryimage\",\"url\":\"https:\/\/tuzlainfo.ba\/wp-content\/uploads\/2022\/04\/3004_kabasti_otpad.jpg\",\"contentUrl\":\"https:\/\/tuzlainfo.ba\/wp-content\/uploads\/2022\/04\/3004_kabasti_otpad.jpg\",\"width\":1000,\"height\":680,\"caption\":\"Foto: Tuzlainfo.ba\"},{\"@type\":\"BreadcrumbList\",\"@id\":\"https:\/\/tuzlainfo.ba\/index.php\/novosti\/item\/300727-sutra-istice-rok-za-odvoz-kabastog-otpada-u-gradskoj-zoni-tuzle\/#breadcrumb\",\"itemListElement\":[{\"@type\":\"ListItem\",\"position\":1,\"name\":\"Home\",\"item\":\"https:\/\/tuzlainfo.ba\/\"},{\"@type\":\"ListItem\",\"position\":2,\"name\":\"Sutra isti\u010de rok za odvoz kabastog otpada u gradskoj zoni Tuzle\"}]},{\"@type\":\"WebSite\",\"@id\":\"https:\/\/tuzlainfo.ba\/#website\",\"url\":\"https:\/\/tuzlainfo.ba\/\",\"name\":\"TuzlaInfo.ba\",\"description\":\"Tuzla info, gradski informator - Tuzla na dlanu\",\"publisher\":{\"@id\":\"https:\/\/tuzlainfo.ba\/#organization\"},\"potentialAction\":[{\"@type\":\"SearchAction\",\"target\":{\"@type\":\"EntryPoint\",\"urlTemplate\":\"https:\/\/tuzlainfo.ba\/?s={search_term_string}\"},\"query-input\":{\"@type\":\"PropertyValueSpecification\",\"valueRequired\":true,\"valueName\":\"search_term_string\"}}],\"inLanguage\":\"bs-BA\"},{\"@type\":\"Organization\",\"@id\":\"https:\/\/tuzlainfo.ba\/#organization\",\"name\":\"TuzlaInfo.ba\",\"url\":\"https:\/\/tuzlainfo.ba\/\",\"logo\":{\"@type\":\"ImageObject\",\"inLanguage\":\"bs-BA\",\"@id\":\"https:\/\/tuzlainfo.ba\/#\/schema\/logo\/image\/\",\"url\":\"https:\/\/tuzlainfo.ba\/wp-content\/uploads\/2021\/03\/logo-ver-3-1.png\",\"contentUrl\":\"https:\/\/tuzlainfo.ba\/wp-content\/uploads\/2021\/03\/logo-ver-3-1.png\",\"width\":350,\"height\":95,\"caption\":\"TuzlaInfo.ba\"},\"image\":{\"@id\":\"https:\/\/tuzlainfo.ba\/#\/schema\/logo\/image\/\"},\"sameAs\":[\"https:\/\/www.facebook.com\/tuzlainfo.ba\/\"]},{\"@type\":\"Person\",\"@id\":\"https:\/\/tuzlainfo.ba\/#\/schema\/person\/593e78a2f6378c5ba3e7600ecfa4e63a\",\"name\":\"Admin Tri\",\"image\":{\"@type\":\"ImageObject\",\"inLanguage\":\"bs-BA\",\"@id\":\"https:\/\/tuzlainfo.ba\/#\/schema\/person\/image\/\",\"url\":\"https:\/\/tuzlainfo.ba\/wp-content\/litespeed\/avatar\/b7920db4cc34a71ad12497283ad2fe3f.jpg?ver=1777100914\",\"contentUrl\":\"https:\/\/tuzlainfo.ba\/wp-content\/litespeed\/avatar\/b7920db4cc34a71ad12497283ad2fe3f.jpg?ver=1777100914\",\"caption\":\"Admin Tri\"},\"sameAs\":[\"https:\/\/tuzlainfo.ba\"]}]}<\/script>\n<!-- \/ Yoast SEO plugin. -->","yoast_head_json":{"title":"Sutra isti\u010de rok za odvoz kabastog otpada u gradskoj zoni Tuzle - TuzlaInfo.ba","robots":{"index":"index","follow":"follow","max-snippet":"max-snippet:-1","max-image-preview":"max-image-preview:large","max-video-preview":"max-video-preview:-1"},"canonical":"https:\/\/tuzlainfo.ba\/index.php\/novosti\/item\/300727-sutra-istice-rok-za-odvoz-kabastog-otpada-u-gradskoj-zoni-tuzle\/","og_locale":"bs_BA","og_type":"article","og_title":"Sutra isti\u010de rok za odvoz kabastog otpada u gradskoj zoni Tuzle - TuzlaInfo.ba","og_description":"JKP Komunalac Tuzla podsje\u0107a gra\u0111ane gradske zone, odnosno korisnike kolektivnog na\u010dina stanovanja, da je sutra,&hellip;","og_url":"https:\/\/tuzlainfo.ba\/index.php\/novosti\/item\/300727-sutra-istice-rok-za-odvoz-kabastog-otpada-u-gradskoj-zoni-tuzle\/","og_site_name":"TuzlaInfo.ba","article_publisher":"https:\/\/www.facebook.com\/tuzlainfo.ba\/","article_published_time":"2026-04-26T15:01:06+00:00","article_modified_time":"2026-04-23T11:41:42+00:00","og_image":[{"width":1000,"height":680,"url":"https:\/\/tuzlainfo.ba\/wp-content\/uploads\/2022\/04\/3004_kabasti_otpad.jpg","type":"image\/jpeg"}],"author":"Admin Tri","twitter_card":"summary_large_image","twitter_misc":{"Written by":"Admin Tri","Est. reading time":"2 minute"},"schema":{"@context":"https:\/\/schema.org","@graph":[{"@type":"Article","@id":"https:\/\/tuzlainfo.ba\/index.php\/novosti\/item\/300727-sutra-istice-rok-za-odvoz-kabastog-otpada-u-gradskoj-zoni-tuzle\/#article","isPartOf":{"@id":"https:\/\/tuzlainfo.ba\/index.php\/novosti\/item\/300727-sutra-istice-rok-za-odvoz-kabastog-otpada-u-gradskoj-zoni-tuzle\/"},"author":{"name":"Admin Tri","@id":"https:\/\/tuzlainfo.ba\/#\/schema\/person\/593e78a2f6378c5ba3e7600ecfa4e63a"},"headline":"Sutra isti\u010de rok za odvoz kabastog otpada u gradskoj zoni Tuzle","datePublished":"2026-04-26T15:01:06+00:00","dateModified":"2026-04-23T11:41:42+00:00","mainEntityOfPage":{"@id":"https:\/\/tuzlainfo.ba\/index.php\/novosti\/item\/300727-sutra-istice-rok-za-odvoz-kabastog-otpada-u-gradskoj-zoni-tuzle\/"},"wordCount":274,"publisher":{"@id":"https:\/\/tuzlainfo.ba\/#organization"},"image":{"@id":"https:\/\/tuzlainfo.ba\/index.php\/novosti\/item\/300727-sutra-istice-rok-za-odvoz-kabastog-otpada-u-gradskoj-zoni-tuzle\/#primaryimage"},"thumbnailUrl":"https:\/\/tuzlainfo.ba\/wp-content\/uploads\/2022\/04\/3004_kabasti_otpad.jpg","keywords":["kabasti otpad","komunalac"],"articleSection":["Istaknuto","Novosti"],"inLanguage":"bs-BA"},{"@type":"WebPage","@id":"https:\/\/tuzlainfo.ba\/index.php\/novosti\/item\/300727-sutra-istice-rok-za-odvoz-kabastog-otpada-u-gradskoj-zoni-tuzle\/","url":"https:\/\/tuzlainfo.ba\/index.php\/novosti\/item\/300727-sutra-istice-rok-za-odvoz-kabastog-otpada-u-gradskoj-zoni-tuzle\/","name":"Sutra isti\u010de rok za odvoz kabastog otpada u gradskoj zoni Tuzle - TuzlaInfo.ba","isPartOf":{"@id":"https:\/\/tuzlainfo.ba\/#website"},"primaryImageOfPage":{"@id":"https:\/\/tuzlainfo.ba\/index.php\/novosti\/item\/300727-sutra-istice-rok-za-odvoz-kabastog-otpada-u-gradskoj-zoni-tuzle\/#primaryimage"},"image":{"@id":"https:\/\/tuzlainfo.ba\/index.php\/novosti\/item\/300727-sutra-istice-rok-za-odvoz-kabastog-otpada-u-gradskoj-zoni-tuzle\/#primaryimage"},"thumbnailUrl":"https:\/\/tuzlainfo.ba\/wp-content\/uploads\/2022\/04\/3004_kabasti_otpad.jpg","datePublished":"2026-04-26T15:01:06+00:00","dateModified":"2026-04-23T11:41:42+00:00","breadcrumb":{"@id":"https:\/\/tuzlainfo.ba\/index.php\/novosti\/item\/300727-sutra-istice-rok-za-odvoz-kabastog-otpada-u-gradskoj-zoni-tuzle\/#breadcrumb"},"inLanguage":"bs-BA","potentialAction":[{"@type":"ReadAction","target":["https:\/\/tuzlainfo.ba\/index.php\/novosti\/item\/300727-sutra-istice-rok-za-odvoz-kabastog-otpada-u-gradskoj-zoni-tuzle\/"]}]},{"@type":"ImageObject","inLanguage":"bs-BA","@id":"https:\/\/tuzlainfo.ba\/index.php\/novosti\/item\/300727-sutra-istice-rok-za-odvoz-kabastog-otpada-u-gradskoj-zoni-tuzle\/#primaryimage","url":"https:\/\/tuzlainfo.ba\/wp-content\/uploads\/2022\/04\/3004_kabasti_otpad.jpg","contentUrl":"https:\/\/tuzlainfo.ba\/wp-content\/uploads\/2022\/04\/3004_kabasti_otpad.jpg","width":1000,"height":680,"caption":"Foto: Tuzlainfo.ba"},{"@type":"BreadcrumbList","@id":"https:\/\/tuzlainfo.ba\/index.php\/novosti\/item\/300727-sutra-istice-rok-za-odvoz-kabastog-otpada-u-gradskoj-zoni-tuzle\/#breadcrumb","itemListElement":[{"@type":"ListItem","position":1,"name":"Home","item":"https:\/\/tuzlainfo.ba\/"},{"@type":"ListItem","position":2,"name":"Sutra isti\u010de rok za odvoz kabastog otpada u gradskoj zoni Tuzle"}]},{"@type":"WebSite","@id":"https:\/\/tuzlainfo.ba\/#website","url":"https:\/\/tuzlainfo.ba\/","name":"TuzlaInfo.ba","description":"Tuzla info, gradski informator - Tuzla na dlanu","publisher":{"@id":"https:\/\/tuzlainfo.ba\/#organization"},"potentialAction":[{"@type":"SearchAction","target":{"@type":"EntryPoint","urlTemplate":"https:\/\/tuzlainfo.ba\/?s={search_term_string}"},"query-input":{"@type":"PropertyValueSpecification","valueRequired":true,"valueName":"search_term_string"}}],"inLanguage":"bs-BA"},{"@type":"Organization","@id":"https:\/\/tuzlainfo.ba\/#organization","name":"TuzlaInfo.ba","url":"https:\/\/tuzlainfo.ba\/","logo":{"@type":"ImageObject","inLanguage":"bs-BA","@id":"https:\/\/tuzlainfo.ba\/#\/schema\/logo\/image\/","url":"https:\/\/tuzlainfo.ba\/wp-content\/uploads\/2021\/03\/logo-ver-3-1.png","contentUrl":"https:\/\/tuzlainfo.ba\/wp-content\/uploads\/2021\/03\/logo-ver-3-1.png","width":350,"height":95,"caption":"TuzlaInfo.ba"},"image":{"@id":"https:\/\/tuzlainfo.ba\/#\/schema\/logo\/image\/"},"sameAs":["https:\/\/www.facebook.com\/tuzlainfo.ba\/"]},{"@type":"Person","@id":"https:\/\/tuzlainfo.ba\/#\/schema\/person\/593e78a2f6378c5ba3e7600ecfa4e63a","name":"Admin Tri","image":{"@type":"ImageObject","inLanguage":"bs-BA","@id":"https:\/\/tuzlainfo.ba\/#\/schema\/person\/image\/","url":"https:\/\/tuzlainfo.ba\/wp-content\/litespeed\/avatar\/b7920db4cc34a71ad12497283ad2fe3f.jpg?ver=1777100914","contentUrl":"https:\/\/tuzlainfo.ba\/wp-content\/litespeed\/avatar\/b7920db4cc34a71ad12497283ad2fe3f.jpg?ver=1777100914","caption":"Admin Tri"},"sameAs":["https:\/\/tuzlainfo.ba"]}]}},"_links":{"self":[{"href":"https:\/\/tuzlainfo.ba\/index.php\/wp-json\/wp\/v2\/posts\/300727"}],"collection":[{"href":"https:\/\/tuzlainfo.ba\/index.php\/wp-json\/wp\/v2\/posts"}],"about":[{"href":"https:\/\/tuzlainfo.ba\/index.php\/wp-json\/wp\/v2\/types\/post"}],"author":[{"embeddable":true,"href":"https:\/\/tuzlainfo.ba\/index.php\/wp-json\/wp\/v2\/users\/8"}],"replies":[{"embeddable":true,"href":"https:\/\/tuzlainfo.ba\/index.php\/wp-json\/wp\/v2\/comments?post=300727"}],"version-history":[{"count":1,"href":"https:\/\/tuzlainfo.ba\/index.php\/wp-json\/wp\/v2\/posts\/300727\/revisions"}],"predecessor-version":[{"id":300728,"href":"https:\/\/tuzlainfo.ba\/index.php\/wp-json\/wp\/v2\/posts\/300727\/revisions\/300728"}],"wp:featuredmedia":[{"embeddable":true,"href":"https:\/\/tuzlainfo.ba\/index.php\/wp-json\/wp\/v2\/media\/170851"}],"wp:attachment":[{"href":"https:\/\/tuzlainfo.ba\/index.php\/wp-json\/wp\/v2\/media?parent=300727"}],"wp:term":[{"taxonomy":"category","embeddable":true,"href":"https:\/\/tuzlainfo.ba\/index.php\/wp-json\/wp\/v2\/categories?post=300727"},{"taxonomy":"post_tag","embeddable":true,"href":"https:\/\/tuzlainfo.ba\/index.php\/wp-json\/wp\/v2\/tags?post=300727"}],"curies":[{"name":"wp","href":"https:\/\/api.w.org\/{rel}","templated":true}]}}