{"id":300703,"date":"2026-04-20T14:59:00","date_gmt":"2026-04-20T12:59:00","guid":{"rendered":"https:\/\/tuzlainfo.ba\/?p=300703"},"modified":"2026-04-20T15:00:44","modified_gmt":"2026-04-20T13:00:44","slug":"novo-poglavlje-uspjesne-price-butik-sabina-otvorio-vrata-u-jos-ljepsem-ambijentu-u-tuzli","status":"publish","type":"post","link":"https:\/\/tuzlainfo.ba\/index.php\/clanci\/promo-info\/item\/300703-novo-poglavlje-uspjesne-price-butik-sabina-otvorio-vrata-u-jos-ljepsem-ambijentu-u-tuzli\/","title":{"rendered":"Novo poglavlje uspje\u0161ne pri\u010de: Butik Sabina otvorio vrata u jo\u0161 ljep\u0161em ambijentu u Tuzli"},"content":{"rendered":"<p>Kroz godine rada, butik Sabina je izrastao u prepoznatljivo mjesto u Tuzli i \u017divinicama, gdje moda nije samo odje\u0107a, ve\u0107 na\u010din izra\u017eavanja i osje\u0107aj samopouzdanja. Svaki komad pa\u017eljivo je biran, s ljubavlju i \u017eeljom da svaka \u017eena prona\u0111e ne\u0161to \u0161to \u0107e istaknuti njenu ljepotu i jedinstvenost.<\/p>\n<p>Povodom reotvaranja butika u Tuzli, \u201cButik Sabina\u201d zapo\u010dinje jedno novo, posebno poglavlje svoje pri\u010de. \u201cButik Sabina\u201d osnovan je 2017.godine u \u017divinicama, a godinu nakon toga otvoren je butik i u Tuzli.<\/p>\n<p>Zahvaljuju\u0107i viziji i trudu Edhema i Sabine Jakubovi\u0107, ovaj butik je od samog po\u010detka bio simbol elegancije, stila i posve\u0107enosti svakoj mu\u0161teriji. Uvijek su se trudili kao porodica, trudom i radom, da zadovolje kriterije i standarde svojih kupaca.<\/p>\n<p>Danas, \u201cButik Sabina\u201d u Tuzli otvara svoja vrata na novoj lokaciji, donose\u0107i svje\u017einu, nove ideje i jo\u0161 ljep\u0161i ambijent za sve svoje vjerne, ali i budu\u0107e kupce.<\/p>\n<div id=\"penci-post-gallery__76650\" class=\"penci-post-gallery-container masonry grid column-3\" data-height=\"150\" data-margin=\"3\"><div class=\"inner-gallery-masonry-container\"><div class=\"item-gallery-masonry grid\"><a class=\"\" href=\"https:\/\/tuzlainfo.ba\/wp-content\/uploads\/2026\/04\/butik_sabina-2.jpg\"><div class=\"inner-item-masonry-gallery\"><img decoding=\"async\" src=\"https:\/\/tuzlainfo.ba\/wp-content\/uploads\/2026\/04\/butik_sabina-2-585x390.jpg\" alt=\"\" title=\"butik_sabina (2)\"><\/div><\/a><\/div><div class=\"item-gallery-masonry grid\"><a class=\"\" href=\"https:\/\/tuzlainfo.ba\/wp-content\/uploads\/2026\/04\/butik_sabina-3.jpg\"><div class=\"inner-item-masonry-gallery\"><img decoding=\"async\" src=\"https:\/\/tuzlainfo.ba\/wp-content\/uploads\/2026\/04\/butik_sabina-3-585x390.jpg\" alt=\"\" title=\"butik_sabina (3)\"><\/div><\/a><\/div><div class=\"item-gallery-masonry grid\"><a class=\"\" href=\"https:\/\/tuzlainfo.ba\/wp-content\/uploads\/2026\/04\/butik_sabina-4.jpg\"><div class=\"inner-item-masonry-gallery\"><img decoding=\"async\" src=\"https:\/\/tuzlainfo.ba\/wp-content\/uploads\/2026\/04\/butik_sabina-4-585x390.jpg\" alt=\"\" title=\"butik_sabina (4)\"><\/div><\/a><\/div><div class=\"item-gallery-masonry grid\"><a class=\"\" href=\"https:\/\/tuzlainfo.ba\/wp-content\/uploads\/2026\/04\/butik_sabina-5.jpg\"><div class=\"inner-item-masonry-gallery\"><img decoding=\"async\" src=\"https:\/\/tuzlainfo.ba\/wp-content\/uploads\/2026\/04\/butik_sabina-5-585x390.jpg\" alt=\"\" title=\"butik_sabina (5)\"><\/div><\/a><\/div><div class=\"item-gallery-masonry grid\"><a class=\"\" href=\"https:\/\/tuzlainfo.ba\/wp-content\/uploads\/2026\/04\/butik_sabina-8.jpg\"><div class=\"inner-item-masonry-gallery\"><img decoding=\"async\" src=\"https:\/\/tuzlainfo.ba\/wp-content\/uploads\/2026\/04\/butik_sabina-8-585x390.jpg\" alt=\"\" title=\"butik_sabina (8)\"><\/div><\/a><\/div><div class=\"item-gallery-masonry grid\"><a class=\"\" href=\"https:\/\/tuzlainfo.ba\/wp-content\/uploads\/2026\/04\/butik_sabina-9.jpg\"><div class=\"inner-item-masonry-gallery\"><img decoding=\"async\" src=\"https:\/\/tuzlainfo.ba\/wp-content\/uploads\/2026\/04\/butik_sabina-9-585x390.jpg\" alt=\"\" title=\"butik_sabina (9)\"><\/div><\/a><\/div><div class=\"item-gallery-masonry grid\"><a class=\"\" href=\"https:\/\/tuzlainfo.ba\/wp-content\/uploads\/2026\/04\/butik_sabina-13.jpg\"><div class=\"inner-item-masonry-gallery\"><img decoding=\"async\" src=\"https:\/\/tuzlainfo.ba\/wp-content\/uploads\/2026\/04\/butik_sabina-13-585x390.jpg\" alt=\"\" title=\"butik_sabina (13)\"><\/div><\/a><\/div><div class=\"item-gallery-masonry grid\"><a class=\"\" href=\"https:\/\/tuzlainfo.ba\/wp-content\/uploads\/2026\/04\/butik_sabina-14.jpg\"><div class=\"inner-item-masonry-gallery\"><img decoding=\"async\" src=\"https:\/\/tuzlainfo.ba\/wp-content\/uploads\/2026\/04\/butik_sabina-14-585x390.jpg\" alt=\"\" title=\"butik_sabina (14)\"><\/div><\/a><\/div><div class=\"item-gallery-masonry grid\"><a class=\"\" href=\"https:\/\/tuzlainfo.ba\/wp-content\/uploads\/2026\/04\/butik_sabina-18.jpg\"><div class=\"inner-item-masonry-gallery\"><img decoding=\"async\" src=\"https:\/\/tuzlainfo.ba\/wp-content\/uploads\/2026\/04\/butik_sabina-18-585x390.jpg\" alt=\"\" title=\"butik_sabina (18)\"><\/div><\/a><\/div><div class=\"item-gallery-masonry grid\"><a class=\"\" href=\"https:\/\/tuzlainfo.ba\/wp-content\/uploads\/2026\/04\/butik_sabina-20.jpg\"><div class=\"inner-item-masonry-gallery\"><img decoding=\"async\" src=\"https:\/\/tuzlainfo.ba\/wp-content\/uploads\/2026\/04\/butik_sabina-20-585x390.jpg\" alt=\"\" title=\"butik_sabina (20)\"><\/div><\/a><\/div><div class=\"item-gallery-masonry grid\"><a class=\"\" href=\"https:\/\/tuzlainfo.ba\/wp-content\/uploads\/2026\/04\/butik_sabina-21.jpg\"><div class=\"inner-item-masonry-gallery\"><img decoding=\"async\" src=\"https:\/\/tuzlainfo.ba\/wp-content\/uploads\/2026\/04\/butik_sabina-21-585x390.jpg\" alt=\"\" title=\"butik_sabina (21)\"><\/div><\/a><\/div><div class=\"item-gallery-masonry grid\"><a class=\"\" href=\"https:\/\/tuzlainfo.ba\/wp-content\/uploads\/2026\/04\/butik_sabina-22.jpg\"><div class=\"inner-item-masonry-gallery\"><img decoding=\"async\" src=\"https:\/\/tuzlainfo.ba\/wp-content\/uploads\/2026\/04\/butik_sabina-22-585x390.jpg\" alt=\"\" title=\"butik_sabina (22)\"><\/div><\/a><\/div><div class=\"item-gallery-masonry grid\"><a class=\"\" href=\"https:\/\/tuzlainfo.ba\/wp-content\/uploads\/2026\/04\/butik_sabina-23.jpg\"><div class=\"inner-item-masonry-gallery\"><img decoding=\"async\" src=\"https:\/\/tuzlainfo.ba\/wp-content\/uploads\/2026\/04\/butik_sabina-23-585x390.jpg\" alt=\"\" title=\"butik_sabina (23)\"><\/div><\/a><\/div><div class=\"item-gallery-masonry grid\"><a class=\"\" href=\"https:\/\/tuzlainfo.ba\/wp-content\/uploads\/2026\/04\/butik_sabina-1.jpg\"><div class=\"inner-item-masonry-gallery\"><img decoding=\"async\" src=\"https:\/\/tuzlainfo.ba\/wp-content\/uploads\/2026\/04\/butik_sabina-1-585x390.jpg\" alt=\"\" title=\"butik_sabina (1)\"><\/div><\/a><\/div><\/div><\/div>\n<p>&#8211; Uz sve to, u \u201cButik Sabina\u201d Tuzla dolazi i ponuda za na\u0161u ja\u010du polovinu. U saradnji sa butikom \u201cMY STYLE\u201ddonosimo vam i ponudu za mu\u0161karce. Ponudu punu elegancije, kvaliteta ali i udobnosti. \u201cButik Sabina\u201d zajedno sa Butik \u201cMY STYLE\u201d ostaje vjeran svojim vrijednostima \u2013 kvalitetu, eleganciji i toplom pristupu. Ovo nije samo preseljenje, ve\u0107 novi po\u010detak ispunjen jo\u0161 ve\u0107im snovima i ambicijama, u cilju da pru\u017ee svu ugodnost svojim kupcima prilikom kupovanja. \u201cButik Sabina\u201d nastavlja svoju pri\u010du, ja\u010di nego ikada, spreman da i dalje bude mjesto gdje moda susre\u0107e emociju i gdje svaka \u017eena mo\u017ee prona\u0107i dio sebe &#8211; poru\u010dili su iz \u201cButika Sabina\u201d<\/p>\n<p>Butike mo\u017eete prona\u0107i na lokacijama: \u017divinice: ul.Alije Izetbegovica br.15 Tuzla: ul.Rudarska br.68<\/p>\n","protected":false},"excerpt":{"rendered":"<p>Kroz godine rada, butik Sabina je izrastao u prepoznatljivo mjesto u Tuzli i \u017divinicama, gdje&hellip;<\/p>\n","protected":false},"author":2,"featured_media":300719,"comment_status":"closed","ping_status":"closed","sticky":false,"template":"","format":"standard","meta":{"_acf_changed":false,"footnotes":""},"categories":[13],"tags":[13799],"acf":[],"yoast_head":"<!-- This site is optimized with the Yoast SEO plugin v23.5 - https:\/\/yoast.com\/wordpress\/plugins\/seo\/ -->\n<title>Novo poglavlje uspje\u0161ne pri\u010de: Butik Sabina otvorio vrata u jo\u0161 ljep\u0161em ambijentu u Tuzli - TuzlaInfo.ba<\/title>\n<meta name=\"robots\" content=\"index, follow, max-snippet:-1, max-image-preview:large, max-video-preview:-1\" \/>\n<link rel=\"canonical\" href=\"https:\/\/tuzlainfo.ba\/index.php\/clanci\/promo-info\/item\/300703-novo-poglavlje-uspjesne-price-butik-sabina-otvorio-vrata-u-jos-ljepsem-ambijentu-u-tuzli\/\" \/>\n<meta property=\"og:locale\" content=\"bs_BA\" \/>\n<meta property=\"og:type\" content=\"article\" \/>\n<meta property=\"og:title\" content=\"Novo poglavlje uspje\u0161ne pri\u010de: Butik Sabina otvorio vrata u jo\u0161 ljep\u0161em ambijentu u Tuzli - TuzlaInfo.ba\" \/>\n<meta property=\"og:description\" content=\"Kroz godine rada, butik Sabina je izrastao u prepoznatljivo mjesto u Tuzli i \u017divinicama, gdje&hellip;\" \/>\n<meta property=\"og:url\" content=\"https:\/\/tuzlainfo.ba\/index.php\/clanci\/promo-info\/item\/300703-novo-poglavlje-uspjesne-price-butik-sabina-otvorio-vrata-u-jos-ljepsem-ambijentu-u-tuzli\/\" \/>\n<meta property=\"og:site_name\" content=\"TuzlaInfo.ba\" \/>\n<meta property=\"article:publisher\" content=\"https:\/\/www.facebook.com\/tuzlainfo.ba\/\" \/>\n<meta property=\"article:published_time\" content=\"2026-04-20T12:59:00+00:00\" \/>\n<meta property=\"article:modified_time\" content=\"2026-04-20T13:00:44+00:00\" \/>\n<meta property=\"og:image\" content=\"https:\/\/tuzlainfo.ba\/wp-content\/uploads\/2026\/04\/2004_butik_sabina.jpg\" \/>\n\t<meta property=\"og:image:width\" content=\"1000\" \/>\n\t<meta property=\"og:image:height\" content=\"687\" \/>\n\t<meta property=\"og:image:type\" content=\"image\/jpeg\" \/>\n<meta name=\"author\" content=\"nedim\" \/>\n<meta name=\"twitter:card\" content=\"summary_large_image\" \/>\n<meta name=\"twitter:label1\" content=\"Written by\" \/>\n\t<meta name=\"twitter:data1\" content=\"nedim\" \/>\n\t<meta name=\"twitter:label2\" content=\"Est. reading time\" \/>\n\t<meta name=\"twitter:data2\" content=\"2 minute\" \/>\n<script type=\"application\/ld+json\" class=\"yoast-schema-graph\">{\"@context\":\"https:\/\/schema.org\",\"@graph\":[{\"@type\":\"Article\",\"@id\":\"https:\/\/tuzlainfo.ba\/index.php\/clanci\/promo-info\/item\/300703-novo-poglavlje-uspjesne-price-butik-sabina-otvorio-vrata-u-jos-ljepsem-ambijentu-u-tuzli\/#article\",\"isPartOf\":{\"@id\":\"https:\/\/tuzlainfo.ba\/index.php\/clanci\/promo-info\/item\/300703-novo-poglavlje-uspjesne-price-butik-sabina-otvorio-vrata-u-jos-ljepsem-ambijentu-u-tuzli\/\"},\"author\":{\"name\":\"nedim\",\"@id\":\"https:\/\/tuzlainfo.ba\/#\/schema\/person\/f434e20dc27ea133923aab08451b7f7f\"},\"headline\":\"Novo poglavlje uspje\u0161ne pri\u010de: Butik Sabina otvorio vrata u jo\u0161 ljep\u0161em ambijentu u Tuzli\",\"datePublished\":\"2026-04-20T12:59:00+00:00\",\"dateModified\":\"2026-04-20T13:00:44+00:00\",\"mainEntityOfPage\":{\"@id\":\"https:\/\/tuzlainfo.ba\/index.php\/clanci\/promo-info\/item\/300703-novo-poglavlje-uspjesne-price-butik-sabina-otvorio-vrata-u-jos-ljepsem-ambijentu-u-tuzli\/\"},\"wordCount\":316,\"publisher\":{\"@id\":\"https:\/\/tuzlainfo.ba\/#organization\"},\"image\":{\"@id\":\"https:\/\/tuzlainfo.ba\/index.php\/clanci\/promo-info\/item\/300703-novo-poglavlje-uspjesne-price-butik-sabina-otvorio-vrata-u-jos-ljepsem-ambijentu-u-tuzli\/#primaryimage\"},\"thumbnailUrl\":\"https:\/\/tuzlainfo.ba\/wp-content\/uploads\/2026\/04\/2004_butik_sabina.jpg\",\"keywords\":[\"butik sabina\"],\"articleSection\":[\"Promo info\"],\"inLanguage\":\"bs-BA\"},{\"@type\":\"WebPage\",\"@id\":\"https:\/\/tuzlainfo.ba\/index.php\/clanci\/promo-info\/item\/300703-novo-poglavlje-uspjesne-price-butik-sabina-otvorio-vrata-u-jos-ljepsem-ambijentu-u-tuzli\/\",\"url\":\"https:\/\/tuzlainfo.ba\/index.php\/clanci\/promo-info\/item\/300703-novo-poglavlje-uspjesne-price-butik-sabina-otvorio-vrata-u-jos-ljepsem-ambijentu-u-tuzli\/\",\"name\":\"Novo poglavlje uspje\u0161ne pri\u010de: Butik Sabina otvorio vrata u jo\u0161 ljep\u0161em ambijentu u Tuzli - TuzlaInfo.ba\",\"isPartOf\":{\"@id\":\"https:\/\/tuzlainfo.ba\/#website\"},\"primaryImageOfPage\":{\"@id\":\"https:\/\/tuzlainfo.ba\/index.php\/clanci\/promo-info\/item\/300703-novo-poglavlje-uspjesne-price-butik-sabina-otvorio-vrata-u-jos-ljepsem-ambijentu-u-tuzli\/#primaryimage\"},\"image\":{\"@id\":\"https:\/\/tuzlainfo.ba\/index.php\/clanci\/promo-info\/item\/300703-novo-poglavlje-uspjesne-price-butik-sabina-otvorio-vrata-u-jos-ljepsem-ambijentu-u-tuzli\/#primaryimage\"},\"thumbnailUrl\":\"https:\/\/tuzlainfo.ba\/wp-content\/uploads\/2026\/04\/2004_butik_sabina.jpg\",\"datePublished\":\"2026-04-20T12:59:00+00:00\",\"dateModified\":\"2026-04-20T13:00:44+00:00\",\"breadcrumb\":{\"@id\":\"https:\/\/tuzlainfo.ba\/index.php\/clanci\/promo-info\/item\/300703-novo-poglavlje-uspjesne-price-butik-sabina-otvorio-vrata-u-jos-ljepsem-ambijentu-u-tuzli\/#breadcrumb\"},\"inLanguage\":\"bs-BA\",\"potentialAction\":[{\"@type\":\"ReadAction\",\"target\":[\"https:\/\/tuzlainfo.ba\/index.php\/clanci\/promo-info\/item\/300703-novo-poglavlje-uspjesne-price-butik-sabina-otvorio-vrata-u-jos-ljepsem-ambijentu-u-tuzli\/\"]}]},{\"@type\":\"ImageObject\",\"inLanguage\":\"bs-BA\",\"@id\":\"https:\/\/tuzlainfo.ba\/index.php\/clanci\/promo-info\/item\/300703-novo-poglavlje-uspjesne-price-butik-sabina-otvorio-vrata-u-jos-ljepsem-ambijentu-u-tuzli\/#primaryimage\",\"url\":\"https:\/\/tuzlainfo.ba\/wp-content\/uploads\/2026\/04\/2004_butik_sabina.jpg\",\"contentUrl\":\"https:\/\/tuzlainfo.ba\/wp-content\/uploads\/2026\/04\/2004_butik_sabina.jpg\",\"width\":1000,\"height\":687},{\"@type\":\"BreadcrumbList\",\"@id\":\"https:\/\/tuzlainfo.ba\/index.php\/clanci\/promo-info\/item\/300703-novo-poglavlje-uspjesne-price-butik-sabina-otvorio-vrata-u-jos-ljepsem-ambijentu-u-tuzli\/#breadcrumb\",\"itemListElement\":[{\"@type\":\"ListItem\",\"position\":1,\"name\":\"Home\",\"item\":\"https:\/\/tuzlainfo.ba\/\"},{\"@type\":\"ListItem\",\"position\":2,\"name\":\"Novo poglavlje uspje\u0161ne pri\u010de: Butik Sabina otvorio vrata u jo\u0161 ljep\u0161em ambijentu u Tuzli\"}]},{\"@type\":\"WebSite\",\"@id\":\"https:\/\/tuzlainfo.ba\/#website\",\"url\":\"https:\/\/tuzlainfo.ba\/\",\"name\":\"TuzlaInfo.ba\",\"description\":\"Tuzla info, gradski informator - Tuzla na dlanu\",\"publisher\":{\"@id\":\"https:\/\/tuzlainfo.ba\/#organization\"},\"potentialAction\":[{\"@type\":\"SearchAction\",\"target\":{\"@type\":\"EntryPoint\",\"urlTemplate\":\"https:\/\/tuzlainfo.ba\/?s={search_term_string}\"},\"query-input\":{\"@type\":\"PropertyValueSpecification\",\"valueRequired\":true,\"valueName\":\"search_term_string\"}}],\"inLanguage\":\"bs-BA\"},{\"@type\":\"Organization\",\"@id\":\"https:\/\/tuzlainfo.ba\/#organization\",\"name\":\"TuzlaInfo.ba\",\"url\":\"https:\/\/tuzlainfo.ba\/\",\"logo\":{\"@type\":\"ImageObject\",\"inLanguage\":\"bs-BA\",\"@id\":\"https:\/\/tuzlainfo.ba\/#\/schema\/logo\/image\/\",\"url\":\"https:\/\/tuzlainfo.ba\/wp-content\/uploads\/2021\/03\/logo-ver-3-1.png\",\"contentUrl\":\"https:\/\/tuzlainfo.ba\/wp-content\/uploads\/2021\/03\/logo-ver-3-1.png\",\"width\":350,\"height\":95,\"caption\":\"TuzlaInfo.ba\"},\"image\":{\"@id\":\"https:\/\/tuzlainfo.ba\/#\/schema\/logo\/image\/\"},\"sameAs\":[\"https:\/\/www.facebook.com\/tuzlainfo.ba\/\"]},{\"@type\":\"Person\",\"@id\":\"https:\/\/tuzlainfo.ba\/#\/schema\/person\/f434e20dc27ea133923aab08451b7f7f\",\"name\":\"nedim\",\"image\":{\"@type\":\"ImageObject\",\"inLanguage\":\"bs-BA\",\"@id\":\"https:\/\/tuzlainfo.ba\/#\/schema\/person\/image\/\",\"url\":\"https:\/\/tuzlainfo.ba\/wp-content\/litespeed\/avatar\/aabad687af24844af817603ac1cbdc4f.jpg?ver=1776702173\",\"contentUrl\":\"https:\/\/tuzlainfo.ba\/wp-content\/litespeed\/avatar\/aabad687af24844af817603ac1cbdc4f.jpg?ver=1776702173\",\"caption\":\"nedim\"},\"description\":\"Tuzlainfo.ba pratite na dru\u0161tvenim mre\u017eama: Facebook, Instagram i Youtube. Svoje pri\u010de, upite i fotografije \u0161aljite na na\u0161u e-mail adresu.\"}]}<\/script>\n<!-- \/ Yoast SEO plugin. -->","yoast_head_json":{"title":"Novo poglavlje uspje\u0161ne pri\u010de: Butik Sabina otvorio vrata u jo\u0161 ljep\u0161em ambijentu u Tuzli - TuzlaInfo.ba","robots":{"index":"index","follow":"follow","max-snippet":"max-snippet:-1","max-image-preview":"max-image-preview:large","max-video-preview":"max-video-preview:-1"},"canonical":"https:\/\/tuzlainfo.ba\/index.php\/clanci\/promo-info\/item\/300703-novo-poglavlje-uspjesne-price-butik-sabina-otvorio-vrata-u-jos-ljepsem-ambijentu-u-tuzli\/","og_locale":"bs_BA","og_type":"article","og_title":"Novo poglavlje uspje\u0161ne pri\u010de: Butik Sabina otvorio vrata u jo\u0161 ljep\u0161em ambijentu u Tuzli - TuzlaInfo.ba","og_description":"Kroz godine rada, butik Sabina je izrastao u prepoznatljivo mjesto u Tuzli i \u017divinicama, gdje&hellip;","og_url":"https:\/\/tuzlainfo.ba\/index.php\/clanci\/promo-info\/item\/300703-novo-poglavlje-uspjesne-price-butik-sabina-otvorio-vrata-u-jos-ljepsem-ambijentu-u-tuzli\/","og_site_name":"TuzlaInfo.ba","article_publisher":"https:\/\/www.facebook.com\/tuzlainfo.ba\/","article_published_time":"2026-04-20T12:59:00+00:00","article_modified_time":"2026-04-20T13:00:44+00:00","og_image":[{"width":1000,"height":687,"url":"https:\/\/tuzlainfo.ba\/wp-content\/uploads\/2026\/04\/2004_butik_sabina.jpg","type":"image\/jpeg"}],"author":"nedim","twitter_card":"summary_large_image","twitter_misc":{"Written by":"nedim","Est. reading time":"2 minute"},"schema":{"@context":"https:\/\/schema.org","@graph":[{"@type":"Article","@id":"https:\/\/tuzlainfo.ba\/index.php\/clanci\/promo-info\/item\/300703-novo-poglavlje-uspjesne-price-butik-sabina-otvorio-vrata-u-jos-ljepsem-ambijentu-u-tuzli\/#article","isPartOf":{"@id":"https:\/\/tuzlainfo.ba\/index.php\/clanci\/promo-info\/item\/300703-novo-poglavlje-uspjesne-price-butik-sabina-otvorio-vrata-u-jos-ljepsem-ambijentu-u-tuzli\/"},"author":{"name":"nedim","@id":"https:\/\/tuzlainfo.ba\/#\/schema\/person\/f434e20dc27ea133923aab08451b7f7f"},"headline":"Novo poglavlje uspje\u0161ne pri\u010de: Butik Sabina otvorio vrata u jo\u0161 ljep\u0161em ambijentu u Tuzli","datePublished":"2026-04-20T12:59:00+00:00","dateModified":"2026-04-20T13:00:44+00:00","mainEntityOfPage":{"@id":"https:\/\/tuzlainfo.ba\/index.php\/clanci\/promo-info\/item\/300703-novo-poglavlje-uspjesne-price-butik-sabina-otvorio-vrata-u-jos-ljepsem-ambijentu-u-tuzli\/"},"wordCount":316,"publisher":{"@id":"https:\/\/tuzlainfo.ba\/#organization"},"image":{"@id":"https:\/\/tuzlainfo.ba\/index.php\/clanci\/promo-info\/item\/300703-novo-poglavlje-uspjesne-price-butik-sabina-otvorio-vrata-u-jos-ljepsem-ambijentu-u-tuzli\/#primaryimage"},"thumbnailUrl":"https:\/\/tuzlainfo.ba\/wp-content\/uploads\/2026\/04\/2004_butik_sabina.jpg","keywords":["butik sabina"],"articleSection":["Promo info"],"inLanguage":"bs-BA"},{"@type":"WebPage","@id":"https:\/\/tuzlainfo.ba\/index.php\/clanci\/promo-info\/item\/300703-novo-poglavlje-uspjesne-price-butik-sabina-otvorio-vrata-u-jos-ljepsem-ambijentu-u-tuzli\/","url":"https:\/\/tuzlainfo.ba\/index.php\/clanci\/promo-info\/item\/300703-novo-poglavlje-uspjesne-price-butik-sabina-otvorio-vrata-u-jos-ljepsem-ambijentu-u-tuzli\/","name":"Novo poglavlje uspje\u0161ne pri\u010de: Butik Sabina otvorio vrata u jo\u0161 ljep\u0161em ambijentu u Tuzli - TuzlaInfo.ba","isPartOf":{"@id":"https:\/\/tuzlainfo.ba\/#website"},"primaryImageOfPage":{"@id":"https:\/\/tuzlainfo.ba\/index.php\/clanci\/promo-info\/item\/300703-novo-poglavlje-uspjesne-price-butik-sabina-otvorio-vrata-u-jos-ljepsem-ambijentu-u-tuzli\/#primaryimage"},"image":{"@id":"https:\/\/tuzlainfo.ba\/index.php\/clanci\/promo-info\/item\/300703-novo-poglavlje-uspjesne-price-butik-sabina-otvorio-vrata-u-jos-ljepsem-ambijentu-u-tuzli\/#primaryimage"},"thumbnailUrl":"https:\/\/tuzlainfo.ba\/wp-content\/uploads\/2026\/04\/2004_butik_sabina.jpg","datePublished":"2026-04-20T12:59:00+00:00","dateModified":"2026-04-20T13:00:44+00:00","breadcrumb":{"@id":"https:\/\/tuzlainfo.ba\/index.php\/clanci\/promo-info\/item\/300703-novo-poglavlje-uspjesne-price-butik-sabina-otvorio-vrata-u-jos-ljepsem-ambijentu-u-tuzli\/#breadcrumb"},"inLanguage":"bs-BA","potentialAction":[{"@type":"ReadAction","target":["https:\/\/tuzlainfo.ba\/index.php\/clanci\/promo-info\/item\/300703-novo-poglavlje-uspjesne-price-butik-sabina-otvorio-vrata-u-jos-ljepsem-ambijentu-u-tuzli\/"]}]},{"@type":"ImageObject","inLanguage":"bs-BA","@id":"https:\/\/tuzlainfo.ba\/index.php\/clanci\/promo-info\/item\/300703-novo-poglavlje-uspjesne-price-butik-sabina-otvorio-vrata-u-jos-ljepsem-ambijentu-u-tuzli\/#primaryimage","url":"https:\/\/tuzlainfo.ba\/wp-content\/uploads\/2026\/04\/2004_butik_sabina.jpg","contentUrl":"https:\/\/tuzlainfo.ba\/wp-content\/uploads\/2026\/04\/2004_butik_sabina.jpg","width":1000,"height":687},{"@type":"BreadcrumbList","@id":"https:\/\/tuzlainfo.ba\/index.php\/clanci\/promo-info\/item\/300703-novo-poglavlje-uspjesne-price-butik-sabina-otvorio-vrata-u-jos-ljepsem-ambijentu-u-tuzli\/#breadcrumb","itemListElement":[{"@type":"ListItem","position":1,"name":"Home","item":"https:\/\/tuzlainfo.ba\/"},{"@type":"ListItem","position":2,"name":"Novo poglavlje uspje\u0161ne pri\u010de: Butik Sabina otvorio vrata u jo\u0161 ljep\u0161em ambijentu u Tuzli"}]},{"@type":"WebSite","@id":"https:\/\/tuzlainfo.ba\/#website","url":"https:\/\/tuzlainfo.ba\/","name":"TuzlaInfo.ba","description":"Tuzla info, gradski informator - Tuzla na dlanu","publisher":{"@id":"https:\/\/tuzlainfo.ba\/#organization"},"potentialAction":[{"@type":"SearchAction","target":{"@type":"EntryPoint","urlTemplate":"https:\/\/tuzlainfo.ba\/?s={search_term_string}"},"query-input":{"@type":"PropertyValueSpecification","valueRequired":true,"valueName":"search_term_string"}}],"inLanguage":"bs-BA"},{"@type":"Organization","@id":"https:\/\/tuzlainfo.ba\/#organization","name":"TuzlaInfo.ba","url":"https:\/\/tuzlainfo.ba\/","logo":{"@type":"ImageObject","inLanguage":"bs-BA","@id":"https:\/\/tuzlainfo.ba\/#\/schema\/logo\/image\/","url":"https:\/\/tuzlainfo.ba\/wp-content\/uploads\/2021\/03\/logo-ver-3-1.png","contentUrl":"https:\/\/tuzlainfo.ba\/wp-content\/uploads\/2021\/03\/logo-ver-3-1.png","width":350,"height":95,"caption":"TuzlaInfo.ba"},"image":{"@id":"https:\/\/tuzlainfo.ba\/#\/schema\/logo\/image\/"},"sameAs":["https:\/\/www.facebook.com\/tuzlainfo.ba\/"]},{"@type":"Person","@id":"https:\/\/tuzlainfo.ba\/#\/schema\/person\/f434e20dc27ea133923aab08451b7f7f","name":"nedim","image":{"@type":"ImageObject","inLanguage":"bs-BA","@id":"https:\/\/tuzlainfo.ba\/#\/schema\/person\/image\/","url":"https:\/\/tuzlainfo.ba\/wp-content\/litespeed\/avatar\/aabad687af24844af817603ac1cbdc4f.jpg?ver=1776702173","contentUrl":"https:\/\/tuzlainfo.ba\/wp-content\/litespeed\/avatar\/aabad687af24844af817603ac1cbdc4f.jpg?ver=1776702173","caption":"nedim"},"description":"Tuzlainfo.ba pratite na dru\u0161tvenim mre\u017eama: Facebook, Instagram i Youtube. Svoje pri\u010de, upite i fotografije \u0161aljite na na\u0161u e-mail adresu."}]}},"_links":{"self":[{"href":"https:\/\/tuzlainfo.ba\/index.php\/wp-json\/wp\/v2\/posts\/300703"}],"collection":[{"href":"https:\/\/tuzlainfo.ba\/index.php\/wp-json\/wp\/v2\/posts"}],"about":[{"href":"https:\/\/tuzlainfo.ba\/index.php\/wp-json\/wp\/v2\/types\/post"}],"author":[{"embeddable":true,"href":"https:\/\/tuzlainfo.ba\/index.php\/wp-json\/wp\/v2\/users\/2"}],"replies":[{"embeddable":true,"href":"https:\/\/tuzlainfo.ba\/index.php\/wp-json\/wp\/v2\/comments?post=300703"}],"version-history":[{"count":1,"href":"https:\/\/tuzlainfo.ba\/index.php\/wp-json\/wp\/v2\/posts\/300703\/revisions"}],"predecessor-version":[{"id":300720,"href":"https:\/\/tuzlainfo.ba\/index.php\/wp-json\/wp\/v2\/posts\/300703\/revisions\/300720"}],"wp:featuredmedia":[{"embeddable":true,"href":"https:\/\/tuzlainfo.ba\/index.php\/wp-json\/wp\/v2\/media\/300719"}],"wp:attachment":[{"href":"https:\/\/tuzlainfo.ba\/index.php\/wp-json\/wp\/v2\/media?parent=300703"}],"wp:term":[{"taxonomy":"category","embeddable":true,"href":"https:\/\/tuzlainfo.ba\/index.php\/wp-json\/wp\/v2\/categories?post=300703"},{"taxonomy":"post_tag","embeddable":true,"href":"https:\/\/tuzlainfo.ba\/index.php\/wp-json\/wp\/v2\/tags?post=300703"}],"curies":[{"name":"wp","href":"https:\/\/api.w.org\/{rel}","templated":true}]}}