{"id":300468,"date":"2026-04-17T20:09:06","date_gmt":"2026-04-17T18:09:06","guid":{"rendered":"https:\/\/tuzlainfo.ba\/?p=300468"},"modified":"2026-04-17T15:13:44","modified_gmt":"2026-04-17T13:13:44","slug":"promovisana-monografija-o-75-godina-muzicke-skole-tuzla","status":"publish","type":"post","link":"https:\/\/tuzlainfo.ba\/index.php\/novosti\/item\/300468-promovisana-monografija-o-75-godina-muzicke-skole-tuzla\/","title":{"rendered":"Promovisana monografija o 75 godina Muzi\u010dke \u0161kole Tuzla"},"content":{"rendered":"<p data-start=\"0\" data-end=\"369\">U sve\u010danoj atmosferi, pred ispunjenom koncertnom dvoranom, sino\u0107 je u JU Osnovnoj muzi\u010dkoj \u0161koli Tuzla uprili\u010dena promocija monografije \u201eDoprinos Osnovne muzi\u010dke \u0161kole razvoju muzi\u010dke kulture u Tuzli i okolini\u201c, autora <span class=\"hover:entity-accent entity-underline inline cursor-pointer align-baseline\"><span class=\"whitespace-normal\">Miradeta Zuli\u0107a<\/span><\/span>, objavljene povodom velikog jubileja \u2013 75 godina postojanja i kontinuiranog rada ove ustanove.<\/p>\n<p data-start=\"371\" data-end=\"679\">Ovaj zna\u010dajan kulturni doga\u0111aj dodatno je obilje\u017een \u010dinjenicom da \u0161kola od sada zvani\u010dno nosi ime po jednom od najistaknutijih bosanskohercegova\u010dkih kompozitora \u2013 <span class=\"hover:entity-accent entity-underline inline cursor-pointer align-baseline\"><span class=\"whitespace-normal\">Asim Horozi\u0107<\/span><\/span>, \u010dime je simboli\u010dno potvr\u0111ena njena duboka ukorijenjenost u savremene tokove nacionalne muzi\u010dke umjetnosti.<\/p>\n<p data-start=\"681\" data-end=\"1127\">Promociji su prisustvovali brojni ugledni gosti iz javnog i kulturnog \u017eivota, predstavnici obrazovnih institucija, biv\u0161i direktori \u0161kole, nastavnici i saradnici, kao i ministar obrazovanja i nauke u Vladi Tuzlanskog kantona, <span class=\"hover:entity-accent entity-underline inline cursor-pointer align-baseline\"><span class=\"whitespace-normal\">Ahmed Omerovi\u0107<\/span><\/span>. O monografiji su govorili istaknuti promotori: <span class=\"hover:entity-accent entity-underline inline cursor-pointer align-baseline\"><span class=\"whitespace-normal\">Sonja Marinkovi\u0107<\/span><\/span> (Fakultet umetnosti u Beogradu) i mr. art. <span class=\"hover:entity-accent entity-underline inline cursor-pointer align-baseline\"><span class=\"whitespace-normal\">Jasmin Hasi\u0107<\/span><\/span>, direktor \u0161kole.<\/p>\n<p data-start=\"1129\" data-end=\"1417\">U svojim obra\u0107anjima, promotori su istakli da ova monografija nadilazi okvir pukog dokumentovanja institucionalne historije, predstavljaju\u0107i vrijedan muzikolo\u0161ki i kulturolo\u0161ki doprinos razumijevanju razvoja muzi\u010dkog obrazovanja i umjetni\u010dkog \u017eivota u Tuzli i \u0161irem regionalnom kontekstu.<\/p>\n<p data-start=\"1419\" data-end=\"1848\">\u201eVa\u017eno je naglasiti da ova monografija ima i \u0161iri kulturni zna\u010daj. Ona ne dokumentira samo historiju jedne \u0161kole, nego svjedo\u010di o razvoju muzi\u010dke kulture u Tuzli i njenoj ulozi u regionalnom i nacionalnom kontekstu. Kroz prizmu djelovanja Osnovne muzi\u010dke \u0161kole Tuzla mogu\u0107e je pratiti i \u0161ire procese profesionalizacije muzi\u010dkog obrazovanja, afirmacije mladih umjetnika i razvoja kulturne infrastrukture\u201c, istakao je Jasmin Hasi\u0107.<\/p>\n<p data-start=\"1850\" data-end=\"2141\">Monografija autora Miradeta Zuli\u0107a predstavlja rezultat temeljitog i dugotrajnog istra\u017eiva\u010dkog rada, u kojem su objedinjeni historijski podaci, analiti\u010dki uvidi i svjedo\u010danstva o generacijama u\u010denika i nastavnika koji su oblikovali muzi\u010dki identitet Tuzle kroz proteklih sedam i po decenija.<\/p>\n<p data-start=\"2143\" data-end=\"2386\" data-is-last-node=\"\" data-is-only-node=\"\">JU Osnovna muzi\u010dka \u0161kola Tuzla ovim doga\u0111ajem jo\u0161 jednom je potvrdila svoju klju\u010dnu ulogu u razvoju muzi\u010dkog obrazovanja i kulturnog \u017eivota grada, ali i opredijeljenost ka o\u010duvanju i valorizaciji vlastite tradicije kao temelja budu\u0107eg razvoja.<\/p>\n","protected":false},"excerpt":{"rendered":"<p>U sve\u010danoj atmosferi, pred ispunjenom koncertnom dvoranom, sino\u0107 je u JU Osnovnoj muzi\u010dkoj \u0161koli Tuzla&hellip;<\/p>\n","protected":false},"author":4,"featured_media":300469,"comment_status":"closed","ping_status":"closed","sticky":false,"template":"","format":"standard","meta":{"_acf_changed":false,"footnotes":""},"categories":[12],"tags":[5917,1654],"acf":[],"yoast_head":"<!-- This site is optimized with the Yoast SEO plugin v23.5 - https:\/\/yoast.com\/wordpress\/plugins\/seo\/ -->\n<title>Promovisana monografija o 75 godina Muzi\u010dke \u0161kole Tuzla - TuzlaInfo.ba<\/title>\n<meta name=\"robots\" content=\"index, follow, max-snippet:-1, max-image-preview:large, max-video-preview:-1\" \/>\n<link rel=\"canonical\" href=\"https:\/\/tuzlainfo.ba\/index.php\/novosti\/item\/300468-promovisana-monografija-o-75-godina-muzicke-skole-tuzla\/\" \/>\n<meta property=\"og:locale\" content=\"bs_BA\" \/>\n<meta property=\"og:type\" content=\"article\" \/>\n<meta property=\"og:title\" content=\"Promovisana monografija o 75 godina Muzi\u010dke \u0161kole Tuzla - TuzlaInfo.ba\" \/>\n<meta property=\"og:description\" content=\"U sve\u010danoj atmosferi, pred ispunjenom koncertnom dvoranom, sino\u0107 je u JU Osnovnoj muzi\u010dkoj \u0161koli Tuzla&hellip;\" \/>\n<meta property=\"og:url\" content=\"https:\/\/tuzlainfo.ba\/index.php\/novosti\/item\/300468-promovisana-monografija-o-75-godina-muzicke-skole-tuzla\/\" \/>\n<meta property=\"og:site_name\" content=\"TuzlaInfo.ba\" \/>\n<meta property=\"article:publisher\" content=\"https:\/\/www.facebook.com\/tuzlainfo.ba\/\" \/>\n<meta property=\"article:published_time\" content=\"2026-04-17T18:09:06+00:00\" \/>\n<meta property=\"article:modified_time\" content=\"2026-04-17T13:13:44+00:00\" \/>\n<meta property=\"og:image\" content=\"https:\/\/tuzlainfo.ba\/wp-content\/uploads\/2026\/04\/IMG_1071.jpeg\" \/>\n\t<meta property=\"og:image:width\" content=\"1600\" \/>\n\t<meta property=\"og:image:height\" content=\"923\" \/>\n\t<meta property=\"og:image:type\" content=\"image\/jpeg\" \/>\n<meta name=\"author\" content=\"Tuzla Info\" \/>\n<meta name=\"twitter:card\" content=\"summary_large_image\" \/>\n<meta name=\"twitter:label1\" content=\"Written by\" \/>\n\t<meta name=\"twitter:data1\" content=\"Tuzla Info\" \/>\n\t<meta name=\"twitter:label2\" content=\"Est. reading time\" \/>\n\t<meta name=\"twitter:data2\" content=\"2 minute\" \/>\n<script type=\"application\/ld+json\" class=\"yoast-schema-graph\">{\"@context\":\"https:\/\/schema.org\",\"@graph\":[{\"@type\":\"Article\",\"@id\":\"https:\/\/tuzlainfo.ba\/index.php\/novosti\/item\/300468-promovisana-monografija-o-75-godina-muzicke-skole-tuzla\/#article\",\"isPartOf\":{\"@id\":\"https:\/\/tuzlainfo.ba\/index.php\/novosti\/item\/300468-promovisana-monografija-o-75-godina-muzicke-skole-tuzla\/\"},\"author\":{\"name\":\"Tuzla Info\",\"@id\":\"https:\/\/tuzlainfo.ba\/#\/schema\/person\/46cad4c57790cbc50781edd14870825a\"},\"headline\":\"Promovisana monografija o 75 godina Muzi\u010dke \u0161kole Tuzla\",\"datePublished\":\"2026-04-17T18:09:06+00:00\",\"dateModified\":\"2026-04-17T13:13:44+00:00\",\"mainEntityOfPage\":{\"@id\":\"https:\/\/tuzlainfo.ba\/index.php\/novosti\/item\/300468-promovisana-monografija-o-75-godina-muzicke-skole-tuzla\/\"},\"wordCount\":347,\"publisher\":{\"@id\":\"https:\/\/tuzlainfo.ba\/#organization\"},\"image\":{\"@id\":\"https:\/\/tuzlainfo.ba\/index.php\/novosti\/item\/300468-promovisana-monografija-o-75-godina-muzicke-skole-tuzla\/#primaryimage\"},\"thumbnailUrl\":\"https:\/\/tuzlainfo.ba\/wp-content\/uploads\/2026\/04\/IMG_1071.jpeg\",\"keywords\":[\"Monografija\",\"promocija\"],\"articleSection\":[\"Novosti\"],\"inLanguage\":\"bs-BA\"},{\"@type\":\"WebPage\",\"@id\":\"https:\/\/tuzlainfo.ba\/index.php\/novosti\/item\/300468-promovisana-monografija-o-75-godina-muzicke-skole-tuzla\/\",\"url\":\"https:\/\/tuzlainfo.ba\/index.php\/novosti\/item\/300468-promovisana-monografija-o-75-godina-muzicke-skole-tuzla\/\",\"name\":\"Promovisana monografija o 75 godina Muzi\u010dke \u0161kole Tuzla - TuzlaInfo.ba\",\"isPartOf\":{\"@id\":\"https:\/\/tuzlainfo.ba\/#website\"},\"primaryImageOfPage\":{\"@id\":\"https:\/\/tuzlainfo.ba\/index.php\/novosti\/item\/300468-promovisana-monografija-o-75-godina-muzicke-skole-tuzla\/#primaryimage\"},\"image\":{\"@id\":\"https:\/\/tuzlainfo.ba\/index.php\/novosti\/item\/300468-promovisana-monografija-o-75-godina-muzicke-skole-tuzla\/#primaryimage\"},\"thumbnailUrl\":\"https:\/\/tuzlainfo.ba\/wp-content\/uploads\/2026\/04\/IMG_1071.jpeg\",\"datePublished\":\"2026-04-17T18:09:06+00:00\",\"dateModified\":\"2026-04-17T13:13:44+00:00\",\"breadcrumb\":{\"@id\":\"https:\/\/tuzlainfo.ba\/index.php\/novosti\/item\/300468-promovisana-monografija-o-75-godina-muzicke-skole-tuzla\/#breadcrumb\"},\"inLanguage\":\"bs-BA\",\"potentialAction\":[{\"@type\":\"ReadAction\",\"target\":[\"https:\/\/tuzlainfo.ba\/index.php\/novosti\/item\/300468-promovisana-monografija-o-75-godina-muzicke-skole-tuzla\/\"]}]},{\"@type\":\"ImageObject\",\"inLanguage\":\"bs-BA\",\"@id\":\"https:\/\/tuzlainfo.ba\/index.php\/novosti\/item\/300468-promovisana-monografija-o-75-godina-muzicke-skole-tuzla\/#primaryimage\",\"url\":\"https:\/\/tuzlainfo.ba\/wp-content\/uploads\/2026\/04\/IMG_1071.jpeg\",\"contentUrl\":\"https:\/\/tuzlainfo.ba\/wp-content\/uploads\/2026\/04\/IMG_1071.jpeg\",\"width\":1600,\"height\":923},{\"@type\":\"BreadcrumbList\",\"@id\":\"https:\/\/tuzlainfo.ba\/index.php\/novosti\/item\/300468-promovisana-monografija-o-75-godina-muzicke-skole-tuzla\/#breadcrumb\",\"itemListElement\":[{\"@type\":\"ListItem\",\"position\":1,\"name\":\"Home\",\"item\":\"https:\/\/tuzlainfo.ba\/\"},{\"@type\":\"ListItem\",\"position\":2,\"name\":\"Promovisana monografija o 75 godina Muzi\u010dke \u0161kole Tuzla\"}]},{\"@type\":\"WebSite\",\"@id\":\"https:\/\/tuzlainfo.ba\/#website\",\"url\":\"https:\/\/tuzlainfo.ba\/\",\"name\":\"TuzlaInfo.ba\",\"description\":\"Tuzla info, gradski informator - Tuzla na dlanu\",\"publisher\":{\"@id\":\"https:\/\/tuzlainfo.ba\/#organization\"},\"potentialAction\":[{\"@type\":\"SearchAction\",\"target\":{\"@type\":\"EntryPoint\",\"urlTemplate\":\"https:\/\/tuzlainfo.ba\/?s={search_term_string}\"},\"query-input\":{\"@type\":\"PropertyValueSpecification\",\"valueRequired\":true,\"valueName\":\"search_term_string\"}}],\"inLanguage\":\"bs-BA\"},{\"@type\":\"Organization\",\"@id\":\"https:\/\/tuzlainfo.ba\/#organization\",\"name\":\"TuzlaInfo.ba\",\"url\":\"https:\/\/tuzlainfo.ba\/\",\"logo\":{\"@type\":\"ImageObject\",\"inLanguage\":\"bs-BA\",\"@id\":\"https:\/\/tuzlainfo.ba\/#\/schema\/logo\/image\/\",\"url\":\"https:\/\/tuzlainfo.ba\/wp-content\/uploads\/2021\/03\/logo-ver-3-1.png\",\"contentUrl\":\"https:\/\/tuzlainfo.ba\/wp-content\/uploads\/2021\/03\/logo-ver-3-1.png\",\"width\":350,\"height\":95,\"caption\":\"TuzlaInfo.ba\"},\"image\":{\"@id\":\"https:\/\/tuzlainfo.ba\/#\/schema\/logo\/image\/\"},\"sameAs\":[\"https:\/\/www.facebook.com\/tuzlainfo.ba\/\"]},{\"@type\":\"Person\",\"@id\":\"https:\/\/tuzlainfo.ba\/#\/schema\/person\/46cad4c57790cbc50781edd14870825a\",\"name\":\"Tuzla Info\",\"image\":{\"@type\":\"ImageObject\",\"inLanguage\":\"bs-BA\",\"@id\":\"https:\/\/tuzlainfo.ba\/#\/schema\/person\/image\/\",\"url\":\"https:\/\/tuzlainfo.ba\/wp-content\/litespeed\/avatar\/b6c453a6c38e3654f2e4416c643fc25c.jpg?ver=1777051911\",\"contentUrl\":\"https:\/\/tuzlainfo.ba\/wp-content\/litespeed\/avatar\/b6c453a6c38e3654f2e4416c643fc25c.jpg?ver=1777051911\",\"caption\":\"Tuzla Info\"}}]}<\/script>\n<!-- \/ Yoast SEO plugin. -->","yoast_head_json":{"title":"Promovisana monografija o 75 godina Muzi\u010dke \u0161kole Tuzla - TuzlaInfo.ba","robots":{"index":"index","follow":"follow","max-snippet":"max-snippet:-1","max-image-preview":"max-image-preview:large","max-video-preview":"max-video-preview:-1"},"canonical":"https:\/\/tuzlainfo.ba\/index.php\/novosti\/item\/300468-promovisana-monografija-o-75-godina-muzicke-skole-tuzla\/","og_locale":"bs_BA","og_type":"article","og_title":"Promovisana monografija o 75 godina Muzi\u010dke \u0161kole Tuzla - TuzlaInfo.ba","og_description":"U sve\u010danoj atmosferi, pred ispunjenom koncertnom dvoranom, sino\u0107 je u JU Osnovnoj muzi\u010dkoj \u0161koli Tuzla&hellip;","og_url":"https:\/\/tuzlainfo.ba\/index.php\/novosti\/item\/300468-promovisana-monografija-o-75-godina-muzicke-skole-tuzla\/","og_site_name":"TuzlaInfo.ba","article_publisher":"https:\/\/www.facebook.com\/tuzlainfo.ba\/","article_published_time":"2026-04-17T18:09:06+00:00","article_modified_time":"2026-04-17T13:13:44+00:00","og_image":[{"width":1600,"height":923,"url":"https:\/\/tuzlainfo.ba\/wp-content\/uploads\/2026\/04\/IMG_1071.jpeg","type":"image\/jpeg"}],"author":"Tuzla Info","twitter_card":"summary_large_image","twitter_misc":{"Written by":"Tuzla Info","Est. reading time":"2 minute"},"schema":{"@context":"https:\/\/schema.org","@graph":[{"@type":"Article","@id":"https:\/\/tuzlainfo.ba\/index.php\/novosti\/item\/300468-promovisana-monografija-o-75-godina-muzicke-skole-tuzla\/#article","isPartOf":{"@id":"https:\/\/tuzlainfo.ba\/index.php\/novosti\/item\/300468-promovisana-monografija-o-75-godina-muzicke-skole-tuzla\/"},"author":{"name":"Tuzla Info","@id":"https:\/\/tuzlainfo.ba\/#\/schema\/person\/46cad4c57790cbc50781edd14870825a"},"headline":"Promovisana monografija o 75 godina Muzi\u010dke \u0161kole Tuzla","datePublished":"2026-04-17T18:09:06+00:00","dateModified":"2026-04-17T13:13:44+00:00","mainEntityOfPage":{"@id":"https:\/\/tuzlainfo.ba\/index.php\/novosti\/item\/300468-promovisana-monografija-o-75-godina-muzicke-skole-tuzla\/"},"wordCount":347,"publisher":{"@id":"https:\/\/tuzlainfo.ba\/#organization"},"image":{"@id":"https:\/\/tuzlainfo.ba\/index.php\/novosti\/item\/300468-promovisana-monografija-o-75-godina-muzicke-skole-tuzla\/#primaryimage"},"thumbnailUrl":"https:\/\/tuzlainfo.ba\/wp-content\/uploads\/2026\/04\/IMG_1071.jpeg","keywords":["Monografija","promocija"],"articleSection":["Novosti"],"inLanguage":"bs-BA"},{"@type":"WebPage","@id":"https:\/\/tuzlainfo.ba\/index.php\/novosti\/item\/300468-promovisana-monografija-o-75-godina-muzicke-skole-tuzla\/","url":"https:\/\/tuzlainfo.ba\/index.php\/novosti\/item\/300468-promovisana-monografija-o-75-godina-muzicke-skole-tuzla\/","name":"Promovisana monografija o 75 godina Muzi\u010dke \u0161kole Tuzla - TuzlaInfo.ba","isPartOf":{"@id":"https:\/\/tuzlainfo.ba\/#website"},"primaryImageOfPage":{"@id":"https:\/\/tuzlainfo.ba\/index.php\/novosti\/item\/300468-promovisana-monografija-o-75-godina-muzicke-skole-tuzla\/#primaryimage"},"image":{"@id":"https:\/\/tuzlainfo.ba\/index.php\/novosti\/item\/300468-promovisana-monografija-o-75-godina-muzicke-skole-tuzla\/#primaryimage"},"thumbnailUrl":"https:\/\/tuzlainfo.ba\/wp-content\/uploads\/2026\/04\/IMG_1071.jpeg","datePublished":"2026-04-17T18:09:06+00:00","dateModified":"2026-04-17T13:13:44+00:00","breadcrumb":{"@id":"https:\/\/tuzlainfo.ba\/index.php\/novosti\/item\/300468-promovisana-monografija-o-75-godina-muzicke-skole-tuzla\/#breadcrumb"},"inLanguage":"bs-BA","potentialAction":[{"@type":"ReadAction","target":["https:\/\/tuzlainfo.ba\/index.php\/novosti\/item\/300468-promovisana-monografija-o-75-godina-muzicke-skole-tuzla\/"]}]},{"@type":"ImageObject","inLanguage":"bs-BA","@id":"https:\/\/tuzlainfo.ba\/index.php\/novosti\/item\/300468-promovisana-monografija-o-75-godina-muzicke-skole-tuzla\/#primaryimage","url":"https:\/\/tuzlainfo.ba\/wp-content\/uploads\/2026\/04\/IMG_1071.jpeg","contentUrl":"https:\/\/tuzlainfo.ba\/wp-content\/uploads\/2026\/04\/IMG_1071.jpeg","width":1600,"height":923},{"@type":"BreadcrumbList","@id":"https:\/\/tuzlainfo.ba\/index.php\/novosti\/item\/300468-promovisana-monografija-o-75-godina-muzicke-skole-tuzla\/#breadcrumb","itemListElement":[{"@type":"ListItem","position":1,"name":"Home","item":"https:\/\/tuzlainfo.ba\/"},{"@type":"ListItem","position":2,"name":"Promovisana monografija o 75 godina Muzi\u010dke \u0161kole Tuzla"}]},{"@type":"WebSite","@id":"https:\/\/tuzlainfo.ba\/#website","url":"https:\/\/tuzlainfo.ba\/","name":"TuzlaInfo.ba","description":"Tuzla info, gradski informator - Tuzla na dlanu","publisher":{"@id":"https:\/\/tuzlainfo.ba\/#organization"},"potentialAction":[{"@type":"SearchAction","target":{"@type":"EntryPoint","urlTemplate":"https:\/\/tuzlainfo.ba\/?s={search_term_string}"},"query-input":{"@type":"PropertyValueSpecification","valueRequired":true,"valueName":"search_term_string"}}],"inLanguage":"bs-BA"},{"@type":"Organization","@id":"https:\/\/tuzlainfo.ba\/#organization","name":"TuzlaInfo.ba","url":"https:\/\/tuzlainfo.ba\/","logo":{"@type":"ImageObject","inLanguage":"bs-BA","@id":"https:\/\/tuzlainfo.ba\/#\/schema\/logo\/image\/","url":"https:\/\/tuzlainfo.ba\/wp-content\/uploads\/2021\/03\/logo-ver-3-1.png","contentUrl":"https:\/\/tuzlainfo.ba\/wp-content\/uploads\/2021\/03\/logo-ver-3-1.png","width":350,"height":95,"caption":"TuzlaInfo.ba"},"image":{"@id":"https:\/\/tuzlainfo.ba\/#\/schema\/logo\/image\/"},"sameAs":["https:\/\/www.facebook.com\/tuzlainfo.ba\/"]},{"@type":"Person","@id":"https:\/\/tuzlainfo.ba\/#\/schema\/person\/46cad4c57790cbc50781edd14870825a","name":"Tuzla Info","image":{"@type":"ImageObject","inLanguage":"bs-BA","@id":"https:\/\/tuzlainfo.ba\/#\/schema\/person\/image\/","url":"https:\/\/tuzlainfo.ba\/wp-content\/litespeed\/avatar\/b6c453a6c38e3654f2e4416c643fc25c.jpg?ver=1777051911","contentUrl":"https:\/\/tuzlainfo.ba\/wp-content\/litespeed\/avatar\/b6c453a6c38e3654f2e4416c643fc25c.jpg?ver=1777051911","caption":"Tuzla Info"}}]}},"_links":{"self":[{"href":"https:\/\/tuzlainfo.ba\/index.php\/wp-json\/wp\/v2\/posts\/300468"}],"collection":[{"href":"https:\/\/tuzlainfo.ba\/index.php\/wp-json\/wp\/v2\/posts"}],"about":[{"href":"https:\/\/tuzlainfo.ba\/index.php\/wp-json\/wp\/v2\/types\/post"}],"author":[{"embeddable":true,"href":"https:\/\/tuzlainfo.ba\/index.php\/wp-json\/wp\/v2\/users\/4"}],"replies":[{"embeddable":true,"href":"https:\/\/tuzlainfo.ba\/index.php\/wp-json\/wp\/v2\/comments?post=300468"}],"version-history":[{"count":1,"href":"https:\/\/tuzlainfo.ba\/index.php\/wp-json\/wp\/v2\/posts\/300468\/revisions"}],"predecessor-version":[{"id":300470,"href":"https:\/\/tuzlainfo.ba\/index.php\/wp-json\/wp\/v2\/posts\/300468\/revisions\/300470"}],"wp:featuredmedia":[{"embeddable":true,"href":"https:\/\/tuzlainfo.ba\/index.php\/wp-json\/wp\/v2\/media\/300469"}],"wp:attachment":[{"href":"https:\/\/tuzlainfo.ba\/index.php\/wp-json\/wp\/v2\/media?parent=300468"}],"wp:term":[{"taxonomy":"category","embeddable":true,"href":"https:\/\/tuzlainfo.ba\/index.php\/wp-json\/wp\/v2\/categories?post=300468"},{"taxonomy":"post_tag","embeddable":true,"href":"https:\/\/tuzlainfo.ba\/index.php\/wp-json\/wp\/v2\/tags?post=300468"}],"curies":[{"name":"wp","href":"https:\/\/api.w.org\/{rel}","templated":true}]}}