{"id":300341,"date":"2026-04-16T17:06:58","date_gmt":"2026-04-16T15:06:58","guid":{"rendered":"https:\/\/tuzlainfo.ba\/?p=300341"},"modified":"2026-04-16T15:28:00","modified_gmt":"2026-04-16T13:28:00","slug":"poseban-rezim-u-kalesiji-sutra-nece-raditi-opcina-i-brojni-objekti","status":"publish","type":"post","link":"https:\/\/tuzlainfo.ba\/index.php\/novosti\/item\/300341-poseban-rezim-u-kalesiji-sutra-nece-raditi-opcina-i-brojni-objekti\/","title":{"rendered":"Poseban re\u017eim u Kalesiji: Sutra ne\u0107e raditi op\u0107ina i brojni objekti"},"content":{"rendered":"<p data-start=\"0\" data-end=\"124\">Op\u0107ina Kalesija obavijestila je gra\u0111ane da u petak, 17. aprila, u zgradi op\u0107inske administracije ne\u0107e biti prijema stranaka.<\/p>\n<p data-start=\"126\" data-end=\"425\">Kako su naveli, razlog privremene obustave rada je ranije najavljen doga\u0111aj u centru Kalesije, zbog kojeg \u0107e na snazi biti poseban re\u017eim kretanja i poja\u010dane sigurnosne mjere. Gra\u0111anima je upu\u0107en apel za razumijevanje, uz preporuku da svoje administrativne obaveze planiraju u skladu s ovom izmjenom.<\/p>\n<p data-start=\"427\" data-end=\"484\">Redovan rad sa strankama bit \u0107e nastavljen u ponedjeljak.<\/p>\n<p data-start=\"486\" data-end=\"653\">Prema informacijama Kantonalnog tu\u017eila\u0161tva Tuzlanskog kantona, rije\u010d je o rekonstrukciji plja\u010dke zlatare iz pro\u0161le godine, koja \u0107e biti provedena po nalogu Tu\u017eila\u0161tva.<\/p>\n<p data-start=\"655\" data-end=\"851\">Rekonstrukcija doga\u0111aja po\u010dinje u petak u 7 sati, a u\u017ei centar Kalesije bit \u0107e zatvoren do njenog zavr\u0161etka. Ukoliko postupak ne bude okon\u010dan istog dana, aktivnosti \u0107e biti nastavljene i u subotu.<\/p>\n<p data-start=\"853\" data-end=\"1097\" data-is-last-node=\"\" data-is-only-node=\"\">Zbog toga \u0107e privremeno biti zatvoreni ugostiteljski objekti, zanatske i poslovne radnje, objekti brze hrane, kao i drugi prodajni objekti i poslovnice u ulicama Trg \u0161ehida, Patriotske lige, \u017drtava genocida u Srebrenici i Oslobodilaca Kalesije.<\/p>\n","protected":false},"excerpt":{"rendered":"<p>Op\u0107ina Kalesija obavijestila je gra\u0111ane da u petak, 17. aprila, u zgradi op\u0107inske administracije ne\u0107e&hellip;<\/p>\n","protected":false},"author":4,"featured_media":286785,"comment_status":"closed","ping_status":"closed","sticky":false,"template":"","format":"standard","meta":{"_acf_changed":false,"footnotes":""},"categories":[304,12],"tags":[1290,3386],"acf":[],"yoast_head":"<!-- This site is optimized with the Yoast SEO plugin v23.5 - https:\/\/yoast.com\/wordpress\/plugins\/seo\/ -->\n<title>Poseban re\u017eim u Kalesiji: Sutra ne\u0107e raditi op\u0107ina i brojni objekti - TuzlaInfo.ba<\/title>\n<meta name=\"robots\" content=\"index, follow, max-snippet:-1, max-image-preview:large, max-video-preview:-1\" \/>\n<link rel=\"canonical\" href=\"https:\/\/tuzlainfo.ba\/index.php\/novosti\/item\/300341-poseban-rezim-u-kalesiji-sutra-nece-raditi-opcina-i-brojni-objekti\/\" \/>\n<meta property=\"og:locale\" content=\"bs_BA\" \/>\n<meta property=\"og:type\" content=\"article\" \/>\n<meta property=\"og:title\" content=\"Poseban re\u017eim u Kalesiji: Sutra ne\u0107e raditi op\u0107ina i brojni objekti - TuzlaInfo.ba\" \/>\n<meta property=\"og:description\" content=\"Op\u0107ina Kalesija obavijestila je gra\u0111ane da u petak, 17. aprila, u zgradi op\u0107inske administracije ne\u0107e&hellip;\" \/>\n<meta property=\"og:url\" content=\"https:\/\/tuzlainfo.ba\/index.php\/novosti\/item\/300341-poseban-rezim-u-kalesiji-sutra-nece-raditi-opcina-i-brojni-objekti\/\" \/>\n<meta property=\"og:site_name\" content=\"TuzlaInfo.ba\" \/>\n<meta property=\"article:publisher\" content=\"https:\/\/www.facebook.com\/tuzlainfo.ba\/\" \/>\n<meta property=\"article:published_time\" content=\"2026-04-16T15:06:58+00:00\" \/>\n<meta property=\"article:modified_time\" content=\"2026-04-16T13:28:00+00:00\" \/>\n<meta property=\"og:image\" content=\"https:\/\/tuzlainfo.ba\/wp-content\/uploads\/2025\/11\/pucnjava-kalesija.jpg\" \/>\n\t<meta property=\"og:image:width\" content=\"1536\" \/>\n\t<meta property=\"og:image:height\" content=\"1157\" \/>\n\t<meta property=\"og:image:type\" content=\"image\/jpeg\" \/>\n<meta name=\"author\" content=\"Tuzla Info\" \/>\n<meta name=\"twitter:card\" content=\"summary_large_image\" \/>\n<meta name=\"twitter:label1\" content=\"Written by\" \/>\n\t<meta name=\"twitter:data1\" content=\"Tuzla Info\" \/>\n\t<meta name=\"twitter:label2\" content=\"Est. reading time\" \/>\n\t<meta name=\"twitter:data2\" content=\"2 minute\" \/>\n<script type=\"application\/ld+json\" class=\"yoast-schema-graph\">{\"@context\":\"https:\/\/schema.org\",\"@graph\":[{\"@type\":\"Article\",\"@id\":\"https:\/\/tuzlainfo.ba\/index.php\/novosti\/item\/300341-poseban-rezim-u-kalesiji-sutra-nece-raditi-opcina-i-brojni-objekti\/#article\",\"isPartOf\":{\"@id\":\"https:\/\/tuzlainfo.ba\/index.php\/novosti\/item\/300341-poseban-rezim-u-kalesiji-sutra-nece-raditi-opcina-i-brojni-objekti\/\"},\"author\":{\"name\":\"Tuzla Info\",\"@id\":\"https:\/\/tuzlainfo.ba\/#\/schema\/person\/46cad4c57790cbc50781edd14870825a\"},\"headline\":\"Poseban re\u017eim u Kalesiji: Sutra ne\u0107e raditi op\u0107ina i brojni objekti\",\"datePublished\":\"2026-04-16T15:06:58+00:00\",\"dateModified\":\"2026-04-16T13:28:00+00:00\",\"mainEntityOfPage\":{\"@id\":\"https:\/\/tuzlainfo.ba\/index.php\/novosti\/item\/300341-poseban-rezim-u-kalesiji-sutra-nece-raditi-opcina-i-brojni-objekti\/\"},\"wordCount\":193,\"publisher\":{\"@id\":\"https:\/\/tuzlainfo.ba\/#organization\"},\"image\":{\"@id\":\"https:\/\/tuzlainfo.ba\/index.php\/novosti\/item\/300341-poseban-rezim-u-kalesiji-sutra-nece-raditi-opcina-i-brojni-objekti\/#primaryimage\"},\"thumbnailUrl\":\"https:\/\/tuzlainfo.ba\/wp-content\/uploads\/2025\/11\/pucnjava-kalesija.jpg\",\"keywords\":[\"kalesija\",\"Rekonstrukcija\"],\"articleSection\":[\"Istaknuto\",\"Novosti\"],\"inLanguage\":\"bs-BA\"},{\"@type\":\"WebPage\",\"@id\":\"https:\/\/tuzlainfo.ba\/index.php\/novosti\/item\/300341-poseban-rezim-u-kalesiji-sutra-nece-raditi-opcina-i-brojni-objekti\/\",\"url\":\"https:\/\/tuzlainfo.ba\/index.php\/novosti\/item\/300341-poseban-rezim-u-kalesiji-sutra-nece-raditi-opcina-i-brojni-objekti\/\",\"name\":\"Poseban re\u017eim u Kalesiji: Sutra ne\u0107e raditi op\u0107ina i brojni objekti - TuzlaInfo.ba\",\"isPartOf\":{\"@id\":\"https:\/\/tuzlainfo.ba\/#website\"},\"primaryImageOfPage\":{\"@id\":\"https:\/\/tuzlainfo.ba\/index.php\/novosti\/item\/300341-poseban-rezim-u-kalesiji-sutra-nece-raditi-opcina-i-brojni-objekti\/#primaryimage\"},\"image\":{\"@id\":\"https:\/\/tuzlainfo.ba\/index.php\/novosti\/item\/300341-poseban-rezim-u-kalesiji-sutra-nece-raditi-opcina-i-brojni-objekti\/#primaryimage\"},\"thumbnailUrl\":\"https:\/\/tuzlainfo.ba\/wp-content\/uploads\/2025\/11\/pucnjava-kalesija.jpg\",\"datePublished\":\"2026-04-16T15:06:58+00:00\",\"dateModified\":\"2026-04-16T13:28:00+00:00\",\"breadcrumb\":{\"@id\":\"https:\/\/tuzlainfo.ba\/index.php\/novosti\/item\/300341-poseban-rezim-u-kalesiji-sutra-nece-raditi-opcina-i-brojni-objekti\/#breadcrumb\"},\"inLanguage\":\"bs-BA\",\"potentialAction\":[{\"@type\":\"ReadAction\",\"target\":[\"https:\/\/tuzlainfo.ba\/index.php\/novosti\/item\/300341-poseban-rezim-u-kalesiji-sutra-nece-raditi-opcina-i-brojni-objekti\/\"]}]},{\"@type\":\"ImageObject\",\"inLanguage\":\"bs-BA\",\"@id\":\"https:\/\/tuzlainfo.ba\/index.php\/novosti\/item\/300341-poseban-rezim-u-kalesiji-sutra-nece-raditi-opcina-i-brojni-objekti\/#primaryimage\",\"url\":\"https:\/\/tuzlainfo.ba\/wp-content\/uploads\/2025\/11\/pucnjava-kalesija.jpg\",\"contentUrl\":\"https:\/\/tuzlainfo.ba\/wp-content\/uploads\/2025\/11\/pucnjava-kalesija.jpg\",\"width\":1536,\"height\":1157,\"caption\":\"Foto: Neon tv\"},{\"@type\":\"BreadcrumbList\",\"@id\":\"https:\/\/tuzlainfo.ba\/index.php\/novosti\/item\/300341-poseban-rezim-u-kalesiji-sutra-nece-raditi-opcina-i-brojni-objekti\/#breadcrumb\",\"itemListElement\":[{\"@type\":\"ListItem\",\"position\":1,\"name\":\"Home\",\"item\":\"https:\/\/tuzlainfo.ba\/\"},{\"@type\":\"ListItem\",\"position\":2,\"name\":\"Poseban re\u017eim u Kalesiji: Sutra ne\u0107e raditi op\u0107ina i brojni objekti\"}]},{\"@type\":\"WebSite\",\"@id\":\"https:\/\/tuzlainfo.ba\/#website\",\"url\":\"https:\/\/tuzlainfo.ba\/\",\"name\":\"TuzlaInfo.ba\",\"description\":\"Tuzla info, gradski informator - Tuzla na dlanu\",\"publisher\":{\"@id\":\"https:\/\/tuzlainfo.ba\/#organization\"},\"potentialAction\":[{\"@type\":\"SearchAction\",\"target\":{\"@type\":\"EntryPoint\",\"urlTemplate\":\"https:\/\/tuzlainfo.ba\/?s={search_term_string}\"},\"query-input\":{\"@type\":\"PropertyValueSpecification\",\"valueRequired\":true,\"valueName\":\"search_term_string\"}}],\"inLanguage\":\"bs-BA\"},{\"@type\":\"Organization\",\"@id\":\"https:\/\/tuzlainfo.ba\/#organization\",\"name\":\"TuzlaInfo.ba\",\"url\":\"https:\/\/tuzlainfo.ba\/\",\"logo\":{\"@type\":\"ImageObject\",\"inLanguage\":\"bs-BA\",\"@id\":\"https:\/\/tuzlainfo.ba\/#\/schema\/logo\/image\/\",\"url\":\"https:\/\/tuzlainfo.ba\/wp-content\/uploads\/2021\/03\/logo-ver-3-1.png\",\"contentUrl\":\"https:\/\/tuzlainfo.ba\/wp-content\/uploads\/2021\/03\/logo-ver-3-1.png\",\"width\":350,\"height\":95,\"caption\":\"TuzlaInfo.ba\"},\"image\":{\"@id\":\"https:\/\/tuzlainfo.ba\/#\/schema\/logo\/image\/\"},\"sameAs\":[\"https:\/\/www.facebook.com\/tuzlainfo.ba\/\"]},{\"@type\":\"Person\",\"@id\":\"https:\/\/tuzlainfo.ba\/#\/schema\/person\/46cad4c57790cbc50781edd14870825a\",\"name\":\"Tuzla Info\",\"image\":{\"@type\":\"ImageObject\",\"inLanguage\":\"bs-BA\",\"@id\":\"https:\/\/tuzlainfo.ba\/#\/schema\/person\/image\/\",\"url\":\"https:\/\/tuzlainfo.ba\/wp-content\/litespeed\/avatar\/b6c453a6c38e3654f2e4416c643fc25c.jpg?ver=1777051911\",\"contentUrl\":\"https:\/\/tuzlainfo.ba\/wp-content\/litespeed\/avatar\/b6c453a6c38e3654f2e4416c643fc25c.jpg?ver=1777051911\",\"caption\":\"Tuzla Info\"}}]}<\/script>\n<!-- \/ Yoast SEO plugin. -->","yoast_head_json":{"title":"Poseban re\u017eim u Kalesiji: Sutra ne\u0107e raditi op\u0107ina i brojni objekti - TuzlaInfo.ba","robots":{"index":"index","follow":"follow","max-snippet":"max-snippet:-1","max-image-preview":"max-image-preview:large","max-video-preview":"max-video-preview:-1"},"canonical":"https:\/\/tuzlainfo.ba\/index.php\/novosti\/item\/300341-poseban-rezim-u-kalesiji-sutra-nece-raditi-opcina-i-brojni-objekti\/","og_locale":"bs_BA","og_type":"article","og_title":"Poseban re\u017eim u Kalesiji: Sutra ne\u0107e raditi op\u0107ina i brojni objekti - TuzlaInfo.ba","og_description":"Op\u0107ina Kalesija obavijestila je gra\u0111ane da u petak, 17. aprila, u zgradi op\u0107inske administracije ne\u0107e&hellip;","og_url":"https:\/\/tuzlainfo.ba\/index.php\/novosti\/item\/300341-poseban-rezim-u-kalesiji-sutra-nece-raditi-opcina-i-brojni-objekti\/","og_site_name":"TuzlaInfo.ba","article_publisher":"https:\/\/www.facebook.com\/tuzlainfo.ba\/","article_published_time":"2026-04-16T15:06:58+00:00","article_modified_time":"2026-04-16T13:28:00+00:00","og_image":[{"width":1536,"height":1157,"url":"https:\/\/tuzlainfo.ba\/wp-content\/uploads\/2025\/11\/pucnjava-kalesija.jpg","type":"image\/jpeg"}],"author":"Tuzla Info","twitter_card":"summary_large_image","twitter_misc":{"Written by":"Tuzla Info","Est. reading time":"2 minute"},"schema":{"@context":"https:\/\/schema.org","@graph":[{"@type":"Article","@id":"https:\/\/tuzlainfo.ba\/index.php\/novosti\/item\/300341-poseban-rezim-u-kalesiji-sutra-nece-raditi-opcina-i-brojni-objekti\/#article","isPartOf":{"@id":"https:\/\/tuzlainfo.ba\/index.php\/novosti\/item\/300341-poseban-rezim-u-kalesiji-sutra-nece-raditi-opcina-i-brojni-objekti\/"},"author":{"name":"Tuzla Info","@id":"https:\/\/tuzlainfo.ba\/#\/schema\/person\/46cad4c57790cbc50781edd14870825a"},"headline":"Poseban re\u017eim u Kalesiji: Sutra ne\u0107e raditi op\u0107ina i brojni objekti","datePublished":"2026-04-16T15:06:58+00:00","dateModified":"2026-04-16T13:28:00+00:00","mainEntityOfPage":{"@id":"https:\/\/tuzlainfo.ba\/index.php\/novosti\/item\/300341-poseban-rezim-u-kalesiji-sutra-nece-raditi-opcina-i-brojni-objekti\/"},"wordCount":193,"publisher":{"@id":"https:\/\/tuzlainfo.ba\/#organization"},"image":{"@id":"https:\/\/tuzlainfo.ba\/index.php\/novosti\/item\/300341-poseban-rezim-u-kalesiji-sutra-nece-raditi-opcina-i-brojni-objekti\/#primaryimage"},"thumbnailUrl":"https:\/\/tuzlainfo.ba\/wp-content\/uploads\/2025\/11\/pucnjava-kalesija.jpg","keywords":["kalesija","Rekonstrukcija"],"articleSection":["Istaknuto","Novosti"],"inLanguage":"bs-BA"},{"@type":"WebPage","@id":"https:\/\/tuzlainfo.ba\/index.php\/novosti\/item\/300341-poseban-rezim-u-kalesiji-sutra-nece-raditi-opcina-i-brojni-objekti\/","url":"https:\/\/tuzlainfo.ba\/index.php\/novosti\/item\/300341-poseban-rezim-u-kalesiji-sutra-nece-raditi-opcina-i-brojni-objekti\/","name":"Poseban re\u017eim u Kalesiji: Sutra ne\u0107e raditi op\u0107ina i brojni objekti - TuzlaInfo.ba","isPartOf":{"@id":"https:\/\/tuzlainfo.ba\/#website"},"primaryImageOfPage":{"@id":"https:\/\/tuzlainfo.ba\/index.php\/novosti\/item\/300341-poseban-rezim-u-kalesiji-sutra-nece-raditi-opcina-i-brojni-objekti\/#primaryimage"},"image":{"@id":"https:\/\/tuzlainfo.ba\/index.php\/novosti\/item\/300341-poseban-rezim-u-kalesiji-sutra-nece-raditi-opcina-i-brojni-objekti\/#primaryimage"},"thumbnailUrl":"https:\/\/tuzlainfo.ba\/wp-content\/uploads\/2025\/11\/pucnjava-kalesija.jpg","datePublished":"2026-04-16T15:06:58+00:00","dateModified":"2026-04-16T13:28:00+00:00","breadcrumb":{"@id":"https:\/\/tuzlainfo.ba\/index.php\/novosti\/item\/300341-poseban-rezim-u-kalesiji-sutra-nece-raditi-opcina-i-brojni-objekti\/#breadcrumb"},"inLanguage":"bs-BA","potentialAction":[{"@type":"ReadAction","target":["https:\/\/tuzlainfo.ba\/index.php\/novosti\/item\/300341-poseban-rezim-u-kalesiji-sutra-nece-raditi-opcina-i-brojni-objekti\/"]}]},{"@type":"ImageObject","inLanguage":"bs-BA","@id":"https:\/\/tuzlainfo.ba\/index.php\/novosti\/item\/300341-poseban-rezim-u-kalesiji-sutra-nece-raditi-opcina-i-brojni-objekti\/#primaryimage","url":"https:\/\/tuzlainfo.ba\/wp-content\/uploads\/2025\/11\/pucnjava-kalesija.jpg","contentUrl":"https:\/\/tuzlainfo.ba\/wp-content\/uploads\/2025\/11\/pucnjava-kalesija.jpg","width":1536,"height":1157,"caption":"Foto: Neon tv"},{"@type":"BreadcrumbList","@id":"https:\/\/tuzlainfo.ba\/index.php\/novosti\/item\/300341-poseban-rezim-u-kalesiji-sutra-nece-raditi-opcina-i-brojni-objekti\/#breadcrumb","itemListElement":[{"@type":"ListItem","position":1,"name":"Home","item":"https:\/\/tuzlainfo.ba\/"},{"@type":"ListItem","position":2,"name":"Poseban re\u017eim u Kalesiji: Sutra ne\u0107e raditi op\u0107ina i brojni objekti"}]},{"@type":"WebSite","@id":"https:\/\/tuzlainfo.ba\/#website","url":"https:\/\/tuzlainfo.ba\/","name":"TuzlaInfo.ba","description":"Tuzla info, gradski informator - Tuzla na dlanu","publisher":{"@id":"https:\/\/tuzlainfo.ba\/#organization"},"potentialAction":[{"@type":"SearchAction","target":{"@type":"EntryPoint","urlTemplate":"https:\/\/tuzlainfo.ba\/?s={search_term_string}"},"query-input":{"@type":"PropertyValueSpecification","valueRequired":true,"valueName":"search_term_string"}}],"inLanguage":"bs-BA"},{"@type":"Organization","@id":"https:\/\/tuzlainfo.ba\/#organization","name":"TuzlaInfo.ba","url":"https:\/\/tuzlainfo.ba\/","logo":{"@type":"ImageObject","inLanguage":"bs-BA","@id":"https:\/\/tuzlainfo.ba\/#\/schema\/logo\/image\/","url":"https:\/\/tuzlainfo.ba\/wp-content\/uploads\/2021\/03\/logo-ver-3-1.png","contentUrl":"https:\/\/tuzlainfo.ba\/wp-content\/uploads\/2021\/03\/logo-ver-3-1.png","width":350,"height":95,"caption":"TuzlaInfo.ba"},"image":{"@id":"https:\/\/tuzlainfo.ba\/#\/schema\/logo\/image\/"},"sameAs":["https:\/\/www.facebook.com\/tuzlainfo.ba\/"]},{"@type":"Person","@id":"https:\/\/tuzlainfo.ba\/#\/schema\/person\/46cad4c57790cbc50781edd14870825a","name":"Tuzla Info","image":{"@type":"ImageObject","inLanguage":"bs-BA","@id":"https:\/\/tuzlainfo.ba\/#\/schema\/person\/image\/","url":"https:\/\/tuzlainfo.ba\/wp-content\/litespeed\/avatar\/b6c453a6c38e3654f2e4416c643fc25c.jpg?ver=1777051911","contentUrl":"https:\/\/tuzlainfo.ba\/wp-content\/litespeed\/avatar\/b6c453a6c38e3654f2e4416c643fc25c.jpg?ver=1777051911","caption":"Tuzla Info"}}]}},"_links":{"self":[{"href":"https:\/\/tuzlainfo.ba\/index.php\/wp-json\/wp\/v2\/posts\/300341"}],"collection":[{"href":"https:\/\/tuzlainfo.ba\/index.php\/wp-json\/wp\/v2\/posts"}],"about":[{"href":"https:\/\/tuzlainfo.ba\/index.php\/wp-json\/wp\/v2\/types\/post"}],"author":[{"embeddable":true,"href":"https:\/\/tuzlainfo.ba\/index.php\/wp-json\/wp\/v2\/users\/4"}],"replies":[{"embeddable":true,"href":"https:\/\/tuzlainfo.ba\/index.php\/wp-json\/wp\/v2\/comments?post=300341"}],"version-history":[{"count":1,"href":"https:\/\/tuzlainfo.ba\/index.php\/wp-json\/wp\/v2\/posts\/300341\/revisions"}],"predecessor-version":[{"id":300343,"href":"https:\/\/tuzlainfo.ba\/index.php\/wp-json\/wp\/v2\/posts\/300341\/revisions\/300343"}],"wp:featuredmedia":[{"embeddable":true,"href":"https:\/\/tuzlainfo.ba\/index.php\/wp-json\/wp\/v2\/media\/286785"}],"wp:attachment":[{"href":"https:\/\/tuzlainfo.ba\/index.php\/wp-json\/wp\/v2\/media?parent=300341"}],"wp:term":[{"taxonomy":"category","embeddable":true,"href":"https:\/\/tuzlainfo.ba\/index.php\/wp-json\/wp\/v2\/categories?post=300341"},{"taxonomy":"post_tag","embeddable":true,"href":"https:\/\/tuzlainfo.ba\/index.php\/wp-json\/wp\/v2\/tags?post=300341"}],"curies":[{"name":"wp","href":"https:\/\/api.w.org\/{rel}","templated":true}]}}