{"id":300103,"date":"2026-04-14T16:05:29","date_gmt":"2026-04-14T14:05:29","guid":{"rendered":"https:\/\/tuzlainfo.ba\/?p=300103"},"modified":"2026-04-14T14:38:01","modified_gmt":"2026-04-14T12:38:01","slug":"povodom-dana-arbih-polozeno-cvijece-na-sehidskom-mezarju-kovaci","status":"publish","type":"post","link":"https:\/\/tuzlainfo.ba\/index.php\/uncategorized\/item\/300103-povodom-dana-arbih-polozeno-cvijece-na-sehidskom-mezarju-kovaci\/","title":{"rendered":"Povodom Dana ARBiH polo\u017eeno cvije\u0107e na \u0161ehidskom mezarju \u201eKova\u010di\u201c"},"content":{"rendered":"<p data-start=\"0\" data-end=\"369\">Povodom 15. aprila, godi\u0161njice osnivanja Armije Republike Bosne i Hercegovine, delegacija Tuzlanskog kantona, predvo\u0111ena premijerom Irfanom Halilagi\u0107em, polo\u017eila je cvije\u0107e i odala po\u010dast na mezaru prvog predsjednika Republike Bosne i Hercegovine Alije Izetbegovi\u0107a, generala Rasima Deli\u0107a i poginulih pripadnika Armije RBiH u Memorijalnom centru \u201eKova\u010di\u201c u Sarajevu.<\/p>\n<p data-start=\"371\" data-end=\"714\">Tom prilikom premijer Halilagi\u0107 uputio je \u010destitku i zahvalnost svim biv\u0161im pripadnicima Armije RBiH, isti\u010du\u0107i njen klju\u010dni zna\u010daj u odbrani dr\u017eave. Naglasio je da su opstanak Bosne i Hercegovine omogu\u0107ili Armija Republike BiH, nastala iz naroda u najte\u017eim okolnostima agresije, te politi\u010dko vodstvo predvo\u0111eno rahmetli Alijom Izetbegovi\u0107em.<\/p>\n<p data-start=\"716\" data-end=\"1095\">Halilagi\u0107 je podsjetio da Tuzlanski kanton kontinuirano obilje\u017eava najzna\u010dajnije datume iz novije historije, s posebnim fokusom na kulturu sje\u0107anja i edukaciju mladih generacija. Kako je naveo, cilj je kroz obrazovni sistem i javne doga\u0111aje omogu\u0107iti mladima da u\u010de historiju zasnovanu na \u010dinjenicama, kako bi se lekcije iz pro\u0161losti razumjele i sprije\u010dilo njihovo ponavljanje.<\/p>\n<p data-start=\"1097\" data-end=\"1297\">\u201eNe mo\u017ee se graditi budu\u0107nost na ne\u010demu \u0161to nije utemeljeno na historijskim \u010dinjenicama. Upravo zato je va\u017eno sistemski raditi na kulturi sje\u0107anja i edukaciji mladih\u201c, poru\u010dio je premijer Halilagi\u0107.<\/p>\n<p data-start=\"1299\" data-end=\"1563\" data-is-last-node=\"\" data-is-only-node=\"\">Uz premijera, delegaciju Tuzlanskog kantona \u010dinili su ministar finansija Suad Mustajba\u0161i\u0107, ministar obrazovanja i nauke Ahmed Omerovi\u0107, direktorica RTV TK Alma Krd\u017eali\u0107, te predstavnici Saveza demobilisanih boraca Tuzlanskog kantona Ibrahim Mu\u0161i\u0107 i Isad Smajlovi\u0107.<\/p>\n","protected":false},"excerpt":{"rendered":"<p>Povodom 15. aprila, godi\u0161njice osnivanja Armije Republike Bosne i Hercegovine, delegacija Tuzlanskog kantona, predvo\u0111ena premijerom&hellip;<\/p>\n","protected":false},"author":4,"featured_media":300111,"comment_status":"closed","ping_status":"closed","sticky":false,"template":"","format":"standard","meta":{"_acf_changed":false,"footnotes":""},"categories":[1],"tags":[4572,549,13774],"acf":[],"yoast_head":"<!-- This site is optimized with the Yoast SEO plugin v23.5 - https:\/\/yoast.com\/wordpress\/plugins\/seo\/ -->\n<title>Povodom Dana ARBiH polo\u017eeno cvije\u0107e na \u0161ehidskom mezarju \u201eKova\u010di\u201c - TuzlaInfo.ba<\/title>\n<meta name=\"robots\" content=\"index, follow, max-snippet:-1, max-image-preview:large, max-video-preview:-1\" \/>\n<link rel=\"canonical\" href=\"https:\/\/tuzlainfo.ba\/index.php\/uncategorized\/item\/300103-povodom-dana-arbih-polozeno-cvijece-na-sehidskom-mezarju-kovaci\/\" \/>\n<meta property=\"og:locale\" content=\"bs_BA\" \/>\n<meta property=\"og:type\" content=\"article\" \/>\n<meta property=\"og:title\" content=\"Povodom Dana ARBiH polo\u017eeno cvije\u0107e na \u0161ehidskom mezarju \u201eKova\u010di\u201c - TuzlaInfo.ba\" \/>\n<meta property=\"og:description\" content=\"Povodom 15. aprila, godi\u0161njice osnivanja Armije Republike Bosne i Hercegovine, delegacija Tuzlanskog kantona, predvo\u0111ena premijerom&hellip;\" \/>\n<meta property=\"og:url\" content=\"https:\/\/tuzlainfo.ba\/index.php\/uncategorized\/item\/300103-povodom-dana-arbih-polozeno-cvijece-na-sehidskom-mezarju-kovaci\/\" \/>\n<meta property=\"og:site_name\" content=\"TuzlaInfo.ba\" \/>\n<meta property=\"article:publisher\" content=\"https:\/\/www.facebook.com\/tuzlainfo.ba\/\" \/>\n<meta property=\"article:published_time\" content=\"2026-04-14T14:05:29+00:00\" \/>\n<meta property=\"article:modified_time\" content=\"2026-04-14T12:38:01+00:00\" \/>\n<meta property=\"og:image\" content=\"https:\/\/tuzlainfo.ba\/wp-content\/uploads\/2026\/04\/Kovaci-Dan-ARBiH-03-14-04-2026.jpg\" \/>\n\t<meta property=\"og:image:width\" content=\"1800\" \/>\n\t<meta property=\"og:image:height\" content=\"1015\" \/>\n\t<meta property=\"og:image:type\" content=\"image\/jpeg\" \/>\n<meta name=\"author\" content=\"Tuzla Info\" \/>\n<meta name=\"twitter:card\" content=\"summary_large_image\" \/>\n<meta name=\"twitter:label1\" content=\"Written by\" \/>\n\t<meta name=\"twitter:data1\" content=\"Tuzla Info\" \/>\n\t<meta name=\"twitter:label2\" content=\"Est. reading time\" \/>\n\t<meta name=\"twitter:data2\" content=\"2 minute\" \/>\n<script type=\"application\/ld+json\" class=\"yoast-schema-graph\">{\"@context\":\"https:\/\/schema.org\",\"@graph\":[{\"@type\":\"Article\",\"@id\":\"https:\/\/tuzlainfo.ba\/index.php\/uncategorized\/item\/300103-povodom-dana-arbih-polozeno-cvijece-na-sehidskom-mezarju-kovaci\/#article\",\"isPartOf\":{\"@id\":\"https:\/\/tuzlainfo.ba\/index.php\/uncategorized\/item\/300103-povodom-dana-arbih-polozeno-cvijece-na-sehidskom-mezarju-kovaci\/\"},\"author\":{\"name\":\"Tuzla Info\",\"@id\":\"https:\/\/tuzlainfo.ba\/#\/schema\/person\/46cad4c57790cbc50781edd14870825a\"},\"headline\":\"Povodom Dana ARBiH polo\u017eeno cvije\u0107e na \u0161ehidskom mezarju \u201eKova\u010di\u201c\",\"datePublished\":\"2026-04-14T14:05:29+00:00\",\"dateModified\":\"2026-04-14T12:38:01+00:00\",\"mainEntityOfPage\":{\"@id\":\"https:\/\/tuzlainfo.ba\/index.php\/uncategorized\/item\/300103-povodom-dana-arbih-polozeno-cvijece-na-sehidskom-mezarju-kovaci\/\"},\"wordCount\":258,\"publisher\":{\"@id\":\"https:\/\/tuzlainfo.ba\/#organization\"},\"image\":{\"@id\":\"https:\/\/tuzlainfo.ba\/index.php\/uncategorized\/item\/300103-povodom-dana-arbih-polozeno-cvijece-na-sehidskom-mezarju-kovaci\/#primaryimage\"},\"thumbnailUrl\":\"https:\/\/tuzlainfo.ba\/wp-content\/uploads\/2026\/04\/Kovaci-Dan-ARBiH-03-14-04-2026.jpg\",\"keywords\":[\"dan armije\",\"kova\u010di\",\"obilje\u017eavanje\"],\"articleSection\":[\"Uncategorized\"],\"inLanguage\":\"bs-BA\"},{\"@type\":\"WebPage\",\"@id\":\"https:\/\/tuzlainfo.ba\/index.php\/uncategorized\/item\/300103-povodom-dana-arbih-polozeno-cvijece-na-sehidskom-mezarju-kovaci\/\",\"url\":\"https:\/\/tuzlainfo.ba\/index.php\/uncategorized\/item\/300103-povodom-dana-arbih-polozeno-cvijece-na-sehidskom-mezarju-kovaci\/\",\"name\":\"Povodom Dana ARBiH polo\u017eeno cvije\u0107e na \u0161ehidskom mezarju \u201eKova\u010di\u201c - TuzlaInfo.ba\",\"isPartOf\":{\"@id\":\"https:\/\/tuzlainfo.ba\/#website\"},\"primaryImageOfPage\":{\"@id\":\"https:\/\/tuzlainfo.ba\/index.php\/uncategorized\/item\/300103-povodom-dana-arbih-polozeno-cvijece-na-sehidskom-mezarju-kovaci\/#primaryimage\"},\"image\":{\"@id\":\"https:\/\/tuzlainfo.ba\/index.php\/uncategorized\/item\/300103-povodom-dana-arbih-polozeno-cvijece-na-sehidskom-mezarju-kovaci\/#primaryimage\"},\"thumbnailUrl\":\"https:\/\/tuzlainfo.ba\/wp-content\/uploads\/2026\/04\/Kovaci-Dan-ARBiH-03-14-04-2026.jpg\",\"datePublished\":\"2026-04-14T14:05:29+00:00\",\"dateModified\":\"2026-04-14T12:38:01+00:00\",\"breadcrumb\":{\"@id\":\"https:\/\/tuzlainfo.ba\/index.php\/uncategorized\/item\/300103-povodom-dana-arbih-polozeno-cvijece-na-sehidskom-mezarju-kovaci\/#breadcrumb\"},\"inLanguage\":\"bs-BA\",\"potentialAction\":[{\"@type\":\"ReadAction\",\"target\":[\"https:\/\/tuzlainfo.ba\/index.php\/uncategorized\/item\/300103-povodom-dana-arbih-polozeno-cvijece-na-sehidskom-mezarju-kovaci\/\"]}]},{\"@type\":\"ImageObject\",\"inLanguage\":\"bs-BA\",\"@id\":\"https:\/\/tuzlainfo.ba\/index.php\/uncategorized\/item\/300103-povodom-dana-arbih-polozeno-cvijece-na-sehidskom-mezarju-kovaci\/#primaryimage\",\"url\":\"https:\/\/tuzlainfo.ba\/wp-content\/uploads\/2026\/04\/Kovaci-Dan-ARBiH-03-14-04-2026.jpg\",\"contentUrl\":\"https:\/\/tuzlainfo.ba\/wp-content\/uploads\/2026\/04\/Kovaci-Dan-ARBiH-03-14-04-2026.jpg\",\"width\":1800,\"height\":1015},{\"@type\":\"BreadcrumbList\",\"@id\":\"https:\/\/tuzlainfo.ba\/index.php\/uncategorized\/item\/300103-povodom-dana-arbih-polozeno-cvijece-na-sehidskom-mezarju-kovaci\/#breadcrumb\",\"itemListElement\":[{\"@type\":\"ListItem\",\"position\":1,\"name\":\"Home\",\"item\":\"https:\/\/tuzlainfo.ba\/\"},{\"@type\":\"ListItem\",\"position\":2,\"name\":\"Povodom Dana ARBiH polo\u017eeno cvije\u0107e na \u0161ehidskom mezarju \u201eKova\u010di\u201c\"}]},{\"@type\":\"WebSite\",\"@id\":\"https:\/\/tuzlainfo.ba\/#website\",\"url\":\"https:\/\/tuzlainfo.ba\/\",\"name\":\"TuzlaInfo.ba\",\"description\":\"Tuzla info, gradski informator - Tuzla na dlanu\",\"publisher\":{\"@id\":\"https:\/\/tuzlainfo.ba\/#organization\"},\"potentialAction\":[{\"@type\":\"SearchAction\",\"target\":{\"@type\":\"EntryPoint\",\"urlTemplate\":\"https:\/\/tuzlainfo.ba\/?s={search_term_string}\"},\"query-input\":{\"@type\":\"PropertyValueSpecification\",\"valueRequired\":true,\"valueName\":\"search_term_string\"}}],\"inLanguage\":\"bs-BA\"},{\"@type\":\"Organization\",\"@id\":\"https:\/\/tuzlainfo.ba\/#organization\",\"name\":\"TuzlaInfo.ba\",\"url\":\"https:\/\/tuzlainfo.ba\/\",\"logo\":{\"@type\":\"ImageObject\",\"inLanguage\":\"bs-BA\",\"@id\":\"https:\/\/tuzlainfo.ba\/#\/schema\/logo\/image\/\",\"url\":\"https:\/\/tuzlainfo.ba\/wp-content\/uploads\/2021\/03\/logo-ver-3-1.png\",\"contentUrl\":\"https:\/\/tuzlainfo.ba\/wp-content\/uploads\/2021\/03\/logo-ver-3-1.png\",\"width\":350,\"height\":95,\"caption\":\"TuzlaInfo.ba\"},\"image\":{\"@id\":\"https:\/\/tuzlainfo.ba\/#\/schema\/logo\/image\/\"},\"sameAs\":[\"https:\/\/www.facebook.com\/tuzlainfo.ba\/\"]},{\"@type\":\"Person\",\"@id\":\"https:\/\/tuzlainfo.ba\/#\/schema\/person\/46cad4c57790cbc50781edd14870825a\",\"name\":\"Tuzla Info\",\"image\":{\"@type\":\"ImageObject\",\"inLanguage\":\"bs-BA\",\"@id\":\"https:\/\/tuzlainfo.ba\/#\/schema\/person\/image\/\",\"url\":\"https:\/\/tuzlainfo.ba\/wp-content\/litespeed\/avatar\/b6c453a6c38e3654f2e4416c643fc25c.jpg?ver=1777051911\",\"contentUrl\":\"https:\/\/tuzlainfo.ba\/wp-content\/litespeed\/avatar\/b6c453a6c38e3654f2e4416c643fc25c.jpg?ver=1777051911\",\"caption\":\"Tuzla Info\"}}]}<\/script>\n<!-- \/ Yoast SEO plugin. -->","yoast_head_json":{"title":"Povodom Dana ARBiH polo\u017eeno cvije\u0107e na \u0161ehidskom mezarju \u201eKova\u010di\u201c - TuzlaInfo.ba","robots":{"index":"index","follow":"follow","max-snippet":"max-snippet:-1","max-image-preview":"max-image-preview:large","max-video-preview":"max-video-preview:-1"},"canonical":"https:\/\/tuzlainfo.ba\/index.php\/uncategorized\/item\/300103-povodom-dana-arbih-polozeno-cvijece-na-sehidskom-mezarju-kovaci\/","og_locale":"bs_BA","og_type":"article","og_title":"Povodom Dana ARBiH polo\u017eeno cvije\u0107e na \u0161ehidskom mezarju \u201eKova\u010di\u201c - TuzlaInfo.ba","og_description":"Povodom 15. aprila, godi\u0161njice osnivanja Armije Republike Bosne i Hercegovine, delegacija Tuzlanskog kantona, predvo\u0111ena premijerom&hellip;","og_url":"https:\/\/tuzlainfo.ba\/index.php\/uncategorized\/item\/300103-povodom-dana-arbih-polozeno-cvijece-na-sehidskom-mezarju-kovaci\/","og_site_name":"TuzlaInfo.ba","article_publisher":"https:\/\/www.facebook.com\/tuzlainfo.ba\/","article_published_time":"2026-04-14T14:05:29+00:00","article_modified_time":"2026-04-14T12:38:01+00:00","og_image":[{"width":1800,"height":1015,"url":"https:\/\/tuzlainfo.ba\/wp-content\/uploads\/2026\/04\/Kovaci-Dan-ARBiH-03-14-04-2026.jpg","type":"image\/jpeg"}],"author":"Tuzla Info","twitter_card":"summary_large_image","twitter_misc":{"Written by":"Tuzla Info","Est. reading time":"2 minute"},"schema":{"@context":"https:\/\/schema.org","@graph":[{"@type":"Article","@id":"https:\/\/tuzlainfo.ba\/index.php\/uncategorized\/item\/300103-povodom-dana-arbih-polozeno-cvijece-na-sehidskom-mezarju-kovaci\/#article","isPartOf":{"@id":"https:\/\/tuzlainfo.ba\/index.php\/uncategorized\/item\/300103-povodom-dana-arbih-polozeno-cvijece-na-sehidskom-mezarju-kovaci\/"},"author":{"name":"Tuzla Info","@id":"https:\/\/tuzlainfo.ba\/#\/schema\/person\/46cad4c57790cbc50781edd14870825a"},"headline":"Povodom Dana ARBiH polo\u017eeno cvije\u0107e na \u0161ehidskom mezarju \u201eKova\u010di\u201c","datePublished":"2026-04-14T14:05:29+00:00","dateModified":"2026-04-14T12:38:01+00:00","mainEntityOfPage":{"@id":"https:\/\/tuzlainfo.ba\/index.php\/uncategorized\/item\/300103-povodom-dana-arbih-polozeno-cvijece-na-sehidskom-mezarju-kovaci\/"},"wordCount":258,"publisher":{"@id":"https:\/\/tuzlainfo.ba\/#organization"},"image":{"@id":"https:\/\/tuzlainfo.ba\/index.php\/uncategorized\/item\/300103-povodom-dana-arbih-polozeno-cvijece-na-sehidskom-mezarju-kovaci\/#primaryimage"},"thumbnailUrl":"https:\/\/tuzlainfo.ba\/wp-content\/uploads\/2026\/04\/Kovaci-Dan-ARBiH-03-14-04-2026.jpg","keywords":["dan armije","kova\u010di","obilje\u017eavanje"],"articleSection":["Uncategorized"],"inLanguage":"bs-BA"},{"@type":"WebPage","@id":"https:\/\/tuzlainfo.ba\/index.php\/uncategorized\/item\/300103-povodom-dana-arbih-polozeno-cvijece-na-sehidskom-mezarju-kovaci\/","url":"https:\/\/tuzlainfo.ba\/index.php\/uncategorized\/item\/300103-povodom-dana-arbih-polozeno-cvijece-na-sehidskom-mezarju-kovaci\/","name":"Povodom Dana ARBiH polo\u017eeno cvije\u0107e na \u0161ehidskom mezarju \u201eKova\u010di\u201c - TuzlaInfo.ba","isPartOf":{"@id":"https:\/\/tuzlainfo.ba\/#website"},"primaryImageOfPage":{"@id":"https:\/\/tuzlainfo.ba\/index.php\/uncategorized\/item\/300103-povodom-dana-arbih-polozeno-cvijece-na-sehidskom-mezarju-kovaci\/#primaryimage"},"image":{"@id":"https:\/\/tuzlainfo.ba\/index.php\/uncategorized\/item\/300103-povodom-dana-arbih-polozeno-cvijece-na-sehidskom-mezarju-kovaci\/#primaryimage"},"thumbnailUrl":"https:\/\/tuzlainfo.ba\/wp-content\/uploads\/2026\/04\/Kovaci-Dan-ARBiH-03-14-04-2026.jpg","datePublished":"2026-04-14T14:05:29+00:00","dateModified":"2026-04-14T12:38:01+00:00","breadcrumb":{"@id":"https:\/\/tuzlainfo.ba\/index.php\/uncategorized\/item\/300103-povodom-dana-arbih-polozeno-cvijece-na-sehidskom-mezarju-kovaci\/#breadcrumb"},"inLanguage":"bs-BA","potentialAction":[{"@type":"ReadAction","target":["https:\/\/tuzlainfo.ba\/index.php\/uncategorized\/item\/300103-povodom-dana-arbih-polozeno-cvijece-na-sehidskom-mezarju-kovaci\/"]}]},{"@type":"ImageObject","inLanguage":"bs-BA","@id":"https:\/\/tuzlainfo.ba\/index.php\/uncategorized\/item\/300103-povodom-dana-arbih-polozeno-cvijece-na-sehidskom-mezarju-kovaci\/#primaryimage","url":"https:\/\/tuzlainfo.ba\/wp-content\/uploads\/2026\/04\/Kovaci-Dan-ARBiH-03-14-04-2026.jpg","contentUrl":"https:\/\/tuzlainfo.ba\/wp-content\/uploads\/2026\/04\/Kovaci-Dan-ARBiH-03-14-04-2026.jpg","width":1800,"height":1015},{"@type":"BreadcrumbList","@id":"https:\/\/tuzlainfo.ba\/index.php\/uncategorized\/item\/300103-povodom-dana-arbih-polozeno-cvijece-na-sehidskom-mezarju-kovaci\/#breadcrumb","itemListElement":[{"@type":"ListItem","position":1,"name":"Home","item":"https:\/\/tuzlainfo.ba\/"},{"@type":"ListItem","position":2,"name":"Povodom Dana ARBiH polo\u017eeno cvije\u0107e na \u0161ehidskom mezarju \u201eKova\u010di\u201c"}]},{"@type":"WebSite","@id":"https:\/\/tuzlainfo.ba\/#website","url":"https:\/\/tuzlainfo.ba\/","name":"TuzlaInfo.ba","description":"Tuzla info, gradski informator - Tuzla na dlanu","publisher":{"@id":"https:\/\/tuzlainfo.ba\/#organization"},"potentialAction":[{"@type":"SearchAction","target":{"@type":"EntryPoint","urlTemplate":"https:\/\/tuzlainfo.ba\/?s={search_term_string}"},"query-input":{"@type":"PropertyValueSpecification","valueRequired":true,"valueName":"search_term_string"}}],"inLanguage":"bs-BA"},{"@type":"Organization","@id":"https:\/\/tuzlainfo.ba\/#organization","name":"TuzlaInfo.ba","url":"https:\/\/tuzlainfo.ba\/","logo":{"@type":"ImageObject","inLanguage":"bs-BA","@id":"https:\/\/tuzlainfo.ba\/#\/schema\/logo\/image\/","url":"https:\/\/tuzlainfo.ba\/wp-content\/uploads\/2021\/03\/logo-ver-3-1.png","contentUrl":"https:\/\/tuzlainfo.ba\/wp-content\/uploads\/2021\/03\/logo-ver-3-1.png","width":350,"height":95,"caption":"TuzlaInfo.ba"},"image":{"@id":"https:\/\/tuzlainfo.ba\/#\/schema\/logo\/image\/"},"sameAs":["https:\/\/www.facebook.com\/tuzlainfo.ba\/"]},{"@type":"Person","@id":"https:\/\/tuzlainfo.ba\/#\/schema\/person\/46cad4c57790cbc50781edd14870825a","name":"Tuzla Info","image":{"@type":"ImageObject","inLanguage":"bs-BA","@id":"https:\/\/tuzlainfo.ba\/#\/schema\/person\/image\/","url":"https:\/\/tuzlainfo.ba\/wp-content\/litespeed\/avatar\/b6c453a6c38e3654f2e4416c643fc25c.jpg?ver=1777051911","contentUrl":"https:\/\/tuzlainfo.ba\/wp-content\/litespeed\/avatar\/b6c453a6c38e3654f2e4416c643fc25c.jpg?ver=1777051911","caption":"Tuzla Info"}}]}},"_links":{"self":[{"href":"https:\/\/tuzlainfo.ba\/index.php\/wp-json\/wp\/v2\/posts\/300103"}],"collection":[{"href":"https:\/\/tuzlainfo.ba\/index.php\/wp-json\/wp\/v2\/posts"}],"about":[{"href":"https:\/\/tuzlainfo.ba\/index.php\/wp-json\/wp\/v2\/types\/post"}],"author":[{"embeddable":true,"href":"https:\/\/tuzlainfo.ba\/index.php\/wp-json\/wp\/v2\/users\/4"}],"replies":[{"embeddable":true,"href":"https:\/\/tuzlainfo.ba\/index.php\/wp-json\/wp\/v2\/comments?post=300103"}],"version-history":[{"count":1,"href":"https:\/\/tuzlainfo.ba\/index.php\/wp-json\/wp\/v2\/posts\/300103\/revisions"}],"predecessor-version":[{"id":300112,"href":"https:\/\/tuzlainfo.ba\/index.php\/wp-json\/wp\/v2\/posts\/300103\/revisions\/300112"}],"wp:featuredmedia":[{"embeddable":true,"href":"https:\/\/tuzlainfo.ba\/index.php\/wp-json\/wp\/v2\/media\/300111"}],"wp:attachment":[{"href":"https:\/\/tuzlainfo.ba\/index.php\/wp-json\/wp\/v2\/media?parent=300103"}],"wp:term":[{"taxonomy":"category","embeddable":true,"href":"https:\/\/tuzlainfo.ba\/index.php\/wp-json\/wp\/v2\/categories?post=300103"},{"taxonomy":"post_tag","embeddable":true,"href":"https:\/\/tuzlainfo.ba\/index.php\/wp-json\/wp\/v2\/tags?post=300103"}],"curies":[{"name":"wp","href":"https:\/\/api.w.org\/{rel}","templated":true}]}}