{"id":300099,"date":"2026-04-14T14:01:25","date_gmt":"2026-04-14T12:01:25","guid":{"rendered":"https:\/\/tuzlainfo.ba\/?p=300099"},"modified":"2026-04-14T14:01:42","modified_gmt":"2026-04-14T12:01:42","slug":"ljekarska-komora-tk-upozorava-na-diskriminaciju-i-urusavanje-zdravstvenog-sistema","status":"publish","type":"post","link":"https:\/\/tuzlainfo.ba\/index.php\/novosti\/item\/300099-ljekarska-komora-tk-upozorava-na-diskriminaciju-i-urusavanje-zdravstvenog-sistema\/","title":{"rendered":"Ljekarska komora TK upozorava na diskriminaciju i uru\u0161avanje zdravstvenog sistema"},"content":{"rendered":"<p data-start=\"88\" data-end=\"383\">Na osnovu \u010dlana 4. Statuta Ljekarske komore Tuzlanskog kantona, kojim je propisana obaveza za\u0161tite \u010dasti, prava i interesa ljekarske profesije, Ljekarska komora Tuzlanskog kantona obratila se javnosti, nadle\u017enim institucijama i svojim \u010dlanovima povodom aktuelne situacije u zdravstvenom sektoru.<\/p>\n<p data-start=\"385\" data-end=\"539\">Kao krovna strukovna organizacija, iz Komore su izrazili duboku zabrinutost te osudili, kako navode, posljednja de\u0161avanja u odnosu na ljekarsku profesiju.<\/p>\n<p data-start=\"541\" data-end=\"985\">U saop\u0161tenju se isti\u010de da su ljekari specijalisti i subspecijalisti u Tuzlanskom kantonu, u odnosu na kolege iz drugih kantona, suo\u010deni s diskriminacijom.<\/p>\n<p data-start=\"541\" data-end=\"985\">Navodi se da ljekari sa 13 do 15 godina visokospecijalizovanog obrazovanja nemaju priznat odgovaraju\u0107i koeficijent slo\u017eenosti zanimanja, \u0161to, kako se nagla\u0161ava, predstavlja kr\u0161enje principa pravi\u010dnosti i profesionalnog vrednovanja definisanih Zakonom o zdravstvenoj za\u0161titi Federacije BiH.<\/p>\n<p data-start=\"987\" data-end=\"1226\">Posebno se ukazuje na na\u010din prezentiranja informacija o platama ljekara. Iz Komore upozoravaju da izno\u0161enje iznosa bez konteksta stru\u010dnosti, te\u017eine posla i nivoa odgovornosti predstavlja, kako navode, grubi napad na dostojanstvo profesije.<\/p>\n<p data-start=\"1228\" data-end=\"1418\">Ljekarska komora Tuzlanskog kantona izrazila je punu podr\u0161ku aktivnostima Strukovnog sindikata doktora medicine i stomatologije Tuzlanskog kantona u borbi za za\u0161titu prava i statusa ljekara.<\/p>\n<p data-start=\"1420\" data-end=\"1627\">Na kraju, upu\u0107en je poziv nadle\u017enim institucijama i sindikatu da pristupe rje\u0161avanju zahtjeva doktora, kako bi se, kako je navedeno, sprije\u010dilo dalje uru\u0161avanje zdravstvenog sistema i odlazak stru\u010dnog kadra.<\/p>\n","protected":false},"excerpt":{"rendered":"<p>Na osnovu \u010dlana 4. Statuta Ljekarske komore Tuzlanskog kantona, kojim je propisana obaveza za\u0161tite \u010dasti,&hellip;<\/p>\n","protected":false},"author":2,"featured_media":297229,"comment_status":"closed","ping_status":"closed","sticky":false,"template":"","format":"standard","meta":{"_acf_changed":false,"footnotes":""},"categories":[12],"tags":[2665],"acf":[],"yoast_head":"<!-- This site is optimized with the Yoast SEO plugin v23.5 - https:\/\/yoast.com\/wordpress\/plugins\/seo\/ -->\n<title>Ljekarska komora TK upozorava na diskriminaciju i uru\u0161avanje zdravstvenog sistema - TuzlaInfo.ba<\/title>\n<meta name=\"robots\" content=\"index, follow, max-snippet:-1, max-image-preview:large, max-video-preview:-1\" \/>\n<link rel=\"canonical\" href=\"https:\/\/tuzlainfo.ba\/index.php\/novosti\/item\/300099-ljekarska-komora-tk-upozorava-na-diskriminaciju-i-urusavanje-zdravstvenog-sistema\/\" \/>\n<meta property=\"og:locale\" content=\"bs_BA\" \/>\n<meta property=\"og:type\" content=\"article\" \/>\n<meta property=\"og:title\" content=\"Ljekarska komora TK upozorava na diskriminaciju i uru\u0161avanje zdravstvenog sistema - TuzlaInfo.ba\" \/>\n<meta property=\"og:description\" content=\"Na osnovu \u010dlana 4. Statuta Ljekarske komore Tuzlanskog kantona, kojim je propisana obaveza za\u0161tite \u010dasti,&hellip;\" \/>\n<meta property=\"og:url\" content=\"https:\/\/tuzlainfo.ba\/index.php\/novosti\/item\/300099-ljekarska-komora-tk-upozorava-na-diskriminaciju-i-urusavanje-zdravstvenog-sistema\/\" \/>\n<meta property=\"og:site_name\" content=\"TuzlaInfo.ba\" \/>\n<meta property=\"article:publisher\" content=\"https:\/\/www.facebook.com\/tuzlainfo.ba\/\" \/>\n<meta property=\"article:published_time\" content=\"2026-04-14T12:01:25+00:00\" \/>\n<meta property=\"article:modified_time\" content=\"2026-04-14T12:01:42+00:00\" \/>\n<meta property=\"og:image\" content=\"https:\/\/tuzlainfo.ba\/wp-content\/uploads\/2026\/03\/IMG_6161.jpg\" \/>\n\t<meta property=\"og:image:width\" content=\"1600\" \/>\n\t<meta property=\"og:image:height\" content=\"1059\" \/>\n\t<meta property=\"og:image:type\" content=\"image\/jpeg\" \/>\n<meta name=\"author\" content=\"nedim\" \/>\n<meta name=\"twitter:card\" content=\"summary_large_image\" \/>\n<meta name=\"twitter:label1\" content=\"Written by\" \/>\n\t<meta name=\"twitter:data1\" content=\"nedim\" \/>\n\t<meta name=\"twitter:label2\" content=\"Est. reading time\" \/>\n\t<meta name=\"twitter:data2\" content=\"2 minute\" \/>\n<script type=\"application\/ld+json\" class=\"yoast-schema-graph\">{\"@context\":\"https:\/\/schema.org\",\"@graph\":[{\"@type\":\"Article\",\"@id\":\"https:\/\/tuzlainfo.ba\/index.php\/novosti\/item\/300099-ljekarska-komora-tk-upozorava-na-diskriminaciju-i-urusavanje-zdravstvenog-sistema\/#article\",\"isPartOf\":{\"@id\":\"https:\/\/tuzlainfo.ba\/index.php\/novosti\/item\/300099-ljekarska-komora-tk-upozorava-na-diskriminaciju-i-urusavanje-zdravstvenog-sistema\/\"},\"author\":{\"name\":\"nedim\",\"@id\":\"https:\/\/tuzlainfo.ba\/#\/schema\/person\/f434e20dc27ea133923aab08451b7f7f\"},\"headline\":\"Ljekarska komora TK upozorava na diskriminaciju i uru\u0161avanje zdravstvenog sistema\",\"datePublished\":\"2026-04-14T12:01:25+00:00\",\"dateModified\":\"2026-04-14T12:01:42+00:00\",\"mainEntityOfPage\":{\"@id\":\"https:\/\/tuzlainfo.ba\/index.php\/novosti\/item\/300099-ljekarska-komora-tk-upozorava-na-diskriminaciju-i-urusavanje-zdravstvenog-sistema\/\"},\"wordCount\":235,\"publisher\":{\"@id\":\"https:\/\/tuzlainfo.ba\/#organization\"},\"image\":{\"@id\":\"https:\/\/tuzlainfo.ba\/index.php\/novosti\/item\/300099-ljekarska-komora-tk-upozorava-na-diskriminaciju-i-urusavanje-zdravstvenog-sistema\/#primaryimage\"},\"thumbnailUrl\":\"https:\/\/tuzlainfo.ba\/wp-content\/uploads\/2026\/03\/IMG_6161.jpg\",\"keywords\":[\"ljekarska komora tk\"],\"articleSection\":[\"Novosti\"],\"inLanguage\":\"bs-BA\"},{\"@type\":\"WebPage\",\"@id\":\"https:\/\/tuzlainfo.ba\/index.php\/novosti\/item\/300099-ljekarska-komora-tk-upozorava-na-diskriminaciju-i-urusavanje-zdravstvenog-sistema\/\",\"url\":\"https:\/\/tuzlainfo.ba\/index.php\/novosti\/item\/300099-ljekarska-komora-tk-upozorava-na-diskriminaciju-i-urusavanje-zdravstvenog-sistema\/\",\"name\":\"Ljekarska komora TK upozorava na diskriminaciju i uru\u0161avanje zdravstvenog sistema - TuzlaInfo.ba\",\"isPartOf\":{\"@id\":\"https:\/\/tuzlainfo.ba\/#website\"},\"primaryImageOfPage\":{\"@id\":\"https:\/\/tuzlainfo.ba\/index.php\/novosti\/item\/300099-ljekarska-komora-tk-upozorava-na-diskriminaciju-i-urusavanje-zdravstvenog-sistema\/#primaryimage\"},\"image\":{\"@id\":\"https:\/\/tuzlainfo.ba\/index.php\/novosti\/item\/300099-ljekarska-komora-tk-upozorava-na-diskriminaciju-i-urusavanje-zdravstvenog-sistema\/#primaryimage\"},\"thumbnailUrl\":\"https:\/\/tuzlainfo.ba\/wp-content\/uploads\/2026\/03\/IMG_6161.jpg\",\"datePublished\":\"2026-04-14T12:01:25+00:00\",\"dateModified\":\"2026-04-14T12:01:42+00:00\",\"breadcrumb\":{\"@id\":\"https:\/\/tuzlainfo.ba\/index.php\/novosti\/item\/300099-ljekarska-komora-tk-upozorava-na-diskriminaciju-i-urusavanje-zdravstvenog-sistema\/#breadcrumb\"},\"inLanguage\":\"bs-BA\",\"potentialAction\":[{\"@type\":\"ReadAction\",\"target\":[\"https:\/\/tuzlainfo.ba\/index.php\/novosti\/item\/300099-ljekarska-komora-tk-upozorava-na-diskriminaciju-i-urusavanje-zdravstvenog-sistema\/\"]}]},{\"@type\":\"ImageObject\",\"inLanguage\":\"bs-BA\",\"@id\":\"https:\/\/tuzlainfo.ba\/index.php\/novosti\/item\/300099-ljekarska-komora-tk-upozorava-na-diskriminaciju-i-urusavanje-zdravstvenog-sistema\/#primaryimage\",\"url\":\"https:\/\/tuzlainfo.ba\/wp-content\/uploads\/2026\/03\/IMG_6161.jpg\",\"contentUrl\":\"https:\/\/tuzlainfo.ba\/wp-content\/uploads\/2026\/03\/IMG_6161.jpg\",\"width\":1600,\"height\":1059},{\"@type\":\"BreadcrumbList\",\"@id\":\"https:\/\/tuzlainfo.ba\/index.php\/novosti\/item\/300099-ljekarska-komora-tk-upozorava-na-diskriminaciju-i-urusavanje-zdravstvenog-sistema\/#breadcrumb\",\"itemListElement\":[{\"@type\":\"ListItem\",\"position\":1,\"name\":\"Home\",\"item\":\"https:\/\/tuzlainfo.ba\/\"},{\"@type\":\"ListItem\",\"position\":2,\"name\":\"Ljekarska komora TK upozorava na diskriminaciju i uru\u0161avanje zdravstvenog sistema\"}]},{\"@type\":\"WebSite\",\"@id\":\"https:\/\/tuzlainfo.ba\/#website\",\"url\":\"https:\/\/tuzlainfo.ba\/\",\"name\":\"TuzlaInfo.ba\",\"description\":\"Tuzla info, gradski informator - Tuzla na dlanu\",\"publisher\":{\"@id\":\"https:\/\/tuzlainfo.ba\/#organization\"},\"potentialAction\":[{\"@type\":\"SearchAction\",\"target\":{\"@type\":\"EntryPoint\",\"urlTemplate\":\"https:\/\/tuzlainfo.ba\/?s={search_term_string}\"},\"query-input\":{\"@type\":\"PropertyValueSpecification\",\"valueRequired\":true,\"valueName\":\"search_term_string\"}}],\"inLanguage\":\"bs-BA\"},{\"@type\":\"Organization\",\"@id\":\"https:\/\/tuzlainfo.ba\/#organization\",\"name\":\"TuzlaInfo.ba\",\"url\":\"https:\/\/tuzlainfo.ba\/\",\"logo\":{\"@type\":\"ImageObject\",\"inLanguage\":\"bs-BA\",\"@id\":\"https:\/\/tuzlainfo.ba\/#\/schema\/logo\/image\/\",\"url\":\"https:\/\/tuzlainfo.ba\/wp-content\/uploads\/2021\/03\/logo-ver-3-1.png\",\"contentUrl\":\"https:\/\/tuzlainfo.ba\/wp-content\/uploads\/2021\/03\/logo-ver-3-1.png\",\"width\":350,\"height\":95,\"caption\":\"TuzlaInfo.ba\"},\"image\":{\"@id\":\"https:\/\/tuzlainfo.ba\/#\/schema\/logo\/image\/\"},\"sameAs\":[\"https:\/\/www.facebook.com\/tuzlainfo.ba\/\"]},{\"@type\":\"Person\",\"@id\":\"https:\/\/tuzlainfo.ba\/#\/schema\/person\/f434e20dc27ea133923aab08451b7f7f\",\"name\":\"nedim\",\"image\":{\"@type\":\"ImageObject\",\"inLanguage\":\"bs-BA\",\"@id\":\"https:\/\/tuzlainfo.ba\/#\/schema\/person\/image\/\",\"url\":\"https:\/\/tuzlainfo.ba\/wp-content\/litespeed\/avatar\/aabad687af24844af817603ac1cbdc4f.jpg?ver=1777306975\",\"contentUrl\":\"https:\/\/tuzlainfo.ba\/wp-content\/litespeed\/avatar\/aabad687af24844af817603ac1cbdc4f.jpg?ver=1777306975\",\"caption\":\"nedim\"},\"description\":\"Tuzlainfo.ba pratite na dru\u0161tvenim mre\u017eama: Facebook, Instagram i Youtube. Svoje pri\u010de, upite i fotografije \u0161aljite na na\u0161u e-mail adresu.\"}]}<\/script>\n<!-- \/ Yoast SEO plugin. -->","yoast_head_json":{"title":"Ljekarska komora TK upozorava na diskriminaciju i uru\u0161avanje zdravstvenog sistema - TuzlaInfo.ba","robots":{"index":"index","follow":"follow","max-snippet":"max-snippet:-1","max-image-preview":"max-image-preview:large","max-video-preview":"max-video-preview:-1"},"canonical":"https:\/\/tuzlainfo.ba\/index.php\/novosti\/item\/300099-ljekarska-komora-tk-upozorava-na-diskriminaciju-i-urusavanje-zdravstvenog-sistema\/","og_locale":"bs_BA","og_type":"article","og_title":"Ljekarska komora TK upozorava na diskriminaciju i uru\u0161avanje zdravstvenog sistema - TuzlaInfo.ba","og_description":"Na osnovu \u010dlana 4. Statuta Ljekarske komore Tuzlanskog kantona, kojim je propisana obaveza za\u0161tite \u010dasti,&hellip;","og_url":"https:\/\/tuzlainfo.ba\/index.php\/novosti\/item\/300099-ljekarska-komora-tk-upozorava-na-diskriminaciju-i-urusavanje-zdravstvenog-sistema\/","og_site_name":"TuzlaInfo.ba","article_publisher":"https:\/\/www.facebook.com\/tuzlainfo.ba\/","article_published_time":"2026-04-14T12:01:25+00:00","article_modified_time":"2026-04-14T12:01:42+00:00","og_image":[{"width":1600,"height":1059,"url":"https:\/\/tuzlainfo.ba\/wp-content\/uploads\/2026\/03\/IMG_6161.jpg","type":"image\/jpeg"}],"author":"nedim","twitter_card":"summary_large_image","twitter_misc":{"Written by":"nedim","Est. reading time":"2 minute"},"schema":{"@context":"https:\/\/schema.org","@graph":[{"@type":"Article","@id":"https:\/\/tuzlainfo.ba\/index.php\/novosti\/item\/300099-ljekarska-komora-tk-upozorava-na-diskriminaciju-i-urusavanje-zdravstvenog-sistema\/#article","isPartOf":{"@id":"https:\/\/tuzlainfo.ba\/index.php\/novosti\/item\/300099-ljekarska-komora-tk-upozorava-na-diskriminaciju-i-urusavanje-zdravstvenog-sistema\/"},"author":{"name":"nedim","@id":"https:\/\/tuzlainfo.ba\/#\/schema\/person\/f434e20dc27ea133923aab08451b7f7f"},"headline":"Ljekarska komora TK upozorava na diskriminaciju i uru\u0161avanje zdravstvenog sistema","datePublished":"2026-04-14T12:01:25+00:00","dateModified":"2026-04-14T12:01:42+00:00","mainEntityOfPage":{"@id":"https:\/\/tuzlainfo.ba\/index.php\/novosti\/item\/300099-ljekarska-komora-tk-upozorava-na-diskriminaciju-i-urusavanje-zdravstvenog-sistema\/"},"wordCount":235,"publisher":{"@id":"https:\/\/tuzlainfo.ba\/#organization"},"image":{"@id":"https:\/\/tuzlainfo.ba\/index.php\/novosti\/item\/300099-ljekarska-komora-tk-upozorava-na-diskriminaciju-i-urusavanje-zdravstvenog-sistema\/#primaryimage"},"thumbnailUrl":"https:\/\/tuzlainfo.ba\/wp-content\/uploads\/2026\/03\/IMG_6161.jpg","keywords":["ljekarska komora tk"],"articleSection":["Novosti"],"inLanguage":"bs-BA"},{"@type":"WebPage","@id":"https:\/\/tuzlainfo.ba\/index.php\/novosti\/item\/300099-ljekarska-komora-tk-upozorava-na-diskriminaciju-i-urusavanje-zdravstvenog-sistema\/","url":"https:\/\/tuzlainfo.ba\/index.php\/novosti\/item\/300099-ljekarska-komora-tk-upozorava-na-diskriminaciju-i-urusavanje-zdravstvenog-sistema\/","name":"Ljekarska komora TK upozorava na diskriminaciju i uru\u0161avanje zdravstvenog sistema - TuzlaInfo.ba","isPartOf":{"@id":"https:\/\/tuzlainfo.ba\/#website"},"primaryImageOfPage":{"@id":"https:\/\/tuzlainfo.ba\/index.php\/novosti\/item\/300099-ljekarska-komora-tk-upozorava-na-diskriminaciju-i-urusavanje-zdravstvenog-sistema\/#primaryimage"},"image":{"@id":"https:\/\/tuzlainfo.ba\/index.php\/novosti\/item\/300099-ljekarska-komora-tk-upozorava-na-diskriminaciju-i-urusavanje-zdravstvenog-sistema\/#primaryimage"},"thumbnailUrl":"https:\/\/tuzlainfo.ba\/wp-content\/uploads\/2026\/03\/IMG_6161.jpg","datePublished":"2026-04-14T12:01:25+00:00","dateModified":"2026-04-14T12:01:42+00:00","breadcrumb":{"@id":"https:\/\/tuzlainfo.ba\/index.php\/novosti\/item\/300099-ljekarska-komora-tk-upozorava-na-diskriminaciju-i-urusavanje-zdravstvenog-sistema\/#breadcrumb"},"inLanguage":"bs-BA","potentialAction":[{"@type":"ReadAction","target":["https:\/\/tuzlainfo.ba\/index.php\/novosti\/item\/300099-ljekarska-komora-tk-upozorava-na-diskriminaciju-i-urusavanje-zdravstvenog-sistema\/"]}]},{"@type":"ImageObject","inLanguage":"bs-BA","@id":"https:\/\/tuzlainfo.ba\/index.php\/novosti\/item\/300099-ljekarska-komora-tk-upozorava-na-diskriminaciju-i-urusavanje-zdravstvenog-sistema\/#primaryimage","url":"https:\/\/tuzlainfo.ba\/wp-content\/uploads\/2026\/03\/IMG_6161.jpg","contentUrl":"https:\/\/tuzlainfo.ba\/wp-content\/uploads\/2026\/03\/IMG_6161.jpg","width":1600,"height":1059},{"@type":"BreadcrumbList","@id":"https:\/\/tuzlainfo.ba\/index.php\/novosti\/item\/300099-ljekarska-komora-tk-upozorava-na-diskriminaciju-i-urusavanje-zdravstvenog-sistema\/#breadcrumb","itemListElement":[{"@type":"ListItem","position":1,"name":"Home","item":"https:\/\/tuzlainfo.ba\/"},{"@type":"ListItem","position":2,"name":"Ljekarska komora TK upozorava na diskriminaciju i uru\u0161avanje zdravstvenog sistema"}]},{"@type":"WebSite","@id":"https:\/\/tuzlainfo.ba\/#website","url":"https:\/\/tuzlainfo.ba\/","name":"TuzlaInfo.ba","description":"Tuzla info, gradski informator - Tuzla na dlanu","publisher":{"@id":"https:\/\/tuzlainfo.ba\/#organization"},"potentialAction":[{"@type":"SearchAction","target":{"@type":"EntryPoint","urlTemplate":"https:\/\/tuzlainfo.ba\/?s={search_term_string}"},"query-input":{"@type":"PropertyValueSpecification","valueRequired":true,"valueName":"search_term_string"}}],"inLanguage":"bs-BA"},{"@type":"Organization","@id":"https:\/\/tuzlainfo.ba\/#organization","name":"TuzlaInfo.ba","url":"https:\/\/tuzlainfo.ba\/","logo":{"@type":"ImageObject","inLanguage":"bs-BA","@id":"https:\/\/tuzlainfo.ba\/#\/schema\/logo\/image\/","url":"https:\/\/tuzlainfo.ba\/wp-content\/uploads\/2021\/03\/logo-ver-3-1.png","contentUrl":"https:\/\/tuzlainfo.ba\/wp-content\/uploads\/2021\/03\/logo-ver-3-1.png","width":350,"height":95,"caption":"TuzlaInfo.ba"},"image":{"@id":"https:\/\/tuzlainfo.ba\/#\/schema\/logo\/image\/"},"sameAs":["https:\/\/www.facebook.com\/tuzlainfo.ba\/"]},{"@type":"Person","@id":"https:\/\/tuzlainfo.ba\/#\/schema\/person\/f434e20dc27ea133923aab08451b7f7f","name":"nedim","image":{"@type":"ImageObject","inLanguage":"bs-BA","@id":"https:\/\/tuzlainfo.ba\/#\/schema\/person\/image\/","url":"https:\/\/tuzlainfo.ba\/wp-content\/litespeed\/avatar\/aabad687af24844af817603ac1cbdc4f.jpg?ver=1777306975","contentUrl":"https:\/\/tuzlainfo.ba\/wp-content\/litespeed\/avatar\/aabad687af24844af817603ac1cbdc4f.jpg?ver=1777306975","caption":"nedim"},"description":"Tuzlainfo.ba pratite na dru\u0161tvenim mre\u017eama: Facebook, Instagram i Youtube. Svoje pri\u010de, upite i fotografije \u0161aljite na na\u0161u e-mail adresu."}]}},"_links":{"self":[{"href":"https:\/\/tuzlainfo.ba\/index.php\/wp-json\/wp\/v2\/posts\/300099"}],"collection":[{"href":"https:\/\/tuzlainfo.ba\/index.php\/wp-json\/wp\/v2\/posts"}],"about":[{"href":"https:\/\/tuzlainfo.ba\/index.php\/wp-json\/wp\/v2\/types\/post"}],"author":[{"embeddable":true,"href":"https:\/\/tuzlainfo.ba\/index.php\/wp-json\/wp\/v2\/users\/2"}],"replies":[{"embeddable":true,"href":"https:\/\/tuzlainfo.ba\/index.php\/wp-json\/wp\/v2\/comments?post=300099"}],"version-history":[{"count":2,"href":"https:\/\/tuzlainfo.ba\/index.php\/wp-json\/wp\/v2\/posts\/300099\/revisions"}],"predecessor-version":[{"id":300102,"href":"https:\/\/tuzlainfo.ba\/index.php\/wp-json\/wp\/v2\/posts\/300099\/revisions\/300102"}],"wp:featuredmedia":[{"embeddable":true,"href":"https:\/\/tuzlainfo.ba\/index.php\/wp-json\/wp\/v2\/media\/297229"}],"wp:attachment":[{"href":"https:\/\/tuzlainfo.ba\/index.php\/wp-json\/wp\/v2\/media?parent=300099"}],"wp:term":[{"taxonomy":"category","embeddable":true,"href":"https:\/\/tuzlainfo.ba\/index.php\/wp-json\/wp\/v2\/categories?post=300099"},{"taxonomy":"post_tag","embeddable":true,"href":"https:\/\/tuzlainfo.ba\/index.php\/wp-json\/wp\/v2\/tags?post=300099"}],"curies":[{"name":"wp","href":"https:\/\/api.w.org\/{rel}","templated":true}]}}