{"id":299997,"date":"2026-04-13T21:03:42","date_gmt":"2026-04-13T19:03:42","guid":{"rendered":"https:\/\/tuzlainfo.ba\/?p=299997"},"modified":"2026-04-14T08:11:55","modified_gmt":"2026-04-14T06:11:55","slug":"prijave-do-kraja-aprila-ko-je-u-tuzli-duzan-platiti-komunalnu-taksu","status":"publish","type":"post","link":"https:\/\/tuzlainfo.ba\/index.php\/novosti\/item\/299997-prijave-do-kraja-aprila-ko-je-u-tuzli-duzan-platiti-komunalnu-taksu\/","title":{"rendered":"Prijave do kraja aprila: Ko je u Tuzli du\u017ean platiti komunalnu taksu?"},"content":{"rendered":"<p data-start=\"79\" data-end=\"300\">Obavje\u0161tavaju se pravna i fizi\u010dka lica na podru\u010dju Tuzle da je stupila na snagu nova Odluka o komunalnim taksama, kojom su definisane vrste taksi, obveznici pla\u0107anja, visine, na\u010din obra\u010duna i rokovi za podno\u0161enje prijava.<\/p>\n<p data-start=\"302\" data-end=\"469\">U skladu s ovom odlukom, svi obveznici komunalne takse du\u017eni su podnijeti prijavu za 2026. godinu najkasnije do 30. aprila, prema stanju na dan 1. januar 2026. godine.<\/p>\n<p data-start=\"471\" data-end=\"820\">Komunalne takse se, izme\u0111u ostalog, odnose na kori\u0161tenje aparata za igre na sre\u0107u, poslovne prostore u kojima se prire\u0111uju igre na sre\u0107u, organizaciju komercijalnih koncerata, kao i postavljanje i kori\u0161tenje bankomata. Obveznici su sva pravna i fizi\u010dka lica koja koriste navedene ure\u0111aje, prostore ili organizuju doga\u0111aje za koje je propisana taksa.<\/p>\n<p data-start=\"822\" data-end=\"1032\">Za one koji su zapo\u010deli obavljanje djelatnosti tokom godine, rok za prijavu je sedam dana od po\u010detka rada, dok su organizatori koncerata obavezni prijavu podnijeti najkasnije pet dana prije odr\u017eavanja doga\u0111aja.<\/p>\n<p data-start=\"1034\" data-end=\"1282\">Prijave se podnose nadle\u017enim institucijama u zavisnosti od vrste takse \u2013 Kantonalnom poreznom uredu Tuzla, Slu\u017ebi za ekonomski razvoj, poduzetni\u0161tvo i poljoprivredu ili Slu\u017ebi za komunalne poslove, izgradnju i poslove mjesnih zajednica Grada Tuzle.<\/p>\n<p data-start=\"1284\" data-end=\"1435\">Iz nadle\u017enih slu\u017ebi pozivaju sve obveznike da blagovremeno izvr\u0161e svoju obavezu i podnesu potrebnu dokumentaciju, kako bi izbjegli eventualne sankcije.<\/p>\n<p data-start=\"1437\" data-end=\"1543\">Sve dodatne informacije, kao i obrasci za prijavu, dostupni su na slu\u017ebenoj internet stranici Grada Tuzle <a href=\"https:\/\/grad.tuzla.ba\/vijesti\/objavljen-javni-poziv-za-podnosenje-prijave-komunalne-takse-na-podrucju-grada-tuzle\/\"><strong>na ovom LINKU<\/strong><\/a>.<\/p>\n","protected":false},"excerpt":{"rendered":"<p>Obavje\u0161tavaju se pravna i fizi\u010dka lica na podru\u010dju Tuzle da je stupila na snagu nova&hellip;<\/p>\n","protected":false},"author":2,"featured_media":78264,"comment_status":"closed","ping_status":"closed","sticky":false,"template":"","format":"standard","meta":{"_acf_changed":false,"footnotes":""},"categories":[304,12],"tags":[331,11943],"acf":[],"yoast_head":"<!-- This site is optimized with the Yoast SEO plugin v23.5 - https:\/\/yoast.com\/wordpress\/plugins\/seo\/ -->\n<title>Prijave do kraja aprila: Ko je u Tuzli du\u017ean platiti komunalnu taksu? - TuzlaInfo.ba<\/title>\n<meta name=\"robots\" content=\"index, follow, max-snippet:-1, max-image-preview:large, max-video-preview:-1\" \/>\n<link rel=\"canonical\" href=\"https:\/\/tuzlainfo.ba\/index.php\/novosti\/item\/299997-prijave-do-kraja-aprila-ko-je-u-tuzli-duzan-platiti-komunalnu-taksu\/\" \/>\n<meta property=\"og:locale\" content=\"bs_BA\" \/>\n<meta property=\"og:type\" content=\"article\" \/>\n<meta property=\"og:title\" content=\"Prijave do kraja aprila: Ko je u Tuzli du\u017ean platiti komunalnu taksu? - TuzlaInfo.ba\" \/>\n<meta property=\"og:description\" content=\"Obavje\u0161tavaju se pravna i fizi\u010dka lica na podru\u010dju Tuzle da je stupila na snagu nova&hellip;\" \/>\n<meta property=\"og:url\" content=\"https:\/\/tuzlainfo.ba\/index.php\/novosti\/item\/299997-prijave-do-kraja-aprila-ko-je-u-tuzli-duzan-platiti-komunalnu-taksu\/\" \/>\n<meta property=\"og:site_name\" content=\"TuzlaInfo.ba\" \/>\n<meta property=\"article:publisher\" content=\"https:\/\/www.facebook.com\/tuzlainfo.ba\/\" \/>\n<meta property=\"article:published_time\" content=\"2026-04-13T19:03:42+00:00\" \/>\n<meta property=\"article:modified_time\" content=\"2026-04-14T06:11:55+00:00\" \/>\n<meta property=\"og:image\" content=\"https:\/\/tuzlainfo.ba\/wp-content\/uploads\/2020\/04\/sadrzaj_2018_2018_01_Tuzla_0304_korzo_prazan.jpg\" \/>\n\t<meta property=\"og:image:width\" content=\"770\" \/>\n\t<meta property=\"og:image:height\" content=\"433\" \/>\n\t<meta property=\"og:image:type\" content=\"image\/jpeg\" \/>\n<meta name=\"author\" content=\"nedim\" \/>\n<meta name=\"twitter:card\" content=\"summary_large_image\" \/>\n<meta name=\"twitter:label1\" content=\"Written by\" \/>\n\t<meta name=\"twitter:data1\" content=\"nedim\" \/>\n\t<meta name=\"twitter:label2\" content=\"Est. reading time\" \/>\n\t<meta name=\"twitter:data2\" content=\"2 minute\" \/>\n<script type=\"application\/ld+json\" class=\"yoast-schema-graph\">{\"@context\":\"https:\/\/schema.org\",\"@graph\":[{\"@type\":\"Article\",\"@id\":\"https:\/\/tuzlainfo.ba\/index.php\/novosti\/item\/299997-prijave-do-kraja-aprila-ko-je-u-tuzli-duzan-platiti-komunalnu-taksu\/#article\",\"isPartOf\":{\"@id\":\"https:\/\/tuzlainfo.ba\/index.php\/novosti\/item\/299997-prijave-do-kraja-aprila-ko-je-u-tuzli-duzan-platiti-komunalnu-taksu\/\"},\"author\":{\"name\":\"nedim\",\"@id\":\"https:\/\/tuzlainfo.ba\/#\/schema\/person\/f434e20dc27ea133923aab08451b7f7f\"},\"headline\":\"Prijave do kraja aprila: Ko je u Tuzli du\u017ean platiti komunalnu taksu?\",\"datePublished\":\"2026-04-13T19:03:42+00:00\",\"dateModified\":\"2026-04-14T06:11:55+00:00\",\"mainEntityOfPage\":{\"@id\":\"https:\/\/tuzlainfo.ba\/index.php\/novosti\/item\/299997-prijave-do-kraja-aprila-ko-je-u-tuzli-duzan-platiti-komunalnu-taksu\/\"},\"wordCount\":254,\"publisher\":{\"@id\":\"https:\/\/tuzlainfo.ba\/#organization\"},\"image\":{\"@id\":\"https:\/\/tuzlainfo.ba\/index.php\/novosti\/item\/299997-prijave-do-kraja-aprila-ko-je-u-tuzli-duzan-platiti-komunalnu-taksu\/#primaryimage\"},\"thumbnailUrl\":\"https:\/\/tuzlainfo.ba\/wp-content\/uploads\/2020\/04\/sadrzaj_2018_2018_01_Tuzla_0304_korzo_prazan.jpg\",\"keywords\":[\"grad tuzla\",\"komunalna taksa\"],\"articleSection\":[\"Istaknuto\",\"Novosti\"],\"inLanguage\":\"bs-BA\"},{\"@type\":\"WebPage\",\"@id\":\"https:\/\/tuzlainfo.ba\/index.php\/novosti\/item\/299997-prijave-do-kraja-aprila-ko-je-u-tuzli-duzan-platiti-komunalnu-taksu\/\",\"url\":\"https:\/\/tuzlainfo.ba\/index.php\/novosti\/item\/299997-prijave-do-kraja-aprila-ko-je-u-tuzli-duzan-platiti-komunalnu-taksu\/\",\"name\":\"Prijave do kraja aprila: Ko je u Tuzli du\u017ean platiti komunalnu taksu? - TuzlaInfo.ba\",\"isPartOf\":{\"@id\":\"https:\/\/tuzlainfo.ba\/#website\"},\"primaryImageOfPage\":{\"@id\":\"https:\/\/tuzlainfo.ba\/index.php\/novosti\/item\/299997-prijave-do-kraja-aprila-ko-je-u-tuzli-duzan-platiti-komunalnu-taksu\/#primaryimage\"},\"image\":{\"@id\":\"https:\/\/tuzlainfo.ba\/index.php\/novosti\/item\/299997-prijave-do-kraja-aprila-ko-je-u-tuzli-duzan-platiti-komunalnu-taksu\/#primaryimage\"},\"thumbnailUrl\":\"https:\/\/tuzlainfo.ba\/wp-content\/uploads\/2020\/04\/sadrzaj_2018_2018_01_Tuzla_0304_korzo_prazan.jpg\",\"datePublished\":\"2026-04-13T19:03:42+00:00\",\"dateModified\":\"2026-04-14T06:11:55+00:00\",\"breadcrumb\":{\"@id\":\"https:\/\/tuzlainfo.ba\/index.php\/novosti\/item\/299997-prijave-do-kraja-aprila-ko-je-u-tuzli-duzan-platiti-komunalnu-taksu\/#breadcrumb\"},\"inLanguage\":\"bs-BA\",\"potentialAction\":[{\"@type\":\"ReadAction\",\"target\":[\"https:\/\/tuzlainfo.ba\/index.php\/novosti\/item\/299997-prijave-do-kraja-aprila-ko-je-u-tuzli-duzan-platiti-komunalnu-taksu\/\"]}]},{\"@type\":\"ImageObject\",\"inLanguage\":\"bs-BA\",\"@id\":\"https:\/\/tuzlainfo.ba\/index.php\/novosti\/item\/299997-prijave-do-kraja-aprila-ko-je-u-tuzli-duzan-platiti-komunalnu-taksu\/#primaryimage\",\"url\":\"https:\/\/tuzlainfo.ba\/wp-content\/uploads\/2020\/04\/sadrzaj_2018_2018_01_Tuzla_0304_korzo_prazan.jpg\",\"contentUrl\":\"https:\/\/tuzlainfo.ba\/wp-content\/uploads\/2020\/04\/sadrzaj_2018_2018_01_Tuzla_0304_korzo_prazan.jpg\",\"width\":770,\"height\":433,\"caption\":\"Foto: Arhiva\"},{\"@type\":\"BreadcrumbList\",\"@id\":\"https:\/\/tuzlainfo.ba\/index.php\/novosti\/item\/299997-prijave-do-kraja-aprila-ko-je-u-tuzli-duzan-platiti-komunalnu-taksu\/#breadcrumb\",\"itemListElement\":[{\"@type\":\"ListItem\",\"position\":1,\"name\":\"Home\",\"item\":\"https:\/\/tuzlainfo.ba\/\"},{\"@type\":\"ListItem\",\"position\":2,\"name\":\"Prijave do kraja aprila: Ko je u Tuzli du\u017ean platiti komunalnu taksu?\"}]},{\"@type\":\"WebSite\",\"@id\":\"https:\/\/tuzlainfo.ba\/#website\",\"url\":\"https:\/\/tuzlainfo.ba\/\",\"name\":\"TuzlaInfo.ba\",\"description\":\"Tuzla info, gradski informator - Tuzla na dlanu\",\"publisher\":{\"@id\":\"https:\/\/tuzlainfo.ba\/#organization\"},\"potentialAction\":[{\"@type\":\"SearchAction\",\"target\":{\"@type\":\"EntryPoint\",\"urlTemplate\":\"https:\/\/tuzlainfo.ba\/?s={search_term_string}\"},\"query-input\":{\"@type\":\"PropertyValueSpecification\",\"valueRequired\":true,\"valueName\":\"search_term_string\"}}],\"inLanguage\":\"bs-BA\"},{\"@type\":\"Organization\",\"@id\":\"https:\/\/tuzlainfo.ba\/#organization\",\"name\":\"TuzlaInfo.ba\",\"url\":\"https:\/\/tuzlainfo.ba\/\",\"logo\":{\"@type\":\"ImageObject\",\"inLanguage\":\"bs-BA\",\"@id\":\"https:\/\/tuzlainfo.ba\/#\/schema\/logo\/image\/\",\"url\":\"https:\/\/tuzlainfo.ba\/wp-content\/uploads\/2021\/03\/logo-ver-3-1.png\",\"contentUrl\":\"https:\/\/tuzlainfo.ba\/wp-content\/uploads\/2021\/03\/logo-ver-3-1.png\",\"width\":350,\"height\":95,\"caption\":\"TuzlaInfo.ba\"},\"image\":{\"@id\":\"https:\/\/tuzlainfo.ba\/#\/schema\/logo\/image\/\"},\"sameAs\":[\"https:\/\/www.facebook.com\/tuzlainfo.ba\/\"]},{\"@type\":\"Person\",\"@id\":\"https:\/\/tuzlainfo.ba\/#\/schema\/person\/f434e20dc27ea133923aab08451b7f7f\",\"name\":\"nedim\",\"image\":{\"@type\":\"ImageObject\",\"inLanguage\":\"bs-BA\",\"@id\":\"https:\/\/tuzlainfo.ba\/#\/schema\/person\/image\/\",\"url\":\"https:\/\/tuzlainfo.ba\/wp-content\/litespeed\/avatar\/aabad687af24844af817603ac1cbdc4f.jpg?ver=1777306975\",\"contentUrl\":\"https:\/\/tuzlainfo.ba\/wp-content\/litespeed\/avatar\/aabad687af24844af817603ac1cbdc4f.jpg?ver=1777306975\",\"caption\":\"nedim\"},\"description\":\"Tuzlainfo.ba pratite na dru\u0161tvenim mre\u017eama: Facebook, Instagram i Youtube. Svoje pri\u010de, upite i fotografije \u0161aljite na na\u0161u e-mail adresu.\"}]}<\/script>\n<!-- \/ Yoast SEO plugin. -->","yoast_head_json":{"title":"Prijave do kraja aprila: Ko je u Tuzli du\u017ean platiti komunalnu taksu? - TuzlaInfo.ba","robots":{"index":"index","follow":"follow","max-snippet":"max-snippet:-1","max-image-preview":"max-image-preview:large","max-video-preview":"max-video-preview:-1"},"canonical":"https:\/\/tuzlainfo.ba\/index.php\/novosti\/item\/299997-prijave-do-kraja-aprila-ko-je-u-tuzli-duzan-platiti-komunalnu-taksu\/","og_locale":"bs_BA","og_type":"article","og_title":"Prijave do kraja aprila: Ko je u Tuzli du\u017ean platiti komunalnu taksu? - TuzlaInfo.ba","og_description":"Obavje\u0161tavaju se pravna i fizi\u010dka lica na podru\u010dju Tuzle da je stupila na snagu nova&hellip;","og_url":"https:\/\/tuzlainfo.ba\/index.php\/novosti\/item\/299997-prijave-do-kraja-aprila-ko-je-u-tuzli-duzan-platiti-komunalnu-taksu\/","og_site_name":"TuzlaInfo.ba","article_publisher":"https:\/\/www.facebook.com\/tuzlainfo.ba\/","article_published_time":"2026-04-13T19:03:42+00:00","article_modified_time":"2026-04-14T06:11:55+00:00","og_image":[{"width":770,"height":433,"url":"https:\/\/tuzlainfo.ba\/wp-content\/uploads\/2020\/04\/sadrzaj_2018_2018_01_Tuzla_0304_korzo_prazan.jpg","type":"image\/jpeg"}],"author":"nedim","twitter_card":"summary_large_image","twitter_misc":{"Written by":"nedim","Est. reading time":"2 minute"},"schema":{"@context":"https:\/\/schema.org","@graph":[{"@type":"Article","@id":"https:\/\/tuzlainfo.ba\/index.php\/novosti\/item\/299997-prijave-do-kraja-aprila-ko-je-u-tuzli-duzan-platiti-komunalnu-taksu\/#article","isPartOf":{"@id":"https:\/\/tuzlainfo.ba\/index.php\/novosti\/item\/299997-prijave-do-kraja-aprila-ko-je-u-tuzli-duzan-platiti-komunalnu-taksu\/"},"author":{"name":"nedim","@id":"https:\/\/tuzlainfo.ba\/#\/schema\/person\/f434e20dc27ea133923aab08451b7f7f"},"headline":"Prijave do kraja aprila: Ko je u Tuzli du\u017ean platiti komunalnu taksu?","datePublished":"2026-04-13T19:03:42+00:00","dateModified":"2026-04-14T06:11:55+00:00","mainEntityOfPage":{"@id":"https:\/\/tuzlainfo.ba\/index.php\/novosti\/item\/299997-prijave-do-kraja-aprila-ko-je-u-tuzli-duzan-platiti-komunalnu-taksu\/"},"wordCount":254,"publisher":{"@id":"https:\/\/tuzlainfo.ba\/#organization"},"image":{"@id":"https:\/\/tuzlainfo.ba\/index.php\/novosti\/item\/299997-prijave-do-kraja-aprila-ko-je-u-tuzli-duzan-platiti-komunalnu-taksu\/#primaryimage"},"thumbnailUrl":"https:\/\/tuzlainfo.ba\/wp-content\/uploads\/2020\/04\/sadrzaj_2018_2018_01_Tuzla_0304_korzo_prazan.jpg","keywords":["grad tuzla","komunalna taksa"],"articleSection":["Istaknuto","Novosti"],"inLanguage":"bs-BA"},{"@type":"WebPage","@id":"https:\/\/tuzlainfo.ba\/index.php\/novosti\/item\/299997-prijave-do-kraja-aprila-ko-je-u-tuzli-duzan-platiti-komunalnu-taksu\/","url":"https:\/\/tuzlainfo.ba\/index.php\/novosti\/item\/299997-prijave-do-kraja-aprila-ko-je-u-tuzli-duzan-platiti-komunalnu-taksu\/","name":"Prijave do kraja aprila: Ko je u Tuzli du\u017ean platiti komunalnu taksu? - TuzlaInfo.ba","isPartOf":{"@id":"https:\/\/tuzlainfo.ba\/#website"},"primaryImageOfPage":{"@id":"https:\/\/tuzlainfo.ba\/index.php\/novosti\/item\/299997-prijave-do-kraja-aprila-ko-je-u-tuzli-duzan-platiti-komunalnu-taksu\/#primaryimage"},"image":{"@id":"https:\/\/tuzlainfo.ba\/index.php\/novosti\/item\/299997-prijave-do-kraja-aprila-ko-je-u-tuzli-duzan-platiti-komunalnu-taksu\/#primaryimage"},"thumbnailUrl":"https:\/\/tuzlainfo.ba\/wp-content\/uploads\/2020\/04\/sadrzaj_2018_2018_01_Tuzla_0304_korzo_prazan.jpg","datePublished":"2026-04-13T19:03:42+00:00","dateModified":"2026-04-14T06:11:55+00:00","breadcrumb":{"@id":"https:\/\/tuzlainfo.ba\/index.php\/novosti\/item\/299997-prijave-do-kraja-aprila-ko-je-u-tuzli-duzan-platiti-komunalnu-taksu\/#breadcrumb"},"inLanguage":"bs-BA","potentialAction":[{"@type":"ReadAction","target":["https:\/\/tuzlainfo.ba\/index.php\/novosti\/item\/299997-prijave-do-kraja-aprila-ko-je-u-tuzli-duzan-platiti-komunalnu-taksu\/"]}]},{"@type":"ImageObject","inLanguage":"bs-BA","@id":"https:\/\/tuzlainfo.ba\/index.php\/novosti\/item\/299997-prijave-do-kraja-aprila-ko-je-u-tuzli-duzan-platiti-komunalnu-taksu\/#primaryimage","url":"https:\/\/tuzlainfo.ba\/wp-content\/uploads\/2020\/04\/sadrzaj_2018_2018_01_Tuzla_0304_korzo_prazan.jpg","contentUrl":"https:\/\/tuzlainfo.ba\/wp-content\/uploads\/2020\/04\/sadrzaj_2018_2018_01_Tuzla_0304_korzo_prazan.jpg","width":770,"height":433,"caption":"Foto: Arhiva"},{"@type":"BreadcrumbList","@id":"https:\/\/tuzlainfo.ba\/index.php\/novosti\/item\/299997-prijave-do-kraja-aprila-ko-je-u-tuzli-duzan-platiti-komunalnu-taksu\/#breadcrumb","itemListElement":[{"@type":"ListItem","position":1,"name":"Home","item":"https:\/\/tuzlainfo.ba\/"},{"@type":"ListItem","position":2,"name":"Prijave do kraja aprila: Ko je u Tuzli du\u017ean platiti komunalnu taksu?"}]},{"@type":"WebSite","@id":"https:\/\/tuzlainfo.ba\/#website","url":"https:\/\/tuzlainfo.ba\/","name":"TuzlaInfo.ba","description":"Tuzla info, gradski informator - Tuzla na dlanu","publisher":{"@id":"https:\/\/tuzlainfo.ba\/#organization"},"potentialAction":[{"@type":"SearchAction","target":{"@type":"EntryPoint","urlTemplate":"https:\/\/tuzlainfo.ba\/?s={search_term_string}"},"query-input":{"@type":"PropertyValueSpecification","valueRequired":true,"valueName":"search_term_string"}}],"inLanguage":"bs-BA"},{"@type":"Organization","@id":"https:\/\/tuzlainfo.ba\/#organization","name":"TuzlaInfo.ba","url":"https:\/\/tuzlainfo.ba\/","logo":{"@type":"ImageObject","inLanguage":"bs-BA","@id":"https:\/\/tuzlainfo.ba\/#\/schema\/logo\/image\/","url":"https:\/\/tuzlainfo.ba\/wp-content\/uploads\/2021\/03\/logo-ver-3-1.png","contentUrl":"https:\/\/tuzlainfo.ba\/wp-content\/uploads\/2021\/03\/logo-ver-3-1.png","width":350,"height":95,"caption":"TuzlaInfo.ba"},"image":{"@id":"https:\/\/tuzlainfo.ba\/#\/schema\/logo\/image\/"},"sameAs":["https:\/\/www.facebook.com\/tuzlainfo.ba\/"]},{"@type":"Person","@id":"https:\/\/tuzlainfo.ba\/#\/schema\/person\/f434e20dc27ea133923aab08451b7f7f","name":"nedim","image":{"@type":"ImageObject","inLanguage":"bs-BA","@id":"https:\/\/tuzlainfo.ba\/#\/schema\/person\/image\/","url":"https:\/\/tuzlainfo.ba\/wp-content\/litespeed\/avatar\/aabad687af24844af817603ac1cbdc4f.jpg?ver=1777306975","contentUrl":"https:\/\/tuzlainfo.ba\/wp-content\/litespeed\/avatar\/aabad687af24844af817603ac1cbdc4f.jpg?ver=1777306975","caption":"nedim"},"description":"Tuzlainfo.ba pratite na dru\u0161tvenim mre\u017eama: Facebook, Instagram i Youtube. Svoje pri\u010de, upite i fotografije \u0161aljite na na\u0161u e-mail adresu."}]}},"_links":{"self":[{"href":"https:\/\/tuzlainfo.ba\/index.php\/wp-json\/wp\/v2\/posts\/299997"}],"collection":[{"href":"https:\/\/tuzlainfo.ba\/index.php\/wp-json\/wp\/v2\/posts"}],"about":[{"href":"https:\/\/tuzlainfo.ba\/index.php\/wp-json\/wp\/v2\/types\/post"}],"author":[{"embeddable":true,"href":"https:\/\/tuzlainfo.ba\/index.php\/wp-json\/wp\/v2\/users\/2"}],"replies":[{"embeddable":true,"href":"https:\/\/tuzlainfo.ba\/index.php\/wp-json\/wp\/v2\/comments?post=299997"}],"version-history":[{"count":1,"href":"https:\/\/tuzlainfo.ba\/index.php\/wp-json\/wp\/v2\/posts\/299997\/revisions"}],"predecessor-version":[{"id":299998,"href":"https:\/\/tuzlainfo.ba\/index.php\/wp-json\/wp\/v2\/posts\/299997\/revisions\/299998"}],"wp:featuredmedia":[{"embeddable":true,"href":"https:\/\/tuzlainfo.ba\/index.php\/wp-json\/wp\/v2\/media\/78264"}],"wp:attachment":[{"href":"https:\/\/tuzlainfo.ba\/index.php\/wp-json\/wp\/v2\/media?parent=299997"}],"wp:term":[{"taxonomy":"category","embeddable":true,"href":"https:\/\/tuzlainfo.ba\/index.php\/wp-json\/wp\/v2\/categories?post=299997"},{"taxonomy":"post_tag","embeddable":true,"href":"https:\/\/tuzlainfo.ba\/index.php\/wp-json\/wp\/v2\/tags?post=299997"}],"curies":[{"name":"wp","href":"https:\/\/api.w.org\/{rel}","templated":true}]}}