{"id":299913,"date":"2026-04-12T20:52:13","date_gmt":"2026-04-12T18:52:13","guid":{"rendered":"https:\/\/tuzlainfo.ba\/?p=299913"},"modified":"2026-04-12T21:04:38","modified_gmt":"2026-04-12T19:04:38","slug":"kazu-da-najbolje-tek-dolazi-promjena-politickih-dresova-u-tk-u-punom-jeku","status":"publish","type":"post","link":"https:\/\/tuzlainfo.ba\/index.php\/novosti\/item\/299913-kazu-da-najbolje-tek-dolazi-promjena-politickih-dresova-u-tk-u-punom-jeku\/","title":{"rendered":"Ka\u017eu da &#8220;najbolje&#8221; tek dolazi: Promjena politi\u010dkih dresova u TK u punom jeku"},"content":{"rendered":"<p data-start=\"0\" data-end=\"345\">Politi\u010dka scena u Tuzlanskom kantonu od po\u010detka 2026. godine obilje\u017eena je intenzivnim \u201etransferima\u201c i sve izra\u017eenijim prekomponovanjem odnosa me\u0111u strankama i pojedincima. Kako se pribli\u017eavaju predizborni mjeseci, sve je vi\u0161e primjera napu\u0161tanja politi\u010dkih partija, prelazaka u druge politi\u010dke opcije, ali i kolektivnih istupanja \u010ditavih organizacija.<\/p>\n<p data-start=\"347\" data-end=\"678\">Svojevrsni uvod u aktuelna de\u0161avanja desio se jo\u0161 u februaru 2025. godine, kada je iz Demokratske fronte pod prili\u010dno nejasnim okolnostima isklju\u010den tada\u0161nji predsjednik Skup\u0161tine Tuzlanskog kantona \u017darko Vujovi\u0107. Ova odluka izazvala je brojne reakcije i otvorila niz politi\u010dkih procesa koji \u0107e kasnije zna\u010dajno utjecati na preslagivanje politi\u010dkih snaga u kantonu.<\/p>\n<p data-start=\"680\" data-end=\"1036\">Tokom 2025. godine uslijedili su novi potezi koji su nagovijestili dinami\u010dnu politi\u010dku godinu. Zastupnica u Skup\u0161tini TK Zumra Begi\u0107 promijenila je vi\u0161e politi\u010dkih opcija, od SDA i Socijaldemokrata da bi na kraju pristupila Stranci za Bosnu i Hercegovinu, dok je krajem iste godine i \u017darko Vujovi\u0107 zvani\u010dno postao \u010dlan ove stranke, nakon perioda djelovanja kao samostalni zastupnik.<\/p>\n<p data-start=\"680\" data-end=\"1036\"><img fetchpriority=\"high\" decoding=\"async\" class=\"alignnone size-full wp-image-231917\" src=\"https:\/\/tuzlainfo.ba\/wp-content\/uploads\/2024\/03\/0603_zumra_begic.jpg\" alt=\"\" width=\"800\" height=\"602\" srcset=\"https:\/\/tuzlainfo.ba\/wp-content\/uploads\/2024\/03\/0603_zumra_begic.jpg 800w, https:\/\/tuzlainfo.ba\/wp-content\/uploads\/2024\/03\/0603_zumra_begic-300x226.jpg 300w, https:\/\/tuzlainfo.ba\/wp-content\/uploads\/2024\/03\/0603_zumra_begic-768x578.jpg 768w, https:\/\/tuzlainfo.ba\/wp-content\/uploads\/2024\/03\/0603_zumra_begic-585x440.jpg 585w, https:\/\/tuzlainfo.ba\/wp-content\/uploads\/2024\/03\/0603_zumra_begic-150x113.jpg 150w, https:\/\/tuzlainfo.ba\/wp-content\/uploads\/2024\/03\/0603_zumra_begic-500x376.jpg 500w\" sizes=\"(max-width: 800px) 100vw, 800px\" \/><\/p>\n<h3 data-start=\"680\" data-end=\"1036\"><strong>Vujovi\u0107 &#8220;zakuhao&#8221; politi\u010dku scenu<\/strong><\/h3>\n<p data-start=\"1038\" data-end=\"1390\">Ulaskom Vujovi\u0107a u Stranku za BiH i formiranjem novog kantonalnog rukovodstva zapo\u010deo je period poja\u010danih politi\u010dkih kretanja.<\/p>\n<p data-start=\"1038\" data-end=\"1390\">Nakon izbora kantonalnog rukovodstva i nezadovoljstva dijela \u010dlanstva, uslijedila su masovna napu\u0161tanja. U martu 2026. godine ostavke su podnijeli predsjednik Gradske organizacije SBiH \u017divinice Suad Had\u017ei\u0107, zajedno s kompletnim rukovodstvom i \u010dlanovima organizacije, navode\u0107i nezadovoljstvo na\u010dinom vo\u0111enja stranke i kr\u0161enjem statutarnih procedura.<\/p>\n<p data-start=\"1038\" data-end=\"1390\"><img decoding=\"async\" class=\"alignnone size-full wp-image-294597\" src=\"https:\/\/tuzlainfo.ba\/wp-content\/uploads\/2026\/02\/1302_strankazabih_tk.jpg\" alt=\"\" width=\"1000\" height=\"689\" srcset=\"https:\/\/tuzlainfo.ba\/wp-content\/uploads\/2026\/02\/1302_strankazabih_tk.jpg 1000w, https:\/\/tuzlainfo.ba\/wp-content\/uploads\/2026\/02\/1302_strankazabih_tk-300x207.jpg 300w, https:\/\/tuzlainfo.ba\/wp-content\/uploads\/2026\/02\/1302_strankazabih_tk-768x529.jpg 768w, https:\/\/tuzlainfo.ba\/wp-content\/uploads\/2026\/02\/1302_strankazabih_tk-585x403.jpg 585w, https:\/\/tuzlainfo.ba\/wp-content\/uploads\/2026\/02\/1302_strankazabih_tk-150x103.jpg 150w, https:\/\/tuzlainfo.ba\/wp-content\/uploads\/2026\/02\/1302_strankazabih_tk-500x345.jpg 500w\" sizes=\"(max-width: 1000px) 100vw, 1000px\" \/><\/p>\n<p data-start=\"1826\" data-end=\"2053\">Sli\u010dan scenarij zabilje\u017een je i u Kalesiji, gdje je zna\u010dajan dio \u010dlanstva napustio stranku, uklju\u010duju\u0107i i rukovodstvo op\u0107inske organizacije. Kao razlozi navedeni su unutra\u0161nji sukobi, pritisci i marginalizacija lokalnih odbora.<\/p>\n<p data-start=\"2055\" data-end=\"2403\">Kulminacija politi\u010dkih \u201etransfera\u201c uslijedila je posljednjih dana, kada je na\u010delnik Op\u0107ine \u010celi\u0107 Admir Hrustanovi\u0107, zajedno sa sedam vije\u0107nika i kompletnim biv\u0161im Op\u0107inskim savjetom SBiH, pristupio Socijaldemokratskoj partiji. Ovim potezom zna\u010dajan dio strukture Stranke za BiH pre\u0161ao je u redove SDP-a, dodatno mijenjaju\u0107i politi\u010dku sliku kantona.<\/p>\n<p data-start=\"2055\" data-end=\"2403\"><img decoding=\"async\" class=\"alignnone size-full wp-image-299798\" src=\"https:\/\/tuzlainfo.ba\/wp-content\/uploads\/2026\/04\/IMG_3209.webp\" alt=\"\" width=\"800\" height=\"533\" srcset=\"https:\/\/tuzlainfo.ba\/wp-content\/uploads\/2026\/04\/IMG_3209.webp 800w, https:\/\/tuzlainfo.ba\/wp-content\/uploads\/2026\/04\/IMG_3209-300x200.webp 300w, https:\/\/tuzlainfo.ba\/wp-content\/uploads\/2026\/04\/IMG_3209-768x512.webp 768w, https:\/\/tuzlainfo.ba\/wp-content\/uploads\/2026\/04\/IMG_3209-585x390.webp 585w, https:\/\/tuzlainfo.ba\/wp-content\/uploads\/2026\/04\/IMG_3209-263x175.webp 263w, https:\/\/tuzlainfo.ba\/wp-content\/uploads\/2026\/04\/IMG_3209-150x100.webp 150w, https:\/\/tuzlainfo.ba\/wp-content\/uploads\/2026\/04\/IMG_3209-500x333.webp 500w, https:\/\/tuzlainfo.ba\/wp-content\/uploads\/2026\/04\/IMG_3209-120x80.webp 120w\" sizes=\"(max-width: 800px) 100vw, 800px\" \/><\/p>\n<p data-start=\"2055\" data-end=\"2403\">Sa odlaskom jedinh, u Strankci za BiH je evidentiran dolazak novih \u010dlanova, me\u0111u kojima su i biv\u0161i kadrovi Demokratske fronte bliski Vujovi\u0107u, \u0161to je potvr\u0111eno i na sjednici Gradskog savjeta SBiH Tuzla odr\u017eanoj u februaru.<\/p>\n<p data-start=\"2405\" data-end=\"2666\">Istovremeno, politi\u010dke promjene bilje\u017ee se i u drugim strankama. Demokratska fronta koje se suo\u010dava sa odlaskom dijela \u010dlanstva koje je u DF svojevremeno\u00a0 stigao sa Vujovi\u0107em, je u Banovi\u0107ima oja\u010dana pristupanjem kompletne organizacije Naroda i pravde.<\/p>\n<p data-start=\"2405\" data-end=\"2666\"><img loading=\"lazy\" decoding=\"async\" class=\"alignnone size-full wp-image-298382\" src=\"https:\/\/tuzlainfo.ba\/wp-content\/uploads\/2026\/03\/IMG_2860.jpeg\" alt=\"\" width=\"1800\" height=\"1350\" srcset=\"https:\/\/tuzlainfo.ba\/wp-content\/uploads\/2026\/03\/IMG_2860.jpeg 1800w, https:\/\/tuzlainfo.ba\/wp-content\/uploads\/2026\/03\/IMG_2860-300x225.jpeg 300w, https:\/\/tuzlainfo.ba\/wp-content\/uploads\/2026\/03\/IMG_2860-1024x768.jpeg 1024w, https:\/\/tuzlainfo.ba\/wp-content\/uploads\/2026\/03\/IMG_2860-768x576.jpeg 768w, https:\/\/tuzlainfo.ba\/wp-content\/uploads\/2026\/03\/IMG_2860-1536x1152.jpeg 1536w, https:\/\/tuzlainfo.ba\/wp-content\/uploads\/2026\/03\/IMG_2860-1170x878.jpeg 1170w, https:\/\/tuzlainfo.ba\/wp-content\/uploads\/2026\/03\/IMG_2860-585x439.jpeg 585w, https:\/\/tuzlainfo.ba\/wp-content\/uploads\/2026\/03\/IMG_2860-150x113.jpeg 150w, https:\/\/tuzlainfo.ba\/wp-content\/uploads\/2026\/03\/IMG_2860-500x375.jpeg 500w\" sizes=\"(max-width: 1800px) 100vw, 1800px\" \/><\/p>\n<p data-start=\"2668\" data-end=\"2960\">Da ovo \u010demu svjedo\u010dimo su Tuzlanskom kantonu, nije kulminacija nego tek po\u010detak je i najava iz Stranke za Bosnu i Hercegovinu u Tuzli, iz koje nam je potvr\u0111eno je da se u narednom periodu o\u010dekuje predstavljanje desetina novih \u010dlanova, uglavnom biv\u0161ih \u010dlanova Demokratske fronte.<\/p>\n<h3 data-start=\"2668\" data-end=\"2960\">\u0160ta \u0107e biti kada osvanu izborne liste?<\/h3>\n<p data-start=\"2962\" data-end=\"3177\">Liste za Op\u0161te izbore koji nas o\u010dekuju u oktobru 2026. u ve\u010dini stranaka su jo\u0161 uvijek u fazi &#8220;nacrta&#8221;, pa je kada se one objelodane za o\u010dekivati da se nezadovljni tako\u0111er odmetnu od svojih baza.<\/p>\n<p data-start=\"3179\" data-end=\"3400\" data-is-last-node=\"\" data-is-only-node=\"\">U takvom ambijentu, sve \u010de\u0161\u0107e se sti\u010de utisak da politi\u010dko djelovanje u Bosni i Hercegovini, u kojoj Tuzlanski kanton nije izuzetak, gubi su\u0161tinski smisao i da sve vi\u0161e podsje\u0107a na svojevrsnu politi\u010dku pijacu, u kojoj su prelasci, dogovori i interesi va\u017eniji od ideologije i principa. Do kada? <strong>\/Tuzlainfo.ba\/<\/strong><\/p>\n","protected":false},"excerpt":{"rendered":"<p>Politi\u010dka scena u Tuzlanskom kantonu od po\u010detka 2026. godine obilje\u017eena je intenzivnim \u201etransferima\u201c i sve&hellip;<\/p>\n","protected":false},"author":2,"featured_media":299914,"comment_status":"closed","ping_status":"closed","sticky":false,"template":"","format":"standard","meta":{"_acf_changed":false,"footnotes":""},"categories":[304,12,306],"tags":[5682,360],"acf":[],"yoast_head":"<!-- This site is optimized with the Yoast SEO plugin v23.5 - https:\/\/yoast.com\/wordpress\/plugins\/seo\/ -->\n<title>Ka\u017eu da &quot;najbolje&quot; tek dolazi: Promjena politi\u010dkih dresova u TK u punom jeku - TuzlaInfo.ba<\/title>\n<meta name=\"robots\" content=\"index, follow, max-snippet:-1, max-image-preview:large, max-video-preview:-1\" \/>\n<link rel=\"canonical\" href=\"https:\/\/tuzlainfo.ba\/index.php\/novosti\/item\/299913-kazu-da-najbolje-tek-dolazi-promjena-politickih-dresova-u-tk-u-punom-jeku\/\" \/>\n<meta property=\"og:locale\" content=\"bs_BA\" \/>\n<meta property=\"og:type\" content=\"article\" \/>\n<meta property=\"og:title\" content=\"Ka\u017eu da &quot;najbolje&quot; tek dolazi: Promjena politi\u010dkih dresova u TK u punom jeku - TuzlaInfo.ba\" \/>\n<meta property=\"og:description\" content=\"Politi\u010dka scena u Tuzlanskom kantonu od po\u010detka 2026. godine obilje\u017eena je intenzivnim \u201etransferima\u201c i sve&hellip;\" \/>\n<meta property=\"og:url\" content=\"https:\/\/tuzlainfo.ba\/index.php\/novosti\/item\/299913-kazu-da-najbolje-tek-dolazi-promjena-politickih-dresova-u-tk-u-punom-jeku\/\" \/>\n<meta property=\"og:site_name\" content=\"TuzlaInfo.ba\" \/>\n<meta property=\"article:publisher\" content=\"https:\/\/www.facebook.com\/tuzlainfo.ba\/\" \/>\n<meta property=\"article:published_time\" content=\"2026-04-12T18:52:13+00:00\" \/>\n<meta property=\"article:modified_time\" content=\"2026-04-12T19:04:38+00:00\" \/>\n<meta property=\"og:image\" content=\"https:\/\/tuzlainfo.ba\/wp-content\/uploads\/2026\/04\/1204_politika_preletaci_tuzlanski-kanton.jpg\" \/>\n\t<meta property=\"og:image:width\" content=\"1000\" \/>\n\t<meta property=\"og:image:height\" content=\"666\" \/>\n\t<meta property=\"og:image:type\" content=\"image\/jpeg\" \/>\n<meta name=\"author\" content=\"nedim\" \/>\n<meta name=\"twitter:card\" content=\"summary_large_image\" \/>\n<meta name=\"twitter:label1\" content=\"Written by\" \/>\n\t<meta name=\"twitter:data1\" content=\"nedim\" \/>\n\t<meta name=\"twitter:label2\" content=\"Est. reading time\" \/>\n\t<meta name=\"twitter:data2\" content=\"4 minute\" \/>\n<script type=\"application\/ld+json\" class=\"yoast-schema-graph\">{\"@context\":\"https:\/\/schema.org\",\"@graph\":[{\"@type\":\"Article\",\"@id\":\"https:\/\/tuzlainfo.ba\/index.php\/novosti\/item\/299913-kazu-da-najbolje-tek-dolazi-promjena-politickih-dresova-u-tk-u-punom-jeku\/#article\",\"isPartOf\":{\"@id\":\"https:\/\/tuzlainfo.ba\/index.php\/novosti\/item\/299913-kazu-da-najbolje-tek-dolazi-promjena-politickih-dresova-u-tk-u-punom-jeku\/\"},\"author\":{\"name\":\"nedim\",\"@id\":\"https:\/\/tuzlainfo.ba\/#\/schema\/person\/f434e20dc27ea133923aab08451b7f7f\"},\"headline\":\"Ka\u017eu da &#8220;najbolje&#8221; tek dolazi: Promjena politi\u010dkih dresova u TK u punom jeku\",\"datePublished\":\"2026-04-12T18:52:13+00:00\",\"dateModified\":\"2026-04-12T19:04:38+00:00\",\"mainEntityOfPage\":{\"@id\":\"https:\/\/tuzlainfo.ba\/index.php\/novosti\/item\/299913-kazu-da-najbolje-tek-dolazi-promjena-politickih-dresova-u-tk-u-punom-jeku\/\"},\"wordCount\":588,\"publisher\":{\"@id\":\"https:\/\/tuzlainfo.ba\/#organization\"},\"image\":{\"@id\":\"https:\/\/tuzlainfo.ba\/index.php\/novosti\/item\/299913-kazu-da-najbolje-tek-dolazi-promjena-politickih-dresova-u-tk-u-punom-jeku\/#primaryimage\"},\"thumbnailUrl\":\"https:\/\/tuzlainfo.ba\/wp-content\/uploads\/2026\/04\/1204_politika_preletaci_tuzlanski-kanton.jpg\",\"keywords\":[\"preleta\u010di\",\"tuzlanski kanton\"],\"articleSection\":[\"Istaknuto\",\"Novosti\",\"Preporu\u010dujemo\"],\"inLanguage\":\"bs-BA\"},{\"@type\":\"WebPage\",\"@id\":\"https:\/\/tuzlainfo.ba\/index.php\/novosti\/item\/299913-kazu-da-najbolje-tek-dolazi-promjena-politickih-dresova-u-tk-u-punom-jeku\/\",\"url\":\"https:\/\/tuzlainfo.ba\/index.php\/novosti\/item\/299913-kazu-da-najbolje-tek-dolazi-promjena-politickih-dresova-u-tk-u-punom-jeku\/\",\"name\":\"Ka\u017eu da \\\"najbolje\\\" tek dolazi: Promjena politi\u010dkih dresova u TK u punom jeku - TuzlaInfo.ba\",\"isPartOf\":{\"@id\":\"https:\/\/tuzlainfo.ba\/#website\"},\"primaryImageOfPage\":{\"@id\":\"https:\/\/tuzlainfo.ba\/index.php\/novosti\/item\/299913-kazu-da-najbolje-tek-dolazi-promjena-politickih-dresova-u-tk-u-punom-jeku\/#primaryimage\"},\"image\":{\"@id\":\"https:\/\/tuzlainfo.ba\/index.php\/novosti\/item\/299913-kazu-da-najbolje-tek-dolazi-promjena-politickih-dresova-u-tk-u-punom-jeku\/#primaryimage\"},\"thumbnailUrl\":\"https:\/\/tuzlainfo.ba\/wp-content\/uploads\/2026\/04\/1204_politika_preletaci_tuzlanski-kanton.jpg\",\"datePublished\":\"2026-04-12T18:52:13+00:00\",\"dateModified\":\"2026-04-12T19:04:38+00:00\",\"breadcrumb\":{\"@id\":\"https:\/\/tuzlainfo.ba\/index.php\/novosti\/item\/299913-kazu-da-najbolje-tek-dolazi-promjena-politickih-dresova-u-tk-u-punom-jeku\/#breadcrumb\"},\"inLanguage\":\"bs-BA\",\"potentialAction\":[{\"@type\":\"ReadAction\",\"target\":[\"https:\/\/tuzlainfo.ba\/index.php\/novosti\/item\/299913-kazu-da-najbolje-tek-dolazi-promjena-politickih-dresova-u-tk-u-punom-jeku\/\"]}]},{\"@type\":\"ImageObject\",\"inLanguage\":\"bs-BA\",\"@id\":\"https:\/\/tuzlainfo.ba\/index.php\/novosti\/item\/299913-kazu-da-najbolje-tek-dolazi-promjena-politickih-dresova-u-tk-u-punom-jeku\/#primaryimage\",\"url\":\"https:\/\/tuzlainfo.ba\/wp-content\/uploads\/2026\/04\/1204_politika_preletaci_tuzlanski-kanton.jpg\",\"contentUrl\":\"https:\/\/tuzlainfo.ba\/wp-content\/uploads\/2026\/04\/1204_politika_preletaci_tuzlanski-kanton.jpg\",\"width\":1000,\"height\":666},{\"@type\":\"BreadcrumbList\",\"@id\":\"https:\/\/tuzlainfo.ba\/index.php\/novosti\/item\/299913-kazu-da-najbolje-tek-dolazi-promjena-politickih-dresova-u-tk-u-punom-jeku\/#breadcrumb\",\"itemListElement\":[{\"@type\":\"ListItem\",\"position\":1,\"name\":\"Home\",\"item\":\"https:\/\/tuzlainfo.ba\/\"},{\"@type\":\"ListItem\",\"position\":2,\"name\":\"Ka\u017eu da &#8220;najbolje&#8221; tek dolazi: Promjena politi\u010dkih dresova u TK u punom jeku\"}]},{\"@type\":\"WebSite\",\"@id\":\"https:\/\/tuzlainfo.ba\/#website\",\"url\":\"https:\/\/tuzlainfo.ba\/\",\"name\":\"TuzlaInfo.ba\",\"description\":\"Tuzla info, gradski informator - Tuzla na dlanu\",\"publisher\":{\"@id\":\"https:\/\/tuzlainfo.ba\/#organization\"},\"potentialAction\":[{\"@type\":\"SearchAction\",\"target\":{\"@type\":\"EntryPoint\",\"urlTemplate\":\"https:\/\/tuzlainfo.ba\/?s={search_term_string}\"},\"query-input\":{\"@type\":\"PropertyValueSpecification\",\"valueRequired\":true,\"valueName\":\"search_term_string\"}}],\"inLanguage\":\"bs-BA\"},{\"@type\":\"Organization\",\"@id\":\"https:\/\/tuzlainfo.ba\/#organization\",\"name\":\"TuzlaInfo.ba\",\"url\":\"https:\/\/tuzlainfo.ba\/\",\"logo\":{\"@type\":\"ImageObject\",\"inLanguage\":\"bs-BA\",\"@id\":\"https:\/\/tuzlainfo.ba\/#\/schema\/logo\/image\/\",\"url\":\"https:\/\/tuzlainfo.ba\/wp-content\/uploads\/2021\/03\/logo-ver-3-1.png\",\"contentUrl\":\"https:\/\/tuzlainfo.ba\/wp-content\/uploads\/2021\/03\/logo-ver-3-1.png\",\"width\":350,\"height\":95,\"caption\":\"TuzlaInfo.ba\"},\"image\":{\"@id\":\"https:\/\/tuzlainfo.ba\/#\/schema\/logo\/image\/\"},\"sameAs\":[\"https:\/\/www.facebook.com\/tuzlainfo.ba\/\"]},{\"@type\":\"Person\",\"@id\":\"https:\/\/tuzlainfo.ba\/#\/schema\/person\/f434e20dc27ea133923aab08451b7f7f\",\"name\":\"nedim\",\"image\":{\"@type\":\"ImageObject\",\"inLanguage\":\"bs-BA\",\"@id\":\"https:\/\/tuzlainfo.ba\/#\/schema\/person\/image\/\",\"url\":\"https:\/\/tuzlainfo.ba\/wp-content\/litespeed\/avatar\/aabad687af24844af817603ac1cbdc4f.jpg?ver=1776702173\",\"contentUrl\":\"https:\/\/tuzlainfo.ba\/wp-content\/litespeed\/avatar\/aabad687af24844af817603ac1cbdc4f.jpg?ver=1776702173\",\"caption\":\"nedim\"},\"description\":\"Tuzlainfo.ba pratite na dru\u0161tvenim mre\u017eama: Facebook, Instagram i Youtube. Svoje pri\u010de, upite i fotografije \u0161aljite na na\u0161u e-mail adresu.\"}]}<\/script>\n<!-- \/ Yoast SEO plugin. -->","yoast_head_json":{"title":"Ka\u017eu da \"najbolje\" tek dolazi: Promjena politi\u010dkih dresova u TK u punom jeku - TuzlaInfo.ba","robots":{"index":"index","follow":"follow","max-snippet":"max-snippet:-1","max-image-preview":"max-image-preview:large","max-video-preview":"max-video-preview:-1"},"canonical":"https:\/\/tuzlainfo.ba\/index.php\/novosti\/item\/299913-kazu-da-najbolje-tek-dolazi-promjena-politickih-dresova-u-tk-u-punom-jeku\/","og_locale":"bs_BA","og_type":"article","og_title":"Ka\u017eu da \"najbolje\" tek dolazi: Promjena politi\u010dkih dresova u TK u punom jeku - TuzlaInfo.ba","og_description":"Politi\u010dka scena u Tuzlanskom kantonu od po\u010detka 2026. godine obilje\u017eena je intenzivnim \u201etransferima\u201c i sve&hellip;","og_url":"https:\/\/tuzlainfo.ba\/index.php\/novosti\/item\/299913-kazu-da-najbolje-tek-dolazi-promjena-politickih-dresova-u-tk-u-punom-jeku\/","og_site_name":"TuzlaInfo.ba","article_publisher":"https:\/\/www.facebook.com\/tuzlainfo.ba\/","article_published_time":"2026-04-12T18:52:13+00:00","article_modified_time":"2026-04-12T19:04:38+00:00","og_image":[{"width":1000,"height":666,"url":"https:\/\/tuzlainfo.ba\/wp-content\/uploads\/2026\/04\/1204_politika_preletaci_tuzlanski-kanton.jpg","type":"image\/jpeg"}],"author":"nedim","twitter_card":"summary_large_image","twitter_misc":{"Written by":"nedim","Est. reading time":"4 minute"},"schema":{"@context":"https:\/\/schema.org","@graph":[{"@type":"Article","@id":"https:\/\/tuzlainfo.ba\/index.php\/novosti\/item\/299913-kazu-da-najbolje-tek-dolazi-promjena-politickih-dresova-u-tk-u-punom-jeku\/#article","isPartOf":{"@id":"https:\/\/tuzlainfo.ba\/index.php\/novosti\/item\/299913-kazu-da-najbolje-tek-dolazi-promjena-politickih-dresova-u-tk-u-punom-jeku\/"},"author":{"name":"nedim","@id":"https:\/\/tuzlainfo.ba\/#\/schema\/person\/f434e20dc27ea133923aab08451b7f7f"},"headline":"Ka\u017eu da &#8220;najbolje&#8221; tek dolazi: Promjena politi\u010dkih dresova u TK u punom jeku","datePublished":"2026-04-12T18:52:13+00:00","dateModified":"2026-04-12T19:04:38+00:00","mainEntityOfPage":{"@id":"https:\/\/tuzlainfo.ba\/index.php\/novosti\/item\/299913-kazu-da-najbolje-tek-dolazi-promjena-politickih-dresova-u-tk-u-punom-jeku\/"},"wordCount":588,"publisher":{"@id":"https:\/\/tuzlainfo.ba\/#organization"},"image":{"@id":"https:\/\/tuzlainfo.ba\/index.php\/novosti\/item\/299913-kazu-da-najbolje-tek-dolazi-promjena-politickih-dresova-u-tk-u-punom-jeku\/#primaryimage"},"thumbnailUrl":"https:\/\/tuzlainfo.ba\/wp-content\/uploads\/2026\/04\/1204_politika_preletaci_tuzlanski-kanton.jpg","keywords":["preleta\u010di","tuzlanski kanton"],"articleSection":["Istaknuto","Novosti","Preporu\u010dujemo"],"inLanguage":"bs-BA"},{"@type":"WebPage","@id":"https:\/\/tuzlainfo.ba\/index.php\/novosti\/item\/299913-kazu-da-najbolje-tek-dolazi-promjena-politickih-dresova-u-tk-u-punom-jeku\/","url":"https:\/\/tuzlainfo.ba\/index.php\/novosti\/item\/299913-kazu-da-najbolje-tek-dolazi-promjena-politickih-dresova-u-tk-u-punom-jeku\/","name":"Ka\u017eu da \"najbolje\" tek dolazi: Promjena politi\u010dkih dresova u TK u punom jeku - TuzlaInfo.ba","isPartOf":{"@id":"https:\/\/tuzlainfo.ba\/#website"},"primaryImageOfPage":{"@id":"https:\/\/tuzlainfo.ba\/index.php\/novosti\/item\/299913-kazu-da-najbolje-tek-dolazi-promjena-politickih-dresova-u-tk-u-punom-jeku\/#primaryimage"},"image":{"@id":"https:\/\/tuzlainfo.ba\/index.php\/novosti\/item\/299913-kazu-da-najbolje-tek-dolazi-promjena-politickih-dresova-u-tk-u-punom-jeku\/#primaryimage"},"thumbnailUrl":"https:\/\/tuzlainfo.ba\/wp-content\/uploads\/2026\/04\/1204_politika_preletaci_tuzlanski-kanton.jpg","datePublished":"2026-04-12T18:52:13+00:00","dateModified":"2026-04-12T19:04:38+00:00","breadcrumb":{"@id":"https:\/\/tuzlainfo.ba\/index.php\/novosti\/item\/299913-kazu-da-najbolje-tek-dolazi-promjena-politickih-dresova-u-tk-u-punom-jeku\/#breadcrumb"},"inLanguage":"bs-BA","potentialAction":[{"@type":"ReadAction","target":["https:\/\/tuzlainfo.ba\/index.php\/novosti\/item\/299913-kazu-da-najbolje-tek-dolazi-promjena-politickih-dresova-u-tk-u-punom-jeku\/"]}]},{"@type":"ImageObject","inLanguage":"bs-BA","@id":"https:\/\/tuzlainfo.ba\/index.php\/novosti\/item\/299913-kazu-da-najbolje-tek-dolazi-promjena-politickih-dresova-u-tk-u-punom-jeku\/#primaryimage","url":"https:\/\/tuzlainfo.ba\/wp-content\/uploads\/2026\/04\/1204_politika_preletaci_tuzlanski-kanton.jpg","contentUrl":"https:\/\/tuzlainfo.ba\/wp-content\/uploads\/2026\/04\/1204_politika_preletaci_tuzlanski-kanton.jpg","width":1000,"height":666},{"@type":"BreadcrumbList","@id":"https:\/\/tuzlainfo.ba\/index.php\/novosti\/item\/299913-kazu-da-najbolje-tek-dolazi-promjena-politickih-dresova-u-tk-u-punom-jeku\/#breadcrumb","itemListElement":[{"@type":"ListItem","position":1,"name":"Home","item":"https:\/\/tuzlainfo.ba\/"},{"@type":"ListItem","position":2,"name":"Ka\u017eu da &#8220;najbolje&#8221; tek dolazi: Promjena politi\u010dkih dresova u TK u punom jeku"}]},{"@type":"WebSite","@id":"https:\/\/tuzlainfo.ba\/#website","url":"https:\/\/tuzlainfo.ba\/","name":"TuzlaInfo.ba","description":"Tuzla info, gradski informator - Tuzla na dlanu","publisher":{"@id":"https:\/\/tuzlainfo.ba\/#organization"},"potentialAction":[{"@type":"SearchAction","target":{"@type":"EntryPoint","urlTemplate":"https:\/\/tuzlainfo.ba\/?s={search_term_string}"},"query-input":{"@type":"PropertyValueSpecification","valueRequired":true,"valueName":"search_term_string"}}],"inLanguage":"bs-BA"},{"@type":"Organization","@id":"https:\/\/tuzlainfo.ba\/#organization","name":"TuzlaInfo.ba","url":"https:\/\/tuzlainfo.ba\/","logo":{"@type":"ImageObject","inLanguage":"bs-BA","@id":"https:\/\/tuzlainfo.ba\/#\/schema\/logo\/image\/","url":"https:\/\/tuzlainfo.ba\/wp-content\/uploads\/2021\/03\/logo-ver-3-1.png","contentUrl":"https:\/\/tuzlainfo.ba\/wp-content\/uploads\/2021\/03\/logo-ver-3-1.png","width":350,"height":95,"caption":"TuzlaInfo.ba"},"image":{"@id":"https:\/\/tuzlainfo.ba\/#\/schema\/logo\/image\/"},"sameAs":["https:\/\/www.facebook.com\/tuzlainfo.ba\/"]},{"@type":"Person","@id":"https:\/\/tuzlainfo.ba\/#\/schema\/person\/f434e20dc27ea133923aab08451b7f7f","name":"nedim","image":{"@type":"ImageObject","inLanguage":"bs-BA","@id":"https:\/\/tuzlainfo.ba\/#\/schema\/person\/image\/","url":"https:\/\/tuzlainfo.ba\/wp-content\/litespeed\/avatar\/aabad687af24844af817603ac1cbdc4f.jpg?ver=1776702173","contentUrl":"https:\/\/tuzlainfo.ba\/wp-content\/litespeed\/avatar\/aabad687af24844af817603ac1cbdc4f.jpg?ver=1776702173","caption":"nedim"},"description":"Tuzlainfo.ba pratite na dru\u0161tvenim mre\u017eama: Facebook, Instagram i Youtube. Svoje pri\u010de, upite i fotografije \u0161aljite na na\u0161u e-mail adresu."}]}},"_links":{"self":[{"href":"https:\/\/tuzlainfo.ba\/index.php\/wp-json\/wp\/v2\/posts\/299913"}],"collection":[{"href":"https:\/\/tuzlainfo.ba\/index.php\/wp-json\/wp\/v2\/posts"}],"about":[{"href":"https:\/\/tuzlainfo.ba\/index.php\/wp-json\/wp\/v2\/types\/post"}],"author":[{"embeddable":true,"href":"https:\/\/tuzlainfo.ba\/index.php\/wp-json\/wp\/v2\/users\/2"}],"replies":[{"embeddable":true,"href":"https:\/\/tuzlainfo.ba\/index.php\/wp-json\/wp\/v2\/comments?post=299913"}],"version-history":[{"count":1,"href":"https:\/\/tuzlainfo.ba\/index.php\/wp-json\/wp\/v2\/posts\/299913\/revisions"}],"predecessor-version":[{"id":299915,"href":"https:\/\/tuzlainfo.ba\/index.php\/wp-json\/wp\/v2\/posts\/299913\/revisions\/299915"}],"wp:featuredmedia":[{"embeddable":true,"href":"https:\/\/tuzlainfo.ba\/index.php\/wp-json\/wp\/v2\/media\/299914"}],"wp:attachment":[{"href":"https:\/\/tuzlainfo.ba\/index.php\/wp-json\/wp\/v2\/media?parent=299913"}],"wp:term":[{"taxonomy":"category","embeddable":true,"href":"https:\/\/tuzlainfo.ba\/index.php\/wp-json\/wp\/v2\/categories?post=299913"},{"taxonomy":"post_tag","embeddable":true,"href":"https:\/\/tuzlainfo.ba\/index.php\/wp-json\/wp\/v2\/tags?post=299913"}],"curies":[{"name":"wp","href":"https:\/\/api.w.org\/{rel}","templated":true}]}}