{"id":299808,"date":"2026-04-10T22:03:59","date_gmt":"2026-04-10T20:03:59","guid":{"rendered":"https:\/\/tuzlainfo.ba\/?p=299808"},"modified":"2026-04-10T20:31:52","modified_gmt":"2026-04-10T18:31:52","slug":"ees-izazvao-kolaps-na-granicama-oglasila-se-i-evropska-komisija","status":"publish","type":"post","link":"https:\/\/tuzlainfo.ba\/index.php\/clanci\/sa-svih-strana\/item\/299808-ees-izazvao-kolaps-na-granicama-oglasila-se-i-evropska-komisija\/","title":{"rendered":"EES izazvao kolaps na granicama, oglasila se i Evropska komisija"},"content":{"rendered":"<p data-start=\"0\" data-end=\"227\">Evropska komisija pozdravila je danas, 10. aprila, po\u010detak pune primjene sistema ulaska i izlaska (EES) u svim zemljama \u0160engenskog prostora, ocijeniv\u0161i da je rije\u010d o zna\u010dajnoj prekretnici u ja\u010danju sigurnosti evropskih granica.<\/p>\n<p data-start=\"229\" data-end=\"421\">Rije\u010d je o naprednom tehnolo\u0161kom sistemu koji digitalno evidentira ulaske i izlaske dr\u017eavljana zemalja van Evropske unije, \u010dime se u potpunosti zamjenjuje dosada\u0161nja praksa pe\u010datiranja paso\u0161a.<\/p>\n<p data-start=\"423\" data-end=\"711\">Prema podacima Evropske komisije, EES je od po\u010detka postepenog uvo\u0111enja u oktobru 2025. godine do danas registrovao vi\u0161e od 52 miliona ulazaka i izlazaka. Tako\u0111er je zabilje\u017eeno vi\u0161e od 27.000 odbijanja ulaska, dok je gotovo 700 osoba identificirano kao potencijalna sigurnosna prijetnja.<\/p>\n<p data-start=\"713\" data-end=\"1018\">Sistem omogu\u0107ava precizno pra\u0107enje boravka putnika, automatski otkriva prekora\u010denja dozvoljenog boravka, kao i poku\u0161aje zloupotrebe dokumenata i identiteta. Istaknuto je i da registracija putnika traje u prosjeku oko 70 sekundi, \u0161to se smatra vrlo efikasnim s obzirom na obim podataka koji se prikupljaju.<\/p>\n<p data-start=\"1020\" data-end=\"1207\">Izvr\u0161na potpredsjednica Evropske komisije za tehnolo\u0161ki suverenitet, sigurnost i demokratiju Hena Virkunen naglasila je da EES predstavlja veliki iskorak u za\u0161titi granica Evropske unije.<\/p>\n<p data-start=\"1209\" data-end=\"1386\">Komesar za unutra\u0161nje poslove i migracije Magnus Bruner poru\u010dio je da ovaj sistem omogu\u0107ava bolju kontrolu nad kretanjem putnika i dodatno ja\u010da sigurnost gra\u0111ana Evropske unije.<\/p>\n<p data-start=\"1388\" data-end=\"1597\">EES \u0107e se primjenjivati u 29 evropskih zemalja, a obuhvata prikupljanje biografskih i biometrijskih podataka putnika, uklju\u010duju\u0107i fotografisanje i uzimanje otisaka prstiju, kao i druge informacije o putovanju.<\/p>\n<p data-start=\"1599\" data-end=\"1844\">Istovremeno, po\u010detak pune primjene sistema ve\u0107 je izazvao zastoje na pojedinim grani\u010dnim prelazima. Na izlazu iz Bosne i Hercegovine, posebno na prelazima prema Republici Hrvatskoj, danas su zabilje\u017eene duge kolone vozila i zna\u010dajna zadr\u017eavanja.<\/p>\n","protected":false},"excerpt":{"rendered":"<p>Evropska komisija pozdravila je danas, 10. aprila, po\u010detak pune primjene sistema ulaska i izlaska (EES) u svim zemljama \u0160engenskog prostora, ocijeniv\u0161i da je rije\u010d o zna\u010dajnoj prekretnici u ja\u010danju sigurnosti evropskih granica. Rije\u010d je o naprednom tehnolo\u0161kom sistemu koji digitalno evidentira ulaske i izlaske dr\u017eavljana zemalja van Evropske unije, \u010dime se u potpunosti zamjenjuje dosada\u0161nja [&hellip;]<\/p>\n","protected":false},"author":2,"featured_media":212557,"comment_status":"closed","ping_status":"closed","sticky":false,"template":"","format":"standard","meta":{"footnotes":""},"categories":[16],"tags":[10769,455],"class_list":["post-299808","post","type-post","status-publish","format-standard","has-post-thumbnail","hentry","category-sa-svih-strana","tag-ees","tag-granica"],"yoast_head":"<!-- This site is optimized with the Yoast SEO plugin v28.3 - https:\/\/yoast.com\/product\/yoast-seo-wordpress\/ -->\n<title>EES izazvao kolaps na granicama, oglasila se i Evropska komisija<\/title>\n<meta name=\"robots\" content=\"index, follow, max-snippet:-1, max-image-preview:large, max-video-preview:-1\" \/>\n<link rel=\"canonical\" href=\"https:\/\/tuzlainfo.ba\/index.php\/clanci\/sa-svih-strana\/item\/299808-ees-izazvao-kolaps-na-granicama-oglasila-se-i-evropska-komisija\/\" \/>\n<meta property=\"og:locale\" content=\"bs_BA\" \/>\n<meta property=\"og:type\" content=\"article\" \/>\n<meta property=\"og:title\" content=\"EES izazvao kolaps na granicama, oglasila se i Evropska komisija\" \/>\n<meta property=\"og:description\" content=\"Evropska komisija pozdravila je danas, 10. aprila, po\u010detak pune primjene sistema ulaska i izlaska (EES) u svim zemljama \u0160engenskog prostora, ocijeniv\u0161i da je rije\u010d o zna\u010dajnoj prekretnici u ja\u010danju sigurnosti evropskih granica. Rije\u010d je o naprednom tehnolo\u0161kom sistemu koji digitalno evidentira ulaske i izlaske dr\u017eavljana zemalja van Evropske unije, \u010dime se u potpunosti zamjenjuje dosada\u0161nja [&hellip;]\" \/>\n<meta property=\"og:url\" content=\"https:\/\/tuzlainfo.ba\/index.php\/clanci\/sa-svih-strana\/item\/299808-ees-izazvao-kolaps-na-granicama-oglasila-se-i-evropska-komisija\/\" \/>\n<meta property=\"og:site_name\" content=\"TuzlaInfo.ba\" \/>\n<meta property=\"article:publisher\" content=\"https:\/\/www.facebook.com\/tuzlainfo.ba\/\" \/>\n<meta property=\"article:published_time\" content=\"2026-04-10T20:03:59+00:00\" \/>\n<meta property=\"og:image\" content=\"https:\/\/tuzlainfo.ba\/wp-content\/uploads\/2023\/08\/granica_granicni_EU.jpg\" \/>\n\t<meta property=\"og:image:width\" content=\"1000\" \/>\n\t<meta property=\"og:image:height\" content=\"552\" \/>\n\t<meta property=\"og:image:type\" content=\"image\/jpeg\" \/>\n<meta name=\"author\" content=\"nedim\" \/>\n<meta name=\"twitter:card\" content=\"summary_large_image\" \/>\n<meta name=\"twitter:label1\" content=\"Written by\" \/>\n\t<meta name=\"twitter:data1\" content=\"nedim\" \/>\n\t<meta name=\"twitter:label2\" content=\"Est. reading time\" \/>\n\t<meta name=\"twitter:data2\" content=\"2 minute\" \/>\n<script type=\"application\/ld+json\" class=\"yoast-schema-graph\">{\"@context\":\"https:\\\/\\\/schema.org\",\"@graph\":[{\"@type\":\"Article\",\"@id\":\"https:\\\/\\\/tuzlainfo.ba\\\/index.php\\\/clanci\\\/sa-svih-strana\\\/item\\\/299808-ees-izazvao-kolaps-na-granicama-oglasila-se-i-evropska-komisija\\\/#article\",\"isPartOf\":{\"@id\":\"https:\\\/\\\/tuzlainfo.ba\\\/index.php\\\/clanci\\\/sa-svih-strana\\\/item\\\/299808-ees-izazvao-kolaps-na-granicama-oglasila-se-i-evropska-komisija\\\/\"},\"author\":{\"name\":\"nedim\",\"@id\":\"https:\\\/\\\/tuzlainfo.ba\\\/#\\\/schema\\\/person\\\/f434e20dc27ea133923aab08451b7f7f\"},\"headline\":\"EES izazvao kolaps na granicama, oglasila se i Evropska komisija\",\"datePublished\":\"2026-04-10T20:03:59+00:00\",\"mainEntityOfPage\":{\"@id\":\"https:\\\/\\\/tuzlainfo.ba\\\/index.php\\\/clanci\\\/sa-svih-strana\\\/item\\\/299808-ees-izazvao-kolaps-na-granicama-oglasila-se-i-evropska-komisija\\\/\"},\"wordCount\":292,\"publisher\":{\"@id\":\"https:\\\/\\\/tuzlainfo.ba\\\/#organization\"},\"image\":{\"@id\":\"https:\\\/\\\/tuzlainfo.ba\\\/index.php\\\/clanci\\\/sa-svih-strana\\\/item\\\/299808-ees-izazvao-kolaps-na-granicama-oglasila-se-i-evropska-komisija\\\/#primaryimage\"},\"thumbnailUrl\":\"https:\\\/\\\/tuzlainfo.ba\\\/wp-content\\\/uploads\\\/2023\\\/08\\\/granica_granicni_EU.jpg\",\"keywords\":[\"EES\",\"granica\"],\"articleSection\":[\"Sa svih strana\"],\"inLanguage\":\"bs-BA\",\"copyrightYear\":\"2026\",\"copyrightHolder\":{\"@id\":\"https:\\\/\\\/tuzlainfo.ba\\\/#organization\"}},{\"@type\":\"WebPage\",\"@id\":\"https:\\\/\\\/tuzlainfo.ba\\\/index.php\\\/clanci\\\/sa-svih-strana\\\/item\\\/299808-ees-izazvao-kolaps-na-granicama-oglasila-se-i-evropska-komisija\\\/\",\"url\":\"https:\\\/\\\/tuzlainfo.ba\\\/index.php\\\/clanci\\\/sa-svih-strana\\\/item\\\/299808-ees-izazvao-kolaps-na-granicama-oglasila-se-i-evropska-komisija\\\/\",\"name\":\"EES izazvao kolaps na granicama, oglasila se i Evropska komisija\",\"isPartOf\":{\"@id\":\"https:\\\/\\\/tuzlainfo.ba\\\/#website\"},\"primaryImageOfPage\":{\"@id\":\"https:\\\/\\\/tuzlainfo.ba\\\/index.php\\\/clanci\\\/sa-svih-strana\\\/item\\\/299808-ees-izazvao-kolaps-na-granicama-oglasila-se-i-evropska-komisija\\\/#primaryimage\"},\"image\":{\"@id\":\"https:\\\/\\\/tuzlainfo.ba\\\/index.php\\\/clanci\\\/sa-svih-strana\\\/item\\\/299808-ees-izazvao-kolaps-na-granicama-oglasila-se-i-evropska-komisija\\\/#primaryimage\"},\"thumbnailUrl\":\"https:\\\/\\\/tuzlainfo.ba\\\/wp-content\\\/uploads\\\/2023\\\/08\\\/granica_granicni_EU.jpg\",\"datePublished\":\"2026-04-10T20:03:59+00:00\",\"breadcrumb\":{\"@id\":\"https:\\\/\\\/tuzlainfo.ba\\\/index.php\\\/clanci\\\/sa-svih-strana\\\/item\\\/299808-ees-izazvao-kolaps-na-granicama-oglasila-se-i-evropska-komisija\\\/#breadcrumb\"},\"inLanguage\":\"bs-BA\",\"potentialAction\":[{\"@type\":\"ReadAction\",\"target\":[\"https:\\\/\\\/tuzlainfo.ba\\\/index.php\\\/clanci\\\/sa-svih-strana\\\/item\\\/299808-ees-izazvao-kolaps-na-granicama-oglasila-se-i-evropska-komisija\\\/\"]}]},{\"@type\":\"ImageObject\",\"inLanguage\":\"bs-BA\",\"@id\":\"https:\\\/\\\/tuzlainfo.ba\\\/index.php\\\/clanci\\\/sa-svih-strana\\\/item\\\/299808-ees-izazvao-kolaps-na-granicama-oglasila-se-i-evropska-komisija\\\/#primaryimage\",\"url\":\"https:\\\/\\\/tuzlainfo.ba\\\/wp-content\\\/uploads\\\/2023\\\/08\\\/granica_granicni_EU.jpg\",\"contentUrl\":\"https:\\\/\\\/tuzlainfo.ba\\\/wp-content\\\/uploads\\\/2023\\\/08\\\/granica_granicni_EU.jpg\",\"width\":1000,\"height\":552,\"caption\":\"Foto: Ilustracija \\\/ Tuzlainfo.ba\"},{\"@type\":\"BreadcrumbList\",\"@id\":\"https:\\\/\\\/tuzlainfo.ba\\\/index.php\\\/clanci\\\/sa-svih-strana\\\/item\\\/299808-ees-izazvao-kolaps-na-granicama-oglasila-se-i-evropska-komisija\\\/#breadcrumb\",\"itemListElement\":[{\"@type\":\"ListItem\",\"position\":1,\"name\":\"Home\",\"item\":\"https:\\\/\\\/tuzlainfo.ba\\\/\"},{\"@type\":\"ListItem\",\"position\":2,\"name\":\"EES izazvao kolaps na granicama, oglasila se i Evropska komisija\"}]},{\"@type\":\"WebSite\",\"@id\":\"https:\\\/\\\/tuzlainfo.ba\\\/#website\",\"url\":\"https:\\\/\\\/tuzlainfo.ba\\\/\",\"name\":\"TuzlaInfo.ba\",\"description\":\"Tuzla info, gradski informator - Tuzla na dlanu\",\"publisher\":{\"@id\":\"https:\\\/\\\/tuzlainfo.ba\\\/#organization\"},\"potentialAction\":[{\"@type\":\"SearchAction\",\"target\":{\"@type\":\"EntryPoint\",\"urlTemplate\":\"https:\\\/\\\/tuzlainfo.ba\\\/?s={search_term_string}\"},\"query-input\":{\"@type\":\"PropertyValueSpecification\",\"valueRequired\":true,\"valueName\":\"search_term_string\"}}],\"inLanguage\":\"bs-BA\"},{\"@type\":\"Organization\",\"@id\":\"https:\\\/\\\/tuzlainfo.ba\\\/#organization\",\"name\":\"TuzlaInfo.ba\",\"url\":\"https:\\\/\\\/tuzlainfo.ba\\\/\",\"logo\":{\"@type\":\"ImageObject\",\"inLanguage\":\"bs-BA\",\"@id\":\"https:\\\/\\\/tuzlainfo.ba\\\/#\\\/schema\\\/logo\\\/image\\\/\",\"url\":\"https:\\\/\\\/tuzlainfo.ba\\\/wp-content\\\/uploads\\\/2021\\\/03\\\/logo-ver-3-1.png\",\"contentUrl\":\"https:\\\/\\\/tuzlainfo.ba\\\/wp-content\\\/uploads\\\/2021\\\/03\\\/logo-ver-3-1.png\",\"width\":350,\"height\":95,\"caption\":\"TuzlaInfo.ba\"},\"image\":{\"@id\":\"https:\\\/\\\/tuzlainfo.ba\\\/#\\\/schema\\\/logo\\\/image\\\/\"},\"sameAs\":[\"https:\\\/\\\/www.facebook.com\\\/tuzlainfo.ba\\\/\"]},{\"@type\":\"Person\",\"@id\":\"https:\\\/\\\/tuzlainfo.ba\\\/#\\\/schema\\\/person\\\/f434e20dc27ea133923aab08451b7f7f\",\"name\":\"nedim\",\"image\":{\"@type\":\"ImageObject\",\"inLanguage\":\"bs-BA\",\"@id\":\"https:\\\/\\\/secure.gravatar.com\\\/avatar\\\/5b928a2e7e70a54208d2eb6c1edcb75a5350d6ae97d5f0a701203d456823f6f3?s=96&d=mm&r=g\",\"url\":\"https:\\\/\\\/secure.gravatar.com\\\/avatar\\\/5b928a2e7e70a54208d2eb6c1edcb75a5350d6ae97d5f0a701203d456823f6f3?s=96&d=mm&r=g\",\"contentUrl\":\"https:\\\/\\\/secure.gravatar.com\\\/avatar\\\/5b928a2e7e70a54208d2eb6c1edcb75a5350d6ae97d5f0a701203d456823f6f3?s=96&d=mm&r=g\",\"caption\":\"nedim\"},\"description\":\"Tuzlainfo.ba pratite na dru\u0161tvenim mre\u017eama: Facebook, Instagram i Youtube. Svoje pri\u010de, upite i fotografije \u0161aljite na na\u0161u e-mail adresu.\"}]}<\/script>\n<!-- \/ Yoast SEO plugin. -->","yoast_head_json":{"title":"EES izazvao kolaps na granicama, oglasila se i Evropska komisija","robots":{"index":"index","follow":"follow","max-snippet":"max-snippet:-1","max-image-preview":"max-image-preview:large","max-video-preview":"max-video-preview:-1"},"canonical":"https:\/\/tuzlainfo.ba\/index.php\/clanci\/sa-svih-strana\/item\/299808-ees-izazvao-kolaps-na-granicama-oglasila-se-i-evropska-komisija\/","og_locale":"bs_BA","og_type":"article","og_title":"EES izazvao kolaps na granicama, oglasila se i Evropska komisija","og_description":"Evropska komisija pozdravila je danas, 10. aprila, po\u010detak pune primjene sistema ulaska i izlaska (EES) u svim zemljama \u0160engenskog prostora, ocijeniv\u0161i da je rije\u010d o zna\u010dajnoj prekretnici u ja\u010danju sigurnosti evropskih granica. Rije\u010d je o naprednom tehnolo\u0161kom sistemu koji digitalno evidentira ulaske i izlaske dr\u017eavljana zemalja van Evropske unije, \u010dime se u potpunosti zamjenjuje dosada\u0161nja [&hellip;]","og_url":"https:\/\/tuzlainfo.ba\/index.php\/clanci\/sa-svih-strana\/item\/299808-ees-izazvao-kolaps-na-granicama-oglasila-se-i-evropska-komisija\/","og_site_name":"TuzlaInfo.ba","article_publisher":"https:\/\/www.facebook.com\/tuzlainfo.ba\/","article_published_time":"2026-04-10T20:03:59+00:00","og_image":[{"width":1000,"height":552,"url":"https:\/\/tuzlainfo.ba\/wp-content\/uploads\/2023\/08\/granica_granicni_EU.jpg","type":"image\/jpeg"}],"author":"nedim","twitter_card":"summary_large_image","twitter_misc":{"Written by":"nedim","Est. reading time":"2 minute"},"schema":{"@context":"https:\/\/schema.org","@graph":[{"@type":"Article","@id":"https:\/\/tuzlainfo.ba\/index.php\/clanci\/sa-svih-strana\/item\/299808-ees-izazvao-kolaps-na-granicama-oglasila-se-i-evropska-komisija\/#article","isPartOf":{"@id":"https:\/\/tuzlainfo.ba\/index.php\/clanci\/sa-svih-strana\/item\/299808-ees-izazvao-kolaps-na-granicama-oglasila-se-i-evropska-komisija\/"},"author":{"name":"nedim","@id":"https:\/\/tuzlainfo.ba\/#\/schema\/person\/f434e20dc27ea133923aab08451b7f7f"},"headline":"EES izazvao kolaps na granicama, oglasila se i Evropska komisija","datePublished":"2026-04-10T20:03:59+00:00","mainEntityOfPage":{"@id":"https:\/\/tuzlainfo.ba\/index.php\/clanci\/sa-svih-strana\/item\/299808-ees-izazvao-kolaps-na-granicama-oglasila-se-i-evropska-komisija\/"},"wordCount":292,"publisher":{"@id":"https:\/\/tuzlainfo.ba\/#organization"},"image":{"@id":"https:\/\/tuzlainfo.ba\/index.php\/clanci\/sa-svih-strana\/item\/299808-ees-izazvao-kolaps-na-granicama-oglasila-se-i-evropska-komisija\/#primaryimage"},"thumbnailUrl":"https:\/\/tuzlainfo.ba\/wp-content\/uploads\/2023\/08\/granica_granicni_EU.jpg","keywords":["EES","granica"],"articleSection":["Sa svih strana"],"inLanguage":"bs-BA","copyrightYear":"2026","copyrightHolder":{"@id":"https:\/\/tuzlainfo.ba\/#organization"}},{"@type":"WebPage","@id":"https:\/\/tuzlainfo.ba\/index.php\/clanci\/sa-svih-strana\/item\/299808-ees-izazvao-kolaps-na-granicama-oglasila-se-i-evropska-komisija\/","url":"https:\/\/tuzlainfo.ba\/index.php\/clanci\/sa-svih-strana\/item\/299808-ees-izazvao-kolaps-na-granicama-oglasila-se-i-evropska-komisija\/","name":"EES izazvao kolaps na granicama, oglasila se i Evropska komisija","isPartOf":{"@id":"https:\/\/tuzlainfo.ba\/#website"},"primaryImageOfPage":{"@id":"https:\/\/tuzlainfo.ba\/index.php\/clanci\/sa-svih-strana\/item\/299808-ees-izazvao-kolaps-na-granicama-oglasila-se-i-evropska-komisija\/#primaryimage"},"image":{"@id":"https:\/\/tuzlainfo.ba\/index.php\/clanci\/sa-svih-strana\/item\/299808-ees-izazvao-kolaps-na-granicama-oglasila-se-i-evropska-komisija\/#primaryimage"},"thumbnailUrl":"https:\/\/tuzlainfo.ba\/wp-content\/uploads\/2023\/08\/granica_granicni_EU.jpg","datePublished":"2026-04-10T20:03:59+00:00","breadcrumb":{"@id":"https:\/\/tuzlainfo.ba\/index.php\/clanci\/sa-svih-strana\/item\/299808-ees-izazvao-kolaps-na-granicama-oglasila-se-i-evropska-komisija\/#breadcrumb"},"inLanguage":"bs-BA","potentialAction":[{"@type":"ReadAction","target":["https:\/\/tuzlainfo.ba\/index.php\/clanci\/sa-svih-strana\/item\/299808-ees-izazvao-kolaps-na-granicama-oglasila-se-i-evropska-komisija\/"]}]},{"@type":"ImageObject","inLanguage":"bs-BA","@id":"https:\/\/tuzlainfo.ba\/index.php\/clanci\/sa-svih-strana\/item\/299808-ees-izazvao-kolaps-na-granicama-oglasila-se-i-evropska-komisija\/#primaryimage","url":"https:\/\/tuzlainfo.ba\/wp-content\/uploads\/2023\/08\/granica_granicni_EU.jpg","contentUrl":"https:\/\/tuzlainfo.ba\/wp-content\/uploads\/2023\/08\/granica_granicni_EU.jpg","width":1000,"height":552,"caption":"Foto: Ilustracija \/ Tuzlainfo.ba"},{"@type":"BreadcrumbList","@id":"https:\/\/tuzlainfo.ba\/index.php\/clanci\/sa-svih-strana\/item\/299808-ees-izazvao-kolaps-na-granicama-oglasila-se-i-evropska-komisija\/#breadcrumb","itemListElement":[{"@type":"ListItem","position":1,"name":"Home","item":"https:\/\/tuzlainfo.ba\/"},{"@type":"ListItem","position":2,"name":"EES izazvao kolaps na granicama, oglasila se i Evropska komisija"}]},{"@type":"WebSite","@id":"https:\/\/tuzlainfo.ba\/#website","url":"https:\/\/tuzlainfo.ba\/","name":"TuzlaInfo.ba","description":"Tuzla info, gradski informator - Tuzla na dlanu","publisher":{"@id":"https:\/\/tuzlainfo.ba\/#organization"},"potentialAction":[{"@type":"SearchAction","target":{"@type":"EntryPoint","urlTemplate":"https:\/\/tuzlainfo.ba\/?s={search_term_string}"},"query-input":{"@type":"PropertyValueSpecification","valueRequired":true,"valueName":"search_term_string"}}],"inLanguage":"bs-BA"},{"@type":"Organization","@id":"https:\/\/tuzlainfo.ba\/#organization","name":"TuzlaInfo.ba","url":"https:\/\/tuzlainfo.ba\/","logo":{"@type":"ImageObject","inLanguage":"bs-BA","@id":"https:\/\/tuzlainfo.ba\/#\/schema\/logo\/image\/","url":"https:\/\/tuzlainfo.ba\/wp-content\/uploads\/2021\/03\/logo-ver-3-1.png","contentUrl":"https:\/\/tuzlainfo.ba\/wp-content\/uploads\/2021\/03\/logo-ver-3-1.png","width":350,"height":95,"caption":"TuzlaInfo.ba"},"image":{"@id":"https:\/\/tuzlainfo.ba\/#\/schema\/logo\/image\/"},"sameAs":["https:\/\/www.facebook.com\/tuzlainfo.ba\/"]},{"@type":"Person","@id":"https:\/\/tuzlainfo.ba\/#\/schema\/person\/f434e20dc27ea133923aab08451b7f7f","name":"nedim","image":{"@type":"ImageObject","inLanguage":"bs-BA","@id":"https:\/\/secure.gravatar.com\/avatar\/5b928a2e7e70a54208d2eb6c1edcb75a5350d6ae97d5f0a701203d456823f6f3?s=96&d=mm&r=g","url":"https:\/\/secure.gravatar.com\/avatar\/5b928a2e7e70a54208d2eb6c1edcb75a5350d6ae97d5f0a701203d456823f6f3?s=96&d=mm&r=g","contentUrl":"https:\/\/secure.gravatar.com\/avatar\/5b928a2e7e70a54208d2eb6c1edcb75a5350d6ae97d5f0a701203d456823f6f3?s=96&d=mm&r=g","caption":"nedim"},"description":"Tuzlainfo.ba pratite na dru\u0161tvenim mre\u017eama: Facebook, Instagram i Youtube. Svoje pri\u010de, upite i fotografije \u0161aljite na na\u0161u e-mail adresu."}]}},"_links":{"self":[{"href":"https:\/\/tuzlainfo.ba\/index.php\/wp-json\/wp\/v2\/posts\/299808","targetHints":{"allow":["GET"]}}],"collection":[{"href":"https:\/\/tuzlainfo.ba\/index.php\/wp-json\/wp\/v2\/posts"}],"about":[{"href":"https:\/\/tuzlainfo.ba\/index.php\/wp-json\/wp\/v2\/types\/post"}],"author":[{"embeddable":true,"href":"https:\/\/tuzlainfo.ba\/index.php\/wp-json\/wp\/v2\/users\/2"}],"replies":[{"embeddable":true,"href":"https:\/\/tuzlainfo.ba\/index.php\/wp-json\/wp\/v2\/comments?post=299808"}],"version-history":[{"count":1,"href":"https:\/\/tuzlainfo.ba\/index.php\/wp-json\/wp\/v2\/posts\/299808\/revisions"}],"predecessor-version":[{"id":299809,"href":"https:\/\/tuzlainfo.ba\/index.php\/wp-json\/wp\/v2\/posts\/299808\/revisions\/299809"}],"wp:featuredmedia":[{"embeddable":true,"href":"https:\/\/tuzlainfo.ba\/index.php\/wp-json\/wp\/v2\/media\/212557"}],"wp:attachment":[{"href":"https:\/\/tuzlainfo.ba\/index.php\/wp-json\/wp\/v2\/media?parent=299808"}],"wp:term":[{"taxonomy":"category","embeddable":true,"href":"https:\/\/tuzlainfo.ba\/index.php\/wp-json\/wp\/v2\/categories?post=299808"},{"taxonomy":"post_tag","embeddable":true,"href":"https:\/\/tuzlainfo.ba\/index.php\/wp-json\/wp\/v2\/tags?post=299808"}],"curies":[{"name":"wp","href":"https:\/\/api.w.org\/{rel}","templated":true}]}}