{"id":299746,"date":"2026-04-10T10:27:37","date_gmt":"2026-04-10T08:27:37","guid":{"rendered":"https:\/\/tuzlainfo.ba\/?p=299746"},"modified":"2026-04-10T09:39:19","modified_gmt":"2026-04-10T07:39:19","slug":"opozicija-u-rs-u-haosu-analiticari-tvrde-da-dodik-vec-sada-vodi","status":"publish","type":"post","link":"https:\/\/tuzlainfo.ba\/index.php\/bosna-i-hercegovina\/item\/299746-opozicija-u-rs-u-haosu-analiticari-tvrde-da-dodik-vec-sada-vodi\/","title":{"rendered":"Opozicija u RS u haosu, analiti\u010dari tvrde da Dodik ve\u0107 sada vodi"},"content":{"rendered":"<p>Opozicija u Republici Srpskoj ulazi u osjetljiv politi\u010dki period optere\u0107ena me\u0111usobnim nesuglasicama, a umjesto jasnog zajedni\u010dkog nastupa protiv vlasti, u javnosti sve \u010de\u0161\u0107e dominiraju sukobi unutar opozicionog bloka. Dok vladaju\u0107a koalicija povremene razmirice uglavnom uspijeva brzo skloniti iz fokusa, opozicija ostavlja utisak duboke podijeljenosti, \u0161to dodatno slabi njenu poziciju pred izbore.<\/p>\n<p>Na ozbiljnost situacije upozorila je i predsjednica Narodnog fronta Jelena Trivi\u0107, poru\u010div\u0161i da bi, ukoliko se ovakav trend nastavi, predsjednik SNSD-a Milorad Dodik mogao i prije izbora znati ishod politi\u010dke utakmice. Ipak, Trivi\u0107 smatra da prostor za dogovor jo\u0161 postoji.<\/p>\n<p>\u201cAko ovako nastave, Milorad Dodik ne mora \u010dekati oktobar da ih pobijedi\u201d, rekla je Trivi\u0107eva, dodaju\u0107i da je i dalje uvjerena da postoji \u0161ansa da se napravi dogovor i krene ka pobjedi u oktobru.<\/p>\n<p>Nedavni sastanak opozicije u Banjoj Luci, nakon kojeg nije bilo ni izjava ni zvani\u010dnog saop\u0107enja, samo je dodatno podgrijao sumnje da dogovor jo\u0161 nije ni blizu. Iako su u\u010desnici poku\u0161ali ostaviti utisak zatvorenog i kontrolisanog procesa, informacije koje su kasnije dospjele u javnost pokazale su da me\u0111u opozicionim liderima postoje ozbiljna razila\u017eenja, posebno kada je rije\u010d o kandidaturama za najva\u017enije funkcije, pi\u0161e <a href=\"https:\/\/srpskainfo.com\/politika\/foto-ni-blizu-jedinstva-da-li-je-dodik-vec-pobijedio-opoziciju\/\" target=\"_blank\" rel=\"noopener\">Srpska info<\/a>.<\/p>\n<p>Prema informacijama koje su se pojavile nakon sastanka, najve\u0107e neslaganje izbilo je oko kandidata za predsjednika Republike Srpske. Neboj\u0161a Vukanovi\u0107 insistirao je da to bude lider SDS-a Branko Blanu\u0161a, dok su iz novog politi\u010dkog pokreta Dra\u0161ka Stanivukovi\u0107a uvjereni da je upravo gradona\u010delnik Banje Luke najja\u010di kandidat opozicije. Dodatne tenzije izazvale su i Vukanovi\u0107eve optu\u017ebe da mu pojedini opozicioni akteri rade iza le\u0111a, kao i njegova poruka da ne\u0107e odustati od kandidature za \u010dlana Predsjedni\u0161tva BiH.<\/p>\n<p>Sociolog Drago Vukovi\u0107 smatra da aktuelni sukobi najbolje pokazuju stvarnu snagu opozicije. Prema njegovim rije\u010dima, i u vladaju\u0107em bloku postoje trzavice, ali je razlika u tome \u0161to partije okupljene oko SNSD-a opstaju zahvaljuju\u0107i snazi te stranke i njenog lidera, dok opozicija pokazuje ozbiljne slabosti.<\/p>\n<p>\u201cImamo krizu liderstva, krizu lo\u0161ih odnosa i jednu nervozu zbog nesposobnosti osvajanja vlasti u jednom dugom periodu\u201d, upozorio je Vukovi\u0107. On dodaje da je njegova ranija teza i dalje ista, da je opozicija slaba i razjedinjena, te da svaka ozbiljna \u0161ansa za uspjeh podrazumijeva neophodno jedinstvo. Iako ka\u017ee da mogu\u0107nost politi\u010dkog oporavka uvijek postoji, priznaje da nije optimista.<\/p>\n<p>Sli\u010dan stav iznosi i komunikolog Mladen Bubonji\u0107, koji ocjenjuje da opozicija ne vodi klju\u010dnu bitku na terenu novih bira\u010da, nego uglavnom preraspodjeljuje postoje\u0107u podr\u0161ku unutar vlastitog kruga. Kako navodi, SNSD je i dalje u prednosti zbog sna\u017ene baze i politi\u010dke kontrole koju godinama gradi.<\/p>\n<p>\u201cBitnija je baza. Tu SNSD ima odavno prednost. Opozicija mo\u017ee samo unutar sebe da se raspore\u0111uje\u201d, rekao je Bubonji\u0107. Posebno je ukazao na politi\u010dko pozicioniranje Dra\u0161ka Stanivukovi\u0107a, za kojeg tvrdi da vi\u0161e ne djeluje kao klasi\u010dni opozicionar, nego kao politi\u010dka opcija koja gradi vlastiti prostor.<\/p>\n<p>\u201cAko samo o njemu govorimo, postoji velika vjerovatno\u0107a da postigne dobar rezultat. Ali on odavno nije \u010dista opozicija, ve\u0107 politi\u010dka opcija samo za sebe\u201d, ocijenio je Bubonji\u0107.<\/p>\n<p>Sve to opoziciju u Republici Srpskoj dovodi u situaciju da, umjesto slanja poruke o promjeni, javnosti sve \u010de\u0161\u0107e pokazuje unutra\u0161nje slabosti. Ukoliko u narednim mjesecima ne do\u0111e do konsolidacije i jasnog dogovora o zajedni\u010dkom nastupu, oktobarski izbori mogli bi samo potvrditi odnos snaga koji se ve\u0107 sada nazire.<\/p>\n","protected":false},"excerpt":{"rendered":"<p>Opozicija u Republici Srpskoj ulazi u osjetljiv politi\u010dki period optere\u0107ena me\u0111usobnim nesuglasicama, a umjesto jasnog&hellip;<\/p>\n","protected":false},"author":8,"featured_media":262729,"comment_status":"closed","ping_status":"closed","sticky":false,"template":"","format":"standard","meta":{"_acf_changed":false,"footnotes":""},"categories":[291],"tags":[743,2001],"acf":[],"yoast_head":"<!-- This site is optimized with the Yoast SEO plugin v23.5 - https:\/\/yoast.com\/wordpress\/plugins\/seo\/ -->\n<title>Opozicija u RS u haosu, analiti\u010dari tvrde da Dodik ve\u0107 sada vodi - TuzlaInfo.ba<\/title>\n<meta name=\"robots\" content=\"index, follow, max-snippet:-1, max-image-preview:large, max-video-preview:-1\" \/>\n<link rel=\"canonical\" href=\"https:\/\/tuzlainfo.ba\/index.php\/bosna-i-hercegovina\/item\/299746-opozicija-u-rs-u-haosu-analiticari-tvrde-da-dodik-vec-sada-vodi\/\" \/>\n<meta property=\"og:locale\" content=\"bs_BA\" \/>\n<meta property=\"og:type\" content=\"article\" \/>\n<meta property=\"og:title\" content=\"Opozicija u RS u haosu, analiti\u010dari tvrde da Dodik ve\u0107 sada vodi - TuzlaInfo.ba\" \/>\n<meta property=\"og:description\" content=\"Opozicija u Republici Srpskoj ulazi u osjetljiv politi\u010dki period optere\u0107ena me\u0111usobnim nesuglasicama, a umjesto jasnog&hellip;\" \/>\n<meta property=\"og:url\" content=\"https:\/\/tuzlainfo.ba\/index.php\/bosna-i-hercegovina\/item\/299746-opozicija-u-rs-u-haosu-analiticari-tvrde-da-dodik-vec-sada-vodi\/\" \/>\n<meta property=\"og:site_name\" content=\"TuzlaInfo.ba\" \/>\n<meta property=\"article:publisher\" content=\"https:\/\/www.facebook.com\/tuzlainfo.ba\/\" \/>\n<meta property=\"article:published_time\" content=\"2026-04-10T08:27:37+00:00\" \/>\n<meta property=\"article:modified_time\" content=\"2026-04-10T07:39:19+00:00\" \/>\n<meta property=\"og:image\" content=\"https:\/\/tuzlainfo.ba\/wp-content\/uploads\/2025\/02\/1302_milorad_dodik.jpg\" \/>\n\t<meta property=\"og:image:width\" content=\"800\" \/>\n\t<meta property=\"og:image:height\" content=\"499\" \/>\n\t<meta property=\"og:image:type\" content=\"image\/jpeg\" \/>\n<meta name=\"author\" content=\"Admin Tri\" \/>\n<meta name=\"twitter:card\" content=\"summary_large_image\" \/>\n<meta name=\"twitter:label1\" content=\"Written by\" \/>\n\t<meta name=\"twitter:data1\" content=\"Admin Tri\" \/>\n\t<meta name=\"twitter:label2\" content=\"Est. reading time\" \/>\n\t<meta name=\"twitter:data2\" content=\"4 minute\" \/>\n<script type=\"application\/ld+json\" class=\"yoast-schema-graph\">{\"@context\":\"https:\/\/schema.org\",\"@graph\":[{\"@type\":\"Article\",\"@id\":\"https:\/\/tuzlainfo.ba\/index.php\/bosna-i-hercegovina\/item\/299746-opozicija-u-rs-u-haosu-analiticari-tvrde-da-dodik-vec-sada-vodi\/#article\",\"isPartOf\":{\"@id\":\"https:\/\/tuzlainfo.ba\/index.php\/bosna-i-hercegovina\/item\/299746-opozicija-u-rs-u-haosu-analiticari-tvrde-da-dodik-vec-sada-vodi\/\"},\"author\":{\"name\":\"Admin Tri\",\"@id\":\"https:\/\/tuzlainfo.ba\/#\/schema\/person\/593e78a2f6378c5ba3e7600ecfa4e63a\"},\"headline\":\"Opozicija u RS u haosu, analiti\u010dari tvrde da Dodik ve\u0107 sada vodi\",\"datePublished\":\"2026-04-10T08:27:37+00:00\",\"dateModified\":\"2026-04-10T07:39:19+00:00\",\"mainEntityOfPage\":{\"@id\":\"https:\/\/tuzlainfo.ba\/index.php\/bosna-i-hercegovina\/item\/299746-opozicija-u-rs-u-haosu-analiticari-tvrde-da-dodik-vec-sada-vodi\/\"},\"wordCount\":603,\"publisher\":{\"@id\":\"https:\/\/tuzlainfo.ba\/#organization\"},\"image\":{\"@id\":\"https:\/\/tuzlainfo.ba\/index.php\/bosna-i-hercegovina\/item\/299746-opozicija-u-rs-u-haosu-analiticari-tvrde-da-dodik-vec-sada-vodi\/#primaryimage\"},\"thumbnailUrl\":\"https:\/\/tuzlainfo.ba\/wp-content\/uploads\/2025\/02\/1302_milorad_dodik.jpg\",\"keywords\":[\"opozicija\",\"vlada rs\"],\"articleSection\":[\"Bosna i Hercegovina\"],\"inLanguage\":\"bs-BA\"},{\"@type\":\"WebPage\",\"@id\":\"https:\/\/tuzlainfo.ba\/index.php\/bosna-i-hercegovina\/item\/299746-opozicija-u-rs-u-haosu-analiticari-tvrde-da-dodik-vec-sada-vodi\/\",\"url\":\"https:\/\/tuzlainfo.ba\/index.php\/bosna-i-hercegovina\/item\/299746-opozicija-u-rs-u-haosu-analiticari-tvrde-da-dodik-vec-sada-vodi\/\",\"name\":\"Opozicija u RS u haosu, analiti\u010dari tvrde da Dodik ve\u0107 sada vodi - TuzlaInfo.ba\",\"isPartOf\":{\"@id\":\"https:\/\/tuzlainfo.ba\/#website\"},\"primaryImageOfPage\":{\"@id\":\"https:\/\/tuzlainfo.ba\/index.php\/bosna-i-hercegovina\/item\/299746-opozicija-u-rs-u-haosu-analiticari-tvrde-da-dodik-vec-sada-vodi\/#primaryimage\"},\"image\":{\"@id\":\"https:\/\/tuzlainfo.ba\/index.php\/bosna-i-hercegovina\/item\/299746-opozicija-u-rs-u-haosu-analiticari-tvrde-da-dodik-vec-sada-vodi\/#primaryimage\"},\"thumbnailUrl\":\"https:\/\/tuzlainfo.ba\/wp-content\/uploads\/2025\/02\/1302_milorad_dodik.jpg\",\"datePublished\":\"2026-04-10T08:27:37+00:00\",\"dateModified\":\"2026-04-10T07:39:19+00:00\",\"breadcrumb\":{\"@id\":\"https:\/\/tuzlainfo.ba\/index.php\/bosna-i-hercegovina\/item\/299746-opozicija-u-rs-u-haosu-analiticari-tvrde-da-dodik-vec-sada-vodi\/#breadcrumb\"},\"inLanguage\":\"bs-BA\",\"potentialAction\":[{\"@type\":\"ReadAction\",\"target\":[\"https:\/\/tuzlainfo.ba\/index.php\/bosna-i-hercegovina\/item\/299746-opozicija-u-rs-u-haosu-analiticari-tvrde-da-dodik-vec-sada-vodi\/\"]}]},{\"@type\":\"ImageObject\",\"inLanguage\":\"bs-BA\",\"@id\":\"https:\/\/tuzlainfo.ba\/index.php\/bosna-i-hercegovina\/item\/299746-opozicija-u-rs-u-haosu-analiticari-tvrde-da-dodik-vec-sada-vodi\/#primaryimage\",\"url\":\"https:\/\/tuzlainfo.ba\/wp-content\/uploads\/2025\/02\/1302_milorad_dodik.jpg\",\"contentUrl\":\"https:\/\/tuzlainfo.ba\/wp-content\/uploads\/2025\/02\/1302_milorad_dodik.jpg\",\"width\":800,\"height\":499},{\"@type\":\"BreadcrumbList\",\"@id\":\"https:\/\/tuzlainfo.ba\/index.php\/bosna-i-hercegovina\/item\/299746-opozicija-u-rs-u-haosu-analiticari-tvrde-da-dodik-vec-sada-vodi\/#breadcrumb\",\"itemListElement\":[{\"@type\":\"ListItem\",\"position\":1,\"name\":\"Home\",\"item\":\"https:\/\/tuzlainfo.ba\/\"},{\"@type\":\"ListItem\",\"position\":2,\"name\":\"Opozicija u RS u haosu, analiti\u010dari tvrde da Dodik ve\u0107 sada vodi\"}]},{\"@type\":\"WebSite\",\"@id\":\"https:\/\/tuzlainfo.ba\/#website\",\"url\":\"https:\/\/tuzlainfo.ba\/\",\"name\":\"TuzlaInfo.ba\",\"description\":\"Tuzla info, gradski informator - Tuzla na dlanu\",\"publisher\":{\"@id\":\"https:\/\/tuzlainfo.ba\/#organization\"},\"potentialAction\":[{\"@type\":\"SearchAction\",\"target\":{\"@type\":\"EntryPoint\",\"urlTemplate\":\"https:\/\/tuzlainfo.ba\/?s={search_term_string}\"},\"query-input\":{\"@type\":\"PropertyValueSpecification\",\"valueRequired\":true,\"valueName\":\"search_term_string\"}}],\"inLanguage\":\"bs-BA\"},{\"@type\":\"Organization\",\"@id\":\"https:\/\/tuzlainfo.ba\/#organization\",\"name\":\"TuzlaInfo.ba\",\"url\":\"https:\/\/tuzlainfo.ba\/\",\"logo\":{\"@type\":\"ImageObject\",\"inLanguage\":\"bs-BA\",\"@id\":\"https:\/\/tuzlainfo.ba\/#\/schema\/logo\/image\/\",\"url\":\"https:\/\/tuzlainfo.ba\/wp-content\/uploads\/2021\/03\/logo-ver-3-1.png\",\"contentUrl\":\"https:\/\/tuzlainfo.ba\/wp-content\/uploads\/2021\/03\/logo-ver-3-1.png\",\"width\":350,\"height\":95,\"caption\":\"TuzlaInfo.ba\"},\"image\":{\"@id\":\"https:\/\/tuzlainfo.ba\/#\/schema\/logo\/image\/\"},\"sameAs\":[\"https:\/\/www.facebook.com\/tuzlainfo.ba\/\"]},{\"@type\":\"Person\",\"@id\":\"https:\/\/tuzlainfo.ba\/#\/schema\/person\/593e78a2f6378c5ba3e7600ecfa4e63a\",\"name\":\"Admin Tri\",\"image\":{\"@type\":\"ImageObject\",\"inLanguage\":\"bs-BA\",\"@id\":\"https:\/\/tuzlainfo.ba\/#\/schema\/person\/image\/\",\"url\":\"https:\/\/tuzlainfo.ba\/wp-content\/litespeed\/avatar\/b7920db4cc34a71ad12497283ad2fe3f.jpg?ver=1777100914\",\"contentUrl\":\"https:\/\/tuzlainfo.ba\/wp-content\/litespeed\/avatar\/b7920db4cc34a71ad12497283ad2fe3f.jpg?ver=1777100914\",\"caption\":\"Admin Tri\"},\"sameAs\":[\"https:\/\/tuzlainfo.ba\"]}]}<\/script>\n<!-- \/ Yoast SEO plugin. -->","yoast_head_json":{"title":"Opozicija u RS u haosu, analiti\u010dari tvrde da Dodik ve\u0107 sada vodi - TuzlaInfo.ba","robots":{"index":"index","follow":"follow","max-snippet":"max-snippet:-1","max-image-preview":"max-image-preview:large","max-video-preview":"max-video-preview:-1"},"canonical":"https:\/\/tuzlainfo.ba\/index.php\/bosna-i-hercegovina\/item\/299746-opozicija-u-rs-u-haosu-analiticari-tvrde-da-dodik-vec-sada-vodi\/","og_locale":"bs_BA","og_type":"article","og_title":"Opozicija u RS u haosu, analiti\u010dari tvrde da Dodik ve\u0107 sada vodi - TuzlaInfo.ba","og_description":"Opozicija u Republici Srpskoj ulazi u osjetljiv politi\u010dki period optere\u0107ena me\u0111usobnim nesuglasicama, a umjesto jasnog&hellip;","og_url":"https:\/\/tuzlainfo.ba\/index.php\/bosna-i-hercegovina\/item\/299746-opozicija-u-rs-u-haosu-analiticari-tvrde-da-dodik-vec-sada-vodi\/","og_site_name":"TuzlaInfo.ba","article_publisher":"https:\/\/www.facebook.com\/tuzlainfo.ba\/","article_published_time":"2026-04-10T08:27:37+00:00","article_modified_time":"2026-04-10T07:39:19+00:00","og_image":[{"width":800,"height":499,"url":"https:\/\/tuzlainfo.ba\/wp-content\/uploads\/2025\/02\/1302_milorad_dodik.jpg","type":"image\/jpeg"}],"author":"Admin Tri","twitter_card":"summary_large_image","twitter_misc":{"Written by":"Admin Tri","Est. reading time":"4 minute"},"schema":{"@context":"https:\/\/schema.org","@graph":[{"@type":"Article","@id":"https:\/\/tuzlainfo.ba\/index.php\/bosna-i-hercegovina\/item\/299746-opozicija-u-rs-u-haosu-analiticari-tvrde-da-dodik-vec-sada-vodi\/#article","isPartOf":{"@id":"https:\/\/tuzlainfo.ba\/index.php\/bosna-i-hercegovina\/item\/299746-opozicija-u-rs-u-haosu-analiticari-tvrde-da-dodik-vec-sada-vodi\/"},"author":{"name":"Admin Tri","@id":"https:\/\/tuzlainfo.ba\/#\/schema\/person\/593e78a2f6378c5ba3e7600ecfa4e63a"},"headline":"Opozicija u RS u haosu, analiti\u010dari tvrde da Dodik ve\u0107 sada vodi","datePublished":"2026-04-10T08:27:37+00:00","dateModified":"2026-04-10T07:39:19+00:00","mainEntityOfPage":{"@id":"https:\/\/tuzlainfo.ba\/index.php\/bosna-i-hercegovina\/item\/299746-opozicija-u-rs-u-haosu-analiticari-tvrde-da-dodik-vec-sada-vodi\/"},"wordCount":603,"publisher":{"@id":"https:\/\/tuzlainfo.ba\/#organization"},"image":{"@id":"https:\/\/tuzlainfo.ba\/index.php\/bosna-i-hercegovina\/item\/299746-opozicija-u-rs-u-haosu-analiticari-tvrde-da-dodik-vec-sada-vodi\/#primaryimage"},"thumbnailUrl":"https:\/\/tuzlainfo.ba\/wp-content\/uploads\/2025\/02\/1302_milorad_dodik.jpg","keywords":["opozicija","vlada rs"],"articleSection":["Bosna i Hercegovina"],"inLanguage":"bs-BA"},{"@type":"WebPage","@id":"https:\/\/tuzlainfo.ba\/index.php\/bosna-i-hercegovina\/item\/299746-opozicija-u-rs-u-haosu-analiticari-tvrde-da-dodik-vec-sada-vodi\/","url":"https:\/\/tuzlainfo.ba\/index.php\/bosna-i-hercegovina\/item\/299746-opozicija-u-rs-u-haosu-analiticari-tvrde-da-dodik-vec-sada-vodi\/","name":"Opozicija u RS u haosu, analiti\u010dari tvrde da Dodik ve\u0107 sada vodi - TuzlaInfo.ba","isPartOf":{"@id":"https:\/\/tuzlainfo.ba\/#website"},"primaryImageOfPage":{"@id":"https:\/\/tuzlainfo.ba\/index.php\/bosna-i-hercegovina\/item\/299746-opozicija-u-rs-u-haosu-analiticari-tvrde-da-dodik-vec-sada-vodi\/#primaryimage"},"image":{"@id":"https:\/\/tuzlainfo.ba\/index.php\/bosna-i-hercegovina\/item\/299746-opozicija-u-rs-u-haosu-analiticari-tvrde-da-dodik-vec-sada-vodi\/#primaryimage"},"thumbnailUrl":"https:\/\/tuzlainfo.ba\/wp-content\/uploads\/2025\/02\/1302_milorad_dodik.jpg","datePublished":"2026-04-10T08:27:37+00:00","dateModified":"2026-04-10T07:39:19+00:00","breadcrumb":{"@id":"https:\/\/tuzlainfo.ba\/index.php\/bosna-i-hercegovina\/item\/299746-opozicija-u-rs-u-haosu-analiticari-tvrde-da-dodik-vec-sada-vodi\/#breadcrumb"},"inLanguage":"bs-BA","potentialAction":[{"@type":"ReadAction","target":["https:\/\/tuzlainfo.ba\/index.php\/bosna-i-hercegovina\/item\/299746-opozicija-u-rs-u-haosu-analiticari-tvrde-da-dodik-vec-sada-vodi\/"]}]},{"@type":"ImageObject","inLanguage":"bs-BA","@id":"https:\/\/tuzlainfo.ba\/index.php\/bosna-i-hercegovina\/item\/299746-opozicija-u-rs-u-haosu-analiticari-tvrde-da-dodik-vec-sada-vodi\/#primaryimage","url":"https:\/\/tuzlainfo.ba\/wp-content\/uploads\/2025\/02\/1302_milorad_dodik.jpg","contentUrl":"https:\/\/tuzlainfo.ba\/wp-content\/uploads\/2025\/02\/1302_milorad_dodik.jpg","width":800,"height":499},{"@type":"BreadcrumbList","@id":"https:\/\/tuzlainfo.ba\/index.php\/bosna-i-hercegovina\/item\/299746-opozicija-u-rs-u-haosu-analiticari-tvrde-da-dodik-vec-sada-vodi\/#breadcrumb","itemListElement":[{"@type":"ListItem","position":1,"name":"Home","item":"https:\/\/tuzlainfo.ba\/"},{"@type":"ListItem","position":2,"name":"Opozicija u RS u haosu, analiti\u010dari tvrde da Dodik ve\u0107 sada vodi"}]},{"@type":"WebSite","@id":"https:\/\/tuzlainfo.ba\/#website","url":"https:\/\/tuzlainfo.ba\/","name":"TuzlaInfo.ba","description":"Tuzla info, gradski informator - Tuzla na dlanu","publisher":{"@id":"https:\/\/tuzlainfo.ba\/#organization"},"potentialAction":[{"@type":"SearchAction","target":{"@type":"EntryPoint","urlTemplate":"https:\/\/tuzlainfo.ba\/?s={search_term_string}"},"query-input":{"@type":"PropertyValueSpecification","valueRequired":true,"valueName":"search_term_string"}}],"inLanguage":"bs-BA"},{"@type":"Organization","@id":"https:\/\/tuzlainfo.ba\/#organization","name":"TuzlaInfo.ba","url":"https:\/\/tuzlainfo.ba\/","logo":{"@type":"ImageObject","inLanguage":"bs-BA","@id":"https:\/\/tuzlainfo.ba\/#\/schema\/logo\/image\/","url":"https:\/\/tuzlainfo.ba\/wp-content\/uploads\/2021\/03\/logo-ver-3-1.png","contentUrl":"https:\/\/tuzlainfo.ba\/wp-content\/uploads\/2021\/03\/logo-ver-3-1.png","width":350,"height":95,"caption":"TuzlaInfo.ba"},"image":{"@id":"https:\/\/tuzlainfo.ba\/#\/schema\/logo\/image\/"},"sameAs":["https:\/\/www.facebook.com\/tuzlainfo.ba\/"]},{"@type":"Person","@id":"https:\/\/tuzlainfo.ba\/#\/schema\/person\/593e78a2f6378c5ba3e7600ecfa4e63a","name":"Admin Tri","image":{"@type":"ImageObject","inLanguage":"bs-BA","@id":"https:\/\/tuzlainfo.ba\/#\/schema\/person\/image\/","url":"https:\/\/tuzlainfo.ba\/wp-content\/litespeed\/avatar\/b7920db4cc34a71ad12497283ad2fe3f.jpg?ver=1777100914","contentUrl":"https:\/\/tuzlainfo.ba\/wp-content\/litespeed\/avatar\/b7920db4cc34a71ad12497283ad2fe3f.jpg?ver=1777100914","caption":"Admin Tri"},"sameAs":["https:\/\/tuzlainfo.ba"]}]}},"_links":{"self":[{"href":"https:\/\/tuzlainfo.ba\/index.php\/wp-json\/wp\/v2\/posts\/299746"}],"collection":[{"href":"https:\/\/tuzlainfo.ba\/index.php\/wp-json\/wp\/v2\/posts"}],"about":[{"href":"https:\/\/tuzlainfo.ba\/index.php\/wp-json\/wp\/v2\/types\/post"}],"author":[{"embeddable":true,"href":"https:\/\/tuzlainfo.ba\/index.php\/wp-json\/wp\/v2\/users\/8"}],"replies":[{"embeddable":true,"href":"https:\/\/tuzlainfo.ba\/index.php\/wp-json\/wp\/v2\/comments?post=299746"}],"version-history":[{"count":1,"href":"https:\/\/tuzlainfo.ba\/index.php\/wp-json\/wp\/v2\/posts\/299746\/revisions"}],"predecessor-version":[{"id":299747,"href":"https:\/\/tuzlainfo.ba\/index.php\/wp-json\/wp\/v2\/posts\/299746\/revisions\/299747"}],"wp:featuredmedia":[{"embeddable":true,"href":"https:\/\/tuzlainfo.ba\/index.php\/wp-json\/wp\/v2\/media\/262729"}],"wp:attachment":[{"href":"https:\/\/tuzlainfo.ba\/index.php\/wp-json\/wp\/v2\/media?parent=299746"}],"wp:term":[{"taxonomy":"category","embeddable":true,"href":"https:\/\/tuzlainfo.ba\/index.php\/wp-json\/wp\/v2\/categories?post=299746"},{"taxonomy":"post_tag","embeddable":true,"href":"https:\/\/tuzlainfo.ba\/index.php\/wp-json\/wp\/v2\/tags?post=299746"}],"curies":[{"name":"wp","href":"https:\/\/api.w.org\/{rel}","templated":true}]}}