{"id":299666,"date":"2026-04-09T15:06:33","date_gmt":"2026-04-09T13:06:33","guid":{"rendered":"https:\/\/tuzlainfo.ba\/?p=299666"},"modified":"2026-04-09T13:59:43","modified_gmt":"2026-04-09T11:59:43","slug":"uz-univerzalni-djecji-dodatak-traze-se-i-besplatni-vrtici-te-puna-plata-porodiljama","status":"publish","type":"post","link":"https:\/\/tuzlainfo.ba\/index.php\/bosna-i-hercegovina\/item\/299666-uz-univerzalni-djecji-dodatak-traze-se-i-besplatni-vrtici-te-puna-plata-porodiljama\/","title":{"rendered":"Uz univerzalni dje\u010dji dodatak tra\u017ee se i besplatni vrti\u0107i te puna plata porodiljama"},"content":{"rendered":"<p>Hrvatska stranka prava Bosne i Hercegovine, HSP BiH, pozdravila je raspravu u Parlamentu Federacije Bosne i Hercegovine o uvo\u0111enju univerzalnog dje\u010djeg dodatka za svu djecu, poru\u010div\u0161i da je rije\u010d o va\u017enom koraku u trenutku kada se zemlja suo\u010dava s ozbiljnim demografskim izazovima. Rasprava o univerzalnom dje\u010dijem dodatku otvorena je na tematskoj sjednici odr\u017eanoj 7. aprila u Parlamentu FBiH, u organizaciji Federalnog ministarstva rada i socijalne politike i uz partnerstvo UNICEF-a.<\/p>\n<p>U saop\u0107enju HSP-a BiH navodi se da su ovu mjeru predstavili javnosti jo\u0161 1. decembra 2025. godine, uz ocjenu da Bosna i Hercegovina ulazi u ozbiljnu demografsku krizu koja prijeti dugoro\u010dnoj stabilnosti dru\u0161tva i opstanku naroda. Iz stranke isti\u010du da univerzalni dje\u010dji dodatak predstavlja va\u017ean korak prema pravednijem i odgovornijem odnosu dr\u017eave prema porodici, te nagla\u0161avaju da svako dijete mora imati jednaku vrijednost i podr\u0161ku bez obzira na socijalni status roditelja.<\/p>\n<p>HSP BiH smatra da ova mjera ne smije ostati izolovan potez, nego dio \u0161ire i sistemske pronatalitetne politike. U tom kontekstu iz stranke navode da bi, uz dje\u010dji dodatak, istovremeno trebalo osigurati punu platu majkama tokom porodiljskog odsustva, uvesti besplatne vrti\u0107e za svu djecu, omogu\u0107iti subvencionisano stanovanje i najam za mlade porodice, te dodatno finansijski podsticati porodice s vi\u0161e djece.<\/p>\n<p>Rasprava u Parlamentu FBiH dolazi u trenutku kada se na federalnom nivou razmatraju konkretni modeli za \u0161irenje obuhvata dje\u010dijeg dodatka. Prema informacijama sa tematske sjednice i medijskim izvje\u0161tajima, jedan od modela predvi\u0111a da djeca do sedam godina ostvaruju pravo na dodatak bez obzira na primanja roditelja, dok bi za starije uzraste i dalje ostao na snazi imovinski cenzus. Pojedini mediji navode i da bi novi model mogao biti planiran za 2027. godinu, uz dodatne bud\u017eetske izdatke od oko 50 miliona KM.<\/p>\n<p>Federalno ministarstvo rada i socijalne politike ranije je saop\u0107ilo da je rije\u010d o jednoj od va\u017enijih reformi sistema socijalne i dje\u010dije za\u0161tite u Federaciji BiH, dok je ministar Adnan Deli\u0107 ovu raspravu opisao kao prvi razgovor o konkretnom modelu univerzalnog dje\u010dijeg dodatka na nivou Federacije.<\/p>\n<p>Iz HSP-a BiH podsje\u0107aju i da su ve\u0107 ranije predstavili model prema kojem bi se, kako tvrde, s oko tri posto bud\u017eeta mogle provesti klju\u010dne demografske mjere koje bi dale konkretne i mjerljive rezultate. U stranci smatraju da je upravo sada trenutak da se pitanje podr\u0161ke porodicama i djeci postavi me\u0111u prioritete javnih politika u Federaciji Bosne i Hercegovine.<\/p>\n<p>Meta opis: HSP BiH pozdravio je raspravu u Parlamentu FBiH o univerzalnom dje\u010djem dodatku, poru\u010div\u0161i da ta mjera mora biti dio \u0161ire pronatalitetne politike.<\/p>\n","protected":false},"excerpt":{"rendered":"<p>Hrvatska stranka prava Bosne i Hercegovine, HSP BiH, pozdravila je raspravu u Parlamentu Federacije Bosne&hellip;<\/p>\n","protected":false},"author":8,"featured_media":299667,"comment_status":"closed","ping_status":"closed","sticky":false,"template":"","format":"standard","meta":{"_acf_changed":false,"footnotes":""},"categories":[291],"tags":[2916,13748,12612],"acf":[],"yoast_head":"<!-- This site is optimized with the Yoast SEO plugin v23.5 - https:\/\/yoast.com\/wordpress\/plugins\/seo\/ -->\n<title>Uz univerzalni dje\u010dji dodatak tra\u017ee se i besplatni vrti\u0107i te puna plata porodiljama - TuzlaInfo.ba<\/title>\n<meta name=\"robots\" content=\"index, follow, max-snippet:-1, max-image-preview:large, max-video-preview:-1\" \/>\n<link rel=\"canonical\" href=\"https:\/\/tuzlainfo.ba\/index.php\/bosna-i-hercegovina\/item\/299666-uz-univerzalni-djecji-dodatak-traze-se-i-besplatni-vrtici-te-puna-plata-porodiljama\/\" \/>\n<meta property=\"og:locale\" content=\"bs_BA\" \/>\n<meta property=\"og:type\" content=\"article\" \/>\n<meta property=\"og:title\" content=\"Uz univerzalni dje\u010dji dodatak tra\u017ee se i besplatni vrti\u0107i te puna plata porodiljama - TuzlaInfo.ba\" \/>\n<meta property=\"og:description\" content=\"Hrvatska stranka prava Bosne i Hercegovine, HSP BiH, pozdravila je raspravu u Parlamentu Federacije Bosne&hellip;\" \/>\n<meta property=\"og:url\" content=\"https:\/\/tuzlainfo.ba\/index.php\/bosna-i-hercegovina\/item\/299666-uz-univerzalni-djecji-dodatak-traze-se-i-besplatni-vrtici-te-puna-plata-porodiljama\/\" \/>\n<meta property=\"og:site_name\" content=\"TuzlaInfo.ba\" \/>\n<meta property=\"article:publisher\" content=\"https:\/\/www.facebook.com\/tuzlainfo.ba\/\" \/>\n<meta property=\"article:published_time\" content=\"2026-04-09T13:06:33+00:00\" \/>\n<meta property=\"article:modified_time\" content=\"2026-04-09T11:59:43+00:00\" \/>\n<meta property=\"og:image\" content=\"https:\/\/tuzlainfo.ba\/wp-content\/uploads\/2026\/04\/family-spend-time-summer-garden-scaled.jpg\" \/>\n\t<meta property=\"og:image:width\" content=\"2560\" \/>\n\t<meta property=\"og:image:height\" content=\"1707\" \/>\n\t<meta property=\"og:image:type\" content=\"image\/jpeg\" \/>\n<meta name=\"author\" content=\"Admin Tri\" \/>\n<meta name=\"twitter:card\" content=\"summary_large_image\" \/>\n<meta name=\"twitter:label1\" content=\"Written by\" \/>\n\t<meta name=\"twitter:data1\" content=\"Admin Tri\" \/>\n\t<meta name=\"twitter:label2\" content=\"Est. reading time\" \/>\n\t<meta name=\"twitter:data2\" content=\"3 minute\" \/>\n<script type=\"application\/ld+json\" class=\"yoast-schema-graph\">{\"@context\":\"https:\/\/schema.org\",\"@graph\":[{\"@type\":\"Article\",\"@id\":\"https:\/\/tuzlainfo.ba\/index.php\/bosna-i-hercegovina\/item\/299666-uz-univerzalni-djecji-dodatak-traze-se-i-besplatni-vrtici-te-puna-plata-porodiljama\/#article\",\"isPartOf\":{\"@id\":\"https:\/\/tuzlainfo.ba\/index.php\/bosna-i-hercegovina\/item\/299666-uz-univerzalni-djecji-dodatak-traze-se-i-besplatni-vrtici-te-puna-plata-porodiljama\/\"},\"author\":{\"name\":\"Admin Tri\",\"@id\":\"https:\/\/tuzlainfo.ba\/#\/schema\/person\/593e78a2f6378c5ba3e7600ecfa4e63a\"},\"headline\":\"Uz univerzalni dje\u010dji dodatak tra\u017ee se i besplatni vrti\u0107i te puna plata porodiljama\",\"datePublished\":\"2026-04-09T13:06:33+00:00\",\"dateModified\":\"2026-04-09T11:59:43+00:00\",\"mainEntityOfPage\":{\"@id\":\"https:\/\/tuzlainfo.ba\/index.php\/bosna-i-hercegovina\/item\/299666-uz-univerzalni-djecji-dodatak-traze-se-i-besplatni-vrtici-te-puna-plata-porodiljama\/\"},\"wordCount\":459,\"publisher\":{\"@id\":\"https:\/\/tuzlainfo.ba\/#organization\"},\"image\":{\"@id\":\"https:\/\/tuzlainfo.ba\/index.php\/bosna-i-hercegovina\/item\/299666-uz-univerzalni-djecji-dodatak-traze-se-i-besplatni-vrtici-te-puna-plata-porodiljama\/#primaryimage\"},\"thumbnailUrl\":\"https:\/\/tuzlainfo.ba\/wp-content\/uploads\/2026\/04\/family-spend-time-summer-garden-scaled.jpg\",\"keywords\":[\"Dje\u010diji dodatak\",\"majka\",\"pla\u0107a\"],\"articleSection\":[\"Bosna i Hercegovina\"],\"inLanguage\":\"bs-BA\"},{\"@type\":\"WebPage\",\"@id\":\"https:\/\/tuzlainfo.ba\/index.php\/bosna-i-hercegovina\/item\/299666-uz-univerzalni-djecji-dodatak-traze-se-i-besplatni-vrtici-te-puna-plata-porodiljama\/\",\"url\":\"https:\/\/tuzlainfo.ba\/index.php\/bosna-i-hercegovina\/item\/299666-uz-univerzalni-djecji-dodatak-traze-se-i-besplatni-vrtici-te-puna-plata-porodiljama\/\",\"name\":\"Uz univerzalni dje\u010dji dodatak tra\u017ee se i besplatni vrti\u0107i te puna plata porodiljama - TuzlaInfo.ba\",\"isPartOf\":{\"@id\":\"https:\/\/tuzlainfo.ba\/#website\"},\"primaryImageOfPage\":{\"@id\":\"https:\/\/tuzlainfo.ba\/index.php\/bosna-i-hercegovina\/item\/299666-uz-univerzalni-djecji-dodatak-traze-se-i-besplatni-vrtici-te-puna-plata-porodiljama\/#primaryimage\"},\"image\":{\"@id\":\"https:\/\/tuzlainfo.ba\/index.php\/bosna-i-hercegovina\/item\/299666-uz-univerzalni-djecji-dodatak-traze-se-i-besplatni-vrtici-te-puna-plata-porodiljama\/#primaryimage\"},\"thumbnailUrl\":\"https:\/\/tuzlainfo.ba\/wp-content\/uploads\/2026\/04\/family-spend-time-summer-garden-scaled.jpg\",\"datePublished\":\"2026-04-09T13:06:33+00:00\",\"dateModified\":\"2026-04-09T11:59:43+00:00\",\"breadcrumb\":{\"@id\":\"https:\/\/tuzlainfo.ba\/index.php\/bosna-i-hercegovina\/item\/299666-uz-univerzalni-djecji-dodatak-traze-se-i-besplatni-vrtici-te-puna-plata-porodiljama\/#breadcrumb\"},\"inLanguage\":\"bs-BA\",\"potentialAction\":[{\"@type\":\"ReadAction\",\"target\":[\"https:\/\/tuzlainfo.ba\/index.php\/bosna-i-hercegovina\/item\/299666-uz-univerzalni-djecji-dodatak-traze-se-i-besplatni-vrtici-te-puna-plata-porodiljama\/\"]}]},{\"@type\":\"ImageObject\",\"inLanguage\":\"bs-BA\",\"@id\":\"https:\/\/tuzlainfo.ba\/index.php\/bosna-i-hercegovina\/item\/299666-uz-univerzalni-djecji-dodatak-traze-se-i-besplatni-vrtici-te-puna-plata-porodiljama\/#primaryimage\",\"url\":\"https:\/\/tuzlainfo.ba\/wp-content\/uploads\/2026\/04\/family-spend-time-summer-garden-scaled.jpg\",\"contentUrl\":\"https:\/\/tuzlainfo.ba\/wp-content\/uploads\/2026\/04\/family-spend-time-summer-garden-scaled.jpg\",\"width\":2560,\"height\":1707,\"caption\":\"Foto: Ilustracija\"},{\"@type\":\"BreadcrumbList\",\"@id\":\"https:\/\/tuzlainfo.ba\/index.php\/bosna-i-hercegovina\/item\/299666-uz-univerzalni-djecji-dodatak-traze-se-i-besplatni-vrtici-te-puna-plata-porodiljama\/#breadcrumb\",\"itemListElement\":[{\"@type\":\"ListItem\",\"position\":1,\"name\":\"Home\",\"item\":\"https:\/\/tuzlainfo.ba\/\"},{\"@type\":\"ListItem\",\"position\":2,\"name\":\"Uz univerzalni dje\u010dji dodatak tra\u017ee se i besplatni vrti\u0107i te puna plata porodiljama\"}]},{\"@type\":\"WebSite\",\"@id\":\"https:\/\/tuzlainfo.ba\/#website\",\"url\":\"https:\/\/tuzlainfo.ba\/\",\"name\":\"TuzlaInfo.ba\",\"description\":\"Tuzla info, gradski informator - Tuzla na dlanu\",\"publisher\":{\"@id\":\"https:\/\/tuzlainfo.ba\/#organization\"},\"potentialAction\":[{\"@type\":\"SearchAction\",\"target\":{\"@type\":\"EntryPoint\",\"urlTemplate\":\"https:\/\/tuzlainfo.ba\/?s={search_term_string}\"},\"query-input\":{\"@type\":\"PropertyValueSpecification\",\"valueRequired\":true,\"valueName\":\"search_term_string\"}}],\"inLanguage\":\"bs-BA\"},{\"@type\":\"Organization\",\"@id\":\"https:\/\/tuzlainfo.ba\/#organization\",\"name\":\"TuzlaInfo.ba\",\"url\":\"https:\/\/tuzlainfo.ba\/\",\"logo\":{\"@type\":\"ImageObject\",\"inLanguage\":\"bs-BA\",\"@id\":\"https:\/\/tuzlainfo.ba\/#\/schema\/logo\/image\/\",\"url\":\"https:\/\/tuzlainfo.ba\/wp-content\/uploads\/2021\/03\/logo-ver-3-1.png\",\"contentUrl\":\"https:\/\/tuzlainfo.ba\/wp-content\/uploads\/2021\/03\/logo-ver-3-1.png\",\"width\":350,\"height\":95,\"caption\":\"TuzlaInfo.ba\"},\"image\":{\"@id\":\"https:\/\/tuzlainfo.ba\/#\/schema\/logo\/image\/\"},\"sameAs\":[\"https:\/\/www.facebook.com\/tuzlainfo.ba\/\"]},{\"@type\":\"Person\",\"@id\":\"https:\/\/tuzlainfo.ba\/#\/schema\/person\/593e78a2f6378c5ba3e7600ecfa4e63a\",\"name\":\"Admin Tri\",\"image\":{\"@type\":\"ImageObject\",\"inLanguage\":\"bs-BA\",\"@id\":\"https:\/\/tuzlainfo.ba\/#\/schema\/person\/image\/\",\"url\":\"https:\/\/tuzlainfo.ba\/wp-content\/litespeed\/avatar\/b7920db4cc34a71ad12497283ad2fe3f.jpg?ver=1777100914\",\"contentUrl\":\"https:\/\/tuzlainfo.ba\/wp-content\/litespeed\/avatar\/b7920db4cc34a71ad12497283ad2fe3f.jpg?ver=1777100914\",\"caption\":\"Admin Tri\"},\"sameAs\":[\"https:\/\/tuzlainfo.ba\"]}]}<\/script>\n<!-- \/ Yoast SEO plugin. -->","yoast_head_json":{"title":"Uz univerzalni dje\u010dji dodatak tra\u017ee se i besplatni vrti\u0107i te puna plata porodiljama - TuzlaInfo.ba","robots":{"index":"index","follow":"follow","max-snippet":"max-snippet:-1","max-image-preview":"max-image-preview:large","max-video-preview":"max-video-preview:-1"},"canonical":"https:\/\/tuzlainfo.ba\/index.php\/bosna-i-hercegovina\/item\/299666-uz-univerzalni-djecji-dodatak-traze-se-i-besplatni-vrtici-te-puna-plata-porodiljama\/","og_locale":"bs_BA","og_type":"article","og_title":"Uz univerzalni dje\u010dji dodatak tra\u017ee se i besplatni vrti\u0107i te puna plata porodiljama - TuzlaInfo.ba","og_description":"Hrvatska stranka prava Bosne i Hercegovine, HSP BiH, pozdravila je raspravu u Parlamentu Federacije Bosne&hellip;","og_url":"https:\/\/tuzlainfo.ba\/index.php\/bosna-i-hercegovina\/item\/299666-uz-univerzalni-djecji-dodatak-traze-se-i-besplatni-vrtici-te-puna-plata-porodiljama\/","og_site_name":"TuzlaInfo.ba","article_publisher":"https:\/\/www.facebook.com\/tuzlainfo.ba\/","article_published_time":"2026-04-09T13:06:33+00:00","article_modified_time":"2026-04-09T11:59:43+00:00","og_image":[{"width":2560,"height":1707,"url":"https:\/\/tuzlainfo.ba\/wp-content\/uploads\/2026\/04\/family-spend-time-summer-garden-scaled.jpg","type":"image\/jpeg"}],"author":"Admin Tri","twitter_card":"summary_large_image","twitter_misc":{"Written by":"Admin Tri","Est. reading time":"3 minute"},"schema":{"@context":"https:\/\/schema.org","@graph":[{"@type":"Article","@id":"https:\/\/tuzlainfo.ba\/index.php\/bosna-i-hercegovina\/item\/299666-uz-univerzalni-djecji-dodatak-traze-se-i-besplatni-vrtici-te-puna-plata-porodiljama\/#article","isPartOf":{"@id":"https:\/\/tuzlainfo.ba\/index.php\/bosna-i-hercegovina\/item\/299666-uz-univerzalni-djecji-dodatak-traze-se-i-besplatni-vrtici-te-puna-plata-porodiljama\/"},"author":{"name":"Admin Tri","@id":"https:\/\/tuzlainfo.ba\/#\/schema\/person\/593e78a2f6378c5ba3e7600ecfa4e63a"},"headline":"Uz univerzalni dje\u010dji dodatak tra\u017ee se i besplatni vrti\u0107i te puna plata porodiljama","datePublished":"2026-04-09T13:06:33+00:00","dateModified":"2026-04-09T11:59:43+00:00","mainEntityOfPage":{"@id":"https:\/\/tuzlainfo.ba\/index.php\/bosna-i-hercegovina\/item\/299666-uz-univerzalni-djecji-dodatak-traze-se-i-besplatni-vrtici-te-puna-plata-porodiljama\/"},"wordCount":459,"publisher":{"@id":"https:\/\/tuzlainfo.ba\/#organization"},"image":{"@id":"https:\/\/tuzlainfo.ba\/index.php\/bosna-i-hercegovina\/item\/299666-uz-univerzalni-djecji-dodatak-traze-se-i-besplatni-vrtici-te-puna-plata-porodiljama\/#primaryimage"},"thumbnailUrl":"https:\/\/tuzlainfo.ba\/wp-content\/uploads\/2026\/04\/family-spend-time-summer-garden-scaled.jpg","keywords":["Dje\u010diji dodatak","majka","pla\u0107a"],"articleSection":["Bosna i Hercegovina"],"inLanguage":"bs-BA"},{"@type":"WebPage","@id":"https:\/\/tuzlainfo.ba\/index.php\/bosna-i-hercegovina\/item\/299666-uz-univerzalni-djecji-dodatak-traze-se-i-besplatni-vrtici-te-puna-plata-porodiljama\/","url":"https:\/\/tuzlainfo.ba\/index.php\/bosna-i-hercegovina\/item\/299666-uz-univerzalni-djecji-dodatak-traze-se-i-besplatni-vrtici-te-puna-plata-porodiljama\/","name":"Uz univerzalni dje\u010dji dodatak tra\u017ee se i besplatni vrti\u0107i te puna plata porodiljama - TuzlaInfo.ba","isPartOf":{"@id":"https:\/\/tuzlainfo.ba\/#website"},"primaryImageOfPage":{"@id":"https:\/\/tuzlainfo.ba\/index.php\/bosna-i-hercegovina\/item\/299666-uz-univerzalni-djecji-dodatak-traze-se-i-besplatni-vrtici-te-puna-plata-porodiljama\/#primaryimage"},"image":{"@id":"https:\/\/tuzlainfo.ba\/index.php\/bosna-i-hercegovina\/item\/299666-uz-univerzalni-djecji-dodatak-traze-se-i-besplatni-vrtici-te-puna-plata-porodiljama\/#primaryimage"},"thumbnailUrl":"https:\/\/tuzlainfo.ba\/wp-content\/uploads\/2026\/04\/family-spend-time-summer-garden-scaled.jpg","datePublished":"2026-04-09T13:06:33+00:00","dateModified":"2026-04-09T11:59:43+00:00","breadcrumb":{"@id":"https:\/\/tuzlainfo.ba\/index.php\/bosna-i-hercegovina\/item\/299666-uz-univerzalni-djecji-dodatak-traze-se-i-besplatni-vrtici-te-puna-plata-porodiljama\/#breadcrumb"},"inLanguage":"bs-BA","potentialAction":[{"@type":"ReadAction","target":["https:\/\/tuzlainfo.ba\/index.php\/bosna-i-hercegovina\/item\/299666-uz-univerzalni-djecji-dodatak-traze-se-i-besplatni-vrtici-te-puna-plata-porodiljama\/"]}]},{"@type":"ImageObject","inLanguage":"bs-BA","@id":"https:\/\/tuzlainfo.ba\/index.php\/bosna-i-hercegovina\/item\/299666-uz-univerzalni-djecji-dodatak-traze-se-i-besplatni-vrtici-te-puna-plata-porodiljama\/#primaryimage","url":"https:\/\/tuzlainfo.ba\/wp-content\/uploads\/2026\/04\/family-spend-time-summer-garden-scaled.jpg","contentUrl":"https:\/\/tuzlainfo.ba\/wp-content\/uploads\/2026\/04\/family-spend-time-summer-garden-scaled.jpg","width":2560,"height":1707,"caption":"Foto: Ilustracija"},{"@type":"BreadcrumbList","@id":"https:\/\/tuzlainfo.ba\/index.php\/bosna-i-hercegovina\/item\/299666-uz-univerzalni-djecji-dodatak-traze-se-i-besplatni-vrtici-te-puna-plata-porodiljama\/#breadcrumb","itemListElement":[{"@type":"ListItem","position":1,"name":"Home","item":"https:\/\/tuzlainfo.ba\/"},{"@type":"ListItem","position":2,"name":"Uz univerzalni dje\u010dji dodatak tra\u017ee se i besplatni vrti\u0107i te puna plata porodiljama"}]},{"@type":"WebSite","@id":"https:\/\/tuzlainfo.ba\/#website","url":"https:\/\/tuzlainfo.ba\/","name":"TuzlaInfo.ba","description":"Tuzla info, gradski informator - Tuzla na dlanu","publisher":{"@id":"https:\/\/tuzlainfo.ba\/#organization"},"potentialAction":[{"@type":"SearchAction","target":{"@type":"EntryPoint","urlTemplate":"https:\/\/tuzlainfo.ba\/?s={search_term_string}"},"query-input":{"@type":"PropertyValueSpecification","valueRequired":true,"valueName":"search_term_string"}}],"inLanguage":"bs-BA"},{"@type":"Organization","@id":"https:\/\/tuzlainfo.ba\/#organization","name":"TuzlaInfo.ba","url":"https:\/\/tuzlainfo.ba\/","logo":{"@type":"ImageObject","inLanguage":"bs-BA","@id":"https:\/\/tuzlainfo.ba\/#\/schema\/logo\/image\/","url":"https:\/\/tuzlainfo.ba\/wp-content\/uploads\/2021\/03\/logo-ver-3-1.png","contentUrl":"https:\/\/tuzlainfo.ba\/wp-content\/uploads\/2021\/03\/logo-ver-3-1.png","width":350,"height":95,"caption":"TuzlaInfo.ba"},"image":{"@id":"https:\/\/tuzlainfo.ba\/#\/schema\/logo\/image\/"},"sameAs":["https:\/\/www.facebook.com\/tuzlainfo.ba\/"]},{"@type":"Person","@id":"https:\/\/tuzlainfo.ba\/#\/schema\/person\/593e78a2f6378c5ba3e7600ecfa4e63a","name":"Admin Tri","image":{"@type":"ImageObject","inLanguage":"bs-BA","@id":"https:\/\/tuzlainfo.ba\/#\/schema\/person\/image\/","url":"https:\/\/tuzlainfo.ba\/wp-content\/litespeed\/avatar\/b7920db4cc34a71ad12497283ad2fe3f.jpg?ver=1777100914","contentUrl":"https:\/\/tuzlainfo.ba\/wp-content\/litespeed\/avatar\/b7920db4cc34a71ad12497283ad2fe3f.jpg?ver=1777100914","caption":"Admin Tri"},"sameAs":["https:\/\/tuzlainfo.ba"]}]}},"_links":{"self":[{"href":"https:\/\/tuzlainfo.ba\/index.php\/wp-json\/wp\/v2\/posts\/299666"}],"collection":[{"href":"https:\/\/tuzlainfo.ba\/index.php\/wp-json\/wp\/v2\/posts"}],"about":[{"href":"https:\/\/tuzlainfo.ba\/index.php\/wp-json\/wp\/v2\/types\/post"}],"author":[{"embeddable":true,"href":"https:\/\/tuzlainfo.ba\/index.php\/wp-json\/wp\/v2\/users\/8"}],"replies":[{"embeddable":true,"href":"https:\/\/tuzlainfo.ba\/index.php\/wp-json\/wp\/v2\/comments?post=299666"}],"version-history":[{"count":1,"href":"https:\/\/tuzlainfo.ba\/index.php\/wp-json\/wp\/v2\/posts\/299666\/revisions"}],"predecessor-version":[{"id":299668,"href":"https:\/\/tuzlainfo.ba\/index.php\/wp-json\/wp\/v2\/posts\/299666\/revisions\/299668"}],"wp:featuredmedia":[{"embeddable":true,"href":"https:\/\/tuzlainfo.ba\/index.php\/wp-json\/wp\/v2\/media\/299667"}],"wp:attachment":[{"href":"https:\/\/tuzlainfo.ba\/index.php\/wp-json\/wp\/v2\/media?parent=299666"}],"wp:term":[{"taxonomy":"category","embeddable":true,"href":"https:\/\/tuzlainfo.ba\/index.php\/wp-json\/wp\/v2\/categories?post=299666"},{"taxonomy":"post_tag","embeddable":true,"href":"https:\/\/tuzlainfo.ba\/index.php\/wp-json\/wp\/v2\/tags?post=299666"}],"curies":[{"name":"wp","href":"https:\/\/api.w.org\/{rel}","templated":true}]}}