{"id":299641,"date":"2026-04-09T12:11:46","date_gmt":"2026-04-09T10:11:46","guid":{"rendered":"https:\/\/tuzlainfo.ba\/?p=299641"},"modified":"2026-04-09T12:11:46","modified_gmt":"2026-04-09T10:11:46","slug":"vukanovic-i-komsic-u-zestokoj-raspravi-uzivo-na-bhrt-u-kandiduj-se-u-srbiji","status":"publish","type":"post","link":"https:\/\/tuzlainfo.ba\/index.php\/bosna-i-hercegovina\/item\/299641-vukanovic-i-komsic-u-zestokoj-raspravi-uzivo-na-bhrt-u-kandiduj-se-u-srbiji\/","title":{"rendered":"Vukanovi\u0107 i Kom\u0161i\u0107 u \u017eestokoj raspravi u\u017eivo na BHRT-u: &#8220;Kandiduj se u Srbiji&#8221;"},"content":{"rendered":"<p>Tokom jutro\u0161njeg gostovanja lidera Liste za pravdu i red Neboj\u0161e Vukanovi\u0107a na BHRT-u, u programu u\u017eivo do\u0161lo je do verbalnog sukoba sa voditeljem Zvonkom Kom\u0161i\u0107em.<\/p>\n<p>Do rasprave je do\u0161lo nakon pitanja voditelja za koga \u0107e Vukanovi\u0107 navijati na Svjetskom prvenstvu u nogometu ovog ljeta. Odgovaraju\u0107i na to, Vukanovi\u0107 je kazao da se ne\u0107e neradovati uspjesima Bosne i Hercegovine, te poru\u010dio da u sportu, kao i u drugim oblastima, na odgovorne pozicije treba postavljati stru\u010dne i profesionalne ljude.<\/p>\n<p>Kada ga je Kom\u0161i\u0107 prekinuo uz komentar da ne daje diplomatske odgovore, Vukanovi\u0107 je rekao da navija za Srbiju i Crvenu zvezdu, ali i da se nikada nije radovao neuspjesima Bosne i Hercegovine. U nastavku razgovora poru\u010dio je da od njega niko ne mo\u017ee tra\u017eiti da za BiH navija jednako sr\u010dano kao za Srbiju.<\/p>\n<p>Nakon toga uslijedila je nova razmjena te\u0161kih rije\u010di. Kom\u0161i\u0107 je ocijenio da Vukanovi\u0107, ukoliko ne voli ovu zemlju, ne mo\u017ee biti kandidat za Predsjedni\u0161tvo Bosne i Hercegovine, a potom mu poru\u010dio da bi, ako mu je Srbija va\u017enija, trebalo da ide tamo i kandiduje se za predsjednika.<\/p>\n<p>Vukanovi\u0107 i Kom\u0161i\u0107 tada su u\u0161li u otvoren verbalni obra\u010dun. Vukanovi\u0107 je voditelju odgovorio da je takav nastup \u201cjako bezobrazan\u201d i naglasio da to nije \u201cva\u0161a zemlja\u201d, jer njegova porodica na ovim prostorima \u017eivi 300 godina. Kom\u0161i\u0107 mu je uzvratio da ovo nije Narodna skup\u0161tina Republike Srpske.<\/p>\n<p>Dok se u pozadini \u010duo Vukanovi\u0107 kako govori da ga ne mo\u017ee prekidati, Kom\u0161i\u0107 je odjavio njegovo gostovanje i prekinuo razgovor u programu u\u017eivo. Vukanovi\u0107 i Kom\u0161i\u0107 tako su postali glavna tema jutarnjeg programa BHRT-a, a snimak njihovog sukoba ubrzo je izazvao brojne reakcije u javnosti.<\/p>\n","protected":false},"excerpt":{"rendered":"<p>Tokom jutro\u0161njeg gostovanja lidera Liste za pravdu i red Neboj\u0161e Vukanovi\u0107a na BHRT-u, u programu&hellip;<\/p>\n","protected":false},"author":8,"featured_media":299642,"comment_status":"closed","ping_status":"closed","sticky":false,"template":"","format":"standard","meta":{"_acf_changed":false,"footnotes":""},"categories":[291],"tags":[1341,13746],"acf":[],"yoast_head":"<!-- This site is optimized with the Yoast SEO plugin v23.5 - https:\/\/yoast.com\/wordpress\/plugins\/seo\/ -->\n<title>Vukanovi\u0107 i Kom\u0161i\u0107 u \u017eestokoj raspravi u\u017eivo na BHRT-u: &quot;Kandiduj se u Srbiji&quot; - TuzlaInfo.ba<\/title>\n<meta name=\"robots\" content=\"index, follow, max-snippet:-1, max-image-preview:large, max-video-preview:-1\" \/>\n<link rel=\"canonical\" href=\"https:\/\/tuzlainfo.ba\/index.php\/bosna-i-hercegovina\/item\/299641-vukanovic-i-komsic-u-zestokoj-raspravi-uzivo-na-bhrt-u-kandiduj-se-u-srbiji\/\" \/>\n<meta property=\"og:locale\" content=\"bs_BA\" \/>\n<meta property=\"og:type\" content=\"article\" \/>\n<meta property=\"og:title\" content=\"Vukanovi\u0107 i Kom\u0161i\u0107 u \u017eestokoj raspravi u\u017eivo na BHRT-u: &quot;Kandiduj se u Srbiji&quot; - TuzlaInfo.ba\" \/>\n<meta property=\"og:description\" content=\"Tokom jutro\u0161njeg gostovanja lidera Liste za pravdu i red Neboj\u0161e Vukanovi\u0107a na BHRT-u, u programu&hellip;\" \/>\n<meta property=\"og:url\" content=\"https:\/\/tuzlainfo.ba\/index.php\/bosna-i-hercegovina\/item\/299641-vukanovic-i-komsic-u-zestokoj-raspravi-uzivo-na-bhrt-u-kandiduj-se-u-srbiji\/\" \/>\n<meta property=\"og:site_name\" content=\"TuzlaInfo.ba\" \/>\n<meta property=\"article:publisher\" content=\"https:\/\/www.facebook.com\/tuzlainfo.ba\/\" \/>\n<meta property=\"article:published_time\" content=\"2026-04-09T10:11:46+00:00\" \/>\n<meta property=\"og:image\" content=\"https:\/\/tuzlainfo.ba\/wp-content\/uploads\/2026\/04\/Screenshot-2026-04-09-120455.png\" \/>\n\t<meta property=\"og:image:width\" content=\"1424\" \/>\n\t<meta property=\"og:image:height\" content=\"821\" \/>\n\t<meta property=\"og:image:type\" content=\"image\/png\" \/>\n<meta name=\"author\" content=\"Admin Tri\" \/>\n<meta name=\"twitter:card\" content=\"summary_large_image\" \/>\n<meta name=\"twitter:label1\" content=\"Written by\" \/>\n\t<meta name=\"twitter:data1\" content=\"Admin Tri\" \/>\n\t<meta name=\"twitter:label2\" content=\"Est. reading time\" \/>\n\t<meta name=\"twitter:data2\" content=\"2 minute\" \/>\n<script type=\"application\/ld+json\" class=\"yoast-schema-graph\">{\"@context\":\"https:\/\/schema.org\",\"@graph\":[{\"@type\":\"Article\",\"@id\":\"https:\/\/tuzlainfo.ba\/index.php\/bosna-i-hercegovina\/item\/299641-vukanovic-i-komsic-u-zestokoj-raspravi-uzivo-na-bhrt-u-kandiduj-se-u-srbiji\/#article\",\"isPartOf\":{\"@id\":\"https:\/\/tuzlainfo.ba\/index.php\/bosna-i-hercegovina\/item\/299641-vukanovic-i-komsic-u-zestokoj-raspravi-uzivo-na-bhrt-u-kandiduj-se-u-srbiji\/\"},\"author\":{\"name\":\"Admin Tri\",\"@id\":\"https:\/\/tuzlainfo.ba\/#\/schema\/person\/593e78a2f6378c5ba3e7600ecfa4e63a\"},\"headline\":\"Vukanovi\u0107 i Kom\u0161i\u0107 u \u017eestokoj raspravi u\u017eivo na BHRT-u: &#8220;Kandiduj se u Srbiji&#8221;\",\"datePublished\":\"2026-04-09T10:11:46+00:00\",\"dateModified\":\"2026-04-09T10:11:46+00:00\",\"mainEntityOfPage\":{\"@id\":\"https:\/\/tuzlainfo.ba\/index.php\/bosna-i-hercegovina\/item\/299641-vukanovic-i-komsic-u-zestokoj-raspravi-uzivo-na-bhrt-u-kandiduj-se-u-srbiji\/\"},\"wordCount\":319,\"publisher\":{\"@id\":\"https:\/\/tuzlainfo.ba\/#organization\"},\"image\":{\"@id\":\"https:\/\/tuzlainfo.ba\/index.php\/bosna-i-hercegovina\/item\/299641-vukanovic-i-komsic-u-zestokoj-raspravi-uzivo-na-bhrt-u-kandiduj-se-u-srbiji\/#primaryimage\"},\"thumbnailUrl\":\"https:\/\/tuzlainfo.ba\/wp-content\/uploads\/2026\/04\/Screenshot-2026-04-09-120455.png\",\"keywords\":[\"neboj\u0161a Vukanovi\u0107\",\"zvonko kom\u0161i\u0107\"],\"articleSection\":[\"Bosna i Hercegovina\"],\"inLanguage\":\"bs-BA\"},{\"@type\":\"WebPage\",\"@id\":\"https:\/\/tuzlainfo.ba\/index.php\/bosna-i-hercegovina\/item\/299641-vukanovic-i-komsic-u-zestokoj-raspravi-uzivo-na-bhrt-u-kandiduj-se-u-srbiji\/\",\"url\":\"https:\/\/tuzlainfo.ba\/index.php\/bosna-i-hercegovina\/item\/299641-vukanovic-i-komsic-u-zestokoj-raspravi-uzivo-na-bhrt-u-kandiduj-se-u-srbiji\/\",\"name\":\"Vukanovi\u0107 i Kom\u0161i\u0107 u \u017eestokoj raspravi u\u017eivo na BHRT-u: \\\"Kandiduj se u Srbiji\\\" - TuzlaInfo.ba\",\"isPartOf\":{\"@id\":\"https:\/\/tuzlainfo.ba\/#website\"},\"primaryImageOfPage\":{\"@id\":\"https:\/\/tuzlainfo.ba\/index.php\/bosna-i-hercegovina\/item\/299641-vukanovic-i-komsic-u-zestokoj-raspravi-uzivo-na-bhrt-u-kandiduj-se-u-srbiji\/#primaryimage\"},\"image\":{\"@id\":\"https:\/\/tuzlainfo.ba\/index.php\/bosna-i-hercegovina\/item\/299641-vukanovic-i-komsic-u-zestokoj-raspravi-uzivo-na-bhrt-u-kandiduj-se-u-srbiji\/#primaryimage\"},\"thumbnailUrl\":\"https:\/\/tuzlainfo.ba\/wp-content\/uploads\/2026\/04\/Screenshot-2026-04-09-120455.png\",\"datePublished\":\"2026-04-09T10:11:46+00:00\",\"dateModified\":\"2026-04-09T10:11:46+00:00\",\"breadcrumb\":{\"@id\":\"https:\/\/tuzlainfo.ba\/index.php\/bosna-i-hercegovina\/item\/299641-vukanovic-i-komsic-u-zestokoj-raspravi-uzivo-na-bhrt-u-kandiduj-se-u-srbiji\/#breadcrumb\"},\"inLanguage\":\"bs-BA\",\"potentialAction\":[{\"@type\":\"ReadAction\",\"target\":[\"https:\/\/tuzlainfo.ba\/index.php\/bosna-i-hercegovina\/item\/299641-vukanovic-i-komsic-u-zestokoj-raspravi-uzivo-na-bhrt-u-kandiduj-se-u-srbiji\/\"]}]},{\"@type\":\"ImageObject\",\"inLanguage\":\"bs-BA\",\"@id\":\"https:\/\/tuzlainfo.ba\/index.php\/bosna-i-hercegovina\/item\/299641-vukanovic-i-komsic-u-zestokoj-raspravi-uzivo-na-bhrt-u-kandiduj-se-u-srbiji\/#primaryimage\",\"url\":\"https:\/\/tuzlainfo.ba\/wp-content\/uploads\/2026\/04\/Screenshot-2026-04-09-120455.png\",\"contentUrl\":\"https:\/\/tuzlainfo.ba\/wp-content\/uploads\/2026\/04\/Screenshot-2026-04-09-120455.png\",\"width\":1424,\"height\":821},{\"@type\":\"BreadcrumbList\",\"@id\":\"https:\/\/tuzlainfo.ba\/index.php\/bosna-i-hercegovina\/item\/299641-vukanovic-i-komsic-u-zestokoj-raspravi-uzivo-na-bhrt-u-kandiduj-se-u-srbiji\/#breadcrumb\",\"itemListElement\":[{\"@type\":\"ListItem\",\"position\":1,\"name\":\"Home\",\"item\":\"https:\/\/tuzlainfo.ba\/\"},{\"@type\":\"ListItem\",\"position\":2,\"name\":\"Vukanovi\u0107 i Kom\u0161i\u0107 u \u017eestokoj raspravi u\u017eivo na BHRT-u: &#8220;Kandiduj se u Srbiji&#8221;\"}]},{\"@type\":\"WebSite\",\"@id\":\"https:\/\/tuzlainfo.ba\/#website\",\"url\":\"https:\/\/tuzlainfo.ba\/\",\"name\":\"TuzlaInfo.ba\",\"description\":\"Tuzla info, gradski informator - Tuzla na dlanu\",\"publisher\":{\"@id\":\"https:\/\/tuzlainfo.ba\/#organization\"},\"potentialAction\":[{\"@type\":\"SearchAction\",\"target\":{\"@type\":\"EntryPoint\",\"urlTemplate\":\"https:\/\/tuzlainfo.ba\/?s={search_term_string}\"},\"query-input\":{\"@type\":\"PropertyValueSpecification\",\"valueRequired\":true,\"valueName\":\"search_term_string\"}}],\"inLanguage\":\"bs-BA\"},{\"@type\":\"Organization\",\"@id\":\"https:\/\/tuzlainfo.ba\/#organization\",\"name\":\"TuzlaInfo.ba\",\"url\":\"https:\/\/tuzlainfo.ba\/\",\"logo\":{\"@type\":\"ImageObject\",\"inLanguage\":\"bs-BA\",\"@id\":\"https:\/\/tuzlainfo.ba\/#\/schema\/logo\/image\/\",\"url\":\"https:\/\/tuzlainfo.ba\/wp-content\/uploads\/2021\/03\/logo-ver-3-1.png\",\"contentUrl\":\"https:\/\/tuzlainfo.ba\/wp-content\/uploads\/2021\/03\/logo-ver-3-1.png\",\"width\":350,\"height\":95,\"caption\":\"TuzlaInfo.ba\"},\"image\":{\"@id\":\"https:\/\/tuzlainfo.ba\/#\/schema\/logo\/image\/\"},\"sameAs\":[\"https:\/\/www.facebook.com\/tuzlainfo.ba\/\"]},{\"@type\":\"Person\",\"@id\":\"https:\/\/tuzlainfo.ba\/#\/schema\/person\/593e78a2f6378c5ba3e7600ecfa4e63a\",\"name\":\"Admin Tri\",\"image\":{\"@type\":\"ImageObject\",\"inLanguage\":\"bs-BA\",\"@id\":\"https:\/\/tuzlainfo.ba\/#\/schema\/person\/image\/\",\"url\":\"https:\/\/tuzlainfo.ba\/wp-content\/litespeed\/avatar\/b7920db4cc34a71ad12497283ad2fe3f.jpg?ver=1777100914\",\"contentUrl\":\"https:\/\/tuzlainfo.ba\/wp-content\/litespeed\/avatar\/b7920db4cc34a71ad12497283ad2fe3f.jpg?ver=1777100914\",\"caption\":\"Admin Tri\"},\"sameAs\":[\"https:\/\/tuzlainfo.ba\"]}]}<\/script>\n<!-- \/ Yoast SEO plugin. -->","yoast_head_json":{"title":"Vukanovi\u0107 i Kom\u0161i\u0107 u \u017eestokoj raspravi u\u017eivo na BHRT-u: \"Kandiduj se u Srbiji\" - TuzlaInfo.ba","robots":{"index":"index","follow":"follow","max-snippet":"max-snippet:-1","max-image-preview":"max-image-preview:large","max-video-preview":"max-video-preview:-1"},"canonical":"https:\/\/tuzlainfo.ba\/index.php\/bosna-i-hercegovina\/item\/299641-vukanovic-i-komsic-u-zestokoj-raspravi-uzivo-na-bhrt-u-kandiduj-se-u-srbiji\/","og_locale":"bs_BA","og_type":"article","og_title":"Vukanovi\u0107 i Kom\u0161i\u0107 u \u017eestokoj raspravi u\u017eivo na BHRT-u: \"Kandiduj se u Srbiji\" - TuzlaInfo.ba","og_description":"Tokom jutro\u0161njeg gostovanja lidera Liste za pravdu i red Neboj\u0161e Vukanovi\u0107a na BHRT-u, u programu&hellip;","og_url":"https:\/\/tuzlainfo.ba\/index.php\/bosna-i-hercegovina\/item\/299641-vukanovic-i-komsic-u-zestokoj-raspravi-uzivo-na-bhrt-u-kandiduj-se-u-srbiji\/","og_site_name":"TuzlaInfo.ba","article_publisher":"https:\/\/www.facebook.com\/tuzlainfo.ba\/","article_published_time":"2026-04-09T10:11:46+00:00","og_image":[{"width":1424,"height":821,"url":"https:\/\/tuzlainfo.ba\/wp-content\/uploads\/2026\/04\/Screenshot-2026-04-09-120455.png","type":"image\/png"}],"author":"Admin Tri","twitter_card":"summary_large_image","twitter_misc":{"Written by":"Admin Tri","Est. reading time":"2 minute"},"schema":{"@context":"https:\/\/schema.org","@graph":[{"@type":"Article","@id":"https:\/\/tuzlainfo.ba\/index.php\/bosna-i-hercegovina\/item\/299641-vukanovic-i-komsic-u-zestokoj-raspravi-uzivo-na-bhrt-u-kandiduj-se-u-srbiji\/#article","isPartOf":{"@id":"https:\/\/tuzlainfo.ba\/index.php\/bosna-i-hercegovina\/item\/299641-vukanovic-i-komsic-u-zestokoj-raspravi-uzivo-na-bhrt-u-kandiduj-se-u-srbiji\/"},"author":{"name":"Admin Tri","@id":"https:\/\/tuzlainfo.ba\/#\/schema\/person\/593e78a2f6378c5ba3e7600ecfa4e63a"},"headline":"Vukanovi\u0107 i Kom\u0161i\u0107 u \u017eestokoj raspravi u\u017eivo na BHRT-u: &#8220;Kandiduj se u Srbiji&#8221;","datePublished":"2026-04-09T10:11:46+00:00","dateModified":"2026-04-09T10:11:46+00:00","mainEntityOfPage":{"@id":"https:\/\/tuzlainfo.ba\/index.php\/bosna-i-hercegovina\/item\/299641-vukanovic-i-komsic-u-zestokoj-raspravi-uzivo-na-bhrt-u-kandiduj-se-u-srbiji\/"},"wordCount":319,"publisher":{"@id":"https:\/\/tuzlainfo.ba\/#organization"},"image":{"@id":"https:\/\/tuzlainfo.ba\/index.php\/bosna-i-hercegovina\/item\/299641-vukanovic-i-komsic-u-zestokoj-raspravi-uzivo-na-bhrt-u-kandiduj-se-u-srbiji\/#primaryimage"},"thumbnailUrl":"https:\/\/tuzlainfo.ba\/wp-content\/uploads\/2026\/04\/Screenshot-2026-04-09-120455.png","keywords":["neboj\u0161a Vukanovi\u0107","zvonko kom\u0161i\u0107"],"articleSection":["Bosna i Hercegovina"],"inLanguage":"bs-BA"},{"@type":"WebPage","@id":"https:\/\/tuzlainfo.ba\/index.php\/bosna-i-hercegovina\/item\/299641-vukanovic-i-komsic-u-zestokoj-raspravi-uzivo-na-bhrt-u-kandiduj-se-u-srbiji\/","url":"https:\/\/tuzlainfo.ba\/index.php\/bosna-i-hercegovina\/item\/299641-vukanovic-i-komsic-u-zestokoj-raspravi-uzivo-na-bhrt-u-kandiduj-se-u-srbiji\/","name":"Vukanovi\u0107 i Kom\u0161i\u0107 u \u017eestokoj raspravi u\u017eivo na BHRT-u: \"Kandiduj se u Srbiji\" - TuzlaInfo.ba","isPartOf":{"@id":"https:\/\/tuzlainfo.ba\/#website"},"primaryImageOfPage":{"@id":"https:\/\/tuzlainfo.ba\/index.php\/bosna-i-hercegovina\/item\/299641-vukanovic-i-komsic-u-zestokoj-raspravi-uzivo-na-bhrt-u-kandiduj-se-u-srbiji\/#primaryimage"},"image":{"@id":"https:\/\/tuzlainfo.ba\/index.php\/bosna-i-hercegovina\/item\/299641-vukanovic-i-komsic-u-zestokoj-raspravi-uzivo-na-bhrt-u-kandiduj-se-u-srbiji\/#primaryimage"},"thumbnailUrl":"https:\/\/tuzlainfo.ba\/wp-content\/uploads\/2026\/04\/Screenshot-2026-04-09-120455.png","datePublished":"2026-04-09T10:11:46+00:00","dateModified":"2026-04-09T10:11:46+00:00","breadcrumb":{"@id":"https:\/\/tuzlainfo.ba\/index.php\/bosna-i-hercegovina\/item\/299641-vukanovic-i-komsic-u-zestokoj-raspravi-uzivo-na-bhrt-u-kandiduj-se-u-srbiji\/#breadcrumb"},"inLanguage":"bs-BA","potentialAction":[{"@type":"ReadAction","target":["https:\/\/tuzlainfo.ba\/index.php\/bosna-i-hercegovina\/item\/299641-vukanovic-i-komsic-u-zestokoj-raspravi-uzivo-na-bhrt-u-kandiduj-se-u-srbiji\/"]}]},{"@type":"ImageObject","inLanguage":"bs-BA","@id":"https:\/\/tuzlainfo.ba\/index.php\/bosna-i-hercegovina\/item\/299641-vukanovic-i-komsic-u-zestokoj-raspravi-uzivo-na-bhrt-u-kandiduj-se-u-srbiji\/#primaryimage","url":"https:\/\/tuzlainfo.ba\/wp-content\/uploads\/2026\/04\/Screenshot-2026-04-09-120455.png","contentUrl":"https:\/\/tuzlainfo.ba\/wp-content\/uploads\/2026\/04\/Screenshot-2026-04-09-120455.png","width":1424,"height":821},{"@type":"BreadcrumbList","@id":"https:\/\/tuzlainfo.ba\/index.php\/bosna-i-hercegovina\/item\/299641-vukanovic-i-komsic-u-zestokoj-raspravi-uzivo-na-bhrt-u-kandiduj-se-u-srbiji\/#breadcrumb","itemListElement":[{"@type":"ListItem","position":1,"name":"Home","item":"https:\/\/tuzlainfo.ba\/"},{"@type":"ListItem","position":2,"name":"Vukanovi\u0107 i Kom\u0161i\u0107 u \u017eestokoj raspravi u\u017eivo na BHRT-u: &#8220;Kandiduj se u Srbiji&#8221;"}]},{"@type":"WebSite","@id":"https:\/\/tuzlainfo.ba\/#website","url":"https:\/\/tuzlainfo.ba\/","name":"TuzlaInfo.ba","description":"Tuzla info, gradski informator - Tuzla na dlanu","publisher":{"@id":"https:\/\/tuzlainfo.ba\/#organization"},"potentialAction":[{"@type":"SearchAction","target":{"@type":"EntryPoint","urlTemplate":"https:\/\/tuzlainfo.ba\/?s={search_term_string}"},"query-input":{"@type":"PropertyValueSpecification","valueRequired":true,"valueName":"search_term_string"}}],"inLanguage":"bs-BA"},{"@type":"Organization","@id":"https:\/\/tuzlainfo.ba\/#organization","name":"TuzlaInfo.ba","url":"https:\/\/tuzlainfo.ba\/","logo":{"@type":"ImageObject","inLanguage":"bs-BA","@id":"https:\/\/tuzlainfo.ba\/#\/schema\/logo\/image\/","url":"https:\/\/tuzlainfo.ba\/wp-content\/uploads\/2021\/03\/logo-ver-3-1.png","contentUrl":"https:\/\/tuzlainfo.ba\/wp-content\/uploads\/2021\/03\/logo-ver-3-1.png","width":350,"height":95,"caption":"TuzlaInfo.ba"},"image":{"@id":"https:\/\/tuzlainfo.ba\/#\/schema\/logo\/image\/"},"sameAs":["https:\/\/www.facebook.com\/tuzlainfo.ba\/"]},{"@type":"Person","@id":"https:\/\/tuzlainfo.ba\/#\/schema\/person\/593e78a2f6378c5ba3e7600ecfa4e63a","name":"Admin Tri","image":{"@type":"ImageObject","inLanguage":"bs-BA","@id":"https:\/\/tuzlainfo.ba\/#\/schema\/person\/image\/","url":"https:\/\/tuzlainfo.ba\/wp-content\/litespeed\/avatar\/b7920db4cc34a71ad12497283ad2fe3f.jpg?ver=1777100914","contentUrl":"https:\/\/tuzlainfo.ba\/wp-content\/litespeed\/avatar\/b7920db4cc34a71ad12497283ad2fe3f.jpg?ver=1777100914","caption":"Admin Tri"},"sameAs":["https:\/\/tuzlainfo.ba"]}]}},"_links":{"self":[{"href":"https:\/\/tuzlainfo.ba\/index.php\/wp-json\/wp\/v2\/posts\/299641"}],"collection":[{"href":"https:\/\/tuzlainfo.ba\/index.php\/wp-json\/wp\/v2\/posts"}],"about":[{"href":"https:\/\/tuzlainfo.ba\/index.php\/wp-json\/wp\/v2\/types\/post"}],"author":[{"embeddable":true,"href":"https:\/\/tuzlainfo.ba\/index.php\/wp-json\/wp\/v2\/users\/8"}],"replies":[{"embeddable":true,"href":"https:\/\/tuzlainfo.ba\/index.php\/wp-json\/wp\/v2\/comments?post=299641"}],"version-history":[{"count":1,"href":"https:\/\/tuzlainfo.ba\/index.php\/wp-json\/wp\/v2\/posts\/299641\/revisions"}],"predecessor-version":[{"id":299643,"href":"https:\/\/tuzlainfo.ba\/index.php\/wp-json\/wp\/v2\/posts\/299641\/revisions\/299643"}],"wp:featuredmedia":[{"embeddable":true,"href":"https:\/\/tuzlainfo.ba\/index.php\/wp-json\/wp\/v2\/media\/299642"}],"wp:attachment":[{"href":"https:\/\/tuzlainfo.ba\/index.php\/wp-json\/wp\/v2\/media?parent=299641"}],"wp:term":[{"taxonomy":"category","embeddable":true,"href":"https:\/\/tuzlainfo.ba\/index.php\/wp-json\/wp\/v2\/categories?post=299641"},{"taxonomy":"post_tag","embeddable":true,"href":"https:\/\/tuzlainfo.ba\/index.php\/wp-json\/wp\/v2\/tags?post=299641"}],"curies":[{"name":"wp","href":"https:\/\/api.w.org\/{rel}","templated":true}]}}