{"id":299630,"date":"2026-04-09T10:04:24","date_gmt":"2026-04-09T08:04:24","guid":{"rendered":"https:\/\/tuzlainfo.ba\/?p=299630"},"modified":"2026-04-09T10:04:59","modified_gmt":"2026-04-09T08:04:59","slug":"sta-nas-od-sutra-ceka-na-granicama-eu-uvodi-drugaciju-kontrolu-bez-pecata-u-pasosima","status":"publish","type":"post","link":"https:\/\/tuzlainfo.ba\/index.php\/bosna-i-hercegovina\/item\/299630-sta-nas-od-sutra-ceka-na-granicama-eu-uvodi-drugaciju-kontrolu-bez-pecata-u-pasosima\/","title":{"rendered":"\u0160ta nas od sutra \u010deka na granicama: EU uvodi druga\u010diju kontrolu bez pe\u010data u paso\u0161ima"},"content":{"rendered":"<p data-start=\"81\" data-end=\"339\">Od sutra dr\u017eave \u010dlanice Evropske unije zapo\u010dinju s potpunom primjenom sistema ulaska\/izlaska (EES \u2013 Entry\/Exit System), \u010dime se zavr\u0161ava njegovo postupno uvo\u0111enje i prelazi na isklju\u010divo digitalno evidentiranje prelazaka vanjskih granica \u0161engenskog prostora.<\/p>\n<p data-start=\"341\" data-end=\"592\">Od tog datuma prestaje pe\u010datiranje putnih isprava dr\u017eavljana tre\u0107ih zemalja, a svi podaci o ulascima i izlascima bilje\u017eit \u0107e se elektronski u EES sistemu. Putnicima \u0107e se fotografisati lice, uzimati otisci prstiju, kao i li\u010dni podaci iz putne isprave.<\/p>\n<p data-start=\"594\" data-end=\"642\"><strong data-start=\"594\" data-end=\"642\">Preciznije pra\u0107enje boravka i ve\u0107a sigurnost<\/strong><\/p>\n<p data-start=\"644\" data-end=\"917\">Sistem automatski evidentira datum i mjesto ulaska i izlaska, trajanje dopu\u0161tenog boravka te eventualna odbijanja ulaska. Trajanje boravka ra\u010duna se putem integriranog automatiziranog kalkulatora, \u010dime se omogu\u0107ava preciznije pra\u0107enje i kontrola boravka stranih dr\u017eavljana.<\/p>\n<p data-start=\"919\" data-end=\"1028\">Na ovaj na\u010din dodatno se ja\u010da sigurnost vanjskih granica Evropske unije i unapre\u0111uje upravljanje migracijama.<\/p>\n<p data-start=\"1030\" data-end=\"1215\">Bosna i Hercegovina najdu\u017eu granicu dijeli s Republikom Hrvatskom, iz \u010dijeg su Ministarstva unutra\u0161njih poslova saop\u0107ili da su u potpunosti spremni za po\u010detak pune primjene EES sistema.<\/p>\n<p data-start=\"1217\" data-end=\"1405\">Kako navode, Hrvatska je aktivno u\u010destvovala u procesu uvo\u0111enja i prepoznata je kao jedna od dr\u017eava \u010dlanica koja sistem provodi pravovremeno i u skladu s pravnom ste\u010devinom Evropske unije.<\/p>\n<p data-start=\"1407\" data-end=\"1458\"><strong data-start=\"1407\" data-end=\"1458\">Milioni evidentiranih putnika u probnom periodu<\/strong><\/p>\n<p data-start=\"1460\" data-end=\"1677\">Od po\u010detka primjene EES-a, 12. oktobra 2025. godine do 1. aprila 2026. godine, u sistemu je kreirano i verificirano vi\u0161e od 3,7 miliona dosjea dr\u017eavljana tre\u0107ih zemalja, \u0161to potvr\u0111uje visok nivo operativne spremnosti.<\/p>\n<p data-start=\"1679\" data-end=\"1919\" data-is-last-node=\"\" data-is-only-node=\"\">Sistem ulaska\/izlaska jedan je od klju\u010dnih informacionih sistema Evropske unije u oblasti upravljanja granicama, kojim se modernizira i unapre\u0111uje kontrola za dr\u017eavljane tre\u0107ih zemalja koji u \u0161engenski prostor ulaze na kratkotrajni boravak.<\/p>\n","protected":false},"excerpt":{"rendered":"<p>Od sutra dr\u017eave \u010dlanice Evropske unije zapo\u010dinju s potpunom primjenom sistema ulaska\/izlaska (EES \u2013 Entry\/Exit&hellip;<\/p>\n","protected":false},"author":2,"featured_media":293561,"comment_status":"closed","ping_status":"closed","sticky":false,"template":"","format":"standard","meta":{"_acf_changed":false,"footnotes":""},"categories":[291,304],"tags":[10769,1099,455],"acf":[],"yoast_head":"<!-- This site is optimized with the Yoast SEO plugin v23.5 - https:\/\/yoast.com\/wordpress\/plugins\/seo\/ -->\n<title>\u0160ta nas od sutra \u010deka na granicama: EU uvodi druga\u010diju kontrolu bez pe\u010data u paso\u0161ima - TuzlaInfo.ba<\/title>\n<meta name=\"robots\" content=\"index, follow, max-snippet:-1, max-image-preview:large, max-video-preview:-1\" \/>\n<link rel=\"canonical\" href=\"https:\/\/tuzlainfo.ba\/index.php\/bosna-i-hercegovina\/item\/299630-sta-nas-od-sutra-ceka-na-granicama-eu-uvodi-drugaciju-kontrolu-bez-pecata-u-pasosima\/\" \/>\n<meta property=\"og:locale\" content=\"bs_BA\" \/>\n<meta property=\"og:type\" content=\"article\" \/>\n<meta property=\"og:title\" content=\"\u0160ta nas od sutra \u010deka na granicama: EU uvodi druga\u010diju kontrolu bez pe\u010data u paso\u0161ima - TuzlaInfo.ba\" \/>\n<meta property=\"og:description\" content=\"Od sutra dr\u017eave \u010dlanice Evropske unije zapo\u010dinju s potpunom primjenom sistema ulaska\/izlaska (EES \u2013 Entry\/Exit&hellip;\" \/>\n<meta property=\"og:url\" content=\"https:\/\/tuzlainfo.ba\/index.php\/bosna-i-hercegovina\/item\/299630-sta-nas-od-sutra-ceka-na-granicama-eu-uvodi-drugaciju-kontrolu-bez-pecata-u-pasosima\/\" \/>\n<meta property=\"og:site_name\" content=\"TuzlaInfo.ba\" \/>\n<meta property=\"article:publisher\" content=\"https:\/\/www.facebook.com\/tuzlainfo.ba\/\" \/>\n<meta property=\"article:published_time\" content=\"2026-04-09T08:04:24+00:00\" \/>\n<meta property=\"article:modified_time\" content=\"2026-04-09T08:04:59+00:00\" \/>\n<meta property=\"og:image\" content=\"https:\/\/tuzlainfo.ba\/wp-content\/uploads\/2026\/02\/IMG_4902.jpg\" \/>\n\t<meta property=\"og:image:width\" content=\"2194\" \/>\n\t<meta property=\"og:image:height\" content=\"1558\" \/>\n\t<meta property=\"og:image:type\" content=\"image\/jpeg\" \/>\n<meta name=\"author\" content=\"nedim\" \/>\n<meta name=\"twitter:card\" content=\"summary_large_image\" \/>\n<meta name=\"twitter:label1\" content=\"Written by\" \/>\n\t<meta name=\"twitter:data1\" content=\"nedim\" \/>\n\t<meta name=\"twitter:label2\" content=\"Est. reading time\" \/>\n\t<meta name=\"twitter:data2\" content=\"2 minute\" \/>\n<script type=\"application\/ld+json\" class=\"yoast-schema-graph\">{\"@context\":\"https:\/\/schema.org\",\"@graph\":[{\"@type\":\"Article\",\"@id\":\"https:\/\/tuzlainfo.ba\/index.php\/bosna-i-hercegovina\/item\/299630-sta-nas-od-sutra-ceka-na-granicama-eu-uvodi-drugaciju-kontrolu-bez-pecata-u-pasosima\/#article\",\"isPartOf\":{\"@id\":\"https:\/\/tuzlainfo.ba\/index.php\/bosna-i-hercegovina\/item\/299630-sta-nas-od-sutra-ceka-na-granicama-eu-uvodi-drugaciju-kontrolu-bez-pecata-u-pasosima\/\"},\"author\":{\"name\":\"nedim\",\"@id\":\"https:\/\/tuzlainfo.ba\/#\/schema\/person\/f434e20dc27ea133923aab08451b7f7f\"},\"headline\":\"\u0160ta nas od sutra \u010deka na granicama: EU uvodi druga\u010diju kontrolu bez pe\u010data u paso\u0161ima\",\"datePublished\":\"2026-04-09T08:04:24+00:00\",\"dateModified\":\"2026-04-09T08:04:59+00:00\",\"mainEntityOfPage\":{\"@id\":\"https:\/\/tuzlainfo.ba\/index.php\/bosna-i-hercegovina\/item\/299630-sta-nas-od-sutra-ceka-na-granicama-eu-uvodi-drugaciju-kontrolu-bez-pecata-u-pasosima\/\"},\"wordCount\":306,\"publisher\":{\"@id\":\"https:\/\/tuzlainfo.ba\/#organization\"},\"image\":{\"@id\":\"https:\/\/tuzlainfo.ba\/index.php\/bosna-i-hercegovina\/item\/299630-sta-nas-od-sutra-ceka-na-granicama-eu-uvodi-drugaciju-kontrolu-bez-pecata-u-pasosima\/#primaryimage\"},\"thumbnailUrl\":\"https:\/\/tuzlainfo.ba\/wp-content\/uploads\/2026\/02\/IMG_4902.jpg\",\"keywords\":[\"EES\",\"EU\",\"granica\"],\"articleSection\":[\"Bosna i Hercegovina\",\"Istaknuto\"],\"inLanguage\":\"bs-BA\"},{\"@type\":\"WebPage\",\"@id\":\"https:\/\/tuzlainfo.ba\/index.php\/bosna-i-hercegovina\/item\/299630-sta-nas-od-sutra-ceka-na-granicama-eu-uvodi-drugaciju-kontrolu-bez-pecata-u-pasosima\/\",\"url\":\"https:\/\/tuzlainfo.ba\/index.php\/bosna-i-hercegovina\/item\/299630-sta-nas-od-sutra-ceka-na-granicama-eu-uvodi-drugaciju-kontrolu-bez-pecata-u-pasosima\/\",\"name\":\"\u0160ta nas od sutra \u010deka na granicama: EU uvodi druga\u010diju kontrolu bez pe\u010data u paso\u0161ima - TuzlaInfo.ba\",\"isPartOf\":{\"@id\":\"https:\/\/tuzlainfo.ba\/#website\"},\"primaryImageOfPage\":{\"@id\":\"https:\/\/tuzlainfo.ba\/index.php\/bosna-i-hercegovina\/item\/299630-sta-nas-od-sutra-ceka-na-granicama-eu-uvodi-drugaciju-kontrolu-bez-pecata-u-pasosima\/#primaryimage\"},\"image\":{\"@id\":\"https:\/\/tuzlainfo.ba\/index.php\/bosna-i-hercegovina\/item\/299630-sta-nas-od-sutra-ceka-na-granicama-eu-uvodi-drugaciju-kontrolu-bez-pecata-u-pasosima\/#primaryimage\"},\"thumbnailUrl\":\"https:\/\/tuzlainfo.ba\/wp-content\/uploads\/2026\/02\/IMG_4902.jpg\",\"datePublished\":\"2026-04-09T08:04:24+00:00\",\"dateModified\":\"2026-04-09T08:04:59+00:00\",\"breadcrumb\":{\"@id\":\"https:\/\/tuzlainfo.ba\/index.php\/bosna-i-hercegovina\/item\/299630-sta-nas-od-sutra-ceka-na-granicama-eu-uvodi-drugaciju-kontrolu-bez-pecata-u-pasosima\/#breadcrumb\"},\"inLanguage\":\"bs-BA\",\"potentialAction\":[{\"@type\":\"ReadAction\",\"target\":[\"https:\/\/tuzlainfo.ba\/index.php\/bosna-i-hercegovina\/item\/299630-sta-nas-od-sutra-ceka-na-granicama-eu-uvodi-drugaciju-kontrolu-bez-pecata-u-pasosima\/\"]}]},{\"@type\":\"ImageObject\",\"inLanguage\":\"bs-BA\",\"@id\":\"https:\/\/tuzlainfo.ba\/index.php\/bosna-i-hercegovina\/item\/299630-sta-nas-od-sutra-ceka-na-granicama-eu-uvodi-drugaciju-kontrolu-bez-pecata-u-pasosima\/#primaryimage\",\"url\":\"https:\/\/tuzlainfo.ba\/wp-content\/uploads\/2026\/02\/IMG_4902.jpg\",\"contentUrl\":\"https:\/\/tuzlainfo.ba\/wp-content\/uploads\/2026\/02\/IMG_4902.jpg\",\"width\":2194,\"height\":1558,\"caption\":\"Foto: Tuzlainfo\"},{\"@type\":\"BreadcrumbList\",\"@id\":\"https:\/\/tuzlainfo.ba\/index.php\/bosna-i-hercegovina\/item\/299630-sta-nas-od-sutra-ceka-na-granicama-eu-uvodi-drugaciju-kontrolu-bez-pecata-u-pasosima\/#breadcrumb\",\"itemListElement\":[{\"@type\":\"ListItem\",\"position\":1,\"name\":\"Home\",\"item\":\"https:\/\/tuzlainfo.ba\/\"},{\"@type\":\"ListItem\",\"position\":2,\"name\":\"\u0160ta nas od sutra \u010deka na granicama: EU uvodi druga\u010diju kontrolu bez pe\u010data u paso\u0161ima\"}]},{\"@type\":\"WebSite\",\"@id\":\"https:\/\/tuzlainfo.ba\/#website\",\"url\":\"https:\/\/tuzlainfo.ba\/\",\"name\":\"TuzlaInfo.ba\",\"description\":\"Tuzla info, gradski informator - Tuzla na dlanu\",\"publisher\":{\"@id\":\"https:\/\/tuzlainfo.ba\/#organization\"},\"potentialAction\":[{\"@type\":\"SearchAction\",\"target\":{\"@type\":\"EntryPoint\",\"urlTemplate\":\"https:\/\/tuzlainfo.ba\/?s={search_term_string}\"},\"query-input\":{\"@type\":\"PropertyValueSpecification\",\"valueRequired\":true,\"valueName\":\"search_term_string\"}}],\"inLanguage\":\"bs-BA\"},{\"@type\":\"Organization\",\"@id\":\"https:\/\/tuzlainfo.ba\/#organization\",\"name\":\"TuzlaInfo.ba\",\"url\":\"https:\/\/tuzlainfo.ba\/\",\"logo\":{\"@type\":\"ImageObject\",\"inLanguage\":\"bs-BA\",\"@id\":\"https:\/\/tuzlainfo.ba\/#\/schema\/logo\/image\/\",\"url\":\"https:\/\/tuzlainfo.ba\/wp-content\/uploads\/2021\/03\/logo-ver-3-1.png\",\"contentUrl\":\"https:\/\/tuzlainfo.ba\/wp-content\/uploads\/2021\/03\/logo-ver-3-1.png\",\"width\":350,\"height\":95,\"caption\":\"TuzlaInfo.ba\"},\"image\":{\"@id\":\"https:\/\/tuzlainfo.ba\/#\/schema\/logo\/image\/\"},\"sameAs\":[\"https:\/\/www.facebook.com\/tuzlainfo.ba\/\"]},{\"@type\":\"Person\",\"@id\":\"https:\/\/tuzlainfo.ba\/#\/schema\/person\/f434e20dc27ea133923aab08451b7f7f\",\"name\":\"nedim\",\"image\":{\"@type\":\"ImageObject\",\"inLanguage\":\"bs-BA\",\"@id\":\"https:\/\/tuzlainfo.ba\/#\/schema\/person\/image\/\",\"url\":\"https:\/\/tuzlainfo.ba\/wp-content\/litespeed\/avatar\/aabad687af24844af817603ac1cbdc4f.jpg?ver=1777306975\",\"contentUrl\":\"https:\/\/tuzlainfo.ba\/wp-content\/litespeed\/avatar\/aabad687af24844af817603ac1cbdc4f.jpg?ver=1777306975\",\"caption\":\"nedim\"},\"description\":\"Tuzlainfo.ba pratite na dru\u0161tvenim mre\u017eama: Facebook, Instagram i Youtube. Svoje pri\u010de, upite i fotografije \u0161aljite na na\u0161u e-mail adresu.\"}]}<\/script>\n<!-- \/ Yoast SEO plugin. -->","yoast_head_json":{"title":"\u0160ta nas od sutra \u010deka na granicama: EU uvodi druga\u010diju kontrolu bez pe\u010data u paso\u0161ima - TuzlaInfo.ba","robots":{"index":"index","follow":"follow","max-snippet":"max-snippet:-1","max-image-preview":"max-image-preview:large","max-video-preview":"max-video-preview:-1"},"canonical":"https:\/\/tuzlainfo.ba\/index.php\/bosna-i-hercegovina\/item\/299630-sta-nas-od-sutra-ceka-na-granicama-eu-uvodi-drugaciju-kontrolu-bez-pecata-u-pasosima\/","og_locale":"bs_BA","og_type":"article","og_title":"\u0160ta nas od sutra \u010deka na granicama: EU uvodi druga\u010diju kontrolu bez pe\u010data u paso\u0161ima - TuzlaInfo.ba","og_description":"Od sutra dr\u017eave \u010dlanice Evropske unije zapo\u010dinju s potpunom primjenom sistema ulaska\/izlaska (EES \u2013 Entry\/Exit&hellip;","og_url":"https:\/\/tuzlainfo.ba\/index.php\/bosna-i-hercegovina\/item\/299630-sta-nas-od-sutra-ceka-na-granicama-eu-uvodi-drugaciju-kontrolu-bez-pecata-u-pasosima\/","og_site_name":"TuzlaInfo.ba","article_publisher":"https:\/\/www.facebook.com\/tuzlainfo.ba\/","article_published_time":"2026-04-09T08:04:24+00:00","article_modified_time":"2026-04-09T08:04:59+00:00","og_image":[{"width":2194,"height":1558,"url":"https:\/\/tuzlainfo.ba\/wp-content\/uploads\/2026\/02\/IMG_4902.jpg","type":"image\/jpeg"}],"author":"nedim","twitter_card":"summary_large_image","twitter_misc":{"Written by":"nedim","Est. reading time":"2 minute"},"schema":{"@context":"https:\/\/schema.org","@graph":[{"@type":"Article","@id":"https:\/\/tuzlainfo.ba\/index.php\/bosna-i-hercegovina\/item\/299630-sta-nas-od-sutra-ceka-na-granicama-eu-uvodi-drugaciju-kontrolu-bez-pecata-u-pasosima\/#article","isPartOf":{"@id":"https:\/\/tuzlainfo.ba\/index.php\/bosna-i-hercegovina\/item\/299630-sta-nas-od-sutra-ceka-na-granicama-eu-uvodi-drugaciju-kontrolu-bez-pecata-u-pasosima\/"},"author":{"name":"nedim","@id":"https:\/\/tuzlainfo.ba\/#\/schema\/person\/f434e20dc27ea133923aab08451b7f7f"},"headline":"\u0160ta nas od sutra \u010deka na granicama: EU uvodi druga\u010diju kontrolu bez pe\u010data u paso\u0161ima","datePublished":"2026-04-09T08:04:24+00:00","dateModified":"2026-04-09T08:04:59+00:00","mainEntityOfPage":{"@id":"https:\/\/tuzlainfo.ba\/index.php\/bosna-i-hercegovina\/item\/299630-sta-nas-od-sutra-ceka-na-granicama-eu-uvodi-drugaciju-kontrolu-bez-pecata-u-pasosima\/"},"wordCount":306,"publisher":{"@id":"https:\/\/tuzlainfo.ba\/#organization"},"image":{"@id":"https:\/\/tuzlainfo.ba\/index.php\/bosna-i-hercegovina\/item\/299630-sta-nas-od-sutra-ceka-na-granicama-eu-uvodi-drugaciju-kontrolu-bez-pecata-u-pasosima\/#primaryimage"},"thumbnailUrl":"https:\/\/tuzlainfo.ba\/wp-content\/uploads\/2026\/02\/IMG_4902.jpg","keywords":["EES","EU","granica"],"articleSection":["Bosna i Hercegovina","Istaknuto"],"inLanguage":"bs-BA"},{"@type":"WebPage","@id":"https:\/\/tuzlainfo.ba\/index.php\/bosna-i-hercegovina\/item\/299630-sta-nas-od-sutra-ceka-na-granicama-eu-uvodi-drugaciju-kontrolu-bez-pecata-u-pasosima\/","url":"https:\/\/tuzlainfo.ba\/index.php\/bosna-i-hercegovina\/item\/299630-sta-nas-od-sutra-ceka-na-granicama-eu-uvodi-drugaciju-kontrolu-bez-pecata-u-pasosima\/","name":"\u0160ta nas od sutra \u010deka na granicama: EU uvodi druga\u010diju kontrolu bez pe\u010data u paso\u0161ima - TuzlaInfo.ba","isPartOf":{"@id":"https:\/\/tuzlainfo.ba\/#website"},"primaryImageOfPage":{"@id":"https:\/\/tuzlainfo.ba\/index.php\/bosna-i-hercegovina\/item\/299630-sta-nas-od-sutra-ceka-na-granicama-eu-uvodi-drugaciju-kontrolu-bez-pecata-u-pasosima\/#primaryimage"},"image":{"@id":"https:\/\/tuzlainfo.ba\/index.php\/bosna-i-hercegovina\/item\/299630-sta-nas-od-sutra-ceka-na-granicama-eu-uvodi-drugaciju-kontrolu-bez-pecata-u-pasosima\/#primaryimage"},"thumbnailUrl":"https:\/\/tuzlainfo.ba\/wp-content\/uploads\/2026\/02\/IMG_4902.jpg","datePublished":"2026-04-09T08:04:24+00:00","dateModified":"2026-04-09T08:04:59+00:00","breadcrumb":{"@id":"https:\/\/tuzlainfo.ba\/index.php\/bosna-i-hercegovina\/item\/299630-sta-nas-od-sutra-ceka-na-granicama-eu-uvodi-drugaciju-kontrolu-bez-pecata-u-pasosima\/#breadcrumb"},"inLanguage":"bs-BA","potentialAction":[{"@type":"ReadAction","target":["https:\/\/tuzlainfo.ba\/index.php\/bosna-i-hercegovina\/item\/299630-sta-nas-od-sutra-ceka-na-granicama-eu-uvodi-drugaciju-kontrolu-bez-pecata-u-pasosima\/"]}]},{"@type":"ImageObject","inLanguage":"bs-BA","@id":"https:\/\/tuzlainfo.ba\/index.php\/bosna-i-hercegovina\/item\/299630-sta-nas-od-sutra-ceka-na-granicama-eu-uvodi-drugaciju-kontrolu-bez-pecata-u-pasosima\/#primaryimage","url":"https:\/\/tuzlainfo.ba\/wp-content\/uploads\/2026\/02\/IMG_4902.jpg","contentUrl":"https:\/\/tuzlainfo.ba\/wp-content\/uploads\/2026\/02\/IMG_4902.jpg","width":2194,"height":1558,"caption":"Foto: Tuzlainfo"},{"@type":"BreadcrumbList","@id":"https:\/\/tuzlainfo.ba\/index.php\/bosna-i-hercegovina\/item\/299630-sta-nas-od-sutra-ceka-na-granicama-eu-uvodi-drugaciju-kontrolu-bez-pecata-u-pasosima\/#breadcrumb","itemListElement":[{"@type":"ListItem","position":1,"name":"Home","item":"https:\/\/tuzlainfo.ba\/"},{"@type":"ListItem","position":2,"name":"\u0160ta nas od sutra \u010deka na granicama: EU uvodi druga\u010diju kontrolu bez pe\u010data u paso\u0161ima"}]},{"@type":"WebSite","@id":"https:\/\/tuzlainfo.ba\/#website","url":"https:\/\/tuzlainfo.ba\/","name":"TuzlaInfo.ba","description":"Tuzla info, gradski informator - Tuzla na dlanu","publisher":{"@id":"https:\/\/tuzlainfo.ba\/#organization"},"potentialAction":[{"@type":"SearchAction","target":{"@type":"EntryPoint","urlTemplate":"https:\/\/tuzlainfo.ba\/?s={search_term_string}"},"query-input":{"@type":"PropertyValueSpecification","valueRequired":true,"valueName":"search_term_string"}}],"inLanguage":"bs-BA"},{"@type":"Organization","@id":"https:\/\/tuzlainfo.ba\/#organization","name":"TuzlaInfo.ba","url":"https:\/\/tuzlainfo.ba\/","logo":{"@type":"ImageObject","inLanguage":"bs-BA","@id":"https:\/\/tuzlainfo.ba\/#\/schema\/logo\/image\/","url":"https:\/\/tuzlainfo.ba\/wp-content\/uploads\/2021\/03\/logo-ver-3-1.png","contentUrl":"https:\/\/tuzlainfo.ba\/wp-content\/uploads\/2021\/03\/logo-ver-3-1.png","width":350,"height":95,"caption":"TuzlaInfo.ba"},"image":{"@id":"https:\/\/tuzlainfo.ba\/#\/schema\/logo\/image\/"},"sameAs":["https:\/\/www.facebook.com\/tuzlainfo.ba\/"]},{"@type":"Person","@id":"https:\/\/tuzlainfo.ba\/#\/schema\/person\/f434e20dc27ea133923aab08451b7f7f","name":"nedim","image":{"@type":"ImageObject","inLanguage":"bs-BA","@id":"https:\/\/tuzlainfo.ba\/#\/schema\/person\/image\/","url":"https:\/\/tuzlainfo.ba\/wp-content\/litespeed\/avatar\/aabad687af24844af817603ac1cbdc4f.jpg?ver=1777306975","contentUrl":"https:\/\/tuzlainfo.ba\/wp-content\/litespeed\/avatar\/aabad687af24844af817603ac1cbdc4f.jpg?ver=1777306975","caption":"nedim"},"description":"Tuzlainfo.ba pratite na dru\u0161tvenim mre\u017eama: Facebook, Instagram i Youtube. Svoje pri\u010de, upite i fotografije \u0161aljite na na\u0161u e-mail adresu."}]}},"_links":{"self":[{"href":"https:\/\/tuzlainfo.ba\/index.php\/wp-json\/wp\/v2\/posts\/299630"}],"collection":[{"href":"https:\/\/tuzlainfo.ba\/index.php\/wp-json\/wp\/v2\/posts"}],"about":[{"href":"https:\/\/tuzlainfo.ba\/index.php\/wp-json\/wp\/v2\/types\/post"}],"author":[{"embeddable":true,"href":"https:\/\/tuzlainfo.ba\/index.php\/wp-json\/wp\/v2\/users\/2"}],"replies":[{"embeddable":true,"href":"https:\/\/tuzlainfo.ba\/index.php\/wp-json\/wp\/v2\/comments?post=299630"}],"version-history":[{"count":2,"href":"https:\/\/tuzlainfo.ba\/index.php\/wp-json\/wp\/v2\/posts\/299630\/revisions"}],"predecessor-version":[{"id":299632,"href":"https:\/\/tuzlainfo.ba\/index.php\/wp-json\/wp\/v2\/posts\/299630\/revisions\/299632"}],"wp:featuredmedia":[{"embeddable":true,"href":"https:\/\/tuzlainfo.ba\/index.php\/wp-json\/wp\/v2\/media\/293561"}],"wp:attachment":[{"href":"https:\/\/tuzlainfo.ba\/index.php\/wp-json\/wp\/v2\/media?parent=299630"}],"wp:term":[{"taxonomy":"category","embeddable":true,"href":"https:\/\/tuzlainfo.ba\/index.php\/wp-json\/wp\/v2\/categories?post=299630"},{"taxonomy":"post_tag","embeddable":true,"href":"https:\/\/tuzlainfo.ba\/index.php\/wp-json\/wp\/v2\/tags?post=299630"}],"curies":[{"name":"wp","href":"https:\/\/api.w.org\/{rel}","templated":true}]}}