{"id":299522,"date":"2026-04-07T21:01:09","date_gmt":"2026-04-07T19:01:09","guid":{"rendered":"https:\/\/tuzlainfo.ba\/?p=299522"},"modified":"2026-04-07T21:01:47","modified_gmt":"2026-04-07T19:01:47","slug":"donald-trump-jr-u-banjoj-luci-orban-je-borac-za-zapadne-vrijednosti-eu-treba-reformu","status":"publish","type":"post","link":"https:\/\/tuzlainfo.ba\/index.php\/bosna-i-hercegovina\/item\/299522-donald-trump-jr-u-banjoj-luci-orban-je-borac-za-zapadne-vrijednosti-eu-treba-reformu\/","title":{"rendered":"Donald Trump Jr. u Banjoj Luci: &#8220;Orban je borac za zapadne vrijednosti, EU treba reformu&#8221;"},"content":{"rendered":"<p data-start=\"0\" data-end=\"237\">Donald Trump Jr., sin ameri\u010dkog predsjednika, boravio je u Banjoj Luci gdje je u Banskom dvoru u\u010destvovao na panel diskusiji sa privrednicima i govorio o aktuelnim globalnim temama, uklju\u010duju\u0107i ekonomiju, tehnologiju i politi\u010dke procese.<\/p>\n<p data-start=\"239\" data-end=\"428\">Kako prenosi ATV, u svom obra\u0107anju istakao je da je radna etika prije svega kulturolo\u0161ko pitanje, nagla\u0161avaju\u0107i da razli\u010dite sredine mogu ponuditi vrijedne lekcije o funkcionisanju dru\u0161tva.<\/p>\n<p data-start=\"430\" data-end=\"791\">Govore\u0107i o savremenim trendovima, posebno se osvrnuo na razvoj vje\u0161ta\u010dke inteligencije i kriptovaluta, isti\u010du\u0107i da su ove oblasti ve\u0107 sada klju\u010dni dio globalnih promjena. Prema njegovim rije\u010dima, vje\u0161ta\u010dka inteligencija predstavlja nezaobilazan segment budu\u0107nosti, te da \u0107e tehnolo\u0161ka prednost igrati presudnu ulogu u dono\u0161enju va\u017enih odluka na svjetskom nivou.<\/p>\n<p data-start=\"793\" data-end=\"950\">\u2013 Do\u0161li smo do ta\u010dke s koje nema povratka kada je rije\u010d o razvoju tehnologije. Onaj ko bude prednja\u010dio, odlu\u010divat \u0107e o mnogim stvarima \u2013 poru\u010dio je Trump Jr.<\/p>\n<p data-start=\"952\" data-end=\"1168\">Osvrnuo se i na koncept demokratije, navode\u0107i da se ona \u010desto koristi kao sredstvo politi\u010dkog uticaja \u0161irom svijeta, dok je u kontekstu kriptovaluta naglasio da su one postale va\u017ean dio savremenog ekonomskog sistema.<\/p>\n<p data-start=\"1170\" data-end=\"1498\">Komentari\u0161u\u0107i politi\u010dka de\u0161avanja u Evropi, izdvojio je Ma\u0111arsku i njenog premijera Viktora Orbana, kojeg je opisao kao \u201eborca za zapadne vrijednosti\u201c. Tako\u0111er je govorio i o Evropskoj uniji, prenose\u0107i stavove koje, kako ka\u017ee, \u010desto \u010duje na me\u0111unarodnim poslovnim skupovima, gdje se EU opisuje kao sistem koji zahtijeva reforme.<\/p>\n<p data-start=\"1500\" data-end=\"1634\">Zaklju\u010dio je da \u0107e budu\u0107i razvoj situacije u Evropskoj uniji imati zna\u010dajan uticaj na zapadne vrijednosti i globalne politi\u010dke tokove.<\/p>\n","protected":false},"excerpt":{"rendered":"<p>Donald Trump Jr., sin ameri\u010dkog predsjednika, boravio je u Banjoj Luci gdje je u Banskom&hellip;<\/p>\n","protected":false},"author":2,"featured_media":299523,"comment_status":"closed","ping_status":"closed","sticky":false,"template":"","format":"standard","meta":{"_acf_changed":false,"footnotes":""},"categories":[291],"tags":[13728],"acf":[],"yoast_head":"<!-- This site is optimized with the Yoast SEO plugin v23.5 - https:\/\/yoast.com\/wordpress\/plugins\/seo\/ -->\n<title>Donald Trump Jr. u Banjoj Luci: &quot;Orban je borac za zapadne vrijednosti, EU treba reformu&quot; - TuzlaInfo.ba<\/title>\n<meta name=\"robots\" content=\"index, follow, max-snippet:-1, max-image-preview:large, max-video-preview:-1\" \/>\n<link rel=\"canonical\" href=\"https:\/\/tuzlainfo.ba\/index.php\/bosna-i-hercegovina\/item\/299522-donald-trump-jr-u-banjoj-luci-orban-je-borac-za-zapadne-vrijednosti-eu-treba-reformu\/\" \/>\n<meta property=\"og:locale\" content=\"bs_BA\" \/>\n<meta property=\"og:type\" content=\"article\" \/>\n<meta property=\"og:title\" content=\"Donald Trump Jr. u Banjoj Luci: &quot;Orban je borac za zapadne vrijednosti, EU treba reformu&quot; - TuzlaInfo.ba\" \/>\n<meta property=\"og:description\" content=\"Donald Trump Jr., sin ameri\u010dkog predsjednika, boravio je u Banjoj Luci gdje je u Banskom&hellip;\" \/>\n<meta property=\"og:url\" content=\"https:\/\/tuzlainfo.ba\/index.php\/bosna-i-hercegovina\/item\/299522-donald-trump-jr-u-banjoj-luci-orban-je-borac-za-zapadne-vrijednosti-eu-treba-reformu\/\" \/>\n<meta property=\"og:site_name\" content=\"TuzlaInfo.ba\" \/>\n<meta property=\"article:publisher\" content=\"https:\/\/www.facebook.com\/tuzlainfo.ba\/\" \/>\n<meta property=\"article:published_time\" content=\"2026-04-07T19:01:09+00:00\" \/>\n<meta property=\"article:modified_time\" content=\"2026-04-07T19:01:47+00:00\" \/>\n<meta property=\"og:image\" content=\"https:\/\/tuzlainfo.ba\/wp-content\/uploads\/2026\/04\/0704_trump_junior.jpg\" \/>\n\t<meta property=\"og:image:width\" content=\"1000\" \/>\n\t<meta property=\"og:image:height\" content=\"666\" \/>\n\t<meta property=\"og:image:type\" content=\"image\/jpeg\" \/>\n<meta name=\"author\" content=\"nedim\" \/>\n<meta name=\"twitter:card\" content=\"summary_large_image\" \/>\n<meta name=\"twitter:label1\" content=\"Written by\" \/>\n\t<meta name=\"twitter:data1\" content=\"nedim\" \/>\n\t<meta name=\"twitter:label2\" content=\"Est. reading time\" \/>\n\t<meta name=\"twitter:data2\" content=\"2 minute\" \/>\n<script type=\"application\/ld+json\" class=\"yoast-schema-graph\">{\"@context\":\"https:\/\/schema.org\",\"@graph\":[{\"@type\":\"Article\",\"@id\":\"https:\/\/tuzlainfo.ba\/index.php\/bosna-i-hercegovina\/item\/299522-donald-trump-jr-u-banjoj-luci-orban-je-borac-za-zapadne-vrijednosti-eu-treba-reformu\/#article\",\"isPartOf\":{\"@id\":\"https:\/\/tuzlainfo.ba\/index.php\/bosna-i-hercegovina\/item\/299522-donald-trump-jr-u-banjoj-luci-orban-je-borac-za-zapadne-vrijednosti-eu-treba-reformu\/\"},\"author\":{\"name\":\"nedim\",\"@id\":\"https:\/\/tuzlainfo.ba\/#\/schema\/person\/f434e20dc27ea133923aab08451b7f7f\"},\"headline\":\"Donald Trump Jr. u Banjoj Luci: &#8220;Orban je borac za zapadne vrijednosti, EU treba reformu&#8221;\",\"datePublished\":\"2026-04-07T19:01:09+00:00\",\"dateModified\":\"2026-04-07T19:01:47+00:00\",\"mainEntityOfPage\":{\"@id\":\"https:\/\/tuzlainfo.ba\/index.php\/bosna-i-hercegovina\/item\/299522-donald-trump-jr-u-banjoj-luci-orban-je-borac-za-zapadne-vrijednosti-eu-treba-reformu\/\"},\"wordCount\":297,\"publisher\":{\"@id\":\"https:\/\/tuzlainfo.ba\/#organization\"},\"image\":{\"@id\":\"https:\/\/tuzlainfo.ba\/index.php\/bosna-i-hercegovina\/item\/299522-donald-trump-jr-u-banjoj-luci-orban-je-borac-za-zapadne-vrijednosti-eu-treba-reformu\/#primaryimage\"},\"thumbnailUrl\":\"https:\/\/tuzlainfo.ba\/wp-content\/uploads\/2026\/04\/0704_trump_junior.jpg\",\"keywords\":[\"donald trump jr\"],\"articleSection\":[\"Bosna i Hercegovina\"],\"inLanguage\":\"bs-BA\"},{\"@type\":\"WebPage\",\"@id\":\"https:\/\/tuzlainfo.ba\/index.php\/bosna-i-hercegovina\/item\/299522-donald-trump-jr-u-banjoj-luci-orban-je-borac-za-zapadne-vrijednosti-eu-treba-reformu\/\",\"url\":\"https:\/\/tuzlainfo.ba\/index.php\/bosna-i-hercegovina\/item\/299522-donald-trump-jr-u-banjoj-luci-orban-je-borac-za-zapadne-vrijednosti-eu-treba-reformu\/\",\"name\":\"Donald Trump Jr. u Banjoj Luci: \\\"Orban je borac za zapadne vrijednosti, EU treba reformu\\\" - TuzlaInfo.ba\",\"isPartOf\":{\"@id\":\"https:\/\/tuzlainfo.ba\/#website\"},\"primaryImageOfPage\":{\"@id\":\"https:\/\/tuzlainfo.ba\/index.php\/bosna-i-hercegovina\/item\/299522-donald-trump-jr-u-banjoj-luci-orban-je-borac-za-zapadne-vrijednosti-eu-treba-reformu\/#primaryimage\"},\"image\":{\"@id\":\"https:\/\/tuzlainfo.ba\/index.php\/bosna-i-hercegovina\/item\/299522-donald-trump-jr-u-banjoj-luci-orban-je-borac-za-zapadne-vrijednosti-eu-treba-reformu\/#primaryimage\"},\"thumbnailUrl\":\"https:\/\/tuzlainfo.ba\/wp-content\/uploads\/2026\/04\/0704_trump_junior.jpg\",\"datePublished\":\"2026-04-07T19:01:09+00:00\",\"dateModified\":\"2026-04-07T19:01:47+00:00\",\"breadcrumb\":{\"@id\":\"https:\/\/tuzlainfo.ba\/index.php\/bosna-i-hercegovina\/item\/299522-donald-trump-jr-u-banjoj-luci-orban-je-borac-za-zapadne-vrijednosti-eu-treba-reformu\/#breadcrumb\"},\"inLanguage\":\"bs-BA\",\"potentialAction\":[{\"@type\":\"ReadAction\",\"target\":[\"https:\/\/tuzlainfo.ba\/index.php\/bosna-i-hercegovina\/item\/299522-donald-trump-jr-u-banjoj-luci-orban-je-borac-za-zapadne-vrijednosti-eu-treba-reformu\/\"]}]},{\"@type\":\"ImageObject\",\"inLanguage\":\"bs-BA\",\"@id\":\"https:\/\/tuzlainfo.ba\/index.php\/bosna-i-hercegovina\/item\/299522-donald-trump-jr-u-banjoj-luci-orban-je-borac-za-zapadne-vrijednosti-eu-treba-reformu\/#primaryimage\",\"url\":\"https:\/\/tuzlainfo.ba\/wp-content\/uploads\/2026\/04\/0704_trump_junior.jpg\",\"contentUrl\":\"https:\/\/tuzlainfo.ba\/wp-content\/uploads\/2026\/04\/0704_trump_junior.jpg\",\"width\":1000,\"height\":666},{\"@type\":\"BreadcrumbList\",\"@id\":\"https:\/\/tuzlainfo.ba\/index.php\/bosna-i-hercegovina\/item\/299522-donald-trump-jr-u-banjoj-luci-orban-je-borac-za-zapadne-vrijednosti-eu-treba-reformu\/#breadcrumb\",\"itemListElement\":[{\"@type\":\"ListItem\",\"position\":1,\"name\":\"Home\",\"item\":\"https:\/\/tuzlainfo.ba\/\"},{\"@type\":\"ListItem\",\"position\":2,\"name\":\"Donald Trump Jr. u Banjoj Luci: &#8220;Orban je borac za zapadne vrijednosti, EU treba reformu&#8221;\"}]},{\"@type\":\"WebSite\",\"@id\":\"https:\/\/tuzlainfo.ba\/#website\",\"url\":\"https:\/\/tuzlainfo.ba\/\",\"name\":\"TuzlaInfo.ba\",\"description\":\"Tuzla info, gradski informator - Tuzla na dlanu\",\"publisher\":{\"@id\":\"https:\/\/tuzlainfo.ba\/#organization\"},\"potentialAction\":[{\"@type\":\"SearchAction\",\"target\":{\"@type\":\"EntryPoint\",\"urlTemplate\":\"https:\/\/tuzlainfo.ba\/?s={search_term_string}\"},\"query-input\":{\"@type\":\"PropertyValueSpecification\",\"valueRequired\":true,\"valueName\":\"search_term_string\"}}],\"inLanguage\":\"bs-BA\"},{\"@type\":\"Organization\",\"@id\":\"https:\/\/tuzlainfo.ba\/#organization\",\"name\":\"TuzlaInfo.ba\",\"url\":\"https:\/\/tuzlainfo.ba\/\",\"logo\":{\"@type\":\"ImageObject\",\"inLanguage\":\"bs-BA\",\"@id\":\"https:\/\/tuzlainfo.ba\/#\/schema\/logo\/image\/\",\"url\":\"https:\/\/tuzlainfo.ba\/wp-content\/uploads\/2021\/03\/logo-ver-3-1.png\",\"contentUrl\":\"https:\/\/tuzlainfo.ba\/wp-content\/uploads\/2021\/03\/logo-ver-3-1.png\",\"width\":350,\"height\":95,\"caption\":\"TuzlaInfo.ba\"},\"image\":{\"@id\":\"https:\/\/tuzlainfo.ba\/#\/schema\/logo\/image\/\"},\"sameAs\":[\"https:\/\/www.facebook.com\/tuzlainfo.ba\/\"]},{\"@type\":\"Person\",\"@id\":\"https:\/\/tuzlainfo.ba\/#\/schema\/person\/f434e20dc27ea133923aab08451b7f7f\",\"name\":\"nedim\",\"image\":{\"@type\":\"ImageObject\",\"inLanguage\":\"bs-BA\",\"@id\":\"https:\/\/tuzlainfo.ba\/#\/schema\/person\/image\/\",\"url\":\"https:\/\/tuzlainfo.ba\/wp-content\/litespeed\/avatar\/aabad687af24844af817603ac1cbdc4f.jpg?ver=1777306975\",\"contentUrl\":\"https:\/\/tuzlainfo.ba\/wp-content\/litespeed\/avatar\/aabad687af24844af817603ac1cbdc4f.jpg?ver=1777306975\",\"caption\":\"nedim\"},\"description\":\"Tuzlainfo.ba pratite na dru\u0161tvenim mre\u017eama: Facebook, Instagram i Youtube. Svoje pri\u010de, upite i fotografije \u0161aljite na na\u0161u e-mail adresu.\"}]}<\/script>\n<!-- \/ Yoast SEO plugin. -->","yoast_head_json":{"title":"Donald Trump Jr. u Banjoj Luci: \"Orban je borac za zapadne vrijednosti, EU treba reformu\" - TuzlaInfo.ba","robots":{"index":"index","follow":"follow","max-snippet":"max-snippet:-1","max-image-preview":"max-image-preview:large","max-video-preview":"max-video-preview:-1"},"canonical":"https:\/\/tuzlainfo.ba\/index.php\/bosna-i-hercegovina\/item\/299522-donald-trump-jr-u-banjoj-luci-orban-je-borac-za-zapadne-vrijednosti-eu-treba-reformu\/","og_locale":"bs_BA","og_type":"article","og_title":"Donald Trump Jr. u Banjoj Luci: \"Orban je borac za zapadne vrijednosti, EU treba reformu\" - TuzlaInfo.ba","og_description":"Donald Trump Jr., sin ameri\u010dkog predsjednika, boravio je u Banjoj Luci gdje je u Banskom&hellip;","og_url":"https:\/\/tuzlainfo.ba\/index.php\/bosna-i-hercegovina\/item\/299522-donald-trump-jr-u-banjoj-luci-orban-je-borac-za-zapadne-vrijednosti-eu-treba-reformu\/","og_site_name":"TuzlaInfo.ba","article_publisher":"https:\/\/www.facebook.com\/tuzlainfo.ba\/","article_published_time":"2026-04-07T19:01:09+00:00","article_modified_time":"2026-04-07T19:01:47+00:00","og_image":[{"width":1000,"height":666,"url":"https:\/\/tuzlainfo.ba\/wp-content\/uploads\/2026\/04\/0704_trump_junior.jpg","type":"image\/jpeg"}],"author":"nedim","twitter_card":"summary_large_image","twitter_misc":{"Written by":"nedim","Est. reading time":"2 minute"},"schema":{"@context":"https:\/\/schema.org","@graph":[{"@type":"Article","@id":"https:\/\/tuzlainfo.ba\/index.php\/bosna-i-hercegovina\/item\/299522-donald-trump-jr-u-banjoj-luci-orban-je-borac-za-zapadne-vrijednosti-eu-treba-reformu\/#article","isPartOf":{"@id":"https:\/\/tuzlainfo.ba\/index.php\/bosna-i-hercegovina\/item\/299522-donald-trump-jr-u-banjoj-luci-orban-je-borac-za-zapadne-vrijednosti-eu-treba-reformu\/"},"author":{"name":"nedim","@id":"https:\/\/tuzlainfo.ba\/#\/schema\/person\/f434e20dc27ea133923aab08451b7f7f"},"headline":"Donald Trump Jr. u Banjoj Luci: &#8220;Orban je borac za zapadne vrijednosti, EU treba reformu&#8221;","datePublished":"2026-04-07T19:01:09+00:00","dateModified":"2026-04-07T19:01:47+00:00","mainEntityOfPage":{"@id":"https:\/\/tuzlainfo.ba\/index.php\/bosna-i-hercegovina\/item\/299522-donald-trump-jr-u-banjoj-luci-orban-je-borac-za-zapadne-vrijednosti-eu-treba-reformu\/"},"wordCount":297,"publisher":{"@id":"https:\/\/tuzlainfo.ba\/#organization"},"image":{"@id":"https:\/\/tuzlainfo.ba\/index.php\/bosna-i-hercegovina\/item\/299522-donald-trump-jr-u-banjoj-luci-orban-je-borac-za-zapadne-vrijednosti-eu-treba-reformu\/#primaryimage"},"thumbnailUrl":"https:\/\/tuzlainfo.ba\/wp-content\/uploads\/2026\/04\/0704_trump_junior.jpg","keywords":["donald trump jr"],"articleSection":["Bosna i Hercegovina"],"inLanguage":"bs-BA"},{"@type":"WebPage","@id":"https:\/\/tuzlainfo.ba\/index.php\/bosna-i-hercegovina\/item\/299522-donald-trump-jr-u-banjoj-luci-orban-je-borac-za-zapadne-vrijednosti-eu-treba-reformu\/","url":"https:\/\/tuzlainfo.ba\/index.php\/bosna-i-hercegovina\/item\/299522-donald-trump-jr-u-banjoj-luci-orban-je-borac-za-zapadne-vrijednosti-eu-treba-reformu\/","name":"Donald Trump Jr. u Banjoj Luci: \"Orban je borac za zapadne vrijednosti, EU treba reformu\" - TuzlaInfo.ba","isPartOf":{"@id":"https:\/\/tuzlainfo.ba\/#website"},"primaryImageOfPage":{"@id":"https:\/\/tuzlainfo.ba\/index.php\/bosna-i-hercegovina\/item\/299522-donald-trump-jr-u-banjoj-luci-orban-je-borac-za-zapadne-vrijednosti-eu-treba-reformu\/#primaryimage"},"image":{"@id":"https:\/\/tuzlainfo.ba\/index.php\/bosna-i-hercegovina\/item\/299522-donald-trump-jr-u-banjoj-luci-orban-je-borac-za-zapadne-vrijednosti-eu-treba-reformu\/#primaryimage"},"thumbnailUrl":"https:\/\/tuzlainfo.ba\/wp-content\/uploads\/2026\/04\/0704_trump_junior.jpg","datePublished":"2026-04-07T19:01:09+00:00","dateModified":"2026-04-07T19:01:47+00:00","breadcrumb":{"@id":"https:\/\/tuzlainfo.ba\/index.php\/bosna-i-hercegovina\/item\/299522-donald-trump-jr-u-banjoj-luci-orban-je-borac-za-zapadne-vrijednosti-eu-treba-reformu\/#breadcrumb"},"inLanguage":"bs-BA","potentialAction":[{"@type":"ReadAction","target":["https:\/\/tuzlainfo.ba\/index.php\/bosna-i-hercegovina\/item\/299522-donald-trump-jr-u-banjoj-luci-orban-je-borac-za-zapadne-vrijednosti-eu-treba-reformu\/"]}]},{"@type":"ImageObject","inLanguage":"bs-BA","@id":"https:\/\/tuzlainfo.ba\/index.php\/bosna-i-hercegovina\/item\/299522-donald-trump-jr-u-banjoj-luci-orban-je-borac-za-zapadne-vrijednosti-eu-treba-reformu\/#primaryimage","url":"https:\/\/tuzlainfo.ba\/wp-content\/uploads\/2026\/04\/0704_trump_junior.jpg","contentUrl":"https:\/\/tuzlainfo.ba\/wp-content\/uploads\/2026\/04\/0704_trump_junior.jpg","width":1000,"height":666},{"@type":"BreadcrumbList","@id":"https:\/\/tuzlainfo.ba\/index.php\/bosna-i-hercegovina\/item\/299522-donald-trump-jr-u-banjoj-luci-orban-je-borac-za-zapadne-vrijednosti-eu-treba-reformu\/#breadcrumb","itemListElement":[{"@type":"ListItem","position":1,"name":"Home","item":"https:\/\/tuzlainfo.ba\/"},{"@type":"ListItem","position":2,"name":"Donald Trump Jr. u Banjoj Luci: &#8220;Orban je borac za zapadne vrijednosti, EU treba reformu&#8221;"}]},{"@type":"WebSite","@id":"https:\/\/tuzlainfo.ba\/#website","url":"https:\/\/tuzlainfo.ba\/","name":"TuzlaInfo.ba","description":"Tuzla info, gradski informator - Tuzla na dlanu","publisher":{"@id":"https:\/\/tuzlainfo.ba\/#organization"},"potentialAction":[{"@type":"SearchAction","target":{"@type":"EntryPoint","urlTemplate":"https:\/\/tuzlainfo.ba\/?s={search_term_string}"},"query-input":{"@type":"PropertyValueSpecification","valueRequired":true,"valueName":"search_term_string"}}],"inLanguage":"bs-BA"},{"@type":"Organization","@id":"https:\/\/tuzlainfo.ba\/#organization","name":"TuzlaInfo.ba","url":"https:\/\/tuzlainfo.ba\/","logo":{"@type":"ImageObject","inLanguage":"bs-BA","@id":"https:\/\/tuzlainfo.ba\/#\/schema\/logo\/image\/","url":"https:\/\/tuzlainfo.ba\/wp-content\/uploads\/2021\/03\/logo-ver-3-1.png","contentUrl":"https:\/\/tuzlainfo.ba\/wp-content\/uploads\/2021\/03\/logo-ver-3-1.png","width":350,"height":95,"caption":"TuzlaInfo.ba"},"image":{"@id":"https:\/\/tuzlainfo.ba\/#\/schema\/logo\/image\/"},"sameAs":["https:\/\/www.facebook.com\/tuzlainfo.ba\/"]},{"@type":"Person","@id":"https:\/\/tuzlainfo.ba\/#\/schema\/person\/f434e20dc27ea133923aab08451b7f7f","name":"nedim","image":{"@type":"ImageObject","inLanguage":"bs-BA","@id":"https:\/\/tuzlainfo.ba\/#\/schema\/person\/image\/","url":"https:\/\/tuzlainfo.ba\/wp-content\/litespeed\/avatar\/aabad687af24844af817603ac1cbdc4f.jpg?ver=1777306975","contentUrl":"https:\/\/tuzlainfo.ba\/wp-content\/litespeed\/avatar\/aabad687af24844af817603ac1cbdc4f.jpg?ver=1777306975","caption":"nedim"},"description":"Tuzlainfo.ba pratite na dru\u0161tvenim mre\u017eama: Facebook, Instagram i Youtube. Svoje pri\u010de, upite i fotografije \u0161aljite na na\u0161u e-mail adresu."}]}},"_links":{"self":[{"href":"https:\/\/tuzlainfo.ba\/index.php\/wp-json\/wp\/v2\/posts\/299522"}],"collection":[{"href":"https:\/\/tuzlainfo.ba\/index.php\/wp-json\/wp\/v2\/posts"}],"about":[{"href":"https:\/\/tuzlainfo.ba\/index.php\/wp-json\/wp\/v2\/types\/post"}],"author":[{"embeddable":true,"href":"https:\/\/tuzlainfo.ba\/index.php\/wp-json\/wp\/v2\/users\/2"}],"replies":[{"embeddable":true,"href":"https:\/\/tuzlainfo.ba\/index.php\/wp-json\/wp\/v2\/comments?post=299522"}],"version-history":[{"count":2,"href":"https:\/\/tuzlainfo.ba\/index.php\/wp-json\/wp\/v2\/posts\/299522\/revisions"}],"predecessor-version":[{"id":299525,"href":"https:\/\/tuzlainfo.ba\/index.php\/wp-json\/wp\/v2\/posts\/299522\/revisions\/299525"}],"wp:featuredmedia":[{"embeddable":true,"href":"https:\/\/tuzlainfo.ba\/index.php\/wp-json\/wp\/v2\/media\/299523"}],"wp:attachment":[{"href":"https:\/\/tuzlainfo.ba\/index.php\/wp-json\/wp\/v2\/media?parent=299522"}],"wp:term":[{"taxonomy":"category","embeddable":true,"href":"https:\/\/tuzlainfo.ba\/index.php\/wp-json\/wp\/v2\/categories?post=299522"},{"taxonomy":"post_tag","embeddable":true,"href":"https:\/\/tuzlainfo.ba\/index.php\/wp-json\/wp\/v2\/tags?post=299522"}],"curies":[{"name":"wp","href":"https:\/\/api.w.org\/{rel}","templated":true}]}}