{"id":299516,"date":"2026-04-08T11:08:29","date_gmt":"2026-04-08T09:08:29","guid":{"rendered":"https:\/\/tuzlainfo.ba\/?p=299516"},"modified":"2026-04-07T20:29:18","modified_gmt":"2026-04-07T18:29:18","slug":"prica-abide-mulahusejnovic-koja-motivise-od-studentskog-liderstva-do-javnog-angazmana","status":"publish","type":"post","link":"https:\/\/tuzlainfo.ba\/index.php\/novosti\/item\/299516-prica-abide-mulahusejnovic-koja-motivise-od-studentskog-liderstva-do-javnog-angazmana\/","title":{"rendered":"Pri\u010da Abide Mulahusejnovi\u0107 koja motivi\u0161e: Od studentskog liderstva do javnog anga\u017emana"},"content":{"rendered":"<p data-start=\"0\" data-end=\"207\">U vremenu kada se od mladih \u010desto o\u010dekuje da slijede ustaljene obrasce, Abida<br data-start=\"77\" data-end=\"80\" \/>Mulahusejnovi\u0107 predstavlja primjer druga\u010dijeg puta, puta koji spaja akademsku izvrsnost,<br data-start=\"168\" data-end=\"171\" \/>dru\u0161tveni anga\u017eman i autenti\u010dnost.<\/p>\n<p data-start=\"209\" data-end=\"612\">Trenutno kao pripravnica u gradskoj upravi Grada Gra\u010danica na poziciji PR-a, te studentica<br data-start=\"299\" data-end=\"302\" \/>drugog ciklusa studija politologije na Univerzitetu u Tuzli, Abida svoju profesionalnu i<br data-start=\"390\" data-end=\"393\" \/>akademsku karijeru gradi na \u010dvrstim temeljima znanja i iskustva. Kao bachelor \u017durnalistike<br data-start=\"483\" data-end=\"486\" \/>sa visokim prosjekom 9,29, ve\u0107 u ranoj fazi svog razvoja pokazala je posve\u0107enost u\u010denju, ali<br data-start=\"578\" data-end=\"581\" \/>i \u0161iru dru\u0161tvenu odgovornost.<\/p>\n<h2 data-section-id=\"bnyoq\" data-start=\"614\" data-end=\"651\">Akademski anga\u017eman i dru\u0161tveni rad<\/h2>\n<p data-start=\"653\" data-end=\"1328\">Poseban trag ostavila je kroz \u010detverogodi\u0161nji anga\u017eman u Studentskom vije\u0107u Filozofskog<br data-start=\"740\" data-end=\"743\" \/>fakulteta Univerziteta u Tuzli, gdje je tri godine bila dio rukovodstva, obna\u0161aju\u0107i funkcije<br data-start=\"835\" data-end=\"838\" \/>potpredsjednice i predsjednice Skup\u0161tine. Tako\u0111er, bila je i dio Nau\u010dno-nastavnog vije\u0107a<br data-start=\"926\" data-end=\"929\" \/>(NNV), \u010dime je aktivno u\u010destvovala u akademskim procesima i dono\u0161enju va\u017enih odluka na<br data-start=\"1015\" data-end=\"1018\" \/>fakultetu. Kroz ovaj anga\u017eman nije samo u\u010dila o liderstvu, ve\u0107 ga je aktivno \u017eivjela,<br data-start=\"1103\" data-end=\"1106\" \/>organizuju\u0107i obilje\u017eavanje zna\u010dajnih historijskih i dru\u0161tvenih datuma poput Dana bijelih<br data-start=\"1194\" data-end=\"1197\" \/>traka, \u201e\u010citanja za Srebrenicu\u201c, \u201eU srcu sje\u0107anja\u201c, obilje\u017eavanja odbrane grada Tuzle, kao i<br data-start=\"1288\" data-end=\"1291\" \/>odavanja po\u010dasti \u017ertvama na Kapiji.<\/p>\n<p data-start=\"653\" data-end=\"1328\"><img fetchpriority=\"high\" decoding=\"async\" class=\"alignnone size-full wp-image-299518\" src=\"https:\/\/tuzlainfo.ba\/wp-content\/uploads\/2026\/04\/0704_abida_2.jpg\" alt=\"\" width=\"933\" height=\"571\" srcset=\"https:\/\/tuzlainfo.ba\/wp-content\/uploads\/2026\/04\/0704_abida_2.jpg 933w, https:\/\/tuzlainfo.ba\/wp-content\/uploads\/2026\/04\/0704_abida_2-300x184.jpg 300w, https:\/\/tuzlainfo.ba\/wp-content\/uploads\/2026\/04\/0704_abida_2-768x470.jpg 768w, https:\/\/tuzlainfo.ba\/wp-content\/uploads\/2026\/04\/0704_abida_2-585x358.jpg 585w, https:\/\/tuzlainfo.ba\/wp-content\/uploads\/2026\/04\/0704_abida_2-150x92.jpg 150w, https:\/\/tuzlainfo.ba\/wp-content\/uploads\/2026\/04\/0704_abida_2-500x306.jpg 500w\" sizes=\"(max-width: 933px) 100vw, 933px\" \/><\/p>\n<p data-start=\"1330\" data-end=\"1764\">Njena uloga nije bila ograni\u010dena samo na organizaciju doga\u0111aja. Kao \u010dlanica komisije za<br data-start=\"1417\" data-end=\"1420\" \/>konkurs izrade filma na temu genocida u Srebrenici, u\u010destvovala je u projektima koji imaju<br data-start=\"1510\" data-end=\"1513\" \/>dubok dru\u0161tveni i edukativni zna\u010daj, potvr\u0111uju\u0107i svoju posve\u0107enost o\u010duvanju kolektivnog<br data-start=\"1600\" data-end=\"1603\" \/>sje\u0107anja i istine. Uz to, kroz obilje\u017eavanje Dana nezavisnosti i Dana dr\u017eavnosti, te<br data-start=\"1687\" data-end=\"1690\" \/>organizaciju humanitarnih akcija, kontinuirano je doprinosila zajednici.<\/p>\n<h2 data-section-id=\"q1h9ef\" data-start=\"1766\" data-end=\"1808\">Me\u0111unarodno iskustvo i li\u010dna filozofija<\/h2>\n<p data-start=\"1810\" data-end=\"2340\">Pored akademskog anga\u017emana, Abida je aktivno radila na izgradnji profesionalnih i<br data-start=\"1891\" data-end=\"1894\" \/>me\u0111unarodnih odnosa. U\u010de\u0161\u0107e na seminarima i konferencijama u Sarajevu, Banjoj Luci i<br data-start=\"1978\" data-end=\"1981\" \/>Tuzli, u organizaciji relevantnih doma\u0107ih i me\u0111unarodnih organizacija, kao i iskustva iz Ni\u0161a<br data-start=\"2074\" data-end=\"2077\" \/>i Zagreba, dodatno su oblikovala njen pogled na dru\u0161tvo, politiku i medije. Posebno se isti\u010de<br data-start=\"2170\" data-end=\"2173\" \/>njen uspjeh na festivalu \u201eOn the Record\u201c, gdje je njen tekst \u201eSavr\u0161ena \u017eena: Od<br data-start=\"2252\" data-end=\"2255\" \/>perfekcionizma do sindroma \u2018Super \u017eene\u2019\u201c prepoznat i uvr\u0161ten u u\u017ei krug takmi\u010denja.<\/p>\n<p data-start=\"2342\" data-end=\"2881\">Kroz kratkotrajnu razmjenu na Fakultetu politi\u010dkih nauka u Zagrebu, ali i kroz u\u010de\u0161\u0107e na<br data-start=\"2430\" data-end=\"2433\" \/>me\u0111unarodnim doga\u0111ajima poput LEAP Summita i Festivala Voices, Abida je imala priliku<br data-start=\"2518\" data-end=\"2521\" \/>sara\u0111ivati sa studentima iz razli\u010ditih dijelova Evrope, grade\u0107i mre\u017eu kontakata i razmjenjuju\u0107i<br data-start=\"2616\" data-end=\"2619\" \/>ideje koje nadilaze lokalne okvire. Posebno se isti\u010de i njena uloga mlade ambasadorice<br data-start=\"2705\" data-end=\"2708\" \/>slobode izra\u017eavanja u okviru nevladine organizacije JaBiHEU, kroz koju aktivno promovi\u0161e<br data-start=\"2796\" data-end=\"2799\" \/>vrijednosti demokratskog dru\u0161tva, kriti\u010dkog mi\u0161ljenja i slobodnog javnog govora.<\/p>\n<p data-start=\"2883\" data-end=\"3324\">U medijskom prostoru, svoje prve korake gradila je kroz volontiranje na Radiju Gra\u010danica,<br data-start=\"2972\" data-end=\"2975\" \/>pisanjem za portale Tuzlainfo.ba i Gra\u010dani\u010dki.ba, ali i kroz terenski rad. Ova iskustva dodatno<br data-start=\"3070\" data-end=\"3073\" \/>su u\u010dvrstila njene komunikacijske vje\u0161tine i profesionalni pristup. Kao moderatorica brojnih<br data-start=\"3165\" data-end=\"3168\" \/>doga\u0111aja, od akademskih diskusija do kulturnih manifestacija, pokazala je sigurnost,<br data-start=\"3252\" data-end=\"3255\" \/>profesionalizam i spremnost za javne nastupe na razli\u010ditim nivoima.<\/p>\n<p data-start=\"3326\" data-end=\"3443\">Ipak, ono \u0161to Abidu posebno izdvaja nije samo njen profesionalni i akademski put, ve\u0107 jasni<br data-start=\"3417\" data-end=\"3420\" \/>stavovi koje zastupa.<\/p>\n<p data-start=\"3445\" data-end=\"3686\">\u201eSmatram da su akademsko znanje, teorija i prakti\u010dno iskustvo, uz izgradnju<br data-start=\"3520\" data-end=\"3523\" \/>kvalitetnih odnosa s kolegama, ne samo u Bosni i Hercegovini, ve\u0107 i \u0161ire, klju\u010dni za<br data-start=\"3607\" data-end=\"3610\" \/>napredak. Ne samo nas kao pojedinaca, ve\u0107 i dru\u0161tva, te dr\u017eave u cjelini.\u201c<\/p>\n<p data-start=\"3688\" data-end=\"3737\">Uz to, nagla\u0161ava i va\u017enost li\u010dne autenti\u010dnosti:<\/p>\n<p data-start=\"3739\" data-end=\"3957\">\u201eOsnovna komponenta za napredak u \u017eivotu, pored znanja, jeste hrabrost, hrabrost da<br data-start=\"3822\" data-end=\"3825\" \/>budemo ono \u0161to jesmo. U svijetu koji \u010desto tra\u017ei prilago\u0111avanje, originalnost je<br data-start=\"3905\" data-end=\"3908\" \/>vrijednost koja se uvijek prepoznaje i cijeni.\u201c<\/p>\n<p data-start=\"3959\" data-end=\"4237\">Ove poruke ne predstavljaju samo li\u010dne stavove, ve\u0107 i filozofiju kojom se vodi. U vremenu<br data-start=\"4048\" data-end=\"4051\" \/>izazova i brzih promjena, Abida Mulahusejnovi\u0107 pokazuje da spoj znanja, anga\u017emana,<br data-start=\"4133\" data-end=\"4136\" \/>me\u0111uljudskih odnosa i autenti\u010dnosti mo\u017ee biti sna\u017ean temelj za uspjeh, ali i inspiracija<br data-start=\"4224\" data-end=\"4227\" \/>drugima.<\/p>\n<p data-start=\"4239\" data-end=\"4399\" data-is-last-node=\"\" data-is-only-node=\"\">Njena pri\u010da nije samo pri\u010da o postignu\u0107ima, ve\u0107 i o smjeru kojim mladi mogu i\u0107i, hrabro,<br data-start=\"4327\" data-end=\"4330\" \/>svjesno i dosljedno sebi, ali i odgovorno prema dru\u0161tvu u kojem \u017eive.<\/p>\n","protected":false},"excerpt":{"rendered":"<p>U vremenu kada se od mladih \u010desto o\u010dekuje da slijede ustaljene obrasce, AbidaMulahusejnovi\u0107 predstavlja primjer&hellip;<\/p>\n","protected":false},"author":2,"featured_media":299517,"comment_status":"closed","ping_status":"closed","sticky":false,"template":"","format":"standard","meta":{"_acf_changed":false,"footnotes":""},"categories":[12],"tags":[],"acf":[],"yoast_head":"<!-- This site is optimized with the Yoast SEO plugin v23.5 - https:\/\/yoast.com\/wordpress\/plugins\/seo\/ -->\n<title>Pri\u010da Abide Mulahusejnovi\u0107 koja motivi\u0161e: Od studentskog liderstva do javnog anga\u017emana - TuzlaInfo.ba<\/title>\n<meta name=\"robots\" content=\"index, follow, max-snippet:-1, max-image-preview:large, max-video-preview:-1\" \/>\n<link rel=\"canonical\" href=\"https:\/\/tuzlainfo.ba\/index.php\/novosti\/item\/299516-prica-abide-mulahusejnovic-koja-motivise-od-studentskog-liderstva-do-javnog-angazmana\/\" \/>\n<meta property=\"og:locale\" content=\"bs_BA\" \/>\n<meta property=\"og:type\" content=\"article\" \/>\n<meta property=\"og:title\" content=\"Pri\u010da Abide Mulahusejnovi\u0107 koja motivi\u0161e: Od studentskog liderstva do javnog anga\u017emana - TuzlaInfo.ba\" \/>\n<meta property=\"og:description\" content=\"U vremenu kada se od mladih \u010desto o\u010dekuje da slijede ustaljene obrasce, AbidaMulahusejnovi\u0107 predstavlja primjer&hellip;\" \/>\n<meta property=\"og:url\" content=\"https:\/\/tuzlainfo.ba\/index.php\/novosti\/item\/299516-prica-abide-mulahusejnovic-koja-motivise-od-studentskog-liderstva-do-javnog-angazmana\/\" \/>\n<meta property=\"og:site_name\" content=\"TuzlaInfo.ba\" \/>\n<meta property=\"article:publisher\" content=\"https:\/\/www.facebook.com\/tuzlainfo.ba\/\" \/>\n<meta property=\"article:published_time\" content=\"2026-04-08T09:08:29+00:00\" \/>\n<meta property=\"article:modified_time\" content=\"2026-04-07T18:29:18+00:00\" \/>\n<meta property=\"og:image\" content=\"https:\/\/tuzlainfo.ba\/wp-content\/uploads\/2026\/04\/0704_abida.jpg\" \/>\n\t<meta property=\"og:image:width\" content=\"998\" \/>\n\t<meta property=\"og:image:height\" content=\"578\" \/>\n\t<meta property=\"og:image:type\" content=\"image\/jpeg\" \/>\n<meta name=\"author\" content=\"nedim\" \/>\n<meta name=\"twitter:card\" content=\"summary_large_image\" \/>\n<meta name=\"twitter:label1\" content=\"Written by\" \/>\n\t<meta name=\"twitter:data1\" content=\"nedim\" \/>\n\t<meta name=\"twitter:label2\" content=\"Est. reading time\" \/>\n\t<meta name=\"twitter:data2\" content=\"4 minute\" \/>\n<script type=\"application\/ld+json\" class=\"yoast-schema-graph\">{\"@context\":\"https:\/\/schema.org\",\"@graph\":[{\"@type\":\"Article\",\"@id\":\"https:\/\/tuzlainfo.ba\/index.php\/novosti\/item\/299516-prica-abide-mulahusejnovic-koja-motivise-od-studentskog-liderstva-do-javnog-angazmana\/#article\",\"isPartOf\":{\"@id\":\"https:\/\/tuzlainfo.ba\/index.php\/novosti\/item\/299516-prica-abide-mulahusejnovic-koja-motivise-od-studentskog-liderstva-do-javnog-angazmana\/\"},\"author\":{\"name\":\"nedim\",\"@id\":\"https:\/\/tuzlainfo.ba\/#\/schema\/person\/f434e20dc27ea133923aab08451b7f7f\"},\"headline\":\"Pri\u010da Abide Mulahusejnovi\u0107 koja motivi\u0161e: Od studentskog liderstva do javnog anga\u017emana\",\"datePublished\":\"2026-04-08T09:08:29+00:00\",\"dateModified\":\"2026-04-07T18:29:18+00:00\",\"mainEntityOfPage\":{\"@id\":\"https:\/\/tuzlainfo.ba\/index.php\/novosti\/item\/299516-prica-abide-mulahusejnovic-koja-motivise-od-studentskog-liderstva-do-javnog-angazmana\/\"},\"wordCount\":693,\"publisher\":{\"@id\":\"https:\/\/tuzlainfo.ba\/#organization\"},\"image\":{\"@id\":\"https:\/\/tuzlainfo.ba\/index.php\/novosti\/item\/299516-prica-abide-mulahusejnovic-koja-motivise-od-studentskog-liderstva-do-javnog-angazmana\/#primaryimage\"},\"thumbnailUrl\":\"https:\/\/tuzlainfo.ba\/wp-content\/uploads\/2026\/04\/0704_abida.jpg\",\"articleSection\":[\"Novosti\"],\"inLanguage\":\"bs-BA\"},{\"@type\":\"WebPage\",\"@id\":\"https:\/\/tuzlainfo.ba\/index.php\/novosti\/item\/299516-prica-abide-mulahusejnovic-koja-motivise-od-studentskog-liderstva-do-javnog-angazmana\/\",\"url\":\"https:\/\/tuzlainfo.ba\/index.php\/novosti\/item\/299516-prica-abide-mulahusejnovic-koja-motivise-od-studentskog-liderstva-do-javnog-angazmana\/\",\"name\":\"Pri\u010da Abide Mulahusejnovi\u0107 koja motivi\u0161e: Od studentskog liderstva do javnog anga\u017emana - TuzlaInfo.ba\",\"isPartOf\":{\"@id\":\"https:\/\/tuzlainfo.ba\/#website\"},\"primaryImageOfPage\":{\"@id\":\"https:\/\/tuzlainfo.ba\/index.php\/novosti\/item\/299516-prica-abide-mulahusejnovic-koja-motivise-od-studentskog-liderstva-do-javnog-angazmana\/#primaryimage\"},\"image\":{\"@id\":\"https:\/\/tuzlainfo.ba\/index.php\/novosti\/item\/299516-prica-abide-mulahusejnovic-koja-motivise-od-studentskog-liderstva-do-javnog-angazmana\/#primaryimage\"},\"thumbnailUrl\":\"https:\/\/tuzlainfo.ba\/wp-content\/uploads\/2026\/04\/0704_abida.jpg\",\"datePublished\":\"2026-04-08T09:08:29+00:00\",\"dateModified\":\"2026-04-07T18:29:18+00:00\",\"breadcrumb\":{\"@id\":\"https:\/\/tuzlainfo.ba\/index.php\/novosti\/item\/299516-prica-abide-mulahusejnovic-koja-motivise-od-studentskog-liderstva-do-javnog-angazmana\/#breadcrumb\"},\"inLanguage\":\"bs-BA\",\"potentialAction\":[{\"@type\":\"ReadAction\",\"target\":[\"https:\/\/tuzlainfo.ba\/index.php\/novosti\/item\/299516-prica-abide-mulahusejnovic-koja-motivise-od-studentskog-liderstva-do-javnog-angazmana\/\"]}]},{\"@type\":\"ImageObject\",\"inLanguage\":\"bs-BA\",\"@id\":\"https:\/\/tuzlainfo.ba\/index.php\/novosti\/item\/299516-prica-abide-mulahusejnovic-koja-motivise-od-studentskog-liderstva-do-javnog-angazmana\/#primaryimage\",\"url\":\"https:\/\/tuzlainfo.ba\/wp-content\/uploads\/2026\/04\/0704_abida.jpg\",\"contentUrl\":\"https:\/\/tuzlainfo.ba\/wp-content\/uploads\/2026\/04\/0704_abida.jpg\",\"width\":998,\"height\":578},{\"@type\":\"BreadcrumbList\",\"@id\":\"https:\/\/tuzlainfo.ba\/index.php\/novosti\/item\/299516-prica-abide-mulahusejnovic-koja-motivise-od-studentskog-liderstva-do-javnog-angazmana\/#breadcrumb\",\"itemListElement\":[{\"@type\":\"ListItem\",\"position\":1,\"name\":\"Home\",\"item\":\"https:\/\/tuzlainfo.ba\/\"},{\"@type\":\"ListItem\",\"position\":2,\"name\":\"Pri\u010da Abide Mulahusejnovi\u0107 koja motivi\u0161e: Od studentskog liderstva do javnog anga\u017emana\"}]},{\"@type\":\"WebSite\",\"@id\":\"https:\/\/tuzlainfo.ba\/#website\",\"url\":\"https:\/\/tuzlainfo.ba\/\",\"name\":\"TuzlaInfo.ba\",\"description\":\"Tuzla info, gradski informator - Tuzla na dlanu\",\"publisher\":{\"@id\":\"https:\/\/tuzlainfo.ba\/#organization\"},\"potentialAction\":[{\"@type\":\"SearchAction\",\"target\":{\"@type\":\"EntryPoint\",\"urlTemplate\":\"https:\/\/tuzlainfo.ba\/?s={search_term_string}\"},\"query-input\":{\"@type\":\"PropertyValueSpecification\",\"valueRequired\":true,\"valueName\":\"search_term_string\"}}],\"inLanguage\":\"bs-BA\"},{\"@type\":\"Organization\",\"@id\":\"https:\/\/tuzlainfo.ba\/#organization\",\"name\":\"TuzlaInfo.ba\",\"url\":\"https:\/\/tuzlainfo.ba\/\",\"logo\":{\"@type\":\"ImageObject\",\"inLanguage\":\"bs-BA\",\"@id\":\"https:\/\/tuzlainfo.ba\/#\/schema\/logo\/image\/\",\"url\":\"https:\/\/tuzlainfo.ba\/wp-content\/uploads\/2021\/03\/logo-ver-3-1.png\",\"contentUrl\":\"https:\/\/tuzlainfo.ba\/wp-content\/uploads\/2021\/03\/logo-ver-3-1.png\",\"width\":350,\"height\":95,\"caption\":\"TuzlaInfo.ba\"},\"image\":{\"@id\":\"https:\/\/tuzlainfo.ba\/#\/schema\/logo\/image\/\"},\"sameAs\":[\"https:\/\/www.facebook.com\/tuzlainfo.ba\/\"]},{\"@type\":\"Person\",\"@id\":\"https:\/\/tuzlainfo.ba\/#\/schema\/person\/f434e20dc27ea133923aab08451b7f7f\",\"name\":\"nedim\",\"image\":{\"@type\":\"ImageObject\",\"inLanguage\":\"bs-BA\",\"@id\":\"https:\/\/tuzlainfo.ba\/#\/schema\/person\/image\/\",\"url\":\"https:\/\/tuzlainfo.ba\/wp-content\/litespeed\/avatar\/aabad687af24844af817603ac1cbdc4f.jpg?ver=1777306975\",\"contentUrl\":\"https:\/\/tuzlainfo.ba\/wp-content\/litespeed\/avatar\/aabad687af24844af817603ac1cbdc4f.jpg?ver=1777306975\",\"caption\":\"nedim\"},\"description\":\"Tuzlainfo.ba pratite na dru\u0161tvenim mre\u017eama: Facebook, Instagram i Youtube. Svoje pri\u010de, upite i fotografije \u0161aljite na na\u0161u e-mail adresu.\"}]}<\/script>\n<!-- \/ Yoast SEO plugin. -->","yoast_head_json":{"title":"Pri\u010da Abide Mulahusejnovi\u0107 koja motivi\u0161e: Od studentskog liderstva do javnog anga\u017emana - TuzlaInfo.ba","robots":{"index":"index","follow":"follow","max-snippet":"max-snippet:-1","max-image-preview":"max-image-preview:large","max-video-preview":"max-video-preview:-1"},"canonical":"https:\/\/tuzlainfo.ba\/index.php\/novosti\/item\/299516-prica-abide-mulahusejnovic-koja-motivise-od-studentskog-liderstva-do-javnog-angazmana\/","og_locale":"bs_BA","og_type":"article","og_title":"Pri\u010da Abide Mulahusejnovi\u0107 koja motivi\u0161e: Od studentskog liderstva do javnog anga\u017emana - TuzlaInfo.ba","og_description":"U vremenu kada se od mladih \u010desto o\u010dekuje da slijede ustaljene obrasce, AbidaMulahusejnovi\u0107 predstavlja primjer&hellip;","og_url":"https:\/\/tuzlainfo.ba\/index.php\/novosti\/item\/299516-prica-abide-mulahusejnovic-koja-motivise-od-studentskog-liderstva-do-javnog-angazmana\/","og_site_name":"TuzlaInfo.ba","article_publisher":"https:\/\/www.facebook.com\/tuzlainfo.ba\/","article_published_time":"2026-04-08T09:08:29+00:00","article_modified_time":"2026-04-07T18:29:18+00:00","og_image":[{"width":998,"height":578,"url":"https:\/\/tuzlainfo.ba\/wp-content\/uploads\/2026\/04\/0704_abida.jpg","type":"image\/jpeg"}],"author":"nedim","twitter_card":"summary_large_image","twitter_misc":{"Written by":"nedim","Est. reading time":"4 minute"},"schema":{"@context":"https:\/\/schema.org","@graph":[{"@type":"Article","@id":"https:\/\/tuzlainfo.ba\/index.php\/novosti\/item\/299516-prica-abide-mulahusejnovic-koja-motivise-od-studentskog-liderstva-do-javnog-angazmana\/#article","isPartOf":{"@id":"https:\/\/tuzlainfo.ba\/index.php\/novosti\/item\/299516-prica-abide-mulahusejnovic-koja-motivise-od-studentskog-liderstva-do-javnog-angazmana\/"},"author":{"name":"nedim","@id":"https:\/\/tuzlainfo.ba\/#\/schema\/person\/f434e20dc27ea133923aab08451b7f7f"},"headline":"Pri\u010da Abide Mulahusejnovi\u0107 koja motivi\u0161e: Od studentskog liderstva do javnog anga\u017emana","datePublished":"2026-04-08T09:08:29+00:00","dateModified":"2026-04-07T18:29:18+00:00","mainEntityOfPage":{"@id":"https:\/\/tuzlainfo.ba\/index.php\/novosti\/item\/299516-prica-abide-mulahusejnovic-koja-motivise-od-studentskog-liderstva-do-javnog-angazmana\/"},"wordCount":693,"publisher":{"@id":"https:\/\/tuzlainfo.ba\/#organization"},"image":{"@id":"https:\/\/tuzlainfo.ba\/index.php\/novosti\/item\/299516-prica-abide-mulahusejnovic-koja-motivise-od-studentskog-liderstva-do-javnog-angazmana\/#primaryimage"},"thumbnailUrl":"https:\/\/tuzlainfo.ba\/wp-content\/uploads\/2026\/04\/0704_abida.jpg","articleSection":["Novosti"],"inLanguage":"bs-BA"},{"@type":"WebPage","@id":"https:\/\/tuzlainfo.ba\/index.php\/novosti\/item\/299516-prica-abide-mulahusejnovic-koja-motivise-od-studentskog-liderstva-do-javnog-angazmana\/","url":"https:\/\/tuzlainfo.ba\/index.php\/novosti\/item\/299516-prica-abide-mulahusejnovic-koja-motivise-od-studentskog-liderstva-do-javnog-angazmana\/","name":"Pri\u010da Abide Mulahusejnovi\u0107 koja motivi\u0161e: Od studentskog liderstva do javnog anga\u017emana - TuzlaInfo.ba","isPartOf":{"@id":"https:\/\/tuzlainfo.ba\/#website"},"primaryImageOfPage":{"@id":"https:\/\/tuzlainfo.ba\/index.php\/novosti\/item\/299516-prica-abide-mulahusejnovic-koja-motivise-od-studentskog-liderstva-do-javnog-angazmana\/#primaryimage"},"image":{"@id":"https:\/\/tuzlainfo.ba\/index.php\/novosti\/item\/299516-prica-abide-mulahusejnovic-koja-motivise-od-studentskog-liderstva-do-javnog-angazmana\/#primaryimage"},"thumbnailUrl":"https:\/\/tuzlainfo.ba\/wp-content\/uploads\/2026\/04\/0704_abida.jpg","datePublished":"2026-04-08T09:08:29+00:00","dateModified":"2026-04-07T18:29:18+00:00","breadcrumb":{"@id":"https:\/\/tuzlainfo.ba\/index.php\/novosti\/item\/299516-prica-abide-mulahusejnovic-koja-motivise-od-studentskog-liderstva-do-javnog-angazmana\/#breadcrumb"},"inLanguage":"bs-BA","potentialAction":[{"@type":"ReadAction","target":["https:\/\/tuzlainfo.ba\/index.php\/novosti\/item\/299516-prica-abide-mulahusejnovic-koja-motivise-od-studentskog-liderstva-do-javnog-angazmana\/"]}]},{"@type":"ImageObject","inLanguage":"bs-BA","@id":"https:\/\/tuzlainfo.ba\/index.php\/novosti\/item\/299516-prica-abide-mulahusejnovic-koja-motivise-od-studentskog-liderstva-do-javnog-angazmana\/#primaryimage","url":"https:\/\/tuzlainfo.ba\/wp-content\/uploads\/2026\/04\/0704_abida.jpg","contentUrl":"https:\/\/tuzlainfo.ba\/wp-content\/uploads\/2026\/04\/0704_abida.jpg","width":998,"height":578},{"@type":"BreadcrumbList","@id":"https:\/\/tuzlainfo.ba\/index.php\/novosti\/item\/299516-prica-abide-mulahusejnovic-koja-motivise-od-studentskog-liderstva-do-javnog-angazmana\/#breadcrumb","itemListElement":[{"@type":"ListItem","position":1,"name":"Home","item":"https:\/\/tuzlainfo.ba\/"},{"@type":"ListItem","position":2,"name":"Pri\u010da Abide Mulahusejnovi\u0107 koja motivi\u0161e: Od studentskog liderstva do javnog anga\u017emana"}]},{"@type":"WebSite","@id":"https:\/\/tuzlainfo.ba\/#website","url":"https:\/\/tuzlainfo.ba\/","name":"TuzlaInfo.ba","description":"Tuzla info, gradski informator - Tuzla na dlanu","publisher":{"@id":"https:\/\/tuzlainfo.ba\/#organization"},"potentialAction":[{"@type":"SearchAction","target":{"@type":"EntryPoint","urlTemplate":"https:\/\/tuzlainfo.ba\/?s={search_term_string}"},"query-input":{"@type":"PropertyValueSpecification","valueRequired":true,"valueName":"search_term_string"}}],"inLanguage":"bs-BA"},{"@type":"Organization","@id":"https:\/\/tuzlainfo.ba\/#organization","name":"TuzlaInfo.ba","url":"https:\/\/tuzlainfo.ba\/","logo":{"@type":"ImageObject","inLanguage":"bs-BA","@id":"https:\/\/tuzlainfo.ba\/#\/schema\/logo\/image\/","url":"https:\/\/tuzlainfo.ba\/wp-content\/uploads\/2021\/03\/logo-ver-3-1.png","contentUrl":"https:\/\/tuzlainfo.ba\/wp-content\/uploads\/2021\/03\/logo-ver-3-1.png","width":350,"height":95,"caption":"TuzlaInfo.ba"},"image":{"@id":"https:\/\/tuzlainfo.ba\/#\/schema\/logo\/image\/"},"sameAs":["https:\/\/www.facebook.com\/tuzlainfo.ba\/"]},{"@type":"Person","@id":"https:\/\/tuzlainfo.ba\/#\/schema\/person\/f434e20dc27ea133923aab08451b7f7f","name":"nedim","image":{"@type":"ImageObject","inLanguage":"bs-BA","@id":"https:\/\/tuzlainfo.ba\/#\/schema\/person\/image\/","url":"https:\/\/tuzlainfo.ba\/wp-content\/litespeed\/avatar\/aabad687af24844af817603ac1cbdc4f.jpg?ver=1777306975","contentUrl":"https:\/\/tuzlainfo.ba\/wp-content\/litespeed\/avatar\/aabad687af24844af817603ac1cbdc4f.jpg?ver=1777306975","caption":"nedim"},"description":"Tuzlainfo.ba pratite na dru\u0161tvenim mre\u017eama: Facebook, Instagram i Youtube. Svoje pri\u010de, upite i fotografije \u0161aljite na na\u0161u e-mail adresu."}]}},"_links":{"self":[{"href":"https:\/\/tuzlainfo.ba\/index.php\/wp-json\/wp\/v2\/posts\/299516"}],"collection":[{"href":"https:\/\/tuzlainfo.ba\/index.php\/wp-json\/wp\/v2\/posts"}],"about":[{"href":"https:\/\/tuzlainfo.ba\/index.php\/wp-json\/wp\/v2\/types\/post"}],"author":[{"embeddable":true,"href":"https:\/\/tuzlainfo.ba\/index.php\/wp-json\/wp\/v2\/users\/2"}],"replies":[{"embeddable":true,"href":"https:\/\/tuzlainfo.ba\/index.php\/wp-json\/wp\/v2\/comments?post=299516"}],"version-history":[{"count":1,"href":"https:\/\/tuzlainfo.ba\/index.php\/wp-json\/wp\/v2\/posts\/299516\/revisions"}],"predecessor-version":[{"id":299519,"href":"https:\/\/tuzlainfo.ba\/index.php\/wp-json\/wp\/v2\/posts\/299516\/revisions\/299519"}],"wp:featuredmedia":[{"embeddable":true,"href":"https:\/\/tuzlainfo.ba\/index.php\/wp-json\/wp\/v2\/media\/299517"}],"wp:attachment":[{"href":"https:\/\/tuzlainfo.ba\/index.php\/wp-json\/wp\/v2\/media?parent=299516"}],"wp:term":[{"taxonomy":"category","embeddable":true,"href":"https:\/\/tuzlainfo.ba\/index.php\/wp-json\/wp\/v2\/categories?post=299516"},{"taxonomy":"post_tag","embeddable":true,"href":"https:\/\/tuzlainfo.ba\/index.php\/wp-json\/wp\/v2\/tags?post=299516"}],"curies":[{"name":"wp","href":"https:\/\/api.w.org\/{rel}","templated":true}]}}