{"id":299135,"date":"2026-04-04T11:04:43","date_gmt":"2026-04-04T09:04:43","guid":{"rendered":"https:\/\/tuzlainfo.ba\/?p=299135"},"modified":"2026-04-03T12:12:25","modified_gmt":"2026-04-03T10:12:25","slug":"velika-subota-dan-tisine-molitve-i-iscekivanja-uskrsa","status":"publish","type":"post","link":"https:\/\/tuzlainfo.ba\/index.php\/bosna-i-hercegovina\/item\/299135-velika-subota-dan-tisine-molitve-i-iscekivanja-uskrsa\/","title":{"rendered":"Velika subota: Dan ti\u0161ine, molitve i i\u0161\u010dekivanja Uskrsa"},"content":{"rendered":"<p>Velika subota, dan uo\u010di Uskrsa, zauzima posebno mjesto u kr\u0161\u0107anskoj tradiciji kao vrijeme ti\u0161ine, molitve i duhovne pripreme za najve\u0107i blagdan, Uskrs. To je dan kada se vjernici prisje\u0107aju trenutka nakon Isusovog raspe\u0107a, kada je njegovo tijelo polo\u017eeno u grob, zbog \u010dega se ovaj dan obilje\u017eava u miru i sabranosti.<\/p>\n<p>Za razliku od Velikog petka, koji nosi sna\u017enu poruku stradanja, i Uskrsa, koji donosi radost uskrsnu\u0107a, Velika subota predstavlja dan i\u0161\u010dekivanja i nade. U crkvama se tokom dana zadr\u017eava ozra\u010dje ti\u0161ine, dok se vjernici pripremaju za vazmeno bdjenje, posebno ve\u010dernje bogoslu\u017eje kojim prakti\u010dno po\u010dinje proslava Uskrsa.<\/p>\n<p>U katoli\u010dkoj tradiciji vazmeno bdjenje ima poseban zna\u010daj. Tokom ovog obreda blagosilja se oganj, pali uskrsna svije\u0107a i \u0161alje poruka svjetla, \u017eivota i pobjede nad smr\u0107u. Upravo tim slavljem zavr\u0161ava vrijeme \u017ealosti i po\u010dinje uskrsna radost.<\/p>\n<p>Velika subota je u mnogim domovima i dan posljednjih priprema za Uskrs. Tada se ure\u0111uju domovi, priprema sve\u010dana trpeza i farbaju jaja, ali u sredi\u0161tu ovog dana ipak ostaje duhovna poruka ti\u0161ine, nade i i\u0161\u010dekivanja najve\u0107eg kr\u0161\u0107anskog blagdana.<\/p>\n","protected":false},"excerpt":{"rendered":"<p>Velika subota, dan uo\u010di Uskrsa, zauzima posebno mjesto u kr\u0161\u0107anskoj tradiciji kao vrijeme ti\u0161ine, molitve&hellip;<\/p>\n","protected":false},"author":8,"featured_media":299136,"comment_status":"closed","ping_status":"closed","sticky":false,"template":"","format":"standard","meta":{"_acf_changed":false,"footnotes":""},"categories":[291],"tags":[4541,13713],"acf":[],"yoast_head":"<!-- This site is optimized with the Yoast SEO plugin v23.5 - https:\/\/yoast.com\/wordpress\/plugins\/seo\/ -->\n<title>Velika subota: Dan ti\u0161ine, molitve i i\u0161\u010dekivanja Uskrsa - TuzlaInfo.ba<\/title>\n<meta name=\"robots\" content=\"index, follow, max-snippet:-1, max-image-preview:large, max-video-preview:-1\" \/>\n<link rel=\"canonical\" href=\"https:\/\/tuzlainfo.ba\/index.php\/bosna-i-hercegovina\/item\/299135-velika-subota-dan-tisine-molitve-i-iscekivanja-uskrsa\/\" \/>\n<meta property=\"og:locale\" content=\"bs_BA\" \/>\n<meta property=\"og:type\" content=\"article\" \/>\n<meta property=\"og:title\" content=\"Velika subota: Dan ti\u0161ine, molitve i i\u0161\u010dekivanja Uskrsa - TuzlaInfo.ba\" \/>\n<meta property=\"og:description\" content=\"Velika subota, dan uo\u010di Uskrsa, zauzima posebno mjesto u kr\u0161\u0107anskoj tradiciji kao vrijeme ti\u0161ine, molitve&hellip;\" \/>\n<meta property=\"og:url\" content=\"https:\/\/tuzlainfo.ba\/index.php\/bosna-i-hercegovina\/item\/299135-velika-subota-dan-tisine-molitve-i-iscekivanja-uskrsa\/\" \/>\n<meta property=\"og:site_name\" content=\"TuzlaInfo.ba\" \/>\n<meta property=\"article:publisher\" content=\"https:\/\/www.facebook.com\/tuzlainfo.ba\/\" \/>\n<meta property=\"article:published_time\" content=\"2026-04-04T09:04:43+00:00\" \/>\n<meta property=\"article:modified_time\" content=\"2026-04-03T10:12:25+00:00\" \/>\n<meta property=\"og:image\" content=\"https:\/\/tuzlainfo.ba\/wp-content\/uploads\/2026\/04\/velika-subota.jpeg\" \/>\n\t<meta property=\"og:image:width\" content=\"800\" \/>\n\t<meta property=\"og:image:height\" content=\"450\" \/>\n\t<meta property=\"og:image:type\" content=\"image\/jpeg\" \/>\n<meta name=\"author\" content=\"Admin Tri\" \/>\n<meta name=\"twitter:card\" content=\"summary_large_image\" \/>\n<meta name=\"twitter:label1\" content=\"Written by\" \/>\n\t<meta name=\"twitter:data1\" content=\"Admin Tri\" \/>\n\t<meta name=\"twitter:label2\" content=\"Est. reading time\" \/>\n\t<meta name=\"twitter:data2\" content=\"2 minute\" \/>\n<script type=\"application\/ld+json\" class=\"yoast-schema-graph\">{\"@context\":\"https:\/\/schema.org\",\"@graph\":[{\"@type\":\"Article\",\"@id\":\"https:\/\/tuzlainfo.ba\/index.php\/bosna-i-hercegovina\/item\/299135-velika-subota-dan-tisine-molitve-i-iscekivanja-uskrsa\/#article\",\"isPartOf\":{\"@id\":\"https:\/\/tuzlainfo.ba\/index.php\/bosna-i-hercegovina\/item\/299135-velika-subota-dan-tisine-molitve-i-iscekivanja-uskrsa\/\"},\"author\":{\"name\":\"Admin Tri\",\"@id\":\"https:\/\/tuzlainfo.ba\/#\/schema\/person\/593e78a2f6378c5ba3e7600ecfa4e63a\"},\"headline\":\"Velika subota: Dan ti\u0161ine, molitve i i\u0161\u010dekivanja Uskrsa\",\"datePublished\":\"2026-04-04T09:04:43+00:00\",\"dateModified\":\"2026-04-03T10:12:25+00:00\",\"mainEntityOfPage\":{\"@id\":\"https:\/\/tuzlainfo.ba\/index.php\/bosna-i-hercegovina\/item\/299135-velika-subota-dan-tisine-molitve-i-iscekivanja-uskrsa\/\"},\"wordCount\":211,\"publisher\":{\"@id\":\"https:\/\/tuzlainfo.ba\/#organization\"},\"image\":{\"@id\":\"https:\/\/tuzlainfo.ba\/index.php\/bosna-i-hercegovina\/item\/299135-velika-subota-dan-tisine-molitve-i-iscekivanja-uskrsa\/#primaryimage\"},\"thumbnailUrl\":\"https:\/\/tuzlainfo.ba\/wp-content\/uploads\/2026\/04\/velika-subota.jpeg\",\"keywords\":[\"uskrs\",\"velika subota\"],\"articleSection\":[\"Bosna i Hercegovina\"],\"inLanguage\":\"bs-BA\"},{\"@type\":\"WebPage\",\"@id\":\"https:\/\/tuzlainfo.ba\/index.php\/bosna-i-hercegovina\/item\/299135-velika-subota-dan-tisine-molitve-i-iscekivanja-uskrsa\/\",\"url\":\"https:\/\/tuzlainfo.ba\/index.php\/bosna-i-hercegovina\/item\/299135-velika-subota-dan-tisine-molitve-i-iscekivanja-uskrsa\/\",\"name\":\"Velika subota: Dan ti\u0161ine, molitve i i\u0161\u010dekivanja Uskrsa - TuzlaInfo.ba\",\"isPartOf\":{\"@id\":\"https:\/\/tuzlainfo.ba\/#website\"},\"primaryImageOfPage\":{\"@id\":\"https:\/\/tuzlainfo.ba\/index.php\/bosna-i-hercegovina\/item\/299135-velika-subota-dan-tisine-molitve-i-iscekivanja-uskrsa\/#primaryimage\"},\"image\":{\"@id\":\"https:\/\/tuzlainfo.ba\/index.php\/bosna-i-hercegovina\/item\/299135-velika-subota-dan-tisine-molitve-i-iscekivanja-uskrsa\/#primaryimage\"},\"thumbnailUrl\":\"https:\/\/tuzlainfo.ba\/wp-content\/uploads\/2026\/04\/velika-subota.jpeg\",\"datePublished\":\"2026-04-04T09:04:43+00:00\",\"dateModified\":\"2026-04-03T10:12:25+00:00\",\"breadcrumb\":{\"@id\":\"https:\/\/tuzlainfo.ba\/index.php\/bosna-i-hercegovina\/item\/299135-velika-subota-dan-tisine-molitve-i-iscekivanja-uskrsa\/#breadcrumb\"},\"inLanguage\":\"bs-BA\",\"potentialAction\":[{\"@type\":\"ReadAction\",\"target\":[\"https:\/\/tuzlainfo.ba\/index.php\/bosna-i-hercegovina\/item\/299135-velika-subota-dan-tisine-molitve-i-iscekivanja-uskrsa\/\"]}]},{\"@type\":\"ImageObject\",\"inLanguage\":\"bs-BA\",\"@id\":\"https:\/\/tuzlainfo.ba\/index.php\/bosna-i-hercegovina\/item\/299135-velika-subota-dan-tisine-molitve-i-iscekivanja-uskrsa\/#primaryimage\",\"url\":\"https:\/\/tuzlainfo.ba\/wp-content\/uploads\/2026\/04\/velika-subota.jpeg\",\"contentUrl\":\"https:\/\/tuzlainfo.ba\/wp-content\/uploads\/2026\/04\/velika-subota.jpeg\",\"width\":800,\"height\":450},{\"@type\":\"BreadcrumbList\",\"@id\":\"https:\/\/tuzlainfo.ba\/index.php\/bosna-i-hercegovina\/item\/299135-velika-subota-dan-tisine-molitve-i-iscekivanja-uskrsa\/#breadcrumb\",\"itemListElement\":[{\"@type\":\"ListItem\",\"position\":1,\"name\":\"Home\",\"item\":\"https:\/\/tuzlainfo.ba\/\"},{\"@type\":\"ListItem\",\"position\":2,\"name\":\"Velika subota: Dan ti\u0161ine, molitve i i\u0161\u010dekivanja Uskrsa\"}]},{\"@type\":\"WebSite\",\"@id\":\"https:\/\/tuzlainfo.ba\/#website\",\"url\":\"https:\/\/tuzlainfo.ba\/\",\"name\":\"TuzlaInfo.ba\",\"description\":\"Tuzla info, gradski informator - Tuzla na dlanu\",\"publisher\":{\"@id\":\"https:\/\/tuzlainfo.ba\/#organization\"},\"potentialAction\":[{\"@type\":\"SearchAction\",\"target\":{\"@type\":\"EntryPoint\",\"urlTemplate\":\"https:\/\/tuzlainfo.ba\/?s={search_term_string}\"},\"query-input\":{\"@type\":\"PropertyValueSpecification\",\"valueRequired\":true,\"valueName\":\"search_term_string\"}}],\"inLanguage\":\"bs-BA\"},{\"@type\":\"Organization\",\"@id\":\"https:\/\/tuzlainfo.ba\/#organization\",\"name\":\"TuzlaInfo.ba\",\"url\":\"https:\/\/tuzlainfo.ba\/\",\"logo\":{\"@type\":\"ImageObject\",\"inLanguage\":\"bs-BA\",\"@id\":\"https:\/\/tuzlainfo.ba\/#\/schema\/logo\/image\/\",\"url\":\"https:\/\/tuzlainfo.ba\/wp-content\/uploads\/2021\/03\/logo-ver-3-1.png\",\"contentUrl\":\"https:\/\/tuzlainfo.ba\/wp-content\/uploads\/2021\/03\/logo-ver-3-1.png\",\"width\":350,\"height\":95,\"caption\":\"TuzlaInfo.ba\"},\"image\":{\"@id\":\"https:\/\/tuzlainfo.ba\/#\/schema\/logo\/image\/\"},\"sameAs\":[\"https:\/\/www.facebook.com\/tuzlainfo.ba\/\"]},{\"@type\":\"Person\",\"@id\":\"https:\/\/tuzlainfo.ba\/#\/schema\/person\/593e78a2f6378c5ba3e7600ecfa4e63a\",\"name\":\"Admin Tri\",\"image\":{\"@type\":\"ImageObject\",\"inLanguage\":\"bs-BA\",\"@id\":\"https:\/\/tuzlainfo.ba\/#\/schema\/person\/image\/\",\"url\":\"https:\/\/tuzlainfo.ba\/wp-content\/litespeed\/avatar\/b7920db4cc34a71ad12497283ad2fe3f.jpg?ver=1777100914\",\"contentUrl\":\"https:\/\/tuzlainfo.ba\/wp-content\/litespeed\/avatar\/b7920db4cc34a71ad12497283ad2fe3f.jpg?ver=1777100914\",\"caption\":\"Admin Tri\"},\"sameAs\":[\"https:\/\/tuzlainfo.ba\"]}]}<\/script>\n<!-- \/ Yoast SEO plugin. -->","yoast_head_json":{"title":"Velika subota: Dan ti\u0161ine, molitve i i\u0161\u010dekivanja Uskrsa - TuzlaInfo.ba","robots":{"index":"index","follow":"follow","max-snippet":"max-snippet:-1","max-image-preview":"max-image-preview:large","max-video-preview":"max-video-preview:-1"},"canonical":"https:\/\/tuzlainfo.ba\/index.php\/bosna-i-hercegovina\/item\/299135-velika-subota-dan-tisine-molitve-i-iscekivanja-uskrsa\/","og_locale":"bs_BA","og_type":"article","og_title":"Velika subota: Dan ti\u0161ine, molitve i i\u0161\u010dekivanja Uskrsa - TuzlaInfo.ba","og_description":"Velika subota, dan uo\u010di Uskrsa, zauzima posebno mjesto u kr\u0161\u0107anskoj tradiciji kao vrijeme ti\u0161ine, molitve&hellip;","og_url":"https:\/\/tuzlainfo.ba\/index.php\/bosna-i-hercegovina\/item\/299135-velika-subota-dan-tisine-molitve-i-iscekivanja-uskrsa\/","og_site_name":"TuzlaInfo.ba","article_publisher":"https:\/\/www.facebook.com\/tuzlainfo.ba\/","article_published_time":"2026-04-04T09:04:43+00:00","article_modified_time":"2026-04-03T10:12:25+00:00","og_image":[{"width":800,"height":450,"url":"https:\/\/tuzlainfo.ba\/wp-content\/uploads\/2026\/04\/velika-subota.jpeg","type":"image\/jpeg"}],"author":"Admin Tri","twitter_card":"summary_large_image","twitter_misc":{"Written by":"Admin Tri","Est. reading time":"2 minute"},"schema":{"@context":"https:\/\/schema.org","@graph":[{"@type":"Article","@id":"https:\/\/tuzlainfo.ba\/index.php\/bosna-i-hercegovina\/item\/299135-velika-subota-dan-tisine-molitve-i-iscekivanja-uskrsa\/#article","isPartOf":{"@id":"https:\/\/tuzlainfo.ba\/index.php\/bosna-i-hercegovina\/item\/299135-velika-subota-dan-tisine-molitve-i-iscekivanja-uskrsa\/"},"author":{"name":"Admin Tri","@id":"https:\/\/tuzlainfo.ba\/#\/schema\/person\/593e78a2f6378c5ba3e7600ecfa4e63a"},"headline":"Velika subota: Dan ti\u0161ine, molitve i i\u0161\u010dekivanja Uskrsa","datePublished":"2026-04-04T09:04:43+00:00","dateModified":"2026-04-03T10:12:25+00:00","mainEntityOfPage":{"@id":"https:\/\/tuzlainfo.ba\/index.php\/bosna-i-hercegovina\/item\/299135-velika-subota-dan-tisine-molitve-i-iscekivanja-uskrsa\/"},"wordCount":211,"publisher":{"@id":"https:\/\/tuzlainfo.ba\/#organization"},"image":{"@id":"https:\/\/tuzlainfo.ba\/index.php\/bosna-i-hercegovina\/item\/299135-velika-subota-dan-tisine-molitve-i-iscekivanja-uskrsa\/#primaryimage"},"thumbnailUrl":"https:\/\/tuzlainfo.ba\/wp-content\/uploads\/2026\/04\/velika-subota.jpeg","keywords":["uskrs","velika subota"],"articleSection":["Bosna i Hercegovina"],"inLanguage":"bs-BA"},{"@type":"WebPage","@id":"https:\/\/tuzlainfo.ba\/index.php\/bosna-i-hercegovina\/item\/299135-velika-subota-dan-tisine-molitve-i-iscekivanja-uskrsa\/","url":"https:\/\/tuzlainfo.ba\/index.php\/bosna-i-hercegovina\/item\/299135-velika-subota-dan-tisine-molitve-i-iscekivanja-uskrsa\/","name":"Velika subota: Dan ti\u0161ine, molitve i i\u0161\u010dekivanja Uskrsa - TuzlaInfo.ba","isPartOf":{"@id":"https:\/\/tuzlainfo.ba\/#website"},"primaryImageOfPage":{"@id":"https:\/\/tuzlainfo.ba\/index.php\/bosna-i-hercegovina\/item\/299135-velika-subota-dan-tisine-molitve-i-iscekivanja-uskrsa\/#primaryimage"},"image":{"@id":"https:\/\/tuzlainfo.ba\/index.php\/bosna-i-hercegovina\/item\/299135-velika-subota-dan-tisine-molitve-i-iscekivanja-uskrsa\/#primaryimage"},"thumbnailUrl":"https:\/\/tuzlainfo.ba\/wp-content\/uploads\/2026\/04\/velika-subota.jpeg","datePublished":"2026-04-04T09:04:43+00:00","dateModified":"2026-04-03T10:12:25+00:00","breadcrumb":{"@id":"https:\/\/tuzlainfo.ba\/index.php\/bosna-i-hercegovina\/item\/299135-velika-subota-dan-tisine-molitve-i-iscekivanja-uskrsa\/#breadcrumb"},"inLanguage":"bs-BA","potentialAction":[{"@type":"ReadAction","target":["https:\/\/tuzlainfo.ba\/index.php\/bosna-i-hercegovina\/item\/299135-velika-subota-dan-tisine-molitve-i-iscekivanja-uskrsa\/"]}]},{"@type":"ImageObject","inLanguage":"bs-BA","@id":"https:\/\/tuzlainfo.ba\/index.php\/bosna-i-hercegovina\/item\/299135-velika-subota-dan-tisine-molitve-i-iscekivanja-uskrsa\/#primaryimage","url":"https:\/\/tuzlainfo.ba\/wp-content\/uploads\/2026\/04\/velika-subota.jpeg","contentUrl":"https:\/\/tuzlainfo.ba\/wp-content\/uploads\/2026\/04\/velika-subota.jpeg","width":800,"height":450},{"@type":"BreadcrumbList","@id":"https:\/\/tuzlainfo.ba\/index.php\/bosna-i-hercegovina\/item\/299135-velika-subota-dan-tisine-molitve-i-iscekivanja-uskrsa\/#breadcrumb","itemListElement":[{"@type":"ListItem","position":1,"name":"Home","item":"https:\/\/tuzlainfo.ba\/"},{"@type":"ListItem","position":2,"name":"Velika subota: Dan ti\u0161ine, molitve i i\u0161\u010dekivanja Uskrsa"}]},{"@type":"WebSite","@id":"https:\/\/tuzlainfo.ba\/#website","url":"https:\/\/tuzlainfo.ba\/","name":"TuzlaInfo.ba","description":"Tuzla info, gradski informator - Tuzla na dlanu","publisher":{"@id":"https:\/\/tuzlainfo.ba\/#organization"},"potentialAction":[{"@type":"SearchAction","target":{"@type":"EntryPoint","urlTemplate":"https:\/\/tuzlainfo.ba\/?s={search_term_string}"},"query-input":{"@type":"PropertyValueSpecification","valueRequired":true,"valueName":"search_term_string"}}],"inLanguage":"bs-BA"},{"@type":"Organization","@id":"https:\/\/tuzlainfo.ba\/#organization","name":"TuzlaInfo.ba","url":"https:\/\/tuzlainfo.ba\/","logo":{"@type":"ImageObject","inLanguage":"bs-BA","@id":"https:\/\/tuzlainfo.ba\/#\/schema\/logo\/image\/","url":"https:\/\/tuzlainfo.ba\/wp-content\/uploads\/2021\/03\/logo-ver-3-1.png","contentUrl":"https:\/\/tuzlainfo.ba\/wp-content\/uploads\/2021\/03\/logo-ver-3-1.png","width":350,"height":95,"caption":"TuzlaInfo.ba"},"image":{"@id":"https:\/\/tuzlainfo.ba\/#\/schema\/logo\/image\/"},"sameAs":["https:\/\/www.facebook.com\/tuzlainfo.ba\/"]},{"@type":"Person","@id":"https:\/\/tuzlainfo.ba\/#\/schema\/person\/593e78a2f6378c5ba3e7600ecfa4e63a","name":"Admin Tri","image":{"@type":"ImageObject","inLanguage":"bs-BA","@id":"https:\/\/tuzlainfo.ba\/#\/schema\/person\/image\/","url":"https:\/\/tuzlainfo.ba\/wp-content\/litespeed\/avatar\/b7920db4cc34a71ad12497283ad2fe3f.jpg?ver=1777100914","contentUrl":"https:\/\/tuzlainfo.ba\/wp-content\/litespeed\/avatar\/b7920db4cc34a71ad12497283ad2fe3f.jpg?ver=1777100914","caption":"Admin Tri"},"sameAs":["https:\/\/tuzlainfo.ba"]}]}},"_links":{"self":[{"href":"https:\/\/tuzlainfo.ba\/index.php\/wp-json\/wp\/v2\/posts\/299135"}],"collection":[{"href":"https:\/\/tuzlainfo.ba\/index.php\/wp-json\/wp\/v2\/posts"}],"about":[{"href":"https:\/\/tuzlainfo.ba\/index.php\/wp-json\/wp\/v2\/types\/post"}],"author":[{"embeddable":true,"href":"https:\/\/tuzlainfo.ba\/index.php\/wp-json\/wp\/v2\/users\/8"}],"replies":[{"embeddable":true,"href":"https:\/\/tuzlainfo.ba\/index.php\/wp-json\/wp\/v2\/comments?post=299135"}],"version-history":[{"count":1,"href":"https:\/\/tuzlainfo.ba\/index.php\/wp-json\/wp\/v2\/posts\/299135\/revisions"}],"predecessor-version":[{"id":299137,"href":"https:\/\/tuzlainfo.ba\/index.php\/wp-json\/wp\/v2\/posts\/299135\/revisions\/299137"}],"wp:featuredmedia":[{"embeddable":true,"href":"https:\/\/tuzlainfo.ba\/index.php\/wp-json\/wp\/v2\/media\/299136"}],"wp:attachment":[{"href":"https:\/\/tuzlainfo.ba\/index.php\/wp-json\/wp\/v2\/media?parent=299135"}],"wp:term":[{"taxonomy":"category","embeddable":true,"href":"https:\/\/tuzlainfo.ba\/index.php\/wp-json\/wp\/v2\/categories?post=299135"},{"taxonomy":"post_tag","embeddable":true,"href":"https:\/\/tuzlainfo.ba\/index.php\/wp-json\/wp\/v2\/tags?post=299135"}],"curies":[{"name":"wp","href":"https:\/\/api.w.org\/{rel}","templated":true}]}}