{"id":299088,"date":"2026-04-03T07:44:54","date_gmt":"2026-04-03T05:44:54","guid":{"rendered":"https:\/\/tuzlainfo.ba\/?p=299088"},"modified":"2026-04-03T07:44:54","modified_gmt":"2026-04-03T05:44:54","slug":"danas-kisno-kada-nam-stize-poboljsanje-vremenskih-prilika","status":"publish","type":"post","link":"https:\/\/tuzlainfo.ba\/index.php\/bosna-i-hercegovina\/item\/299088-danas-kisno-kada-nam-stize-poboljsanje-vremenskih-prilika\/","title":{"rendered":"Danas ki\u0161no: Kada nam sti\u017ee pobolj\u0161anje vremenskih prilika?"},"content":{"rendered":"<p data-start=\"0\" data-end=\"209\">U Bosni i Hercegovini danas se o\u010dekuje prete\u017eno obla\u010dno vrijeme sa ki\u0161om u ve\u0107em dijelu Bosne i na sjeveru Hercegovine, dok \u0107e na planinama padati i snijeg, saop\u0107eno je iz Federalnog hidrometeorolo\u0161kog zavoda.<\/p>\n<p data-start=\"211\" data-end=\"573\">Tokom dana puhat \u0107e slab do umjeren vjetar sjevernog i sjeverozapadnog smjera, uz povremeno jake udare u Krajini, jugozapadnim dijelovima Bosne i u Hercegovini. Stabilizacija vremena i postepeno razvedravanje o\u010dekuju se u ve\u010dernjim satima. Jutarnje temperature kre\u0107u se izme\u0111u 2 i 7 stepeni, na jugu do 10, dok \u0107e dnevne biti od 6 do 12, a na jugu do 18 stepeni.<\/p>\n<p data-start=\"575\" data-end=\"825\">U subotu se o\u010dekuje pobolj\u0161anje vremenskih prilika. U Hercegovini \u0107e preovladavati sun\u010dano vrijeme, dok \u0107e u Bosni biti umjereno obla\u010dno. Jutarnje temperature bit \u0107e izme\u0111u 1 i 5 stepeni, na jugu do 10, a dnevne izme\u0111u 12 i 18, na jugu do 20 stepeni.<\/p>\n<p data-start=\"827\" data-end=\"1053\">Sli\u010dno vrijeme zadr\u017eat \u0107e se i u nedjelju. U Hercegovini sun\u010dano, a u Bosni umjerena obla\u010dnost. Jutarnje temperature kretat \u0107e se izme\u0111u 1 i 6 stepeni, na jugu do 10, dok \u0107e dnevne biti izme\u0111u 14 i 20, a na jugu do 22 stepena.<\/p>\n<p data-start=\"1055\" data-end=\"1304\">Po\u010detkom naredne sedmice o\u010dekuje se dodatno zatopljenje. U ponedjeljak \u0107e u cijeloj zemlji biti sun\u010dano uz malu do umjerenu obla\u010dnost. Jutarnje temperature iznosit \u0107e izme\u0111u 3 i 8 stepeni, na jugu do 11, dok \u0107e dnevne dosti\u0107i izme\u0111u 17 i 24 stepena.<\/p>\n","protected":false},"excerpt":{"rendered":"<p>U Bosni i Hercegovini danas se o\u010dekuje prete\u017eno obla\u010dno vrijeme sa ki\u0161om u ve\u0107em dijelu&hellip;<\/p>\n","protected":false},"author":2,"featured_media":59505,"comment_status":"closed","ping_status":"closed","sticky":false,"template":"","format":"standard","meta":{"_acf_changed":false,"footnotes":""},"categories":[291,304],"tags":[1042,312],"acf":[],"yoast_head":"<!-- This site is optimized with the Yoast SEO plugin v23.5 - https:\/\/yoast.com\/wordpress\/plugins\/seo\/ -->\n<title>Danas ki\u0161no: Kada nam sti\u017ee pobolj\u0161anje vremenskih prilika? - TuzlaInfo.ba<\/title>\n<meta name=\"robots\" content=\"index, follow, max-snippet:-1, max-image-preview:large, max-video-preview:-1\" \/>\n<link rel=\"canonical\" href=\"https:\/\/tuzlainfo.ba\/index.php\/bosna-i-hercegovina\/item\/299088-danas-kisno-kada-nam-stize-poboljsanje-vremenskih-prilika\/\" \/>\n<meta property=\"og:locale\" content=\"bs_BA\" \/>\n<meta property=\"og:type\" content=\"article\" \/>\n<meta property=\"og:title\" content=\"Danas ki\u0161no: Kada nam sti\u017ee pobolj\u0161anje vremenskih prilika? - TuzlaInfo.ba\" \/>\n<meta property=\"og:description\" content=\"U Bosni i Hercegovini danas se o\u010dekuje prete\u017eno obla\u010dno vrijeme sa ki\u0161om u ve\u0107em dijelu&hellip;\" \/>\n<meta property=\"og:url\" content=\"https:\/\/tuzlainfo.ba\/index.php\/bosna-i-hercegovina\/item\/299088-danas-kisno-kada-nam-stize-poboljsanje-vremenskih-prilika\/\" \/>\n<meta property=\"og:site_name\" content=\"TuzlaInfo.ba\" \/>\n<meta property=\"article:publisher\" content=\"https:\/\/www.facebook.com\/tuzlainfo.ba\/\" \/>\n<meta property=\"article:published_time\" content=\"2026-04-03T05:44:54+00:00\" \/>\n<meta property=\"og:image\" content=\"https:\/\/tuzlainfo.ba\/wp-content\/uploads\/2017\/11\/sadrzaj_2017_201701_vrijeme_0101_2017_kisa-susnjezica.jpg\" \/>\n\t<meta property=\"og:image:width\" content=\"770\" \/>\n\t<meta property=\"og:image:height\" content=\"478\" \/>\n\t<meta property=\"og:image:type\" content=\"image\/jpeg\" \/>\n<meta name=\"author\" content=\"nedim\" \/>\n<meta name=\"twitter:card\" content=\"summary_large_image\" \/>\n<meta name=\"twitter:label1\" content=\"Written by\" \/>\n\t<meta name=\"twitter:data1\" content=\"nedim\" \/>\n\t<meta name=\"twitter:label2\" content=\"Est. reading time\" \/>\n\t<meta name=\"twitter:data2\" content=\"2 minute\" \/>\n<script type=\"application\/ld+json\" class=\"yoast-schema-graph\">{\"@context\":\"https:\/\/schema.org\",\"@graph\":[{\"@type\":\"Article\",\"@id\":\"https:\/\/tuzlainfo.ba\/index.php\/bosna-i-hercegovina\/item\/299088-danas-kisno-kada-nam-stize-poboljsanje-vremenskih-prilika\/#article\",\"isPartOf\":{\"@id\":\"https:\/\/tuzlainfo.ba\/index.php\/bosna-i-hercegovina\/item\/299088-danas-kisno-kada-nam-stize-poboljsanje-vremenskih-prilika\/\"},\"author\":{\"name\":\"nedim\",\"@id\":\"https:\/\/tuzlainfo.ba\/#\/schema\/person\/f434e20dc27ea133923aab08451b7f7f\"},\"headline\":\"Danas ki\u0161no: Kada nam sti\u017ee pobolj\u0161anje vremenskih prilika?\",\"datePublished\":\"2026-04-03T05:44:54+00:00\",\"dateModified\":\"2026-04-03T05:44:54+00:00\",\"mainEntityOfPage\":{\"@id\":\"https:\/\/tuzlainfo.ba\/index.php\/bosna-i-hercegovina\/item\/299088-danas-kisno-kada-nam-stize-poboljsanje-vremenskih-prilika\/\"},\"wordCount\":242,\"publisher\":{\"@id\":\"https:\/\/tuzlainfo.ba\/#organization\"},\"image\":{\"@id\":\"https:\/\/tuzlainfo.ba\/index.php\/bosna-i-hercegovina\/item\/299088-danas-kisno-kada-nam-stize-poboljsanje-vremenskih-prilika\/#primaryimage\"},\"thumbnailUrl\":\"https:\/\/tuzlainfo.ba\/wp-content\/uploads\/2017\/11\/sadrzaj_2017_201701_vrijeme_0101_2017_kisa-susnjezica.jpg\",\"keywords\":[\"prognoza\",\"vrijeme\"],\"articleSection\":[\"Bosna i Hercegovina\",\"Istaknuto\"],\"inLanguage\":\"bs-BA\"},{\"@type\":\"WebPage\",\"@id\":\"https:\/\/tuzlainfo.ba\/index.php\/bosna-i-hercegovina\/item\/299088-danas-kisno-kada-nam-stize-poboljsanje-vremenskih-prilika\/\",\"url\":\"https:\/\/tuzlainfo.ba\/index.php\/bosna-i-hercegovina\/item\/299088-danas-kisno-kada-nam-stize-poboljsanje-vremenskih-prilika\/\",\"name\":\"Danas ki\u0161no: Kada nam sti\u017ee pobolj\u0161anje vremenskih prilika? - TuzlaInfo.ba\",\"isPartOf\":{\"@id\":\"https:\/\/tuzlainfo.ba\/#website\"},\"primaryImageOfPage\":{\"@id\":\"https:\/\/tuzlainfo.ba\/index.php\/bosna-i-hercegovina\/item\/299088-danas-kisno-kada-nam-stize-poboljsanje-vremenskih-prilika\/#primaryimage\"},\"image\":{\"@id\":\"https:\/\/tuzlainfo.ba\/index.php\/bosna-i-hercegovina\/item\/299088-danas-kisno-kada-nam-stize-poboljsanje-vremenskih-prilika\/#primaryimage\"},\"thumbnailUrl\":\"https:\/\/tuzlainfo.ba\/wp-content\/uploads\/2017\/11\/sadrzaj_2017_201701_vrijeme_0101_2017_kisa-susnjezica.jpg\",\"datePublished\":\"2026-04-03T05:44:54+00:00\",\"dateModified\":\"2026-04-03T05:44:54+00:00\",\"breadcrumb\":{\"@id\":\"https:\/\/tuzlainfo.ba\/index.php\/bosna-i-hercegovina\/item\/299088-danas-kisno-kada-nam-stize-poboljsanje-vremenskih-prilika\/#breadcrumb\"},\"inLanguage\":\"bs-BA\",\"potentialAction\":[{\"@type\":\"ReadAction\",\"target\":[\"https:\/\/tuzlainfo.ba\/index.php\/bosna-i-hercegovina\/item\/299088-danas-kisno-kada-nam-stize-poboljsanje-vremenskih-prilika\/\"]}]},{\"@type\":\"ImageObject\",\"inLanguage\":\"bs-BA\",\"@id\":\"https:\/\/tuzlainfo.ba\/index.php\/bosna-i-hercegovina\/item\/299088-danas-kisno-kada-nam-stize-poboljsanje-vremenskih-prilika\/#primaryimage\",\"url\":\"https:\/\/tuzlainfo.ba\/wp-content\/uploads\/2017\/11\/sadrzaj_2017_201701_vrijeme_0101_2017_kisa-susnjezica.jpg\",\"contentUrl\":\"https:\/\/tuzlainfo.ba\/wp-content\/uploads\/2017\/11\/sadrzaj_2017_201701_vrijeme_0101_2017_kisa-susnjezica.jpg\",\"width\":770,\"height\":478,\"caption\":\"0101 2017 kisa susnjezica\"},{\"@type\":\"BreadcrumbList\",\"@id\":\"https:\/\/tuzlainfo.ba\/index.php\/bosna-i-hercegovina\/item\/299088-danas-kisno-kada-nam-stize-poboljsanje-vremenskih-prilika\/#breadcrumb\",\"itemListElement\":[{\"@type\":\"ListItem\",\"position\":1,\"name\":\"Home\",\"item\":\"https:\/\/tuzlainfo.ba\/\"},{\"@type\":\"ListItem\",\"position\":2,\"name\":\"Danas ki\u0161no: Kada nam sti\u017ee pobolj\u0161anje vremenskih prilika?\"}]},{\"@type\":\"WebSite\",\"@id\":\"https:\/\/tuzlainfo.ba\/#website\",\"url\":\"https:\/\/tuzlainfo.ba\/\",\"name\":\"TuzlaInfo.ba\",\"description\":\"Tuzla info, gradski informator - Tuzla na dlanu\",\"publisher\":{\"@id\":\"https:\/\/tuzlainfo.ba\/#organization\"},\"potentialAction\":[{\"@type\":\"SearchAction\",\"target\":{\"@type\":\"EntryPoint\",\"urlTemplate\":\"https:\/\/tuzlainfo.ba\/?s={search_term_string}\"},\"query-input\":{\"@type\":\"PropertyValueSpecification\",\"valueRequired\":true,\"valueName\":\"search_term_string\"}}],\"inLanguage\":\"bs-BA\"},{\"@type\":\"Organization\",\"@id\":\"https:\/\/tuzlainfo.ba\/#organization\",\"name\":\"TuzlaInfo.ba\",\"url\":\"https:\/\/tuzlainfo.ba\/\",\"logo\":{\"@type\":\"ImageObject\",\"inLanguage\":\"bs-BA\",\"@id\":\"https:\/\/tuzlainfo.ba\/#\/schema\/logo\/image\/\",\"url\":\"https:\/\/tuzlainfo.ba\/wp-content\/uploads\/2021\/03\/logo-ver-3-1.png\",\"contentUrl\":\"https:\/\/tuzlainfo.ba\/wp-content\/uploads\/2021\/03\/logo-ver-3-1.png\",\"width\":350,\"height\":95,\"caption\":\"TuzlaInfo.ba\"},\"image\":{\"@id\":\"https:\/\/tuzlainfo.ba\/#\/schema\/logo\/image\/\"},\"sameAs\":[\"https:\/\/www.facebook.com\/tuzlainfo.ba\/\"]},{\"@type\":\"Person\",\"@id\":\"https:\/\/tuzlainfo.ba\/#\/schema\/person\/f434e20dc27ea133923aab08451b7f7f\",\"name\":\"nedim\",\"image\":{\"@type\":\"ImageObject\",\"inLanguage\":\"bs-BA\",\"@id\":\"https:\/\/tuzlainfo.ba\/#\/schema\/person\/image\/\",\"url\":\"https:\/\/tuzlainfo.ba\/wp-content\/litespeed\/avatar\/aabad687af24844af817603ac1cbdc4f.jpg?ver=1777306975\",\"contentUrl\":\"https:\/\/tuzlainfo.ba\/wp-content\/litespeed\/avatar\/aabad687af24844af817603ac1cbdc4f.jpg?ver=1777306975\",\"caption\":\"nedim\"},\"description\":\"Tuzlainfo.ba pratite na dru\u0161tvenim mre\u017eama: Facebook, Instagram i Youtube. Svoje pri\u010de, upite i fotografije \u0161aljite na na\u0161u e-mail adresu.\"}]}<\/script>\n<!-- \/ Yoast SEO plugin. -->","yoast_head_json":{"title":"Danas ki\u0161no: Kada nam sti\u017ee pobolj\u0161anje vremenskih prilika? - TuzlaInfo.ba","robots":{"index":"index","follow":"follow","max-snippet":"max-snippet:-1","max-image-preview":"max-image-preview:large","max-video-preview":"max-video-preview:-1"},"canonical":"https:\/\/tuzlainfo.ba\/index.php\/bosna-i-hercegovina\/item\/299088-danas-kisno-kada-nam-stize-poboljsanje-vremenskih-prilika\/","og_locale":"bs_BA","og_type":"article","og_title":"Danas ki\u0161no: Kada nam sti\u017ee pobolj\u0161anje vremenskih prilika? - TuzlaInfo.ba","og_description":"U Bosni i Hercegovini danas se o\u010dekuje prete\u017eno obla\u010dno vrijeme sa ki\u0161om u ve\u0107em dijelu&hellip;","og_url":"https:\/\/tuzlainfo.ba\/index.php\/bosna-i-hercegovina\/item\/299088-danas-kisno-kada-nam-stize-poboljsanje-vremenskih-prilika\/","og_site_name":"TuzlaInfo.ba","article_publisher":"https:\/\/www.facebook.com\/tuzlainfo.ba\/","article_published_time":"2026-04-03T05:44:54+00:00","og_image":[{"width":770,"height":478,"url":"https:\/\/tuzlainfo.ba\/wp-content\/uploads\/2017\/11\/sadrzaj_2017_201701_vrijeme_0101_2017_kisa-susnjezica.jpg","type":"image\/jpeg"}],"author":"nedim","twitter_card":"summary_large_image","twitter_misc":{"Written by":"nedim","Est. reading time":"2 minute"},"schema":{"@context":"https:\/\/schema.org","@graph":[{"@type":"Article","@id":"https:\/\/tuzlainfo.ba\/index.php\/bosna-i-hercegovina\/item\/299088-danas-kisno-kada-nam-stize-poboljsanje-vremenskih-prilika\/#article","isPartOf":{"@id":"https:\/\/tuzlainfo.ba\/index.php\/bosna-i-hercegovina\/item\/299088-danas-kisno-kada-nam-stize-poboljsanje-vremenskih-prilika\/"},"author":{"name":"nedim","@id":"https:\/\/tuzlainfo.ba\/#\/schema\/person\/f434e20dc27ea133923aab08451b7f7f"},"headline":"Danas ki\u0161no: Kada nam sti\u017ee pobolj\u0161anje vremenskih prilika?","datePublished":"2026-04-03T05:44:54+00:00","dateModified":"2026-04-03T05:44:54+00:00","mainEntityOfPage":{"@id":"https:\/\/tuzlainfo.ba\/index.php\/bosna-i-hercegovina\/item\/299088-danas-kisno-kada-nam-stize-poboljsanje-vremenskih-prilika\/"},"wordCount":242,"publisher":{"@id":"https:\/\/tuzlainfo.ba\/#organization"},"image":{"@id":"https:\/\/tuzlainfo.ba\/index.php\/bosna-i-hercegovina\/item\/299088-danas-kisno-kada-nam-stize-poboljsanje-vremenskih-prilika\/#primaryimage"},"thumbnailUrl":"https:\/\/tuzlainfo.ba\/wp-content\/uploads\/2017\/11\/sadrzaj_2017_201701_vrijeme_0101_2017_kisa-susnjezica.jpg","keywords":["prognoza","vrijeme"],"articleSection":["Bosna i Hercegovina","Istaknuto"],"inLanguage":"bs-BA"},{"@type":"WebPage","@id":"https:\/\/tuzlainfo.ba\/index.php\/bosna-i-hercegovina\/item\/299088-danas-kisno-kada-nam-stize-poboljsanje-vremenskih-prilika\/","url":"https:\/\/tuzlainfo.ba\/index.php\/bosna-i-hercegovina\/item\/299088-danas-kisno-kada-nam-stize-poboljsanje-vremenskih-prilika\/","name":"Danas ki\u0161no: Kada nam sti\u017ee pobolj\u0161anje vremenskih prilika? - TuzlaInfo.ba","isPartOf":{"@id":"https:\/\/tuzlainfo.ba\/#website"},"primaryImageOfPage":{"@id":"https:\/\/tuzlainfo.ba\/index.php\/bosna-i-hercegovina\/item\/299088-danas-kisno-kada-nam-stize-poboljsanje-vremenskih-prilika\/#primaryimage"},"image":{"@id":"https:\/\/tuzlainfo.ba\/index.php\/bosna-i-hercegovina\/item\/299088-danas-kisno-kada-nam-stize-poboljsanje-vremenskih-prilika\/#primaryimage"},"thumbnailUrl":"https:\/\/tuzlainfo.ba\/wp-content\/uploads\/2017\/11\/sadrzaj_2017_201701_vrijeme_0101_2017_kisa-susnjezica.jpg","datePublished":"2026-04-03T05:44:54+00:00","dateModified":"2026-04-03T05:44:54+00:00","breadcrumb":{"@id":"https:\/\/tuzlainfo.ba\/index.php\/bosna-i-hercegovina\/item\/299088-danas-kisno-kada-nam-stize-poboljsanje-vremenskih-prilika\/#breadcrumb"},"inLanguage":"bs-BA","potentialAction":[{"@type":"ReadAction","target":["https:\/\/tuzlainfo.ba\/index.php\/bosna-i-hercegovina\/item\/299088-danas-kisno-kada-nam-stize-poboljsanje-vremenskih-prilika\/"]}]},{"@type":"ImageObject","inLanguage":"bs-BA","@id":"https:\/\/tuzlainfo.ba\/index.php\/bosna-i-hercegovina\/item\/299088-danas-kisno-kada-nam-stize-poboljsanje-vremenskih-prilika\/#primaryimage","url":"https:\/\/tuzlainfo.ba\/wp-content\/uploads\/2017\/11\/sadrzaj_2017_201701_vrijeme_0101_2017_kisa-susnjezica.jpg","contentUrl":"https:\/\/tuzlainfo.ba\/wp-content\/uploads\/2017\/11\/sadrzaj_2017_201701_vrijeme_0101_2017_kisa-susnjezica.jpg","width":770,"height":478,"caption":"0101 2017 kisa susnjezica"},{"@type":"BreadcrumbList","@id":"https:\/\/tuzlainfo.ba\/index.php\/bosna-i-hercegovina\/item\/299088-danas-kisno-kada-nam-stize-poboljsanje-vremenskih-prilika\/#breadcrumb","itemListElement":[{"@type":"ListItem","position":1,"name":"Home","item":"https:\/\/tuzlainfo.ba\/"},{"@type":"ListItem","position":2,"name":"Danas ki\u0161no: Kada nam sti\u017ee pobolj\u0161anje vremenskih prilika?"}]},{"@type":"WebSite","@id":"https:\/\/tuzlainfo.ba\/#website","url":"https:\/\/tuzlainfo.ba\/","name":"TuzlaInfo.ba","description":"Tuzla info, gradski informator - Tuzla na dlanu","publisher":{"@id":"https:\/\/tuzlainfo.ba\/#organization"},"potentialAction":[{"@type":"SearchAction","target":{"@type":"EntryPoint","urlTemplate":"https:\/\/tuzlainfo.ba\/?s={search_term_string}"},"query-input":{"@type":"PropertyValueSpecification","valueRequired":true,"valueName":"search_term_string"}}],"inLanguage":"bs-BA"},{"@type":"Organization","@id":"https:\/\/tuzlainfo.ba\/#organization","name":"TuzlaInfo.ba","url":"https:\/\/tuzlainfo.ba\/","logo":{"@type":"ImageObject","inLanguage":"bs-BA","@id":"https:\/\/tuzlainfo.ba\/#\/schema\/logo\/image\/","url":"https:\/\/tuzlainfo.ba\/wp-content\/uploads\/2021\/03\/logo-ver-3-1.png","contentUrl":"https:\/\/tuzlainfo.ba\/wp-content\/uploads\/2021\/03\/logo-ver-3-1.png","width":350,"height":95,"caption":"TuzlaInfo.ba"},"image":{"@id":"https:\/\/tuzlainfo.ba\/#\/schema\/logo\/image\/"},"sameAs":["https:\/\/www.facebook.com\/tuzlainfo.ba\/"]},{"@type":"Person","@id":"https:\/\/tuzlainfo.ba\/#\/schema\/person\/f434e20dc27ea133923aab08451b7f7f","name":"nedim","image":{"@type":"ImageObject","inLanguage":"bs-BA","@id":"https:\/\/tuzlainfo.ba\/#\/schema\/person\/image\/","url":"https:\/\/tuzlainfo.ba\/wp-content\/litespeed\/avatar\/aabad687af24844af817603ac1cbdc4f.jpg?ver=1777306975","contentUrl":"https:\/\/tuzlainfo.ba\/wp-content\/litespeed\/avatar\/aabad687af24844af817603ac1cbdc4f.jpg?ver=1777306975","caption":"nedim"},"description":"Tuzlainfo.ba pratite na dru\u0161tvenim mre\u017eama: Facebook, Instagram i Youtube. Svoje pri\u010de, upite i fotografije \u0161aljite na na\u0161u e-mail adresu."}]}},"_links":{"self":[{"href":"https:\/\/tuzlainfo.ba\/index.php\/wp-json\/wp\/v2\/posts\/299088"}],"collection":[{"href":"https:\/\/tuzlainfo.ba\/index.php\/wp-json\/wp\/v2\/posts"}],"about":[{"href":"https:\/\/tuzlainfo.ba\/index.php\/wp-json\/wp\/v2\/types\/post"}],"author":[{"embeddable":true,"href":"https:\/\/tuzlainfo.ba\/index.php\/wp-json\/wp\/v2\/users\/2"}],"replies":[{"embeddable":true,"href":"https:\/\/tuzlainfo.ba\/index.php\/wp-json\/wp\/v2\/comments?post=299088"}],"version-history":[{"count":1,"href":"https:\/\/tuzlainfo.ba\/index.php\/wp-json\/wp\/v2\/posts\/299088\/revisions"}],"predecessor-version":[{"id":299089,"href":"https:\/\/tuzlainfo.ba\/index.php\/wp-json\/wp\/v2\/posts\/299088\/revisions\/299089"}],"wp:featuredmedia":[{"embeddable":true,"href":"https:\/\/tuzlainfo.ba\/index.php\/wp-json\/wp\/v2\/media\/59505"}],"wp:attachment":[{"href":"https:\/\/tuzlainfo.ba\/index.php\/wp-json\/wp\/v2\/media?parent=299088"}],"wp:term":[{"taxonomy":"category","embeddable":true,"href":"https:\/\/tuzlainfo.ba\/index.php\/wp-json\/wp\/v2\/categories?post=299088"},{"taxonomy":"post_tag","embeddable":true,"href":"https:\/\/tuzlainfo.ba\/index.php\/wp-json\/wp\/v2\/tags?post=299088"}],"curies":[{"name":"wp","href":"https:\/\/api.w.org\/{rel}","templated":true}]}}