{"id":299026,"date":"2026-04-04T07:56:59","date_gmt":"2026-04-04T05:56:59","guid":{"rendered":"https:\/\/tuzlainfo.ba\/?p=299026"},"modified":"2026-04-03T12:12:18","modified_gmt":"2026-04-03T10:12:18","slug":"pocinje-proljece-u-tuzli-bogat-program-na-trgu-slobode-i-u-gradskom-parku","status":"publish","type":"post","link":"https:\/\/tuzlainfo.ba\/index.php\/najava-dogadaja-2\/item\/299026-pocinje-proljece-u-tuzli-bogat-program-na-trgu-slobode-i-u-gradskom-parku\/","title":{"rendered":"Po\u010dinje Prolje\u0107e u Tuzli: Bogat program na Trgu slobode i u Gradskom parku"},"content":{"rendered":"<p>Prolje\u0107e u Tuzli po\u010dinje ovog vikenda, a \u010detvrto izdanje ove manifestacije donosi sadr\u017eajan i atraktivan program za sve generacije na Trgu slobode i u Gradskom parku.<\/p>\n<p>Zvani\u010dno otvaranje manifestacije Prolje\u0107e u Tuzli planirano je za subotu, 4. aprila, sa po\u010detkom u 12 sati na manifestacionom platou Trga slobode. Otvaranje \u0107e obilje\u017eiti nastup \u010dlanica i \u010dlanova Centra za ples i rekreaciju iz Tuzle, dok \u0107e posebnu pa\u017enju posjetilaca privu\u0107i performeri na \u0161tulama, koji \u0107e prvi put nastupiti u Tuzli. U svojim upe\u010datljivim kostimima inspirisanim prolje\u0107em, \u0161tula\u0161i \u0107e unijeti dodatnu \u017eivost i sve\u010danost u program na centralnom gradskom trgu.<\/p>\n<p>Dan kasnije, u nedjelju, 5. aprila, na Trgu slobode bit \u0107e uprili\u010deno i obilje\u017eavanje katoli\u010dkog Uskrsa. Tim povodom, od 12 sati nastupit \u0107e Folklorni ansambl \u201ePanonija\u201c iz Tuzle, koji \u0107e upotpuniti prazni\u010dnu atmosferu u centru grada.<\/p>\n<p>Prolje\u0107e u Tuzli i ove godine donosi poseban sadr\u017eaj za najmla\u0111e, a Gradski park ponovo \u0107e biti rezervisan za dje\u010diji program. U subotu, 4. aprila, od 12 do 13.30 sati bit \u0107e odr\u017eana kuharska radionica za djecu pod nazivom Foodology by Samir Delibegovi\u0107. U nedjelju, 5. aprila, od 13 do 14 sati mali\u0161ane o\u010dekuju maskote, klaun, facepainting zabava i druge igre prilago\u0111ene najmla\u0111ima.<\/p>\n<p>Dodatni sadr\u017eaj koji \u0107e i ove godine privla\u010diti pa\u017enju posjetilaca jeste panoramski to\u010dak postavljen na Trgu slobode, koji nudi vo\u017enju iznad grada i poseban pogled na Tuzlu. Organizatori isti\u010du da i ovog vikenda o\u010dekuju veliki broj posjetilaca, s obzirom na raznovrstan program i sadr\u017eaje koji su namijenjeni i djeci i odraslima.<\/p>\n","protected":false},"excerpt":{"rendered":"<p>Prolje\u0107e u Tuzli po\u010dinje ovog vikenda, a \u010detvrto izdanje ove manifestacije donosi sadr\u017eajan i atraktivan&hellip;<\/p>\n","protected":false},"author":8,"featured_media":266243,"comment_status":"closed","ping_status":"closed","sticky":false,"template":"","format":"standard","meta":{"_acf_changed":false,"footnotes":""},"categories":[304,11],"tags":[6751],"acf":[],"yoast_head":"<!-- This site is optimized with the Yoast SEO plugin v23.5 - https:\/\/yoast.com\/wordpress\/plugins\/seo\/ -->\n<title>Po\u010dinje Prolje\u0107e u Tuzli: Bogat program na Trgu slobode i u Gradskom parku - TuzlaInfo.ba<\/title>\n<meta name=\"robots\" content=\"index, follow, max-snippet:-1, max-image-preview:large, max-video-preview:-1\" \/>\n<link rel=\"canonical\" href=\"https:\/\/tuzlainfo.ba\/index.php\/najava-dogadaja-2\/item\/299026-pocinje-proljece-u-tuzli-bogat-program-na-trgu-slobode-i-u-gradskom-parku\/\" \/>\n<meta property=\"og:locale\" content=\"bs_BA\" \/>\n<meta property=\"og:type\" content=\"article\" \/>\n<meta property=\"og:title\" content=\"Po\u010dinje Prolje\u0107e u Tuzli: Bogat program na Trgu slobode i u Gradskom parku - TuzlaInfo.ba\" \/>\n<meta property=\"og:description\" content=\"Prolje\u0107e u Tuzli po\u010dinje ovog vikenda, a \u010detvrto izdanje ove manifestacije donosi sadr\u017eajan i atraktivan&hellip;\" \/>\n<meta property=\"og:url\" content=\"https:\/\/tuzlainfo.ba\/index.php\/najava-dogadaja-2\/item\/299026-pocinje-proljece-u-tuzli-bogat-program-na-trgu-slobode-i-u-gradskom-parku\/\" \/>\n<meta property=\"og:site_name\" content=\"TuzlaInfo.ba\" \/>\n<meta property=\"article:publisher\" content=\"https:\/\/www.facebook.com\/tuzlainfo.ba\/\" \/>\n<meta property=\"article:published_time\" content=\"2026-04-04T05:56:59+00:00\" \/>\n<meta property=\"article:modified_time\" content=\"2026-04-03T10:12:18+00:00\" \/>\n<meta property=\"og:image\" content=\"https:\/\/tuzlainfo.ba\/wp-content\/uploads\/2025\/03\/2903_proljece_panoramski.jpg\" \/>\n\t<meta property=\"og:image:width\" content=\"2048\" \/>\n\t<meta property=\"og:image:height\" content=\"1365\" \/>\n\t<meta property=\"og:image:type\" content=\"image\/jpeg\" \/>\n<meta name=\"author\" content=\"Admin Tri\" \/>\n<meta name=\"twitter:card\" content=\"summary_large_image\" \/>\n<meta name=\"twitter:label1\" content=\"Written by\" \/>\n\t<meta name=\"twitter:data1\" content=\"Admin Tri\" \/>\n\t<meta name=\"twitter:label2\" content=\"Est. reading time\" \/>\n\t<meta name=\"twitter:data2\" content=\"2 minute\" \/>\n<script type=\"application\/ld+json\" class=\"yoast-schema-graph\">{\"@context\":\"https:\/\/schema.org\",\"@graph\":[{\"@type\":\"Article\",\"@id\":\"https:\/\/tuzlainfo.ba\/index.php\/najava-dogadaja-2\/item\/299026-pocinje-proljece-u-tuzli-bogat-program-na-trgu-slobode-i-u-gradskom-parku\/#article\",\"isPartOf\":{\"@id\":\"https:\/\/tuzlainfo.ba\/index.php\/najava-dogadaja-2\/item\/299026-pocinje-proljece-u-tuzli-bogat-program-na-trgu-slobode-i-u-gradskom-parku\/\"},\"author\":{\"name\":\"Admin Tri\",\"@id\":\"https:\/\/tuzlainfo.ba\/#\/schema\/person\/593e78a2f6378c5ba3e7600ecfa4e63a\"},\"headline\":\"Po\u010dinje Prolje\u0107e u Tuzli: Bogat program na Trgu slobode i u Gradskom parku\",\"datePublished\":\"2026-04-04T05:56:59+00:00\",\"dateModified\":\"2026-04-03T10:12:18+00:00\",\"mainEntityOfPage\":{\"@id\":\"https:\/\/tuzlainfo.ba\/index.php\/najava-dogadaja-2\/item\/299026-pocinje-proljece-u-tuzli-bogat-program-na-trgu-slobode-i-u-gradskom-parku\/\"},\"wordCount\":286,\"publisher\":{\"@id\":\"https:\/\/tuzlainfo.ba\/#organization\"},\"image\":{\"@id\":\"https:\/\/tuzlainfo.ba\/index.php\/najava-dogadaja-2\/item\/299026-pocinje-proljece-u-tuzli-bogat-program-na-trgu-slobode-i-u-gradskom-parku\/#primaryimage\"},\"thumbnailUrl\":\"https:\/\/tuzlainfo.ba\/wp-content\/uploads\/2025\/03\/2903_proljece_panoramski.jpg\",\"keywords\":[\"prolje\u0107e u tuzli\"],\"articleSection\":[\"Istaknuto\",\"Najave i doga\u0111aji\"],\"inLanguage\":\"bs-BA\"},{\"@type\":\"WebPage\",\"@id\":\"https:\/\/tuzlainfo.ba\/index.php\/najava-dogadaja-2\/item\/299026-pocinje-proljece-u-tuzli-bogat-program-na-trgu-slobode-i-u-gradskom-parku\/\",\"url\":\"https:\/\/tuzlainfo.ba\/index.php\/najava-dogadaja-2\/item\/299026-pocinje-proljece-u-tuzli-bogat-program-na-trgu-slobode-i-u-gradskom-parku\/\",\"name\":\"Po\u010dinje Prolje\u0107e u Tuzli: Bogat program na Trgu slobode i u Gradskom parku - TuzlaInfo.ba\",\"isPartOf\":{\"@id\":\"https:\/\/tuzlainfo.ba\/#website\"},\"primaryImageOfPage\":{\"@id\":\"https:\/\/tuzlainfo.ba\/index.php\/najava-dogadaja-2\/item\/299026-pocinje-proljece-u-tuzli-bogat-program-na-trgu-slobode-i-u-gradskom-parku\/#primaryimage\"},\"image\":{\"@id\":\"https:\/\/tuzlainfo.ba\/index.php\/najava-dogadaja-2\/item\/299026-pocinje-proljece-u-tuzli-bogat-program-na-trgu-slobode-i-u-gradskom-parku\/#primaryimage\"},\"thumbnailUrl\":\"https:\/\/tuzlainfo.ba\/wp-content\/uploads\/2025\/03\/2903_proljece_panoramski.jpg\",\"datePublished\":\"2026-04-04T05:56:59+00:00\",\"dateModified\":\"2026-04-03T10:12:18+00:00\",\"breadcrumb\":{\"@id\":\"https:\/\/tuzlainfo.ba\/index.php\/najava-dogadaja-2\/item\/299026-pocinje-proljece-u-tuzli-bogat-program-na-trgu-slobode-i-u-gradskom-parku\/#breadcrumb\"},\"inLanguage\":\"bs-BA\",\"potentialAction\":[{\"@type\":\"ReadAction\",\"target\":[\"https:\/\/tuzlainfo.ba\/index.php\/najava-dogadaja-2\/item\/299026-pocinje-proljece-u-tuzli-bogat-program-na-trgu-slobode-i-u-gradskom-parku\/\"]}]},{\"@type\":\"ImageObject\",\"inLanguage\":\"bs-BA\",\"@id\":\"https:\/\/tuzlainfo.ba\/index.php\/najava-dogadaja-2\/item\/299026-pocinje-proljece-u-tuzli-bogat-program-na-trgu-slobode-i-u-gradskom-parku\/#primaryimage\",\"url\":\"https:\/\/tuzlainfo.ba\/wp-content\/uploads\/2025\/03\/2903_proljece_panoramski.jpg\",\"contentUrl\":\"https:\/\/tuzlainfo.ba\/wp-content\/uploads\/2025\/03\/2903_proljece_panoramski.jpg\",\"width\":2048,\"height\":1365},{\"@type\":\"BreadcrumbList\",\"@id\":\"https:\/\/tuzlainfo.ba\/index.php\/najava-dogadaja-2\/item\/299026-pocinje-proljece-u-tuzli-bogat-program-na-trgu-slobode-i-u-gradskom-parku\/#breadcrumb\",\"itemListElement\":[{\"@type\":\"ListItem\",\"position\":1,\"name\":\"Home\",\"item\":\"https:\/\/tuzlainfo.ba\/\"},{\"@type\":\"ListItem\",\"position\":2,\"name\":\"Po\u010dinje Prolje\u0107e u Tuzli: Bogat program na Trgu slobode i u Gradskom parku\"}]},{\"@type\":\"WebSite\",\"@id\":\"https:\/\/tuzlainfo.ba\/#website\",\"url\":\"https:\/\/tuzlainfo.ba\/\",\"name\":\"TuzlaInfo.ba\",\"description\":\"Tuzla info, gradski informator - Tuzla na dlanu\",\"publisher\":{\"@id\":\"https:\/\/tuzlainfo.ba\/#organization\"},\"potentialAction\":[{\"@type\":\"SearchAction\",\"target\":{\"@type\":\"EntryPoint\",\"urlTemplate\":\"https:\/\/tuzlainfo.ba\/?s={search_term_string}\"},\"query-input\":{\"@type\":\"PropertyValueSpecification\",\"valueRequired\":true,\"valueName\":\"search_term_string\"}}],\"inLanguage\":\"bs-BA\"},{\"@type\":\"Organization\",\"@id\":\"https:\/\/tuzlainfo.ba\/#organization\",\"name\":\"TuzlaInfo.ba\",\"url\":\"https:\/\/tuzlainfo.ba\/\",\"logo\":{\"@type\":\"ImageObject\",\"inLanguage\":\"bs-BA\",\"@id\":\"https:\/\/tuzlainfo.ba\/#\/schema\/logo\/image\/\",\"url\":\"https:\/\/tuzlainfo.ba\/wp-content\/uploads\/2021\/03\/logo-ver-3-1.png\",\"contentUrl\":\"https:\/\/tuzlainfo.ba\/wp-content\/uploads\/2021\/03\/logo-ver-3-1.png\",\"width\":350,\"height\":95,\"caption\":\"TuzlaInfo.ba\"},\"image\":{\"@id\":\"https:\/\/tuzlainfo.ba\/#\/schema\/logo\/image\/\"},\"sameAs\":[\"https:\/\/www.facebook.com\/tuzlainfo.ba\/\"]},{\"@type\":\"Person\",\"@id\":\"https:\/\/tuzlainfo.ba\/#\/schema\/person\/593e78a2f6378c5ba3e7600ecfa4e63a\",\"name\":\"Admin Tri\",\"image\":{\"@type\":\"ImageObject\",\"inLanguage\":\"bs-BA\",\"@id\":\"https:\/\/tuzlainfo.ba\/#\/schema\/person\/image\/\",\"url\":\"https:\/\/tuzlainfo.ba\/wp-content\/litespeed\/avatar\/b7920db4cc34a71ad12497283ad2fe3f.jpg?ver=1777100914\",\"contentUrl\":\"https:\/\/tuzlainfo.ba\/wp-content\/litespeed\/avatar\/b7920db4cc34a71ad12497283ad2fe3f.jpg?ver=1777100914\",\"caption\":\"Admin Tri\"},\"sameAs\":[\"https:\/\/tuzlainfo.ba\"]}]}<\/script>\n<!-- \/ Yoast SEO plugin. -->","yoast_head_json":{"title":"Po\u010dinje Prolje\u0107e u Tuzli: Bogat program na Trgu slobode i u Gradskom parku - TuzlaInfo.ba","robots":{"index":"index","follow":"follow","max-snippet":"max-snippet:-1","max-image-preview":"max-image-preview:large","max-video-preview":"max-video-preview:-1"},"canonical":"https:\/\/tuzlainfo.ba\/index.php\/najava-dogadaja-2\/item\/299026-pocinje-proljece-u-tuzli-bogat-program-na-trgu-slobode-i-u-gradskom-parku\/","og_locale":"bs_BA","og_type":"article","og_title":"Po\u010dinje Prolje\u0107e u Tuzli: Bogat program na Trgu slobode i u Gradskom parku - TuzlaInfo.ba","og_description":"Prolje\u0107e u Tuzli po\u010dinje ovog vikenda, a \u010detvrto izdanje ove manifestacije donosi sadr\u017eajan i atraktivan&hellip;","og_url":"https:\/\/tuzlainfo.ba\/index.php\/najava-dogadaja-2\/item\/299026-pocinje-proljece-u-tuzli-bogat-program-na-trgu-slobode-i-u-gradskom-parku\/","og_site_name":"TuzlaInfo.ba","article_publisher":"https:\/\/www.facebook.com\/tuzlainfo.ba\/","article_published_time":"2026-04-04T05:56:59+00:00","article_modified_time":"2026-04-03T10:12:18+00:00","og_image":[{"width":2048,"height":1365,"url":"https:\/\/tuzlainfo.ba\/wp-content\/uploads\/2025\/03\/2903_proljece_panoramski.jpg","type":"image\/jpeg"}],"author":"Admin Tri","twitter_card":"summary_large_image","twitter_misc":{"Written by":"Admin Tri","Est. reading time":"2 minute"},"schema":{"@context":"https:\/\/schema.org","@graph":[{"@type":"Article","@id":"https:\/\/tuzlainfo.ba\/index.php\/najava-dogadaja-2\/item\/299026-pocinje-proljece-u-tuzli-bogat-program-na-trgu-slobode-i-u-gradskom-parku\/#article","isPartOf":{"@id":"https:\/\/tuzlainfo.ba\/index.php\/najava-dogadaja-2\/item\/299026-pocinje-proljece-u-tuzli-bogat-program-na-trgu-slobode-i-u-gradskom-parku\/"},"author":{"name":"Admin Tri","@id":"https:\/\/tuzlainfo.ba\/#\/schema\/person\/593e78a2f6378c5ba3e7600ecfa4e63a"},"headline":"Po\u010dinje Prolje\u0107e u Tuzli: Bogat program na Trgu slobode i u Gradskom parku","datePublished":"2026-04-04T05:56:59+00:00","dateModified":"2026-04-03T10:12:18+00:00","mainEntityOfPage":{"@id":"https:\/\/tuzlainfo.ba\/index.php\/najava-dogadaja-2\/item\/299026-pocinje-proljece-u-tuzli-bogat-program-na-trgu-slobode-i-u-gradskom-parku\/"},"wordCount":286,"publisher":{"@id":"https:\/\/tuzlainfo.ba\/#organization"},"image":{"@id":"https:\/\/tuzlainfo.ba\/index.php\/najava-dogadaja-2\/item\/299026-pocinje-proljece-u-tuzli-bogat-program-na-trgu-slobode-i-u-gradskom-parku\/#primaryimage"},"thumbnailUrl":"https:\/\/tuzlainfo.ba\/wp-content\/uploads\/2025\/03\/2903_proljece_panoramski.jpg","keywords":["prolje\u0107e u tuzli"],"articleSection":["Istaknuto","Najave i doga\u0111aji"],"inLanguage":"bs-BA"},{"@type":"WebPage","@id":"https:\/\/tuzlainfo.ba\/index.php\/najava-dogadaja-2\/item\/299026-pocinje-proljece-u-tuzli-bogat-program-na-trgu-slobode-i-u-gradskom-parku\/","url":"https:\/\/tuzlainfo.ba\/index.php\/najava-dogadaja-2\/item\/299026-pocinje-proljece-u-tuzli-bogat-program-na-trgu-slobode-i-u-gradskom-parku\/","name":"Po\u010dinje Prolje\u0107e u Tuzli: Bogat program na Trgu slobode i u Gradskom parku - TuzlaInfo.ba","isPartOf":{"@id":"https:\/\/tuzlainfo.ba\/#website"},"primaryImageOfPage":{"@id":"https:\/\/tuzlainfo.ba\/index.php\/najava-dogadaja-2\/item\/299026-pocinje-proljece-u-tuzli-bogat-program-na-trgu-slobode-i-u-gradskom-parku\/#primaryimage"},"image":{"@id":"https:\/\/tuzlainfo.ba\/index.php\/najava-dogadaja-2\/item\/299026-pocinje-proljece-u-tuzli-bogat-program-na-trgu-slobode-i-u-gradskom-parku\/#primaryimage"},"thumbnailUrl":"https:\/\/tuzlainfo.ba\/wp-content\/uploads\/2025\/03\/2903_proljece_panoramski.jpg","datePublished":"2026-04-04T05:56:59+00:00","dateModified":"2026-04-03T10:12:18+00:00","breadcrumb":{"@id":"https:\/\/tuzlainfo.ba\/index.php\/najava-dogadaja-2\/item\/299026-pocinje-proljece-u-tuzli-bogat-program-na-trgu-slobode-i-u-gradskom-parku\/#breadcrumb"},"inLanguage":"bs-BA","potentialAction":[{"@type":"ReadAction","target":["https:\/\/tuzlainfo.ba\/index.php\/najava-dogadaja-2\/item\/299026-pocinje-proljece-u-tuzli-bogat-program-na-trgu-slobode-i-u-gradskom-parku\/"]}]},{"@type":"ImageObject","inLanguage":"bs-BA","@id":"https:\/\/tuzlainfo.ba\/index.php\/najava-dogadaja-2\/item\/299026-pocinje-proljece-u-tuzli-bogat-program-na-trgu-slobode-i-u-gradskom-parku\/#primaryimage","url":"https:\/\/tuzlainfo.ba\/wp-content\/uploads\/2025\/03\/2903_proljece_panoramski.jpg","contentUrl":"https:\/\/tuzlainfo.ba\/wp-content\/uploads\/2025\/03\/2903_proljece_panoramski.jpg","width":2048,"height":1365},{"@type":"BreadcrumbList","@id":"https:\/\/tuzlainfo.ba\/index.php\/najava-dogadaja-2\/item\/299026-pocinje-proljece-u-tuzli-bogat-program-na-trgu-slobode-i-u-gradskom-parku\/#breadcrumb","itemListElement":[{"@type":"ListItem","position":1,"name":"Home","item":"https:\/\/tuzlainfo.ba\/"},{"@type":"ListItem","position":2,"name":"Po\u010dinje Prolje\u0107e u Tuzli: Bogat program na Trgu slobode i u Gradskom parku"}]},{"@type":"WebSite","@id":"https:\/\/tuzlainfo.ba\/#website","url":"https:\/\/tuzlainfo.ba\/","name":"TuzlaInfo.ba","description":"Tuzla info, gradski informator - Tuzla na dlanu","publisher":{"@id":"https:\/\/tuzlainfo.ba\/#organization"},"potentialAction":[{"@type":"SearchAction","target":{"@type":"EntryPoint","urlTemplate":"https:\/\/tuzlainfo.ba\/?s={search_term_string}"},"query-input":{"@type":"PropertyValueSpecification","valueRequired":true,"valueName":"search_term_string"}}],"inLanguage":"bs-BA"},{"@type":"Organization","@id":"https:\/\/tuzlainfo.ba\/#organization","name":"TuzlaInfo.ba","url":"https:\/\/tuzlainfo.ba\/","logo":{"@type":"ImageObject","inLanguage":"bs-BA","@id":"https:\/\/tuzlainfo.ba\/#\/schema\/logo\/image\/","url":"https:\/\/tuzlainfo.ba\/wp-content\/uploads\/2021\/03\/logo-ver-3-1.png","contentUrl":"https:\/\/tuzlainfo.ba\/wp-content\/uploads\/2021\/03\/logo-ver-3-1.png","width":350,"height":95,"caption":"TuzlaInfo.ba"},"image":{"@id":"https:\/\/tuzlainfo.ba\/#\/schema\/logo\/image\/"},"sameAs":["https:\/\/www.facebook.com\/tuzlainfo.ba\/"]},{"@type":"Person","@id":"https:\/\/tuzlainfo.ba\/#\/schema\/person\/593e78a2f6378c5ba3e7600ecfa4e63a","name":"Admin Tri","image":{"@type":"ImageObject","inLanguage":"bs-BA","@id":"https:\/\/tuzlainfo.ba\/#\/schema\/person\/image\/","url":"https:\/\/tuzlainfo.ba\/wp-content\/litespeed\/avatar\/b7920db4cc34a71ad12497283ad2fe3f.jpg?ver=1777100914","contentUrl":"https:\/\/tuzlainfo.ba\/wp-content\/litespeed\/avatar\/b7920db4cc34a71ad12497283ad2fe3f.jpg?ver=1777100914","caption":"Admin Tri"},"sameAs":["https:\/\/tuzlainfo.ba"]}]}},"_links":{"self":[{"href":"https:\/\/tuzlainfo.ba\/index.php\/wp-json\/wp\/v2\/posts\/299026"}],"collection":[{"href":"https:\/\/tuzlainfo.ba\/index.php\/wp-json\/wp\/v2\/posts"}],"about":[{"href":"https:\/\/tuzlainfo.ba\/index.php\/wp-json\/wp\/v2\/types\/post"}],"author":[{"embeddable":true,"href":"https:\/\/tuzlainfo.ba\/index.php\/wp-json\/wp\/v2\/users\/8"}],"replies":[{"embeddable":true,"href":"https:\/\/tuzlainfo.ba\/index.php\/wp-json\/wp\/v2\/comments?post=299026"}],"version-history":[{"count":1,"href":"https:\/\/tuzlainfo.ba\/index.php\/wp-json\/wp\/v2\/posts\/299026\/revisions"}],"predecessor-version":[{"id":299027,"href":"https:\/\/tuzlainfo.ba\/index.php\/wp-json\/wp\/v2\/posts\/299026\/revisions\/299027"}],"wp:featuredmedia":[{"embeddable":true,"href":"https:\/\/tuzlainfo.ba\/index.php\/wp-json\/wp\/v2\/media\/266243"}],"wp:attachment":[{"href":"https:\/\/tuzlainfo.ba\/index.php\/wp-json\/wp\/v2\/media?parent=299026"}],"wp:term":[{"taxonomy":"category","embeddable":true,"href":"https:\/\/tuzlainfo.ba\/index.php\/wp-json\/wp\/v2\/categories?post=299026"},{"taxonomy":"post_tag","embeddable":true,"href":"https:\/\/tuzlainfo.ba\/index.php\/wp-json\/wp\/v2\/tags?post=299026"}],"curies":[{"name":"wp","href":"https:\/\/api.w.org\/{rel}","templated":true}]}}